{"id":10098,"date":"2021-08-09T14:54:48","date_gmt":"2021-08-09T12:54:48","guid":{"rendered":"http:\/\/zurzeit.at\/?p=10098"},"modified":"2021-08-09T14:54:48","modified_gmt":"2021-08-09T12:54:48","slug":"umfallen-fuer-posten","status":"publish","type":"post","link":"https:\/\/zurzeit.at\/index.php\/umfallen-fuer-posten\/","title":{"rendered":"Umfallen f\u00fcr Posten"},"content":{"rendered":"<h1>Gr\u00fcne unterst\u00fctzen t\u00fcrkisen ORF-Kandidaten<\/h1>\n<p>Dass die Gr\u00fcnen f\u00fcr ein paar Posten bereit sind, nahezu alles und jeden zu unterst\u00fctzen, haben sie bereits mehrmals unter Beweis gestellt. Auch diesmal bleiben sie ihrer r\u00fcckgratlosen Haltung treu und unterst\u00fctzen den t\u00fcrkisen Wunschkandidaten f\u00fcr das ORF-Generaldirektorium.<\/p>\n<p>Obwohl eine Alibi-Ausschreibung stattgefunden hatte, und obwohl tats\u00e4chlich bef\u00e4higte Kandidaten antreten w\u00fcrden, wie etwa der Sohn des Privatsender-Entwicklers Helmut Thoma, der selbst einen Privatsender entwickelt und gef\u00fchrt hat, werden sich die parteipolitisch nominierten Stiftungsr\u00e4te wohl auf eine Person einschw\u00f6ren, die im &#8222;Windschatten von Richard Grasl&#8220; (\u00a9 Harald Fiedler) gro\u00df geworden ist: Roland Wei\u00dfmann. Er verf\u00fcge wie Grasl \u00fcber &#8222;beste Kontakte zur t\u00fcrkisen Riege&#8220; und habe erst im Februar einen Konflikt mit Redaktionsvertretern ausgetragen, weil er, laut Medienbericht, bez\u00fcglich eines kritischen Artikels \u00fcber Gernot Bl\u00fcmel zu intervenieren versucht haben soll.<\/p>\n<p>Sein Werdegang verlief, wie jener Grasls, \u00fcber den ORF Nieder\u00f6sterreich, wo es st\u00e4rkste Wechselwirkungen zwischen ORF und \u00d6VP gibt \u2013 man denke etwa an Christiane Teschl, die von der Nachrichtensprecherin zur Chefredakteurin und anschlie\u00dfend zur Landesr\u00e4tin auf \u00d6VP-Ticket wurde.<\/p>\n<p>Grasl, der \u00fcber zwei Jahrzahnte auf \u00d6VP-Ticket durch den ORF gesegelt ist, war bei der letzten Wahl als schwarzer Gegenkandidat zu Wrabetz in den Ring gestiegen. Allerdings kratzen die Stiftungsr\u00e4te damals gerade nochmal die Kurve und Grasl musste die Segel streichen. Anschlie\u00dfend kam der langj\u00e4hrige W\u00f6rtherseeurlauber und passionierte Motorbootfahrer in der dem Raiffeisen-Imperium zuzurechnenden Zeitung \u201eKurier\u201c als Chefredakteur unter.<\/p>\n<p>Auch die Gr\u00fcnen wollen die Postenschacherei laut \u201eStandard\u201c unterst\u00fctzen, indem sie eine breite Mehrheit f\u00fcr Wei\u00dfmann mitorganisieren. Damit keiner auf dumme Gedanken kommt, ist die Wahl auch gleich \u00f6ffentlich, nicht, wie es etwa Verfassungsjurist Heinz Mayer einfordert, geheim.<\/p>\n<p>Als Gegenleistung f\u00fcr ihr Stimmverhalten sollen die Gr\u00fcnen zwei Direktorposten (Programm, Finanzen) erhalten. Bleibt zu hoffen, dass die Wahl von einem besser qualifizierten Kandidaten gerichtlich angefochten wird. Heinz Mayer dazu in der \u201ePresse\u201c: \u201eWenn eine \u00f6ffentliche Ausschreibung erfolgt, ist nach der Judikatur Gew\u00e4hr daf\u00fcr zu bieten, dass wirklich derjenige genommen wird, der die Ausschreibung am besten erf\u00fcllt. Wenn der Beste \u00fcbergangen wird und jemand genommen wird, der weniger qualifiziert ist, dann gibt es einen Schadenersatzanspruch des Betreffenden. Da haftet meines Erachtens neben dem ORF auch jedes Mitglied des Stiftungsrates, das f\u00fcr diese Bestellung gestimmt hat.\u201c<\/p>\n<p>[Autor: <a href=\"https:\/\/zurzeit.at\/index.php\/autoren\/\">A.L.<\/a> Bild: <a href=\"https:\/\/de.wikipedia.org\/wiki\/%C3%96sterreichischer_Rundfunk#\/media\/Datei:Kamera_und_Mikro_des_ORF.jpg\"><span class=\"attribution_field hide-sm hide-md\">Wikipedia\/<span class=\"mw-mmv-source-author\"><span class=\"mw-mmv-author\">Wikiolo<\/span><\/span><\/span><\/a> Lizenz: <a class=\"mw-mmv-license\" href=\"https:\/\/creativecommons.org\/licenses\/by-sa\/4.0\" target=\"_blank\" rel=\"noopener\">CC BY-SA 4.0<\/a>]<\/p>\n","protected":false},"excerpt":{"rendered":"<p>Gr\u00fcne unterst\u00fctzen t\u00fcrkisen ORF-Kandidaten Dass die Gr\u00fcnen f\u00fcr ein paar Posten bereit sind, nahezu alles&hellip;<\/p>\n","protected":false},"author":3,"featured_media":10099,"comment_status":"open","ping_status":"closed","sticky":false,"template":"","format":"standard","meta":{"footnotes":""},"categories":[46],"tags":[142,6229,185,97,112,6230,326,2672],"class_list":["post-10098","post","type-post","status-publish","format-standard","has-post-thumbnail","hentry","category-oesterreich","tag-gruene","tag-karl-heinz-weissmann","tag-orf","tag-oevp","tag-postenschacher","tag-richard-grasl","tag-wahlen","tag-wrabetz"],"yoast_head":"<!-- This site is optimized with the Yoast SEO plugin v28.3 - https:\/\/yoast.com\/product\/yoast-seo-wordpress\/ -->\n<title>Umfallen f\u00fcr Posten - ZurZeit<\/title>\n<meta name=\"robots\" content=\"index, follow, max-snippet:-1, max-image-preview:large, max-video-preview:-1\" \/>\n<link rel=\"canonical\" href=\"https:\/\/zurzeit.at\/index.php\/umfallen-fuer-posten\/\" \/>\n<meta property=\"og:locale\" content=\"de_DE\" \/>\n<meta property=\"og:type\" content=\"article\" \/>\n<meta property=\"og:title\" content=\"Umfallen f\u00fcr Posten - ZurZeit\" \/>\n<meta property=\"og:description\" content=\"Gr\u00fcne unterst\u00fctzen t\u00fcrkisen ORF-Kandidaten Dass die Gr\u00fcnen f\u00fcr ein paar Posten bereit sind, nahezu alles&hellip;\" \/>\n<meta property=\"og:url\" content=\"https:\/\/zurzeit.at\/index.php\/umfallen-fuer-posten\/\" \/>\n<meta property=\"og:site_name\" content=\"ZurZeit\" \/>\n<meta property=\"article:publisher\" content=\"https:\/\/www.facebook.com\/wochenmagazinZurZeit\/\" \/>\n<meta property=\"article:published_time\" content=\"2021-08-09T12:54:48+00:00\" \/>\n<meta property=\"og:image\" content=\"https:\/\/zurzeit.at\/wp-content\/uploads\/2021\/08\/1620px-Kamera_und_Mikro_des_ORF.jpg\" \/>\n\t<meta property=\"og:image:width\" content=\"1620\" \/>\n\t<meta property=\"og:image:height\" content=\"1080\" \/>\n\t<meta property=\"og:image:type\" content=\"image\/jpeg\" \/>\n<meta name=\"author\" content=\"admin2\" \/>\n<meta name=\"twitter:card\" content=\"summary_large_image\" \/>\n<meta name=\"twitter:label1\" content=\"Verfasst von\" \/>\n\t<meta name=\"twitter:data1\" content=\"admin2\" \/>\n\t<meta name=\"twitter:label2\" content=\"Gesch\u00e4tzte Lesezeit\" \/>\n\t<meta name=\"twitter:data2\" content=\"2\u00a0Minuten\" \/>\n<script type=\"application\/ld+json\" class=\"yoast-schema-graph\">{\"@context\":\"https:\\\/\\\/schema.org\",\"@graph\":[{\"@type\":\"Article\",\"@id\":\"https:\\\/\\\/zurzeit.at\\\/index.php\\\/umfallen-fuer-posten\\\/#article\",\"isPartOf\":{\"@id\":\"https:\\\/\\\/zurzeit.at\\\/index.php\\\/umfallen-fuer-posten\\\/\"},\"author\":{\"name\":\"admin2\",\"@id\":\"https:\\\/\\\/zurzeit.at\\\/#\\\/schema\\\/person\\\/e6f4284c4ffdba25c26f295806088e37\"},\"headline\":\"Umfallen f\u00fcr Posten\",\"datePublished\":\"2021-08-09T12:54:48+00:00\",\"mainEntityOfPage\":{\"@id\":\"https:\\\/\\\/zurzeit.at\\\/index.php\\\/umfallen-fuer-posten\\\/\"},\"wordCount\":412,\"commentCount\":0,\"image\":{\"@id\":\"https:\\\/\\\/zurzeit.at\\\/index.php\\\/umfallen-fuer-posten\\\/#primaryimage\"},\"thumbnailUrl\":\"https:\\\/\\\/zurzeit.at\\\/wp-content\\\/uploads\\\/2021\\\/08\\\/1620px-Kamera_und_Mikro_des_ORF.jpg\",\"keywords\":[\"Gr\u00fcne\",\"Karl-Heinz Wei\u00dfmann\",\"ORF\",\"\u00d6VP\",\"Postenschacher\",\"Richard Grasl\",\"Wahlen\",\"Wrabetz\"],\"articleSection\":[\"\u00d6sterreich\"],\"inLanguage\":\"de\",\"potentialAction\":[{\"@type\":\"CommentAction\",\"name\":\"Comment\",\"target\":[\"https:\\\/\\\/zurzeit.at\\\/index.php\\\/umfallen-fuer-posten\\\/#respond\"]}]},{\"@type\":\"WebPage\",\"@id\":\"https:\\\/\\\/zurzeit.at\\\/index.php\\\/umfallen-fuer-posten\\\/\",\"url\":\"https:\\\/\\\/zurzeit.at\\\/index.php\\\/umfallen-fuer-posten\\\/\",\"name\":\"Umfallen f\u00fcr Posten - ZurZeit\",\"isPartOf\":{\"@id\":\"https:\\\/\\\/zurzeit.at\\\/#website\"},\"primaryImageOfPage\":{\"@id\":\"https:\\\/\\\/zurzeit.at\\\/index.php\\\/umfallen-fuer-posten\\\/#primaryimage\"},\"image\":{\"@id\":\"https:\\\/\\\/zurzeit.at\\\/index.php\\\/umfallen-fuer-posten\\\/#primaryimage\"},\"thumbnailUrl\":\"https:\\\/\\\/zurzeit.at\\\/wp-content\\\/uploads\\\/2021\\\/08\\\/1620px-Kamera_und_Mikro_des_ORF.jpg\",\"datePublished\":\"2021-08-09T12:54:48+00:00\",\"author\":{\"@id\":\"https:\\\/\\\/zurzeit.at\\\/#\\\/schema\\\/person\\\/e6f4284c4ffdba25c26f295806088e37\"},\"breadcrumb\":{\"@id\":\"https:\\\/\\\/zurzeit.at\\\/index.php\\\/umfallen-fuer-posten\\\/#breadcrumb\"},\"inLanguage\":\"de\",\"potentialAction\":[{\"@type\":\"ReadAction\",\"target\":[\"https:\\\/\\\/zurzeit.at\\\/index.php\\\/umfallen-fuer-posten\\\/\"]}]},{\"@type\":\"ImageObject\",\"inLanguage\":\"de\",\"@id\":\"https:\\\/\\\/zurzeit.at\\\/index.php\\\/umfallen-fuer-posten\\\/#primaryimage\",\"url\":\"https:\\\/\\\/zurzeit.at\\\/wp-content\\\/uploads\\\/2021\\\/08\\\/1620px-Kamera_und_Mikro_des_ORF.jpg\",\"contentUrl\":\"https:\\\/\\\/zurzeit.at\\\/wp-content\\\/uploads\\\/2021\\\/08\\\/1620px-Kamera_und_Mikro_des_ORF.jpg\",\"width\":1620,\"height\":1080},{\"@type\":\"BreadcrumbList\",\"@id\":\"https:\\\/\\\/zurzeit.at\\\/index.php\\\/umfallen-fuer-posten\\\/#breadcrumb\",\"itemListElement\":[{\"@type\":\"ListItem\",\"position\":1,\"name\":\"Startseite\",\"item\":\"https:\\\/\\\/zurzeit.at\\\/\"},{\"@type\":\"ListItem\",\"position\":2,\"name\":\"Umfallen f\u00fcr Posten\"}]},{\"@type\":\"WebSite\",\"@id\":\"https:\\\/\\\/zurzeit.at\\\/#website\",\"url\":\"https:\\\/\\\/zurzeit.at\\\/\",\"name\":\"ZurZeit\",\"description\":\"Internetseite des Wochenmagazins ZurZeit\",\"potentialAction\":[{\"@type\":\"SearchAction\",\"target\":{\"@type\":\"EntryPoint\",\"urlTemplate\":\"https:\\\/\\\/zurzeit.at\\\/?s={search_term_string}\"},\"query-input\":{\"@type\":\"PropertyValueSpecification\",\"valueRequired\":true,\"valueName\":\"search_term_string\"}}],\"inLanguage\":\"de\"},{\"@type\":\"Person\",\"@id\":\"https:\\\/\\\/zurzeit.at\\\/#\\\/schema\\\/person\\\/e6f4284c4ffdba25c26f295806088e37\",\"name\":\"admin2\",\"image\":{\"@type\":\"ImageObject\",\"inLanguage\":\"de\",\"@id\":\"https:\\\/\\\/secure.gravatar.com\\\/avatar\\\/6b01edb108b3f79fc8950358251ecf3b91c228e319139ad1beec43b6b1b16470?s=96&d=mm&r=g\",\"url\":\"https:\\\/\\\/secure.gravatar.com\\\/avatar\\\/6b01edb108b3f79fc8950358251ecf3b91c228e319139ad1beec43b6b1b16470?s=96&d=mm&r=g\",\"contentUrl\":\"https:\\\/\\\/secure.gravatar.com\\\/avatar\\\/6b01edb108b3f79fc8950358251ecf3b91c228e319139ad1beec43b6b1b16470?s=96&d=mm&r=g\",\"caption\":\"admin2\"},\"url\":\"https:\\\/\\\/zurzeit.at\\\/index.php\\\/author\\\/admin2\\\/\"}]}<\/script>\n<!-- \/ Yoast SEO plugin. -->","yoast_head_json":{"title":"Umfallen f\u00fcr Posten - ZurZeit","robots":{"index":"index","follow":"follow","max-snippet":"max-snippet:-1","max-image-preview":"max-image-preview:large","max-video-preview":"max-video-preview:-1"},"canonical":"https:\/\/zurzeit.at\/index.php\/umfallen-fuer-posten\/","og_locale":"de_DE","og_type":"article","og_title":"Umfallen f\u00fcr Posten - ZurZeit","og_description":"Gr\u00fcne unterst\u00fctzen t\u00fcrkisen ORF-Kandidaten Dass die Gr\u00fcnen f\u00fcr ein paar Posten bereit sind, nahezu alles&hellip;","og_url":"https:\/\/zurzeit.at\/index.php\/umfallen-fuer-posten\/","og_site_name":"ZurZeit","article_publisher":"https:\/\/www.facebook.com\/wochenmagazinZurZeit\/","article_published_time":"2021-08-09T12:54:48+00:00","og_image":[{"width":1620,"height":1080,"url":"https:\/\/zurzeit.at\/wp-content\/uploads\/2021\/08\/1620px-Kamera_und_Mikro_des_ORF.jpg","type":"image\/jpeg"}],"author":"admin2","twitter_card":"summary_large_image","twitter_misc":{"Verfasst von":"admin2","Gesch\u00e4tzte Lesezeit":"2\u00a0Minuten"},"schema":{"@context":"https:\/\/schema.org","@graph":[{"@type":"Article","@id":"https:\/\/zurzeit.at\/index.php\/umfallen-fuer-posten\/#article","isPartOf":{"@id":"https:\/\/zurzeit.at\/index.php\/umfallen-fuer-posten\/"},"author":{"name":"admin2","@id":"https:\/\/zurzeit.at\/#\/schema\/person\/e6f4284c4ffdba25c26f295806088e37"},"headline":"Umfallen f\u00fcr Posten","datePublished":"2021-08-09T12:54:48+00:00","mainEntityOfPage":{"@id":"https:\/\/zurzeit.at\/index.php\/umfallen-fuer-posten\/"},"wordCount":412,"commentCount":0,"image":{"@id":"https:\/\/zurzeit.at\/index.php\/umfallen-fuer-posten\/#primaryimage"},"thumbnailUrl":"https:\/\/zurzeit.at\/wp-content\/uploads\/2021\/08\/1620px-Kamera_und_Mikro_des_ORF.jpg","keywords":["Gr\u00fcne","Karl-Heinz Wei\u00dfmann","ORF","\u00d6VP","Postenschacher","Richard Grasl","Wahlen","Wrabetz"],"articleSection":["\u00d6sterreich"],"inLanguage":"de","potentialAction":[{"@type":"CommentAction","name":"Comment","target":["https:\/\/zurzeit.at\/index.php\/umfallen-fuer-posten\/#respond"]}]},{"@type":"WebPage","@id":"https:\/\/zurzeit.at\/index.php\/umfallen-fuer-posten\/","url":"https:\/\/zurzeit.at\/index.php\/umfallen-fuer-posten\/","name":"Umfallen f\u00fcr Posten - ZurZeit","isPartOf":{"@id":"https:\/\/zurzeit.at\/#website"},"primaryImageOfPage":{"@id":"https:\/\/zurzeit.at\/index.php\/umfallen-fuer-posten\/#primaryimage"},"image":{"@id":"https:\/\/zurzeit.at\/index.php\/umfallen-fuer-posten\/#primaryimage"},"thumbnailUrl":"https:\/\/zurzeit.at\/wp-content\/uploads\/2021\/08\/1620px-Kamera_und_Mikro_des_ORF.jpg","datePublished":"2021-08-09T12:54:48+00:00","author":{"@id":"https:\/\/zurzeit.at\/#\/schema\/person\/e6f4284c4ffdba25c26f295806088e37"},"breadcrumb":{"@id":"https:\/\/zurzeit.at\/index.php\/umfallen-fuer-posten\/#breadcrumb"},"inLanguage":"de","potentialAction":[{"@type":"ReadAction","target":["https:\/\/zurzeit.at\/index.php\/umfallen-fuer-posten\/"]}]},{"@type":"ImageObject","inLanguage":"de","@id":"https:\/\/zurzeit.at\/index.php\/umfallen-fuer-posten\/#primaryimage","url":"https:\/\/zurzeit.at\/wp-content\/uploads\/2021\/08\/1620px-Kamera_und_Mikro_des_ORF.jpg","contentUrl":"https:\/\/zurzeit.at\/wp-content\/uploads\/2021\/08\/1620px-Kamera_und_Mikro_des_ORF.jpg","width":1620,"height":1080},{"@type":"BreadcrumbList","@id":"https:\/\/zurzeit.at\/index.php\/umfallen-fuer-posten\/#breadcrumb","itemListElement":[{"@type":"ListItem","position":1,"name":"Startseite","item":"https:\/\/zurzeit.at\/"},{"@type":"ListItem","position":2,"name":"Umfallen f\u00fcr Posten"}]},{"@type":"WebSite","@id":"https:\/\/zurzeit.at\/#website","url":"https:\/\/zurzeit.at\/","name":"ZurZeit","description":"Internetseite des Wochenmagazins ZurZeit","potentialAction":[{"@type":"SearchAction","target":{"@type":"EntryPoint","urlTemplate":"https:\/\/zurzeit.at\/?s={search_term_string}"},"query-input":{"@type":"PropertyValueSpecification","valueRequired":true,"valueName":"search_term_string"}}],"inLanguage":"de"},{"@type":"Person","@id":"https:\/\/zurzeit.at\/#\/schema\/person\/e6f4284c4ffdba25c26f295806088e37","name":"admin2","image":{"@type":"ImageObject","inLanguage":"de","@id":"https:\/\/secure.gravatar.com\/avatar\/6b01edb108b3f79fc8950358251ecf3b91c228e319139ad1beec43b6b1b16470?s=96&d=mm&r=g","url":"https:\/\/secure.gravatar.com\/avatar\/6b01edb108b3f79fc8950358251ecf3b91c228e319139ad1beec43b6b1b16470?s=96&d=mm&r=g","contentUrl":"https:\/\/secure.gravatar.com\/avatar\/6b01edb108b3f79fc8950358251ecf3b91c228e319139ad1beec43b6b1b16470?s=96&d=mm&r=g","caption":"admin2"},"url":"https:\/\/zurzeit.at\/index.php\/author\/admin2\/"}]}},"_links":{"self":[{"href":"https:\/\/zurzeit.at\/index.php\/wp-json\/wp\/v2\/posts\/10098","targetHints":{"allow":["GET"]}}],"collection":[{"href":"https:\/\/zurzeit.at\/index.php\/wp-json\/wp\/v2\/posts"}],"about":[{"href":"https:\/\/zurzeit.at\/index.php\/wp-json\/wp\/v2\/types\/post"}],"author":[{"embeddable":true,"href":"https:\/\/zurzeit.at\/index.php\/wp-json\/wp\/v2\/users\/3"}],"replies":[{"embeddable":true,"href":"https:\/\/zurzeit.at\/index.php\/wp-json\/wp\/v2\/comments?post=10098"}],"version-history":[{"count":1,"href":"https:\/\/zurzeit.at\/index.php\/wp-json\/wp\/v2\/posts\/10098\/revisions"}],"predecessor-version":[{"id":10100,"href":"https:\/\/zurzeit.at\/index.php\/wp-json\/wp\/v2\/posts\/10098\/revisions\/10100"}],"wp:featuredmedia":[{"embeddable":true,"href":"https:\/\/zurzeit.at\/index.php\/wp-json\/wp\/v2\/media\/10099"}],"wp:attachment":[{"href":"https:\/\/zurzeit.at\/index.php\/wp-json\/wp\/v2\/media?parent=10098"}],"wp:term":[{"taxonomy":"category","embeddable":true,"href":"https:\/\/zurzeit.at\/index.php\/wp-json\/wp\/v2\/categories?post=10098"},{"taxonomy":"post_tag","embeddable":true,"href":"https:\/\/zurzeit.at\/index.php\/wp-json\/wp\/v2\/tags?post=10098"}],"curies":[{"name":"wp","href":"https:\/\/api.w.org\/{rel}","templated":true}]}}