{"id":10136,"date":"2021-08-13T17:02:21","date_gmt":"2021-08-13T15:02:21","guid":{"rendered":"http:\/\/zurzeit.at\/?p=10136"},"modified":"2021-08-13T17:02:21","modified_gmt":"2021-08-13T15:02:21","slug":"es-raschelt-im-gebaelk","status":"publish","type":"post","link":"https:\/\/zurzeit.at\/index.php\/es-raschelt-im-gebaelk\/","title":{"rendered":"Es raschelt im Geb\u00e4lk"},"content":{"rendered":"<p>Damit ist nicht nur die Wahl des neuen ORF-Generaldirektors gemeint, der k\u00fcnftig vom Stiftungsrat in den Chefsessel dieser staatlichen Institution mit Machtfaktor gesetzt und damit mit gro\u00dfer Wahrscheinlichkeit ein K\u00f6pferollen verursacht. Als Konsumenten vor den Flimmerkisten werden wir aller Wahrscheinlichkeit nach, noch lange auf ein attraktiveres Programm warten m\u00fcssen, das nicht von Gendereien und politischer Einflussnahme gepr\u00e4gt ist. Nein, es kriselt auf der ganzen Linie.<\/p>\n<p>Weltweit und \u00fcber den Klimarat als Sprachrohr bef\u00fcrchtet man in unseren Breitengraden einen Temperaturanstieg bis zum Jahr 2100 um f\u00fcnf Grad. Sollte die Politik nicht Ma\u00dfnahmen ergreifen, drohen Katastrophen, die wir ohne die Politik auch zu erwarten h\u00e4tten. Einige spekulieren sogar angesichts der f\u00fcnf Grad mit niedrigren Heizkosten und einer Minimierung des CO2-Aussto\u00dfes durch Hausbrand. Spa\u00df ohne, unsere Volksvertreter d\u00fcrfen den Umweltwecker nicht auf Schlummern, sondern auf L\u00e4uten stellen um die Zeichen der Zeit nicht zu verschlafen. Es ist nicht f\u00fcnf vor zw\u00f6lf, sondern bereits zw\u00f6lf.<br \/>\nGenauso verh\u00e4lt es sich mit dem Fl\u00fcchtlingsproblem, mit dem wir in Europa mehr und mehr konfrontiert sind. Tausende landen an den K\u00fcsten im S\u00fcden des Kontinentes und werden dort von NGOs empfangen, willkommen gehei\u00dfen und weiter geschickt, bis sie an unseren Grenzen mit Geld und allem was n\u00f6tig versorgt werden. Als Illegale ohne oder mit gef\u00e4lschten Papieren, tauchen sie erst unter, um dann vielleicht sogar als Minderj\u00e4hrige \u00fcber zwanzig einen Asylantrag zu stellen, der sich unter Umst\u00e4nden Jahre bis zu einem negativen oder auch positiven Bescheid hinauszieht. Wohlgemerkt auf Kosten der B\u00fcrger des Asyllandes.<\/p>\n<p>Jetzt die Schuld alleine auf die Asylsuchenden zu schieben, w\u00e4re unfair. Es sind Menschen wie Du und ich, die sich einfach ein besseres Leben vorstellen. Die religi\u00f6s motivierten Massaker in Afghanistan, die verheerenden, zum Teil aus Spekulationsgr\u00fcnden herrschenden Br\u00e4nde, Hungersn\u00f6te und Seuchen sind sicherlich Motor dieser V\u00f6lkerwanderungen in L\u00e4nder, wo f\u00fcr sie immer noch Milch und Honig flie\u00dfen, obwohl K\u00fche aus Umweltschutzgr\u00fcnden wegen ihrer Flatulenzen ins Kreuzfeuer und Bienen vom Sterben bedroht sind. Und da ist die Politik s\u00e4umig. Es kann nicht sein, dass der Asylant, der das Feuer in der Kathedrale von Nantes verursacht hat, einen Priester erschie\u00dft. Oder das straff\u00e4llig Gewordene weiterhin die M\u00f6glichkeit haben, straff\u00e4llig zu werden. Die Politik sollte auf jene h\u00f6ren, die bei uns seit Jahren integriert und wertvolle Mitglieder unserer Gesellschaft sind. Sie k\u00f6nnten mit ihrer Meinung sicherlich viel zu einer L\u00f6sung des Problems beitragen. \u00dcberall raschelt es im Geb\u00e4lk. Au\u00dfer in Br\u00fcssel. Dort verteilt die Kommissionspr\u00e4sidentin mit Hilfe ihrer Freundin in der EZB Geld das ihnen nicht geh\u00f6rt, stellt sich ins Rampenlicht eines unt\u00e4tigen Molochs namens EU und tut so, als w\u00e4re alles in Ordnung. Ich glaube, dass es in diesen geldverschlingenden nutzlosen Monstrum bald nicht mehr rascheln, sondern br\u00f6seln wird.<\/p>\n<p><strong>Manfred Tisal<\/strong> ist Kabarettist, Moderator, Autor und Journalist.<\/p>\n<p>[Autor: <a href=\"https:\/\/zurzeit.at\/index.php\/autoren\/\">&#8211;<\/a> Bilder: <a href=\"https:\/\/de.wikipedia.org\/wiki\/%C3%96sterreichischer_Rundfunk#\/media\/Datei:Kamera_und_Mikro_des_ORF.jpg\">Wikipedia\/<span class=\"mw-mmv-source-author\"><span class=\"mw-mmv-author\">Wikiolo<\/span> <\/span><\/a> Lizenz: -]<\/p>\n","protected":false},"excerpt":{"rendered":"<p>Damit ist nicht nur die Wahl des neuen ORF-Generaldirektors gemeint, der k\u00fcnftig vom Stiftungsrat in&hellip;<\/p>\n","protected":false},"author":3,"featured_media":10137,"comment_status":"open","ping_status":"closed","sticky":false,"template":"","format":"standard","meta":{"footnotes":""},"categories":[51],"tags":[],"class_list":["post-10136","post","type-post","status-publish","format-standard","has-post-thumbnail","hentry","category-feuilleton"],"yoast_head":"<!-- This site is optimized with the Yoast SEO plugin v28.3 - https:\/\/yoast.com\/product\/yoast-seo-wordpress\/ -->\n<title>Es raschelt im Geb\u00e4lk - ZurZeit<\/title>\n<meta name=\"robots\" content=\"index, follow, max-snippet:-1, max-image-preview:large, max-video-preview:-1\" \/>\n<link rel=\"canonical\" href=\"https:\/\/zurzeit.at\/index.php\/es-raschelt-im-gebaelk\/\" \/>\n<meta property=\"og:locale\" content=\"de_DE\" \/>\n<meta property=\"og:type\" content=\"article\" \/>\n<meta property=\"og:title\" content=\"Es raschelt im Geb\u00e4lk - ZurZeit\" \/>\n<meta property=\"og:description\" content=\"Damit ist nicht nur die Wahl des neuen ORF-Generaldirektors gemeint, der k\u00fcnftig vom Stiftungsrat in&hellip;\" \/>\n<meta property=\"og:url\" content=\"https:\/\/zurzeit.at\/index.php\/es-raschelt-im-gebaelk\/\" \/>\n<meta property=\"og:site_name\" content=\"ZurZeit\" \/>\n<meta property=\"article:publisher\" content=\"https:\/\/www.facebook.com\/wochenmagazinZurZeit\/\" \/>\n<meta property=\"article:published_time\" content=\"2021-08-13T15:02:21+00:00\" \/>\n<meta property=\"og:image\" content=\"https:\/\/zurzeit.at\/wp-content\/uploads\/2021\/08\/Vorlage-Tisal-32-33.jpg\" \/>\n\t<meta property=\"og:image:width\" content=\"1719\" \/>\n\t<meta property=\"og:image:height\" content=\"1134\" \/>\n\t<meta property=\"og:image:type\" content=\"image\/jpeg\" \/>\n<meta name=\"author\" content=\"admin2\" \/>\n<meta name=\"twitter:card\" content=\"summary_large_image\" \/>\n<meta name=\"twitter:label1\" content=\"Verfasst von\" \/>\n\t<meta name=\"twitter:data1\" content=\"admin2\" \/>\n\t<meta name=\"twitter:label2\" content=\"Gesch\u00e4tzte Lesezeit\" \/>\n\t<meta name=\"twitter:data2\" content=\"2\u00a0Minuten\" \/>\n<script type=\"application\/ld+json\" class=\"yoast-schema-graph\">{\"@context\":\"https:\\\/\\\/schema.org\",\"@graph\":[{\"@type\":\"Article\",\"@id\":\"https:\\\/\\\/zurzeit.at\\\/index.php\\\/es-raschelt-im-gebaelk\\\/#article\",\"isPartOf\":{\"@id\":\"https:\\\/\\\/zurzeit.at\\\/index.php\\\/es-raschelt-im-gebaelk\\\/\"},\"author\":{\"name\":\"admin2\",\"@id\":\"https:\\\/\\\/zurzeit.at\\\/#\\\/schema\\\/person\\\/e6f4284c4ffdba25c26f295806088e37\"},\"headline\":\"Es raschelt im Geb\u00e4lk\",\"datePublished\":\"2021-08-13T15:02:21+00:00\",\"mainEntityOfPage\":{\"@id\":\"https:\\\/\\\/zurzeit.at\\\/index.php\\\/es-raschelt-im-gebaelk\\\/\"},\"wordCount\":516,\"commentCount\":0,\"image\":{\"@id\":\"https:\\\/\\\/zurzeit.at\\\/index.php\\\/es-raschelt-im-gebaelk\\\/#primaryimage\"},\"thumbnailUrl\":\"https:\\\/\\\/zurzeit.at\\\/wp-content\\\/uploads\\\/2021\\\/08\\\/Vorlage-Tisal-32-33.jpg\",\"articleSection\":[\"Feuilleton\"],\"inLanguage\":\"de\",\"potentialAction\":[{\"@type\":\"CommentAction\",\"name\":\"Comment\",\"target\":[\"https:\\\/\\\/zurzeit.at\\\/index.php\\\/es-raschelt-im-gebaelk\\\/#respond\"]}]},{\"@type\":\"WebPage\",\"@id\":\"https:\\\/\\\/zurzeit.at\\\/index.php\\\/es-raschelt-im-gebaelk\\\/\",\"url\":\"https:\\\/\\\/zurzeit.at\\\/index.php\\\/es-raschelt-im-gebaelk\\\/\",\"name\":\"Es raschelt im Geb\u00e4lk - ZurZeit\",\"isPartOf\":{\"@id\":\"https:\\\/\\\/zurzeit.at\\\/#website\"},\"primaryImageOfPage\":{\"@id\":\"https:\\\/\\\/zurzeit.at\\\/index.php\\\/es-raschelt-im-gebaelk\\\/#primaryimage\"},\"image\":{\"@id\":\"https:\\\/\\\/zurzeit.at\\\/index.php\\\/es-raschelt-im-gebaelk\\\/#primaryimage\"},\"thumbnailUrl\":\"https:\\\/\\\/zurzeit.at\\\/wp-content\\\/uploads\\\/2021\\\/08\\\/Vorlage-Tisal-32-33.jpg\",\"datePublished\":\"2021-08-13T15:02:21+00:00\",\"author\":{\"@id\":\"https:\\\/\\\/zurzeit.at\\\/#\\\/schema\\\/person\\\/e6f4284c4ffdba25c26f295806088e37\"},\"breadcrumb\":{\"@id\":\"https:\\\/\\\/zurzeit.at\\\/index.php\\\/es-raschelt-im-gebaelk\\\/#breadcrumb\"},\"inLanguage\":\"de\",\"potentialAction\":[{\"@type\":\"ReadAction\",\"target\":[\"https:\\\/\\\/zurzeit.at\\\/index.php\\\/es-raschelt-im-gebaelk\\\/\"]}]},{\"@type\":\"ImageObject\",\"inLanguage\":\"de\",\"@id\":\"https:\\\/\\\/zurzeit.at\\\/index.php\\\/es-raschelt-im-gebaelk\\\/#primaryimage\",\"url\":\"https:\\\/\\\/zurzeit.at\\\/wp-content\\\/uploads\\\/2021\\\/08\\\/Vorlage-Tisal-32-33.jpg\",\"contentUrl\":\"https:\\\/\\\/zurzeit.at\\\/wp-content\\\/uploads\\\/2021\\\/08\\\/Vorlage-Tisal-32-33.jpg\",\"width\":1719,\"height\":1134},{\"@type\":\"BreadcrumbList\",\"@id\":\"https:\\\/\\\/zurzeit.at\\\/index.php\\\/es-raschelt-im-gebaelk\\\/#breadcrumb\",\"itemListElement\":[{\"@type\":\"ListItem\",\"position\":1,\"name\":\"Startseite\",\"item\":\"https:\\\/\\\/zurzeit.at\\\/\"},{\"@type\":\"ListItem\",\"position\":2,\"name\":\"Es raschelt im Geb\u00e4lk\"}]},{\"@type\":\"WebSite\",\"@id\":\"https:\\\/\\\/zurzeit.at\\\/#website\",\"url\":\"https:\\\/\\\/zurzeit.at\\\/\",\"name\":\"ZurZeit\",\"description\":\"Internetseite des Wochenmagazins ZurZeit\",\"potentialAction\":[{\"@type\":\"SearchAction\",\"target\":{\"@type\":\"EntryPoint\",\"urlTemplate\":\"https:\\\/\\\/zurzeit.at\\\/?s={search_term_string}\"},\"query-input\":{\"@type\":\"PropertyValueSpecification\",\"valueRequired\":true,\"valueName\":\"search_term_string\"}}],\"inLanguage\":\"de\"},{\"@type\":\"Person\",\"@id\":\"https:\\\/\\\/zurzeit.at\\\/#\\\/schema\\\/person\\\/e6f4284c4ffdba25c26f295806088e37\",\"name\":\"admin2\",\"image\":{\"@type\":\"ImageObject\",\"inLanguage\":\"de\",\"@id\":\"https:\\\/\\\/secure.gravatar.com\\\/avatar\\\/6b01edb108b3f79fc8950358251ecf3b91c228e319139ad1beec43b6b1b16470?s=96&d=mm&r=g\",\"url\":\"https:\\\/\\\/secure.gravatar.com\\\/avatar\\\/6b01edb108b3f79fc8950358251ecf3b91c228e319139ad1beec43b6b1b16470?s=96&d=mm&r=g\",\"contentUrl\":\"https:\\\/\\\/secure.gravatar.com\\\/avatar\\\/6b01edb108b3f79fc8950358251ecf3b91c228e319139ad1beec43b6b1b16470?s=96&d=mm&r=g\",\"caption\":\"admin2\"},\"url\":\"https:\\\/\\\/zurzeit.at\\\/index.php\\\/author\\\/admin2\\\/\"}]}<\/script>\n<!-- \/ Yoast SEO plugin. -->","yoast_head_json":{"title":"Es raschelt im Geb\u00e4lk - ZurZeit","robots":{"index":"index","follow":"follow","max-snippet":"max-snippet:-1","max-image-preview":"max-image-preview:large","max-video-preview":"max-video-preview:-1"},"canonical":"https:\/\/zurzeit.at\/index.php\/es-raschelt-im-gebaelk\/","og_locale":"de_DE","og_type":"article","og_title":"Es raschelt im Geb\u00e4lk - ZurZeit","og_description":"Damit ist nicht nur die Wahl des neuen ORF-Generaldirektors gemeint, der k\u00fcnftig vom Stiftungsrat in&hellip;","og_url":"https:\/\/zurzeit.at\/index.php\/es-raschelt-im-gebaelk\/","og_site_name":"ZurZeit","article_publisher":"https:\/\/www.facebook.com\/wochenmagazinZurZeit\/","article_published_time":"2021-08-13T15:02:21+00:00","og_image":[{"width":1719,"height":1134,"url":"https:\/\/zurzeit.at\/wp-content\/uploads\/2021\/08\/Vorlage-Tisal-32-33.jpg","type":"image\/jpeg"}],"author":"admin2","twitter_card":"summary_large_image","twitter_misc":{"Verfasst von":"admin2","Gesch\u00e4tzte Lesezeit":"2\u00a0Minuten"},"schema":{"@context":"https:\/\/schema.org","@graph":[{"@type":"Article","@id":"https:\/\/zurzeit.at\/index.php\/es-raschelt-im-gebaelk\/#article","isPartOf":{"@id":"https:\/\/zurzeit.at\/index.php\/es-raschelt-im-gebaelk\/"},"author":{"name":"admin2","@id":"https:\/\/zurzeit.at\/#\/schema\/person\/e6f4284c4ffdba25c26f295806088e37"},"headline":"Es raschelt im Geb\u00e4lk","datePublished":"2021-08-13T15:02:21+00:00","mainEntityOfPage":{"@id":"https:\/\/zurzeit.at\/index.php\/es-raschelt-im-gebaelk\/"},"wordCount":516,"commentCount":0,"image":{"@id":"https:\/\/zurzeit.at\/index.php\/es-raschelt-im-gebaelk\/#primaryimage"},"thumbnailUrl":"https:\/\/zurzeit.at\/wp-content\/uploads\/2021\/08\/Vorlage-Tisal-32-33.jpg","articleSection":["Feuilleton"],"inLanguage":"de","potentialAction":[{"@type":"CommentAction","name":"Comment","target":["https:\/\/zurzeit.at\/index.php\/es-raschelt-im-gebaelk\/#respond"]}]},{"@type":"WebPage","@id":"https:\/\/zurzeit.at\/index.php\/es-raschelt-im-gebaelk\/","url":"https:\/\/zurzeit.at\/index.php\/es-raschelt-im-gebaelk\/","name":"Es raschelt im Geb\u00e4lk - ZurZeit","isPartOf":{"@id":"https:\/\/zurzeit.at\/#website"},"primaryImageOfPage":{"@id":"https:\/\/zurzeit.at\/index.php\/es-raschelt-im-gebaelk\/#primaryimage"},"image":{"@id":"https:\/\/zurzeit.at\/index.php\/es-raschelt-im-gebaelk\/#primaryimage"},"thumbnailUrl":"https:\/\/zurzeit.at\/wp-content\/uploads\/2021\/08\/Vorlage-Tisal-32-33.jpg","datePublished":"2021-08-13T15:02:21+00:00","author":{"@id":"https:\/\/zurzeit.at\/#\/schema\/person\/e6f4284c4ffdba25c26f295806088e37"},"breadcrumb":{"@id":"https:\/\/zurzeit.at\/index.php\/es-raschelt-im-gebaelk\/#breadcrumb"},"inLanguage":"de","potentialAction":[{"@type":"ReadAction","target":["https:\/\/zurzeit.at\/index.php\/es-raschelt-im-gebaelk\/"]}]},{"@type":"ImageObject","inLanguage":"de","@id":"https:\/\/zurzeit.at\/index.php\/es-raschelt-im-gebaelk\/#primaryimage","url":"https:\/\/zurzeit.at\/wp-content\/uploads\/2021\/08\/Vorlage-Tisal-32-33.jpg","contentUrl":"https:\/\/zurzeit.at\/wp-content\/uploads\/2021\/08\/Vorlage-Tisal-32-33.jpg","width":1719,"height":1134},{"@type":"BreadcrumbList","@id":"https:\/\/zurzeit.at\/index.php\/es-raschelt-im-gebaelk\/#breadcrumb","itemListElement":[{"@type":"ListItem","position":1,"name":"Startseite","item":"https:\/\/zurzeit.at\/"},{"@type":"ListItem","position":2,"name":"Es raschelt im Geb\u00e4lk"}]},{"@type":"WebSite","@id":"https:\/\/zurzeit.at\/#website","url":"https:\/\/zurzeit.at\/","name":"ZurZeit","description":"Internetseite des Wochenmagazins ZurZeit","potentialAction":[{"@type":"SearchAction","target":{"@type":"EntryPoint","urlTemplate":"https:\/\/zurzeit.at\/?s={search_term_string}"},"query-input":{"@type":"PropertyValueSpecification","valueRequired":true,"valueName":"search_term_string"}}],"inLanguage":"de"},{"@type":"Person","@id":"https:\/\/zurzeit.at\/#\/schema\/person\/e6f4284c4ffdba25c26f295806088e37","name":"admin2","image":{"@type":"ImageObject","inLanguage":"de","@id":"https:\/\/secure.gravatar.com\/avatar\/6b01edb108b3f79fc8950358251ecf3b91c228e319139ad1beec43b6b1b16470?s=96&d=mm&r=g","url":"https:\/\/secure.gravatar.com\/avatar\/6b01edb108b3f79fc8950358251ecf3b91c228e319139ad1beec43b6b1b16470?s=96&d=mm&r=g","contentUrl":"https:\/\/secure.gravatar.com\/avatar\/6b01edb108b3f79fc8950358251ecf3b91c228e319139ad1beec43b6b1b16470?s=96&d=mm&r=g","caption":"admin2"},"url":"https:\/\/zurzeit.at\/index.php\/author\/admin2\/"}]}},"_links":{"self":[{"href":"https:\/\/zurzeit.at\/index.php\/wp-json\/wp\/v2\/posts\/10136","targetHints":{"allow":["GET"]}}],"collection":[{"href":"https:\/\/zurzeit.at\/index.php\/wp-json\/wp\/v2\/posts"}],"about":[{"href":"https:\/\/zurzeit.at\/index.php\/wp-json\/wp\/v2\/types\/post"}],"author":[{"embeddable":true,"href":"https:\/\/zurzeit.at\/index.php\/wp-json\/wp\/v2\/users\/3"}],"replies":[{"embeddable":true,"href":"https:\/\/zurzeit.at\/index.php\/wp-json\/wp\/v2\/comments?post=10136"}],"version-history":[{"count":1,"href":"https:\/\/zurzeit.at\/index.php\/wp-json\/wp\/v2\/posts\/10136\/revisions"}],"predecessor-version":[{"id":10138,"href":"https:\/\/zurzeit.at\/index.php\/wp-json\/wp\/v2\/posts\/10136\/revisions\/10138"}],"wp:featuredmedia":[{"embeddable":true,"href":"https:\/\/zurzeit.at\/index.php\/wp-json\/wp\/v2\/media\/10137"}],"wp:attachment":[{"href":"https:\/\/zurzeit.at\/index.php\/wp-json\/wp\/v2\/media?parent=10136"}],"wp:term":[{"taxonomy":"category","embeddable":true,"href":"https:\/\/zurzeit.at\/index.php\/wp-json\/wp\/v2\/categories?post=10136"},{"taxonomy":"post_tag","embeddable":true,"href":"https:\/\/zurzeit.at\/index.php\/wp-json\/wp\/v2\/tags?post=10136"}],"curies":[{"name":"wp","href":"https:\/\/api.w.org\/{rel}","templated":true}]}}