{"id":10139,"date":"2021-08-13T17:14:15","date_gmt":"2021-08-13T15:14:15","guid":{"rendered":"http:\/\/zurzeit.at\/?p=10139"},"modified":"2021-08-13T17:14:15","modified_gmt":"2021-08-13T15:14:15","slug":"den-einfluss-der-parteien-auf-den-orf-hat-es-immer-gegeben","status":"publish","type":"post","link":"https:\/\/zurzeit.at\/index.php\/den-einfluss-der-parteien-auf-den-orf-hat-es-immer-gegeben\/","title":{"rendered":"&#8222;Den Einfluss der Parteien auf den ORF hat es immer gegeben&#8220;"},"content":{"rendered":"<h1>Ex-ORF-Journalist Walter Sonnleitner \u00fcber das Verh\u00e4ltnis ORF und Politik, die \u201eMessage control\u201c von Bundes\u00adkanzler Kurz und den Utilitarismus in der \u00adBerichterstattung<\/h1>\n<p><em>Herr Dr. Sonnleitner, Sie waren \u00fcber 40 Jahre beruflich im ORF t\u00e4tig, unter anderem unter allen Generaldirektoren seit Gerd Bacher. Inwieweit hat sich das Unternehmen ORF in dieser Zeit ver\u00e4ndert?<\/em><br \/>\n<strong>Walter Sonnleitner:<\/strong> Das Gro\u00dfe war nat\u00fcrlich der technische Fortschritt. Ich war seit Herbst 1966 \u2013 mit einigen studienbedingten Unterbrechungen \u2013 im ORF und habe Gerd Bacher als neu eintretenden Chef erlebt und dann ein paar andere. Bacher war einmalig und hat eine Informationsexplosion ausgel\u00f6st, getan, was er f\u00fcr richtig gehalten hat, und ist den einzelnen Politikern ordentlich auf die Zehen getreten. Das war ja auch der Grund, warum man ihn nach den Wahlen 1970\/71, als Bruno Kreisky an die Macht kam, sofort entfernt hat. Man hat jemanden, der Redaktionsfreiheiten ausruft, abges\u00e4gt. Aber ich habe den Eindruck, dass es schon lange nicht mehr funktioniert, dass Redakteure, wenn sie ordentlich recherchieren, alles ans Licht bringen k\u00f6nnen.<\/p>\n<div id=\"attachment_10140\" style=\"width: 410px\" class=\"wp-caption alignnone\"><a href=\"https:\/\/zurzeit.at\/wp-content\/uploads\/2021\/08\/sonnleitner2.jpg\" data-rel=\"penci-gallery-image-content\" ><img loading=\"lazy\" decoding=\"async\" aria-describedby=\"caption-attachment-10140\" class=\"wp-image-10140 size-full\" src=\"https:\/\/zurzeit.at\/wp-content\/uploads\/2021\/08\/sonnleitner2.jpg\" alt=\"\" width=\"400\" height=\"300\" srcset=\"https:\/\/zurzeit.at\/wp-content\/uploads\/2021\/08\/sonnleitner2.jpg 400w, https:\/\/zurzeit.at\/wp-content\/uploads\/2021\/08\/sonnleitner2-300x225.jpg 300w\" sizes=\"auto, (max-width: 400px) 100vw, 400px\" \/><\/a><p id=\"caption-attachment-10140\" class=\"wp-caption-text\">Prof. Dkfm. Dr. Walter \u00adSonnleitner war mehr als 40\u00a0Jahre im ORF als Journalist t\u00e4tig. Er war hier unter anderem 1979 Gr\u00fcndungsmitglied der Redaktion des TV-Wirtschaftsmagazins \u201eSchilling\u201c und hat bis 2009 viele Beitr\u00e4ge auch f\u00fcr die \u201eZeit-im-Bild\u201c-Sendungen gestaltet und TV-Dokumentationen geliefert. Walter Sonnleitner hat auch eine ganze Reihe von B\u00fcchern geschrieben, wie \u201eErben und erben lassen\u201c, \u201eStirb bankrott\u201c, oder zuletzt \u201eDie Corona-Falle \u2013 vom Wutb\u00fcrger zum Angstb\u00fcrger\u201c. (Bild: sonnleitner.tv)<\/p><\/div>\n<p><em>Wie sieht es konkret mit dem Einfluss der Politik aus?<\/em><br \/>\n<strong>Sonnleitner:<\/strong> Der Einfluss der Politiker und der Parteien auf den ORF hat sich auch nicht wirklich ge\u00e4ndert. Den Einfluss der Parteien auf den ORF hat es immer gegeben, dieser Einfluss war immer auf Machtkampf eingestellt, wobei die Bedeutung des Fernsehens eindeutig \u00fcberwiegt, weil was man sieht, das glaubt man. Da konnten sich die Politiker glaubhafter \u00e4u\u00dfern, als sie das jetzt tun.<br \/>\nFr\u00fcher gab es einen deutlichen Einfluss der jeweiligen Mehrheitspartei. Von 1966 bis 1970 hatte die \u00d6VP die absolute Mehrheit und dann ab 1971 die SP\u00d6 und dann kam die Zeit der gro\u00dfen Koalition, die von uns im ORF als ruhige Zeit empfunden wurde, weil sich die Regierungsparteien immer irgendwie geeinigt haben und sich am Ende keiner ausgehebelt gef\u00fchlt hat.<\/p>\n<p><em>H\u00e4ngen die Begehrlichkeiten der Politik gegen\u00fcber dem ORF vielleicht damit zusammen, dass der ORF lange Zeit das Rundfunkmonopol hatte?<\/em><br \/>\n<strong>Sonnleitner:<\/strong> Bevor es kommerzielles Radio und Fernsehen gegeben hat, waren die Politiker nat\u00fcrlich stark auf den ORF angewiesen. Damals haben Bundeskanzler, Minister oder Landeshauptleute auch noch direkt beim Redakteur angerufen und ihm ordentlich die Leviten gelesen. Heute kann sich die Politik nur an die Chefs wenden und ausrichten lassen, was ein Redakteur in Zukunft zu unterlassen hat.<br \/>\nViele haben den Eindruck, dass der ORF in seiner Berichterstattung eine Schlagseite nach links hat. Wie sehen Sie das?<br \/>\nSonnleitner: Der ORF hat eine Kampagnen-Schlagseite. Fr\u00fcher hatten wir in den Nachrichten und in den Magazinen ein Ereignis-, ein News-Fernsehen, jetzt haben wir ein Kampagnen-Fernsehen. Es gibt aktuelle Schwerpunkt-Themen und die werden beinhart am ganzen Sender durchgezogen. Und wenn bei vielen Themen Oppositionspolitiker \u00fcberproportional auftreten d\u00fcrfen, dann kann bei manchen Konsumenten der Eindruck einer Schlagseite entstehen \u2013 je nach pers\u00f6nlicher Betrachtungsweise.<\/p>\n<p><em>Inwieweit wirkt f\u00fcr das b\u00fcrgerlich-konservative Lager noch die Fehleinsch\u00e4tzung des ehemaligen \u00d6VP-Bundeskanzlers Julius Raab nach, der in Bezug auf das damals neue Medium Fernsehen gemeint hat, \u201ein des Kastl schaut eh kaner eini\u201c?<\/em><br \/>\n<strong>Sonnleitner:<\/strong> Die \u00d6VP hat eigentlich in Sachen Medienpolitik wirklich versagt. Sie hat auch ihre M\u00f6glichkeiten nicht ausgen\u00fctzt, vor allem in der Personalpolitik. Sie hat vieles einfach schleifen lassen oder hat sich vieles nicht getraut, weil die F\u00fchrung nicht besonders mutig war. Sie hat sich im Aufsichtsrat\/Stiftungsrat nicht immer durchsetzen k\u00f6nnen, und das r\u00e4cht sich. Erst seit Bundeskanzler Kurz gibt es jetzt eine sehr professionelle \u201eMessage control\u201c, die es fr\u00fcher in ganz \u00d6sterreich in den Medien so nicht gegeben hat. Das hat offensichtlich dazu gef\u00fchrt, dass man im ORF t\u00e4glich und bei jeder Gelegenheit die Opposition mit ihrer Kritik auftreten l\u00e4sst, um ein Gegengewicht zur Message control der Regierung und des Kanzlers zu schaffen.<br \/>\nDas macht vielleicht den Eindruck einer Einseitigkeit, denn das, was t\u00e4glich immer wieder im gleichen Wortlaut aus dem Fernsehger\u00e4t kommt, ist in Wahrheit Gehirnw\u00e4sche. In Wirklichkeit handelt es sich hier anscheinend um den Versuch, eine medieneinheitliche Informations\u00adpolitik auf Basis einer Einheitsmeinung zu machen \u2013 alles geimpft usw.<\/p>\n<blockquote><p>Was t\u00e4glich immer wieder im gleichen Wortlaut aus dem Fernsehger\u00e4t kommt, ist in Wahrheit Gehirnw\u00e4sche.<\/p><\/blockquote>\n<p><em>Sehen Sie hier noch die gesetzliche Objektivit\u00e4t des ORF gew\u00e4hrleistet?<\/em><br \/>\n<strong>Sonnleitner:<\/strong> Das ist ein sehr schwieriges Thema. Wir haben es mit einer Neuerscheinung zu tun, die \u201eUtilitarismus\u201c hei\u00dft. Was zum Wohl oder zum Schutz der Bev\u00f6lkerung wichtig und n\u00fctzlich ist, das \u201emuss\u201c einfach geschehen und dagegen wird auch keine Widerrede geduldet. Wer dagegen ist, ist ein Feind der Gemeinschaft. Die Medien \u201em\u00fcssen\u201c dar\u00fcber aufkl\u00e4ren, was unbedingt notwendig ist, und das h\u00f6ren wir auch t\u00e4glich im Fernsehen. Aber das Problem dabei ist: Wer bestimmt denn, was unbedingt notwendig ist und was nicht? Bestimmen das am Ende etwa ein paar regierungsfreundliche Wissenschafter?<br \/>\nDieses Grundprinzip des Utilitarismus hat sich langsam entwickelt. Denken Sie an die Kampagne gegen das Rauchen: Man darf nicht rauchen, weil es sch\u00e4dlich f\u00fcr die Bev\u00f6lkerung ist. Oder denken Sie an die Diskussion \u00fcber Bargeldobergrenzen: Die strengen Kontrollen m\u00fcssen sein, weil viele von uns m\u00f6glicherweise gef\u00e4hrliche Geldw\u00e4scher sind. Oder: Alle m\u00fcssen wir zur Rettung des Klimas mit einem E-Auto fahren.<br \/>\nDieses Grundprinzip des Utilitarismus ist durch Corona so stark geworden, weil es um Gesundheit und Leben des Einzelnen geht, und da \u201emuss\u201c die Politik den Menschen vorschreiben, was sie zu tun haben. Wir werden besch\u00fctzt, aber wir m\u00fcssen unsere Freiheit st\u00fcckweise aufgeben.<\/p>\n<p>Das Gespr\u00e4ch f\u00fchrte <strong>Bernhard Tomaschitz<\/strong>.<\/p>\n<p>[Autor: <a href=\"https:\/\/zurzeit.at\/index.php\/autoren\/\">&#8211;<\/a> Bilder: <span class=\"mw-mmv-source-author\"><span class=\"mw-mmv-author\"><a href=\"https:\/\/pxhere.com\/de\/photo\/14228\">PxHere<\/a><\/span> <\/span> Lizenz: -]<\/p>\n","protected":false},"excerpt":{"rendered":"<p>Ex-ORF-Journalist Walter Sonnleitner \u00fcber das Verh\u00e4ltnis ORF und Politik, die \u201eMessage control\u201c von Bundes\u00adkanzler Kurz&hellip;<\/p>\n","protected":false},"author":3,"featured_media":10143,"comment_status":"open","ping_status":"closed","sticky":false,"template":"","format":"standard","meta":{"footnotes":""},"categories":[51,46],"tags":[817,686,482,6240,185,6242,625,701,6241,6186,2672],"class_list":["post-10139","post","type-post","status-publish","format-standard","has-post-thumbnail","hentry","category-feuilleton","category-oesterreich","tag-fernsehen","tag-gis","tag-links","tag-meinung","tag-orf","tag-radio","tag-rundfunk","tag-staatsfunk","tag-tv","tag-weissmann","tag-wrabetz"],"yoast_head":"<!-- This site is optimized with the Yoast SEO plugin v28.3 - https:\/\/yoast.com\/product\/yoast-seo-wordpress\/ -->\n<title>&quot;Den Einfluss der Parteien auf den ORF hat es immer gegeben&quot; - ZurZeit<\/title>\n<meta name=\"robots\" content=\"index, follow, max-snippet:-1, max-image-preview:large, max-video-preview:-1\" \/>\n<link rel=\"canonical\" href=\"https:\/\/zurzeit.at\/index.php\/den-einfluss-der-parteien-auf-den-orf-hat-es-immer-gegeben\/\" \/>\n<meta property=\"og:locale\" content=\"de_DE\" \/>\n<meta property=\"og:type\" content=\"article\" \/>\n<meta property=\"og:title\" content=\"&quot;Den Einfluss der Parteien auf den ORF hat es immer gegeben&quot; - ZurZeit\" \/>\n<meta property=\"og:description\" content=\"Ex-ORF-Journalist Walter Sonnleitner \u00fcber das Verh\u00e4ltnis ORF und Politik, die \u201eMessage control\u201c von Bundes\u00adkanzler Kurz&hellip;\" \/>\n<meta property=\"og:url\" content=\"https:\/\/zurzeit.at\/index.php\/den-einfluss-der-parteien-auf-den-orf-hat-es-immer-gegeben\/\" \/>\n<meta property=\"og:site_name\" content=\"ZurZeit\" \/>\n<meta property=\"article:publisher\" content=\"https:\/\/www.facebook.com\/wochenmagazinZurZeit\/\" \/>\n<meta property=\"article:published_time\" content=\"2021-08-13T15:14:15+00:00\" \/>\n<meta property=\"og:image\" content=\"https:\/\/zurzeit.at\/wp-content\/uploads\/2021\/08\/landscape-grass-sand-cloud-sky-field-14228-pxhere.com1_.jpg\" \/>\n\t<meta property=\"og:image:width\" content=\"1575\" \/>\n\t<meta property=\"og:image:height\" content=\"1050\" \/>\n\t<meta property=\"og:image:type\" content=\"image\/jpeg\" \/>\n<meta name=\"author\" content=\"admin2\" \/>\n<meta name=\"twitter:card\" content=\"summary_large_image\" \/>\n<meta name=\"twitter:label1\" content=\"Verfasst von\" \/>\n\t<meta name=\"twitter:data1\" content=\"admin2\" \/>\n\t<meta name=\"twitter:label2\" content=\"Gesch\u00e4tzte Lesezeit\" \/>\n\t<meta name=\"twitter:data2\" content=\"5\u00a0Minuten\" \/>\n<script type=\"application\/ld+json\" class=\"yoast-schema-graph\">{\"@context\":\"https:\\\/\\\/schema.org\",\"@graph\":[{\"@type\":\"Article\",\"@id\":\"https:\\\/\\\/zurzeit.at\\\/index.php\\\/den-einfluss-der-parteien-auf-den-orf-hat-es-immer-gegeben\\\/#article\",\"isPartOf\":{\"@id\":\"https:\\\/\\\/zurzeit.at\\\/index.php\\\/den-einfluss-der-parteien-auf-den-orf-hat-es-immer-gegeben\\\/\"},\"author\":{\"name\":\"admin2\",\"@id\":\"https:\\\/\\\/zurzeit.at\\\/#\\\/schema\\\/person\\\/e6f4284c4ffdba25c26f295806088e37\"},\"headline\":\"&#8222;Den Einfluss der Parteien auf den ORF hat es immer gegeben&#8220;\",\"datePublished\":\"2021-08-13T15:14:15+00:00\",\"mainEntityOfPage\":{\"@id\":\"https:\\\/\\\/zurzeit.at\\\/index.php\\\/den-einfluss-der-parteien-auf-den-orf-hat-es-immer-gegeben\\\/\"},\"wordCount\":1018,\"commentCount\":1,\"image\":{\"@id\":\"https:\\\/\\\/zurzeit.at\\\/index.php\\\/den-einfluss-der-parteien-auf-den-orf-hat-es-immer-gegeben\\\/#primaryimage\"},\"thumbnailUrl\":\"https:\\\/\\\/zurzeit.at\\\/wp-content\\\/uploads\\\/2021\\\/08\\\/landscape-grass-sand-cloud-sky-field-14228-pxhere.com1_.jpg\",\"keywords\":[\"Fernsehen\",\"GIS\",\"Links\",\"Meinung\",\"ORF\",\"Radio\",\"Rundfunk\",\"Staatsfunk\",\"TV\",\"Wei\u00dfmann\",\"Wrabetz\"],\"articleSection\":[\"Feuilleton\",\"\u00d6sterreich\"],\"inLanguage\":\"de\",\"potentialAction\":[{\"@type\":\"CommentAction\",\"name\":\"Comment\",\"target\":[\"https:\\\/\\\/zurzeit.at\\\/index.php\\\/den-einfluss-der-parteien-auf-den-orf-hat-es-immer-gegeben\\\/#respond\"]}]},{\"@type\":\"WebPage\",\"@id\":\"https:\\\/\\\/zurzeit.at\\\/index.php\\\/den-einfluss-der-parteien-auf-den-orf-hat-es-immer-gegeben\\\/\",\"url\":\"https:\\\/\\\/zurzeit.at\\\/index.php\\\/den-einfluss-der-parteien-auf-den-orf-hat-es-immer-gegeben\\\/\",\"name\":\"\\\"Den Einfluss der Parteien auf den ORF hat es immer gegeben\\\" - ZurZeit\",\"isPartOf\":{\"@id\":\"https:\\\/\\\/zurzeit.at\\\/#website\"},\"primaryImageOfPage\":{\"@id\":\"https:\\\/\\\/zurzeit.at\\\/index.php\\\/den-einfluss-der-parteien-auf-den-orf-hat-es-immer-gegeben\\\/#primaryimage\"},\"image\":{\"@id\":\"https:\\\/\\\/zurzeit.at\\\/index.php\\\/den-einfluss-der-parteien-auf-den-orf-hat-es-immer-gegeben\\\/#primaryimage\"},\"thumbnailUrl\":\"https:\\\/\\\/zurzeit.at\\\/wp-content\\\/uploads\\\/2021\\\/08\\\/landscape-grass-sand-cloud-sky-field-14228-pxhere.com1_.jpg\",\"datePublished\":\"2021-08-13T15:14:15+00:00\",\"author\":{\"@id\":\"https:\\\/\\\/zurzeit.at\\\/#\\\/schema\\\/person\\\/e6f4284c4ffdba25c26f295806088e37\"},\"breadcrumb\":{\"@id\":\"https:\\\/\\\/zurzeit.at\\\/index.php\\\/den-einfluss-der-parteien-auf-den-orf-hat-es-immer-gegeben\\\/#breadcrumb\"},\"inLanguage\":\"de\",\"potentialAction\":[{\"@type\":\"ReadAction\",\"target\":[\"https:\\\/\\\/zurzeit.at\\\/index.php\\\/den-einfluss-der-parteien-auf-den-orf-hat-es-immer-gegeben\\\/\"]}]},{\"@type\":\"ImageObject\",\"inLanguage\":\"de\",\"@id\":\"https:\\\/\\\/zurzeit.at\\\/index.php\\\/den-einfluss-der-parteien-auf-den-orf-hat-es-immer-gegeben\\\/#primaryimage\",\"url\":\"https:\\\/\\\/zurzeit.at\\\/wp-content\\\/uploads\\\/2021\\\/08\\\/landscape-grass-sand-cloud-sky-field-14228-pxhere.com1_.jpg\",\"contentUrl\":\"https:\\\/\\\/zurzeit.at\\\/wp-content\\\/uploads\\\/2021\\\/08\\\/landscape-grass-sand-cloud-sky-field-14228-pxhere.com1_.jpg\",\"width\":1575,\"height\":1050},{\"@type\":\"BreadcrumbList\",\"@id\":\"https:\\\/\\\/zurzeit.at\\\/index.php\\\/den-einfluss-der-parteien-auf-den-orf-hat-es-immer-gegeben\\\/#breadcrumb\",\"itemListElement\":[{\"@type\":\"ListItem\",\"position\":1,\"name\":\"Startseite\",\"item\":\"https:\\\/\\\/zurzeit.at\\\/\"},{\"@type\":\"ListItem\",\"position\":2,\"name\":\"&#8220;Den Einfluss der Parteien auf den ORF hat es immer gegeben&#8221;\"}]},{\"@type\":\"WebSite\",\"@id\":\"https:\\\/\\\/zurzeit.at\\\/#website\",\"url\":\"https:\\\/\\\/zurzeit.at\\\/\",\"name\":\"ZurZeit\",\"description\":\"Internetseite des Wochenmagazins ZurZeit\",\"potentialAction\":[{\"@type\":\"SearchAction\",\"target\":{\"@type\":\"EntryPoint\",\"urlTemplate\":\"https:\\\/\\\/zurzeit.at\\\/?s={search_term_string}\"},\"query-input\":{\"@type\":\"PropertyValueSpecification\",\"valueRequired\":true,\"valueName\":\"search_term_string\"}}],\"inLanguage\":\"de\"},{\"@type\":\"Person\",\"@id\":\"https:\\\/\\\/zurzeit.at\\\/#\\\/schema\\\/person\\\/e6f4284c4ffdba25c26f295806088e37\",\"name\":\"admin2\",\"image\":{\"@type\":\"ImageObject\",\"inLanguage\":\"de\",\"@id\":\"https:\\\/\\\/secure.gravatar.com\\\/avatar\\\/6b01edb108b3f79fc8950358251ecf3b91c228e319139ad1beec43b6b1b16470?s=96&d=mm&r=g\",\"url\":\"https:\\\/\\\/secure.gravatar.com\\\/avatar\\\/6b01edb108b3f79fc8950358251ecf3b91c228e319139ad1beec43b6b1b16470?s=96&d=mm&r=g\",\"contentUrl\":\"https:\\\/\\\/secure.gravatar.com\\\/avatar\\\/6b01edb108b3f79fc8950358251ecf3b91c228e319139ad1beec43b6b1b16470?s=96&d=mm&r=g\",\"caption\":\"admin2\"},\"url\":\"https:\\\/\\\/zurzeit.at\\\/index.php\\\/author\\\/admin2\\\/\"}]}<\/script>\n<!-- \/ Yoast SEO plugin. -->","yoast_head_json":{"title":"\"Den Einfluss der Parteien auf den ORF hat es immer gegeben\" - ZurZeit","robots":{"index":"index","follow":"follow","max-snippet":"max-snippet:-1","max-image-preview":"max-image-preview:large","max-video-preview":"max-video-preview:-1"},"canonical":"https:\/\/zurzeit.at\/index.php\/den-einfluss-der-parteien-auf-den-orf-hat-es-immer-gegeben\/","og_locale":"de_DE","og_type":"article","og_title":"\"Den Einfluss der Parteien auf den ORF hat es immer gegeben\" - ZurZeit","og_description":"Ex-ORF-Journalist Walter Sonnleitner \u00fcber das Verh\u00e4ltnis ORF und Politik, die \u201eMessage control\u201c von Bundes\u00adkanzler Kurz&hellip;","og_url":"https:\/\/zurzeit.at\/index.php\/den-einfluss-der-parteien-auf-den-orf-hat-es-immer-gegeben\/","og_site_name":"ZurZeit","article_publisher":"https:\/\/www.facebook.com\/wochenmagazinZurZeit\/","article_published_time":"2021-08-13T15:14:15+00:00","og_image":[{"width":1575,"height":1050,"url":"https:\/\/zurzeit.at\/wp-content\/uploads\/2021\/08\/landscape-grass-sand-cloud-sky-field-14228-pxhere.com1_.jpg","type":"image\/jpeg"}],"author":"admin2","twitter_card":"summary_large_image","twitter_misc":{"Verfasst von":"admin2","Gesch\u00e4tzte Lesezeit":"5\u00a0Minuten"},"schema":{"@context":"https:\/\/schema.org","@graph":[{"@type":"Article","@id":"https:\/\/zurzeit.at\/index.php\/den-einfluss-der-parteien-auf-den-orf-hat-es-immer-gegeben\/#article","isPartOf":{"@id":"https:\/\/zurzeit.at\/index.php\/den-einfluss-der-parteien-auf-den-orf-hat-es-immer-gegeben\/"},"author":{"name":"admin2","@id":"https:\/\/zurzeit.at\/#\/schema\/person\/e6f4284c4ffdba25c26f295806088e37"},"headline":"&#8222;Den Einfluss der Parteien auf den ORF hat es immer gegeben&#8220;","datePublished":"2021-08-13T15:14:15+00:00","mainEntityOfPage":{"@id":"https:\/\/zurzeit.at\/index.php\/den-einfluss-der-parteien-auf-den-orf-hat-es-immer-gegeben\/"},"wordCount":1018,"commentCount":1,"image":{"@id":"https:\/\/zurzeit.at\/index.php\/den-einfluss-der-parteien-auf-den-orf-hat-es-immer-gegeben\/#primaryimage"},"thumbnailUrl":"https:\/\/zurzeit.at\/wp-content\/uploads\/2021\/08\/landscape-grass-sand-cloud-sky-field-14228-pxhere.com1_.jpg","keywords":["Fernsehen","GIS","Links","Meinung","ORF","Radio","Rundfunk","Staatsfunk","TV","Wei\u00dfmann","Wrabetz"],"articleSection":["Feuilleton","\u00d6sterreich"],"inLanguage":"de","potentialAction":[{"@type":"CommentAction","name":"Comment","target":["https:\/\/zurzeit.at\/index.php\/den-einfluss-der-parteien-auf-den-orf-hat-es-immer-gegeben\/#respond"]}]},{"@type":"WebPage","@id":"https:\/\/zurzeit.at\/index.php\/den-einfluss-der-parteien-auf-den-orf-hat-es-immer-gegeben\/","url":"https:\/\/zurzeit.at\/index.php\/den-einfluss-der-parteien-auf-den-orf-hat-es-immer-gegeben\/","name":"\"Den Einfluss der Parteien auf den ORF hat es immer gegeben\" - ZurZeit","isPartOf":{"@id":"https:\/\/zurzeit.at\/#website"},"primaryImageOfPage":{"@id":"https:\/\/zurzeit.at\/index.php\/den-einfluss-der-parteien-auf-den-orf-hat-es-immer-gegeben\/#primaryimage"},"image":{"@id":"https:\/\/zurzeit.at\/index.php\/den-einfluss-der-parteien-auf-den-orf-hat-es-immer-gegeben\/#primaryimage"},"thumbnailUrl":"https:\/\/zurzeit.at\/wp-content\/uploads\/2021\/08\/landscape-grass-sand-cloud-sky-field-14228-pxhere.com1_.jpg","datePublished":"2021-08-13T15:14:15+00:00","author":{"@id":"https:\/\/zurzeit.at\/#\/schema\/person\/e6f4284c4ffdba25c26f295806088e37"},"breadcrumb":{"@id":"https:\/\/zurzeit.at\/index.php\/den-einfluss-der-parteien-auf-den-orf-hat-es-immer-gegeben\/#breadcrumb"},"inLanguage":"de","potentialAction":[{"@type":"ReadAction","target":["https:\/\/zurzeit.at\/index.php\/den-einfluss-der-parteien-auf-den-orf-hat-es-immer-gegeben\/"]}]},{"@type":"ImageObject","inLanguage":"de","@id":"https:\/\/zurzeit.at\/index.php\/den-einfluss-der-parteien-auf-den-orf-hat-es-immer-gegeben\/#primaryimage","url":"https:\/\/zurzeit.at\/wp-content\/uploads\/2021\/08\/landscape-grass-sand-cloud-sky-field-14228-pxhere.com1_.jpg","contentUrl":"https:\/\/zurzeit.at\/wp-content\/uploads\/2021\/08\/landscape-grass-sand-cloud-sky-field-14228-pxhere.com1_.jpg","width":1575,"height":1050},{"@type":"BreadcrumbList","@id":"https:\/\/zurzeit.at\/index.php\/den-einfluss-der-parteien-auf-den-orf-hat-es-immer-gegeben\/#breadcrumb","itemListElement":[{"@type":"ListItem","position":1,"name":"Startseite","item":"https:\/\/zurzeit.at\/"},{"@type":"ListItem","position":2,"name":"&#8220;Den Einfluss der Parteien auf den ORF hat es immer gegeben&#8221;"}]},{"@type":"WebSite","@id":"https:\/\/zurzeit.at\/#website","url":"https:\/\/zurzeit.at\/","name":"ZurZeit","description":"Internetseite des Wochenmagazins ZurZeit","potentialAction":[{"@type":"SearchAction","target":{"@type":"EntryPoint","urlTemplate":"https:\/\/zurzeit.at\/?s={search_term_string}"},"query-input":{"@type":"PropertyValueSpecification","valueRequired":true,"valueName":"search_term_string"}}],"inLanguage":"de"},{"@type":"Person","@id":"https:\/\/zurzeit.at\/#\/schema\/person\/e6f4284c4ffdba25c26f295806088e37","name":"admin2","image":{"@type":"ImageObject","inLanguage":"de","@id":"https:\/\/secure.gravatar.com\/avatar\/6b01edb108b3f79fc8950358251ecf3b91c228e319139ad1beec43b6b1b16470?s=96&d=mm&r=g","url":"https:\/\/secure.gravatar.com\/avatar\/6b01edb108b3f79fc8950358251ecf3b91c228e319139ad1beec43b6b1b16470?s=96&d=mm&r=g","contentUrl":"https:\/\/secure.gravatar.com\/avatar\/6b01edb108b3f79fc8950358251ecf3b91c228e319139ad1beec43b6b1b16470?s=96&d=mm&r=g","caption":"admin2"},"url":"https:\/\/zurzeit.at\/index.php\/author\/admin2\/"}]}},"_links":{"self":[{"href":"https:\/\/zurzeit.at\/index.php\/wp-json\/wp\/v2\/posts\/10139","targetHints":{"allow":["GET"]}}],"collection":[{"href":"https:\/\/zurzeit.at\/index.php\/wp-json\/wp\/v2\/posts"}],"about":[{"href":"https:\/\/zurzeit.at\/index.php\/wp-json\/wp\/v2\/types\/post"}],"author":[{"embeddable":true,"href":"https:\/\/zurzeit.at\/index.php\/wp-json\/wp\/v2\/users\/3"}],"replies":[{"embeddable":true,"href":"https:\/\/zurzeit.at\/index.php\/wp-json\/wp\/v2\/comments?post=10139"}],"version-history":[{"count":1,"href":"https:\/\/zurzeit.at\/index.php\/wp-json\/wp\/v2\/posts\/10139\/revisions"}],"predecessor-version":[{"id":10144,"href":"https:\/\/zurzeit.at\/index.php\/wp-json\/wp\/v2\/posts\/10139\/revisions\/10144"}],"wp:featuredmedia":[{"embeddable":true,"href":"https:\/\/zurzeit.at\/index.php\/wp-json\/wp\/v2\/media\/10143"}],"wp:attachment":[{"href":"https:\/\/zurzeit.at\/index.php\/wp-json\/wp\/v2\/media?parent=10139"}],"wp:term":[{"taxonomy":"category","embeddable":true,"href":"https:\/\/zurzeit.at\/index.php\/wp-json\/wp\/v2\/categories?post=10139"},{"taxonomy":"post_tag","embeddable":true,"href":"https:\/\/zurzeit.at\/index.php\/wp-json\/wp\/v2\/tags?post=10139"}],"curies":[{"name":"wp","href":"https:\/\/api.w.org\/{rel}","templated":true}]}}