{"id":10765,"date":"2021-10-07T07:59:54","date_gmt":"2021-10-07T05:59:54","guid":{"rendered":"http:\/\/zurzeit.at\/?p=10765"},"modified":"2021-10-06T18:25:18","modified_gmt":"2021-10-06T16:25:18","slug":"merkel-daemmerung-zurzeit-nr-40","status":"publish","type":"post","link":"https:\/\/zurzeit.at\/index.php\/merkel-daemmerung-zurzeit-nr-40\/","title":{"rendered":"Merkel-D\u00e4mmerung \u2013 ZurZeit Nr. 40"},"content":{"rendered":"<p>Wie jede Woche d\u00fcrfen wir Ihnen unsere aktuelle Ausgabe des Wochenmagazin ZurZeit pr\u00e4sentieren. Diesmal mit folgenden Thema:<\/p>\n<h1 class=\"post-title single-post-title entry-title\">Merkel-D\u00e4mmerung: Was kommt jetzt?<\/h1>\n<ul>\n<li><strong>Bernhard Tomaschitz:<\/strong> Nicht viel Neues in Berlin <em>Seite\u202f28\u201337<br \/>\n<\/em><\/li>\n<li><strong>Alexander Gauland<\/strong> im<a href=\"https:\/\/zurzeit.at\/index.php\/unser-zweistelliger-wahlerfolg-ist-ein-gutes-ergebnis\/\"> ZZ-Gespr\u00e4ch<\/a> <em>Seite\u202f33\u201335<br \/>\n<\/em><\/li>\n<li>Komfortable Lage: Die FDP als Z\u00fcnglein an der Waage <em>Seite\u202f36\u201337<\/em><\/li>\n<\/ul>\n<h2>Gastkommentare und Interviews:<\/h2>\n<ul>\n<li><strong>Manfred Haimbuchner<\/strong> \u00fcber das Weiterarbeiten f\u00fcr Ober\u00f6sterreich <em>Seite\u202f15\u2003<\/em><\/li>\n<li><strong>Bernd Kallin<\/strong>a \u00fcber die Quittung f\u00fcr die Merkel-Jahre <em>Seite\u202f28\u201330\u2003<\/em><\/li>\n<li><strong>Alexander Gauland<\/strong> \u00fcber <a href=\"https:\/\/zurzeit.at\/index.php\/unser-zweistelliger-wahlerfolg-ist-ein-gutes-ergebnis\/\">die Bundestagswahl, Lehren f\u00fcr k\u00fcnftige Wahlen und die \u00adPositionierung seiner Partei \u00ad<\/a><em>Seite <\/em><em>33\u201335<br \/>\n<\/em><\/li>\n<li><strong>Manfred Tisal<\/strong> \u00fcber <a href=\"https:\/\/zurzeit.at\/index.php\/steuerreform-wird-teuerreform\/\">die Steuerreform, die zur Teuerreform wird<\/a> \u00ad<em>Seite 50\u201351<\/em><\/li>\n<\/ul>\n<h2>Was gibt es sonst noch zu lesen?<\/h2>\n<ul>\n<li>Bundestag der Migranten <em>Seite\u202fSeite\u202f4<\/em><\/li>\n<li>Editorial: <a href=\"https:\/\/andreasmoelzer.wordpress.com\/2021\/10\/06\/koalition-der-blender-und-heuchler\/\">Koalition der Blender und Heuchler<\/a> <em>Seite\u202fSeite\u202f6\u20137<\/em><\/li>\n<li>Schulen: Corona-Qualen ohne Ende <em>Seite\u202fSeite\u202f8\u20139<\/em><\/li>\n<li>Corona-Ma\u00dfnahmen: Pein f\u00fcr \u00d6sterreicher <em>Seite\u202f<\/em><em>10\u201311<\/em><\/li>\n<li>Erntedank w\u00fcrdigt die Arbeit der Bauern <em>Seite\u202f<\/em><em>11<\/em><\/li>\n<li>Ober\u00f6sterreich: Wieder mit der FP\u00d6 <em>Seite\u202f<\/em><em>12<\/em><\/li>\n<li>Favoriten: 108 Illegale aufgegriffen <em>Seite\u202f<\/em><em>14\u201315<\/em><\/li>\n<li>Europa Zentralismus durch die Hintert\u00fcr <em>Seite\u202f<\/em><em>16\u201317<\/em><\/li>\n<li>Brexit und James Bond <em>Seite\u202f<\/em><em>18<\/em><\/li>\n<li>AUKUS-B\u00fcndnis gegen China<em> Seite\u202f19\u201321<\/em><\/li>\n<li>China r\u00fcstet seine \u00adSeestreitkr\u00e4fte auf <em>Seite\u202f<\/em><em>21<\/em><\/li>\n<li>EU-Verm\u00f6gensregister: Fehler der Eurokraten? <em>Seite\u202f<\/em><em>25\u201327<\/em><\/li>\n<li><strong>Andreas M\u00f6lzer:<\/strong> <a href=\"https:\/\/andreasmoelzer.wordpress.com\/2021\/10\/06\/denk-ich-an-deutschland-2\/\">Denk\u2019 ich an Deutschland &#8230;<\/a> <em>Seite\u202f<\/em><em>38\u201339<\/em><\/li>\n<li>Der Mainstream als \u00adAuslaufmodell <em>Seite\u202f<\/em><em>41\u201343<\/em><\/li>\n<li>Stundenbuch des \u00adAugenblicks<em> Seite\u202f43<\/em><\/li>\n<li>Geschichte: Gl\u00fcck und Ende der Hausierer <em>Seite\u202f<\/em><em>46\u201347<\/em><\/li>\n<li>Neugelesen: \u201eWargus\u201c von S. Coell <em>Seite\u202f<\/em><em>50\u201352<\/em><\/li>\n<li>ARD wird \u201ediverser\u201c <em>Seite\u202f<\/em><em>52\u201353<\/em><\/li>\n<li>\u201eProfil\u201c: Die Faktenschrecker <em>Seite\u202f<\/em><em>54\u201355<\/em><\/li>\n<\/ul>\n<p><strong>Und noch vieles mehr\u2026<\/strong><\/p>\n<p>Wir bieten w\u00f6chentlich freie und unabh\u00e4ngige Berichterstatung, mit einem politisch unkorrekten Zugang.<\/p>\n<table>\n<tbody>\n<tr>\n<td width=\"307\"><strong>Neugierig geworden, dann lesen Sie uns 4 Wochen, unverbindlich und kostenlos, mit dem <a href=\"https:\/\/zurzeit.at\/index.php\/probeabo\/\">GRATIS-Probe-Abo<\/a>.<\/strong><a href=\"https:\/\/zurzeit.at\/index.php\/probeabo\/\"><img loading=\"lazy\" decoding=\"async\" class=\"alignnone wp-image-1990\" src=\"https:\/\/zurzeit.at\/wp-content\/uploads\/2019\/03\/fa66c028-6fff-4dec-ab9a-22f0631b81b1-1024x686.jpg\" sizes=\"auto, (max-width: 314px) 100vw, 314px\" srcset=\"https:\/\/zurzeit.at\/wp-content\/uploads\/2019\/03\/fa66c028-6fff-4dec-ab9a-22f0631b81b1-1024x686.jpg 1024w, https:\/\/zurzeit.at\/wp-content\/uploads\/2019\/03\/fa66c028-6fff-4dec-ab9a-22f0631b81b1-600x402.jpg 600w, https:\/\/zurzeit.at\/wp-content\/uploads\/2019\/03\/fa66c028-6fff-4dec-ab9a-22f0631b81b1-300x201.jpg 300w, https:\/\/zurzeit.at\/wp-content\/uploads\/2019\/03\/fa66c028-6fff-4dec-ab9a-22f0631b81b1-768x514.jpg 768w, https:\/\/zurzeit.at\/wp-content\/uploads\/2019\/03\/fa66c028-6fff-4dec-ab9a-22f0631b81b1-1170x784.jpg 1170w, https:\/\/zurzeit.at\/wp-content\/uploads\/2019\/03\/fa66c028-6fff-4dec-ab9a-22f0631b81b1-585x392.jpg 585w, https:\/\/zurzeit.at\/wp-content\/uploads\/2019\/03\/fa66c028-6fff-4dec-ab9a-22f0631b81b1-263x175.jpg 263w, https:\/\/zurzeit.at\/wp-content\/uploads\/2019\/03\/fa66c028-6fff-4dec-ab9a-22f0631b81b1.jpg 1493w\" alt=\"\" width=\"314\" height=\"210\" \/><\/a><\/td>\n<td width=\"307\">Wenn Sie bereits ein E-Paper-Abo geht es hier zur<a href=\"https:\/\/zurzeit.at\/index.php\/demokratie-krise-keine-sed-blumen-fuer-rechts-zurzeit-nr-9\/\"> aktuellen Ausgabe der ZurZeit<\/a>.<a href=\"https:\/\/zurzeit.at\/index.php\/jahrgang-2021\/\"><img loading=\"lazy\" decoding=\"async\" class=\"alignnone wp-image-2212\" src=\"https:\/\/zurzeit.at\/wp-content\/uploads\/2019\/04\/88027aed-62f9-408e-ad00-027043d6eeb0-1024x686.jpg\" sizes=\"auto, (max-width: 314px) 100vw, 314px\" srcset=\"https:\/\/zurzeit.at\/wp-content\/uploads\/2019\/04\/88027aed-62f9-408e-ad00-027043d6eeb0-1024x686.jpg 1024w, https:\/\/zurzeit.at\/wp-content\/uploads\/2019\/04\/88027aed-62f9-408e-ad00-027043d6eeb0-300x201.jpg 300w, https:\/\/zurzeit.at\/wp-content\/uploads\/2019\/04\/88027aed-62f9-408e-ad00-027043d6eeb0-768x514.jpg 768w, https:\/\/zurzeit.at\/wp-content\/uploads\/2019\/04\/88027aed-62f9-408e-ad00-027043d6eeb0-1170x784.jpg 1170w, https:\/\/zurzeit.at\/wp-content\/uploads\/2019\/04\/88027aed-62f9-408e-ad00-027043d6eeb0-585x392.jpg 585w, https:\/\/zurzeit.at\/wp-content\/uploads\/2019\/04\/88027aed-62f9-408e-ad00-027043d6eeb0-263x175.jpg 263w, https:\/\/zurzeit.at\/wp-content\/uploads\/2019\/04\/88027aed-62f9-408e-ad00-027043d6eeb0-600x402.jpg 600w, https:\/\/zurzeit.at\/wp-content\/uploads\/2019\/04\/88027aed-62f9-408e-ad00-027043d6eeb0.jpg 1493w\" alt=\"\" width=\"314\" height=\"210\" \/><\/a><\/td>\n<\/tr>\n<\/tbody>\n<\/table>\n<p>&nbsp;<\/p>\n","protected":false},"excerpt":{"rendered":"<p>Wie jede Woche d\u00fcrfen wir Ihnen unsere aktuelle Ausgabe des Wochenmagazin ZurZeit pr\u00e4sentieren. Diesmal mit&hellip;<\/p>\n","protected":false},"author":3,"featured_media":10758,"comment_status":"open","ping_status":"closed","sticky":false,"template":"","format":"standard","meta":{"footnotes":""},"categories":[49,47,48,51,5188,46,50],"tags":[67,6636,342,60,3074,142,313,2949,308,185,309,343],"class_list":["post-10765","post","type-post","status-publish","format-standard","has-post-thumbnail","hentry","category-ausland","category-deutschland","category-europa","category-feuilleton","category-jahrgang-2021","category-oesterreich","category-wirtschaft","tag-asyl","tag-baerbobk","tag-cdu","tag-deutschland","tag-fff","tag-gruene","tag-klima","tag-laschet","tag-merkel","tag-orf","tag-scholz","tag-spd"],"yoast_head":"<!-- This site is optimized with the Yoast SEO plugin v28.3 - https:\/\/yoast.com\/product\/yoast-seo-wordpress\/ -->\n<title>Merkel-D\u00e4mmerung \u2013 ZurZeit Nr. 40 - ZurZeit<\/title>\n<meta name=\"robots\" content=\"index, follow, max-snippet:-1, max-image-preview:large, max-video-preview:-1\" \/>\n<link rel=\"canonical\" href=\"https:\/\/zurzeit.at\/index.php\/merkel-daemmerung-zurzeit-nr-40\/\" \/>\n<meta property=\"og:locale\" content=\"de_DE\" \/>\n<meta property=\"og:type\" content=\"article\" \/>\n<meta property=\"og:title\" content=\"Merkel-D\u00e4mmerung \u2013 ZurZeit Nr. 40 - ZurZeit\" \/>\n<meta property=\"og:description\" content=\"Wie jede Woche d\u00fcrfen wir Ihnen unsere aktuelle Ausgabe des Wochenmagazin ZurZeit pr\u00e4sentieren. Diesmal mit&hellip;\" \/>\n<meta property=\"og:url\" content=\"https:\/\/zurzeit.at\/index.php\/merkel-daemmerung-zurzeit-nr-40\/\" \/>\n<meta property=\"og:site_name\" content=\"ZurZeit\" \/>\n<meta property=\"article:publisher\" content=\"https:\/\/www.facebook.com\/wochenmagazinZurZeit\/\" \/>\n<meta property=\"article:published_time\" content=\"2021-10-07T05:59:54+00:00\" \/>\n<meta property=\"og:image\" content=\"https:\/\/zurzeit.at\/wp-content\/uploads\/2021\/10\/Vorlage-EPaper-40.jpg\" \/>\n\t<meta property=\"og:image:width\" content=\"859\" \/>\n\t<meta property=\"og:image:height\" content=\"567\" \/>\n\t<meta property=\"og:image:type\" content=\"image\/jpeg\" \/>\n<meta name=\"author\" content=\"admin2\" \/>\n<meta name=\"twitter:card\" content=\"summary_large_image\" \/>\n<meta name=\"twitter:label1\" content=\"Verfasst von\" \/>\n\t<meta name=\"twitter:data1\" content=\"admin2\" \/>\n\t<meta name=\"twitter:label2\" content=\"Gesch\u00e4tzte Lesezeit\" \/>\n\t<meta name=\"twitter:data2\" content=\"2\u00a0Minuten\" \/>\n<script type=\"application\/ld+json\" class=\"yoast-schema-graph\">{\"@context\":\"https:\\\/\\\/schema.org\",\"@graph\":[{\"@type\":\"Article\",\"@id\":\"https:\\\/\\\/zurzeit.at\\\/index.php\\\/merkel-daemmerung-zurzeit-nr-40\\\/#article\",\"isPartOf\":{\"@id\":\"https:\\\/\\\/zurzeit.at\\\/index.php\\\/merkel-daemmerung-zurzeit-nr-40\\\/\"},\"author\":{\"name\":\"admin2\",\"@id\":\"https:\\\/\\\/zurzeit.at\\\/#\\\/schema\\\/person\\\/e6f4284c4ffdba25c26f295806088e37\"},\"headline\":\"Merkel-D\u00e4mmerung \u2013 ZurZeit Nr. 40\",\"datePublished\":\"2021-10-07T05:59:54+00:00\",\"mainEntityOfPage\":{\"@id\":\"https:\\\/\\\/zurzeit.at\\\/index.php\\\/merkel-daemmerung-zurzeit-nr-40\\\/\"},\"wordCount\":270,\"commentCount\":0,\"image\":{\"@id\":\"https:\\\/\\\/zurzeit.at\\\/index.php\\\/merkel-daemmerung-zurzeit-nr-40\\\/#primaryimage\"},\"thumbnailUrl\":\"https:\\\/\\\/zurzeit.at\\\/wp-content\\\/uploads\\\/2021\\\/10\\\/Vorlage-EPaper-40.jpg\",\"keywords\":[\"Asyl\",\"Baerbobk\",\"CDU\",\"Deutschland\",\"FFF\",\"Gr\u00fcne\",\"Klima\",\"Laschet\",\"Merkel\",\"ORF\",\"Scholz\",\"SPD\"],\"articleSection\":[\"Ausland\",\"Deutschland\",\"Europa\",\"Feuilleton\",\"Jahrgang 2021\",\"\u00d6sterreich\",\"Wirtschaft\"],\"inLanguage\":\"de\",\"potentialAction\":[{\"@type\":\"CommentAction\",\"name\":\"Comment\",\"target\":[\"https:\\\/\\\/zurzeit.at\\\/index.php\\\/merkel-daemmerung-zurzeit-nr-40\\\/#respond\"]}]},{\"@type\":\"WebPage\",\"@id\":\"https:\\\/\\\/zurzeit.at\\\/index.php\\\/merkel-daemmerung-zurzeit-nr-40\\\/\",\"url\":\"https:\\\/\\\/zurzeit.at\\\/index.php\\\/merkel-daemmerung-zurzeit-nr-40\\\/\",\"name\":\"Merkel-D\u00e4mmerung \u2013 ZurZeit Nr. 40 - ZurZeit\",\"isPartOf\":{\"@id\":\"https:\\\/\\\/zurzeit.at\\\/#website\"},\"primaryImageOfPage\":{\"@id\":\"https:\\\/\\\/zurzeit.at\\\/index.php\\\/merkel-daemmerung-zurzeit-nr-40\\\/#primaryimage\"},\"image\":{\"@id\":\"https:\\\/\\\/zurzeit.at\\\/index.php\\\/merkel-daemmerung-zurzeit-nr-40\\\/#primaryimage\"},\"thumbnailUrl\":\"https:\\\/\\\/zurzeit.at\\\/wp-content\\\/uploads\\\/2021\\\/10\\\/Vorlage-EPaper-40.jpg\",\"datePublished\":\"2021-10-07T05:59:54+00:00\",\"author\":{\"@id\":\"https:\\\/\\\/zurzeit.at\\\/#\\\/schema\\\/person\\\/e6f4284c4ffdba25c26f295806088e37\"},\"breadcrumb\":{\"@id\":\"https:\\\/\\\/zurzeit.at\\\/index.php\\\/merkel-daemmerung-zurzeit-nr-40\\\/#breadcrumb\"},\"inLanguage\":\"de\",\"potentialAction\":[{\"@type\":\"ReadAction\",\"target\":[\"https:\\\/\\\/zurzeit.at\\\/index.php\\\/merkel-daemmerung-zurzeit-nr-40\\\/\"]}]},{\"@type\":\"ImageObject\",\"inLanguage\":\"de\",\"@id\":\"https:\\\/\\\/zurzeit.at\\\/index.php\\\/merkel-daemmerung-zurzeit-nr-40\\\/#primaryimage\",\"url\":\"https:\\\/\\\/zurzeit.at\\\/wp-content\\\/uploads\\\/2021\\\/10\\\/Vorlage-EPaper-40.jpg\",\"contentUrl\":\"https:\\\/\\\/zurzeit.at\\\/wp-content\\\/uploads\\\/2021\\\/10\\\/Vorlage-EPaper-40.jpg\",\"width\":859,\"height\":567},{\"@type\":\"BreadcrumbList\",\"@id\":\"https:\\\/\\\/zurzeit.at\\\/index.php\\\/merkel-daemmerung-zurzeit-nr-40\\\/#breadcrumb\",\"itemListElement\":[{\"@type\":\"ListItem\",\"position\":1,\"name\":\"Startseite\",\"item\":\"https:\\\/\\\/zurzeit.at\\\/\"},{\"@type\":\"ListItem\",\"position\":2,\"name\":\"Merkel-D\u00e4mmerung \u2013 ZurZeit Nr. 40\"}]},{\"@type\":\"WebSite\",\"@id\":\"https:\\\/\\\/zurzeit.at\\\/#website\",\"url\":\"https:\\\/\\\/zurzeit.at\\\/\",\"name\":\"ZurZeit\",\"description\":\"Internetseite des Wochenmagazins ZurZeit\",\"potentialAction\":[{\"@type\":\"SearchAction\",\"target\":{\"@type\":\"EntryPoint\",\"urlTemplate\":\"https:\\\/\\\/zurzeit.at\\\/?s={search_term_string}\"},\"query-input\":{\"@type\":\"PropertyValueSpecification\",\"valueRequired\":true,\"valueName\":\"search_term_string\"}}],\"inLanguage\":\"de\"},{\"@type\":\"Person\",\"@id\":\"https:\\\/\\\/zurzeit.at\\\/#\\\/schema\\\/person\\\/e6f4284c4ffdba25c26f295806088e37\",\"name\":\"admin2\",\"image\":{\"@type\":\"ImageObject\",\"inLanguage\":\"de\",\"@id\":\"https:\\\/\\\/secure.gravatar.com\\\/avatar\\\/6b01edb108b3f79fc8950358251ecf3b91c228e319139ad1beec43b6b1b16470?s=96&d=mm&r=g\",\"url\":\"https:\\\/\\\/secure.gravatar.com\\\/avatar\\\/6b01edb108b3f79fc8950358251ecf3b91c228e319139ad1beec43b6b1b16470?s=96&d=mm&r=g\",\"contentUrl\":\"https:\\\/\\\/secure.gravatar.com\\\/avatar\\\/6b01edb108b3f79fc8950358251ecf3b91c228e319139ad1beec43b6b1b16470?s=96&d=mm&r=g\",\"caption\":\"admin2\"},\"url\":\"https:\\\/\\\/zurzeit.at\\\/index.php\\\/author\\\/admin2\\\/\"}]}<\/script>\n<!-- \/ Yoast SEO plugin. -->","yoast_head_json":{"title":"Merkel-D\u00e4mmerung \u2013 ZurZeit Nr. 40 - ZurZeit","robots":{"index":"index","follow":"follow","max-snippet":"max-snippet:-1","max-image-preview":"max-image-preview:large","max-video-preview":"max-video-preview:-1"},"canonical":"https:\/\/zurzeit.at\/index.php\/merkel-daemmerung-zurzeit-nr-40\/","og_locale":"de_DE","og_type":"article","og_title":"Merkel-D\u00e4mmerung \u2013 ZurZeit Nr. 40 - ZurZeit","og_description":"Wie jede Woche d\u00fcrfen wir Ihnen unsere aktuelle Ausgabe des Wochenmagazin ZurZeit pr\u00e4sentieren. Diesmal mit&hellip;","og_url":"https:\/\/zurzeit.at\/index.php\/merkel-daemmerung-zurzeit-nr-40\/","og_site_name":"ZurZeit","article_publisher":"https:\/\/www.facebook.com\/wochenmagazinZurZeit\/","article_published_time":"2021-10-07T05:59:54+00:00","og_image":[{"width":859,"height":567,"url":"https:\/\/zurzeit.at\/wp-content\/uploads\/2021\/10\/Vorlage-EPaper-40.jpg","type":"image\/jpeg"}],"author":"admin2","twitter_card":"summary_large_image","twitter_misc":{"Verfasst von":"admin2","Gesch\u00e4tzte Lesezeit":"2\u00a0Minuten"},"schema":{"@context":"https:\/\/schema.org","@graph":[{"@type":"Article","@id":"https:\/\/zurzeit.at\/index.php\/merkel-daemmerung-zurzeit-nr-40\/#article","isPartOf":{"@id":"https:\/\/zurzeit.at\/index.php\/merkel-daemmerung-zurzeit-nr-40\/"},"author":{"name":"admin2","@id":"https:\/\/zurzeit.at\/#\/schema\/person\/e6f4284c4ffdba25c26f295806088e37"},"headline":"Merkel-D\u00e4mmerung \u2013 ZurZeit Nr. 40","datePublished":"2021-10-07T05:59:54+00:00","mainEntityOfPage":{"@id":"https:\/\/zurzeit.at\/index.php\/merkel-daemmerung-zurzeit-nr-40\/"},"wordCount":270,"commentCount":0,"image":{"@id":"https:\/\/zurzeit.at\/index.php\/merkel-daemmerung-zurzeit-nr-40\/#primaryimage"},"thumbnailUrl":"https:\/\/zurzeit.at\/wp-content\/uploads\/2021\/10\/Vorlage-EPaper-40.jpg","keywords":["Asyl","Baerbobk","CDU","Deutschland","FFF","Gr\u00fcne","Klima","Laschet","Merkel","ORF","Scholz","SPD"],"articleSection":["Ausland","Deutschland","Europa","Feuilleton","Jahrgang 2021","\u00d6sterreich","Wirtschaft"],"inLanguage":"de","potentialAction":[{"@type":"CommentAction","name":"Comment","target":["https:\/\/zurzeit.at\/index.php\/merkel-daemmerung-zurzeit-nr-40\/#respond"]}]},{"@type":"WebPage","@id":"https:\/\/zurzeit.at\/index.php\/merkel-daemmerung-zurzeit-nr-40\/","url":"https:\/\/zurzeit.at\/index.php\/merkel-daemmerung-zurzeit-nr-40\/","name":"Merkel-D\u00e4mmerung \u2013 ZurZeit Nr. 40 - ZurZeit","isPartOf":{"@id":"https:\/\/zurzeit.at\/#website"},"primaryImageOfPage":{"@id":"https:\/\/zurzeit.at\/index.php\/merkel-daemmerung-zurzeit-nr-40\/#primaryimage"},"image":{"@id":"https:\/\/zurzeit.at\/index.php\/merkel-daemmerung-zurzeit-nr-40\/#primaryimage"},"thumbnailUrl":"https:\/\/zurzeit.at\/wp-content\/uploads\/2021\/10\/Vorlage-EPaper-40.jpg","datePublished":"2021-10-07T05:59:54+00:00","author":{"@id":"https:\/\/zurzeit.at\/#\/schema\/person\/e6f4284c4ffdba25c26f295806088e37"},"breadcrumb":{"@id":"https:\/\/zurzeit.at\/index.php\/merkel-daemmerung-zurzeit-nr-40\/#breadcrumb"},"inLanguage":"de","potentialAction":[{"@type":"ReadAction","target":["https:\/\/zurzeit.at\/index.php\/merkel-daemmerung-zurzeit-nr-40\/"]}]},{"@type":"ImageObject","inLanguage":"de","@id":"https:\/\/zurzeit.at\/index.php\/merkel-daemmerung-zurzeit-nr-40\/#primaryimage","url":"https:\/\/zurzeit.at\/wp-content\/uploads\/2021\/10\/Vorlage-EPaper-40.jpg","contentUrl":"https:\/\/zurzeit.at\/wp-content\/uploads\/2021\/10\/Vorlage-EPaper-40.jpg","width":859,"height":567},{"@type":"BreadcrumbList","@id":"https:\/\/zurzeit.at\/index.php\/merkel-daemmerung-zurzeit-nr-40\/#breadcrumb","itemListElement":[{"@type":"ListItem","position":1,"name":"Startseite","item":"https:\/\/zurzeit.at\/"},{"@type":"ListItem","position":2,"name":"Merkel-D\u00e4mmerung \u2013 ZurZeit Nr. 40"}]},{"@type":"WebSite","@id":"https:\/\/zurzeit.at\/#website","url":"https:\/\/zurzeit.at\/","name":"ZurZeit","description":"Internetseite des Wochenmagazins ZurZeit","potentialAction":[{"@type":"SearchAction","target":{"@type":"EntryPoint","urlTemplate":"https:\/\/zurzeit.at\/?s={search_term_string}"},"query-input":{"@type":"PropertyValueSpecification","valueRequired":true,"valueName":"search_term_string"}}],"inLanguage":"de"},{"@type":"Person","@id":"https:\/\/zurzeit.at\/#\/schema\/person\/e6f4284c4ffdba25c26f295806088e37","name":"admin2","image":{"@type":"ImageObject","inLanguage":"de","@id":"https:\/\/secure.gravatar.com\/avatar\/6b01edb108b3f79fc8950358251ecf3b91c228e319139ad1beec43b6b1b16470?s=96&d=mm&r=g","url":"https:\/\/secure.gravatar.com\/avatar\/6b01edb108b3f79fc8950358251ecf3b91c228e319139ad1beec43b6b1b16470?s=96&d=mm&r=g","contentUrl":"https:\/\/secure.gravatar.com\/avatar\/6b01edb108b3f79fc8950358251ecf3b91c228e319139ad1beec43b6b1b16470?s=96&d=mm&r=g","caption":"admin2"},"url":"https:\/\/zurzeit.at\/index.php\/author\/admin2\/"}]}},"_links":{"self":[{"href":"https:\/\/zurzeit.at\/index.php\/wp-json\/wp\/v2\/posts\/10765","targetHints":{"allow":["GET"]}}],"collection":[{"href":"https:\/\/zurzeit.at\/index.php\/wp-json\/wp\/v2\/posts"}],"about":[{"href":"https:\/\/zurzeit.at\/index.php\/wp-json\/wp\/v2\/types\/post"}],"author":[{"embeddable":true,"href":"https:\/\/zurzeit.at\/index.php\/wp-json\/wp\/v2\/users\/3"}],"replies":[{"embeddable":true,"href":"https:\/\/zurzeit.at\/index.php\/wp-json\/wp\/v2\/comments?post=10765"}],"version-history":[{"count":1,"href":"https:\/\/zurzeit.at\/index.php\/wp-json\/wp\/v2\/posts\/10765\/revisions"}],"predecessor-version":[{"id":10772,"href":"https:\/\/zurzeit.at\/index.php\/wp-json\/wp\/v2\/posts\/10765\/revisions\/10772"}],"wp:featuredmedia":[{"embeddable":true,"href":"https:\/\/zurzeit.at\/index.php\/wp-json\/wp\/v2\/media\/10758"}],"wp:attachment":[{"href":"https:\/\/zurzeit.at\/index.php\/wp-json\/wp\/v2\/media?parent=10765"}],"wp:term":[{"taxonomy":"category","embeddable":true,"href":"https:\/\/zurzeit.at\/index.php\/wp-json\/wp\/v2\/categories?post=10765"},{"taxonomy":"post_tag","embeddable":true,"href":"https:\/\/zurzeit.at\/index.php\/wp-json\/wp\/v2\/tags?post=10765"}],"curies":[{"name":"wp","href":"https:\/\/api.w.org\/{rel}","templated":true}]}}