{"id":10766,"date":"2021-10-06T18:24:08","date_gmt":"2021-10-06T16:24:08","guid":{"rendered":"http:\/\/zurzeit.at\/?p=10766"},"modified":"2021-10-06T18:24:35","modified_gmt":"2021-10-06T16:24:35","slug":"unser-zweistelliger-wahlerfolg-ist-ein-gutes-ergebnis","status":"publish","type":"post","link":"https:\/\/zurzeit.at\/index.php\/unser-zweistelliger-wahlerfolg-ist-ein-gutes-ergebnis\/","title":{"rendered":"&#8222;Unser zweistelliger Wahlerfolg ist ein gutes Ergebnis&#8220;"},"content":{"rendered":"<p><span class=\"licensetpl_attr\">Bild: <a href=\"https:\/\/pxhere.com\/de\/photo\/1044234\">PxHere<\/a> Lizenz: \u2013<br \/>\n<\/span><\/p>\n<hr \/>\n<h1>Der AfD-Ehrenvorsitzende Dr. Alexander Gauland \u00fcber die Bundestagswahl, Lehren f\u00fcr k\u00fcnftige Wahlen und die \u00adPositionierung seiner Partei<\/h1>\n<p><em>Herr Dr. Gauland, was ging Ihnen spontan durch den Kopf bei der ersten Hochrechnung zum Ergebnis der Bundestagswahl am Sonntag-Abend des 26. September 2021?<\/em><br \/>\n<strong>Alexander Gauland:<\/strong> Jetzt hat die CDU ihre Quittung f\u00fcr die Merkel-Jahre bekommen!<\/p>\n<p><em>Was waren die st\u00e4rksten Hemmfaktoren im Wahlkampf 2021, warum fiel das Ergebnis mit insgesamt 10,3 % f\u00fcr die AfD doch eher mager aus?<\/em><br \/>\n<strong>Gauland:<\/strong> Das Ergebnis ist nicht mager. Wir sind zweistellig geblieben, haben jedoch Stimmen verloren, keine Frage. Aber, bedenken Sie, dass nicht nur die mediale \u00d6ffentlichkeit in einer Weise gegen uns Front gemacht hat, dass dieses Ergebnis sozusagen unter heftiger Belagerung aller so genannten \u201edemokratischen Kr\u00e4fte\u201c schon ein gutes Ergebnis darstellt. Fakt ist, dass von allen etablierten Parteien, vom Verfassungsschutz, von den \u00f6ffentlich-rechtlichen Medien \u2013 also von allen relevanten Gruppen des politisch-medialen Establishments \u2013 deutlich gefordert wurde, die AfD-Pr\u00e4senz im Deutschen Bundestag zu beenden. Der CDU-Kanzlerkandidat Armin Laschet rief uns noch bei seinem letzten Auftritt im Bundesparlament zu: \u201eEuch kriegen wir wieder raus aus dem Bundestag!\u201c Das ist nicht gelungen. Vor diesem Hintergrund, bei diesem Druck von allen Seiten, ist unser zweistelliger Wahlerfolg ein gutes Ergebnis!<\/p>\n<div id=\"attachment_10767\" style=\"width: 310px\" class=\"wp-caption alignnone\"><a href=\"https:\/\/zurzeit.at\/wp-content\/uploads\/2021\/10\/Gauland2_600x600_acf_cropped.jpg\" data-rel=\"penci-gallery-image-content\" ><img loading=\"lazy\" decoding=\"async\" aria-describedby=\"caption-attachment-10767\" class=\"wp-image-10767 size-medium\" src=\"https:\/\/zurzeit.at\/wp-content\/uploads\/2021\/10\/Gauland2_600x600_acf_cropped-300x300.jpg\" alt=\"\" width=\"300\" height=\"300\" srcset=\"https:\/\/zurzeit.at\/wp-content\/uploads\/2021\/10\/Gauland2_600x600_acf_cropped-300x300.jpg 300w, https:\/\/zurzeit.at\/wp-content\/uploads\/2021\/10\/Gauland2_600x600_acf_cropped-150x150.jpg 150w, https:\/\/zurzeit.at\/wp-content\/uploads\/2021\/10\/Gauland2_600x600_acf_cropped-585x585.jpg 585w, https:\/\/zurzeit.at\/wp-content\/uploads\/2021\/10\/Gauland2_600x600_acf_cropped-100x100.jpg 100w, https:\/\/zurzeit.at\/wp-content\/uploads\/2021\/10\/Gauland2_600x600_acf_cropped.jpg 600w\" sizes=\"auto, (max-width: 300px) 100vw, 300px\" \/><\/a><p id=\"caption-attachment-10767\" class=\"wp-caption-text\">Dr. Alexander Gauland ist Ehrenvorsitzender der AfD. Der promovierte Jurist war nach \u00fcber 40-j\u00e4hriger Mitgliedschaft in der CDU einer der Gr\u00fcndungs\u00adv\u00e4ter der AfD, baute den Landesverband Brandenburg auf, war Landes- und Fraktionsvorsitzender. Er war von 2017 bis 2019 Bundessprecher, und von 2017 bis 2021 Vorsitzender der AfD-Bundestagsfraktion. (Bild: AfD)<\/p><\/div>\n<p><em>Erneut sticht ein starker Ost-West-Unterschied bei der W\u00e4hlergunst ins Auge: Der Osten \u00fcberfl\u00fcgelt mit seinem AfD-Stimmenanteil von fast 20 Prozent den Westen eindeutig. Welche Schl\u00fcsse sollten aus diesem Pr\u00e4ferenzgef\u00e4lle gezogen werden, dar\u00fcber wird ja auch bei Ihnen parteiintern heftig diskutiert \u2013 was meinen Sie?<\/em><br \/>\n<strong>Gauland:<\/strong> Wahlk\u00e4mpfe m\u00fcssen immer regional auf die L\u00e4nder zugeschnitten sein, das ist v\u00f6llig klar. Sie k\u00f6nnen aber einen Mentalit\u00e4tsunterschied nur schwer \u00fcberwinden. Im Osten st\u00f6rt es die wenigsten unserer Landsleute, dass der Verfassungsschutz die AfD auf dem Kiecker hat. Das kennen sie ja von fr\u00fcheren geheimdienstlichen Nachstellungen der Stasi aus alten Zeiten der SED-Diktatur. Im Westen gibt es davor eine st\u00e4rkere Angst, und die Kampfbereitschaft ist geringer. Wir haben es im Westen mit einer Art Wohlf\u00fchl-Demokratie zu tun. In dieser Gesellschaft werden alle sofort skeptisch angesehen, die sich nicht in diesem Schonraum aufhalten. Wenn dann noch dazu ein parteipolitisch instrumentalisierter Verfassungsschutz Ausgrenzungsberichte \u00fcber unsere Partei verbreitet, zucken viele Westler angstvoll zusammen. Die mitteldeutsche Bev\u00f6lkerung reagiert da auf Grund ihrer leidvollen \u201eDDR\u201c-Erfahrung gelassener, sie l\u00e4sst sich nicht so leicht einsch\u00fcchtern. Und von daher, ja, wir m\u00fcssen den Wahlkampf in Zukunft st\u00e4rker regionalisieren, aber die Mentalit\u00e4tsunterschiede wird man nicht vollst\u00e4ndig beseitigen k\u00f6nnen.<\/p>\n<p><em>D.h., Sie pl\u00e4dieren also bei den unterschiedlich sozialisierten Bev\u00f6lkerungsgruppen in Deutschland auch in Wahlk\u00e4mpfen f\u00fcr differenzierte Werbe- und PR-Strategien \u2013 nat\u00fcrlich unter Beibehaltung von Grundpositionen?<\/em><br \/>\n<strong>Gauland:<\/strong> Ja, genau das meinte ich. Wir werden in Zukunft die Feinabstimmung unserer Wahlkampff\u00fchrung noch st\u00e4rker auf die unterschiedlichen Befindlichkeiten unserer Zielgruppen ausrichten m\u00fcssen, um noch mehr Erfolg zu haben.<\/p>\n<blockquote><p>Im Osten st\u00f6rt die wenigsten, dass der Verfassungsschutz die AfD auf dem Kiecker hat.<\/p><\/blockquote>\n<p><em>Ein so genanntes polit-kriminelles \u201eZentrum f\u00fcr politische Sch\u00f6nheit\u201c betrog Ihre Partei im Wahlkampf um rund f\u00fcnf Millionen aufkl\u00e4rende Werbemittel. Tonnenweise landeten AfD-Informationen auf dem M\u00fcll. Werden Sie \u2013 gerichtlich \u2013 Schadenersatz einfordern?<\/em><br \/>\n<strong>Gauland:<\/strong> Das kann ich im Moment noch nicht sagen, wie die Aussichten dabei w\u00e4ren, das pr\u00fcfen unsere AfD-Juristen gerade. Der Vorgang selbst ist ein handfester Skandal. Ein h\u00f6chst dubiose Personengruppe ma\u00dft sich durch T\u00e4uschungsman\u00f6ver an, der Bev\u00f6lkerung wichtige Informationen unserer Partei zur Bundestagswahl in<br \/>\nillegaler Weise vorzuenthalten\u2026..<\/p>\n<p><em>Wie bewerten Sie dieses eigenartige \u201eSch\u00f6nheitszentrum\u201c?<\/em><br \/>\n<strong>Gauland:<\/strong> Absolut negativ, und wir kennen ja \u00e4hnliche Aktionen bereits aus Th\u00fcringen. Dort haben diese Leute unmittelbar in der Nachbarschaft zum privaten Wohnhaus unseres dortigen Landesvorsitzenden H\u00f6cke ihn und seine Familie in unertr\u00e4glicher Weise bedr\u00e4ngt. Das hat mit fairer politischer Auseinandersetzung und demokratischem Meinungsdiskurs nichts mehr zu tun!<\/p>\n<p><em>Stand heute, Anfang Oktober, sieht es ganz nach einer Ampelkoalition aus, d.h., ein Regierungs-B\u00fcndnis aus Rot\u2013Gelb\u2013Gr\u00fcn wird die Union auf die Oppositionsb\u00e4nke dr\u00e4ngen. Bef\u00fcrchten Sie eine w\u00e4hlerwirksame Scheinbelebung des von Merkel ausgegrenzten rechten Fl\u00fcgels der CDU\/CSU auf Kosten der AfD?<\/em><br \/>\n<strong>Gauland:<\/strong> Das h\u00e4ngt von so vielen Faktoren ab, dass ich heute eine Voraussage nicht treffen w\u00fcrde. Wenn die CDU\/CSU tats\u00e4chlich in der Opposition landet, wof\u00fcr zurzeit eine gr\u00f6\u00dfere Wahrscheinlichkeit besteht als f\u00fcr eine Jamaika-Koalition, dann kommt es ganz darauf an, wie sich die geschlagene Union aufstellt. Ob sie etwa wieder auf den konservativen Markenkern zur\u00fcckgreift und welche F\u00fchrungsfiguren sich zur Verf\u00fcgung stellen, denn der gescheiterte Laschet ist ja dann Geschichte.<\/p>\n<p><em>K\u00f6nnte es Herr Dr. Maa\u00dfen von der Werte-Union sein, der ehemalige bundesrepublikanische Verfassungsschutzpr\u00e4sident, der ja von der Merkel-Regierung deswegen gefeuert wurde, weil er im Zusammenhang Antifa-F\u00e4lschungen bei den Demonstrationen von Chemnitz die Wahrheit sagte ?<\/em><br \/>\n<strong>Gauland:<\/strong> Das wei\u00df ich nicht, das m\u00fcssen Sie ihn fragen! Warten wir es ab.<\/p>\n<p><em>Eine Frage zum so genannten \u201eRichtungsstreit\u201c in der \u201eg\u00e4rigen\u201c AfD, der von Medien gerne thematisiert und hochgespielt wird. Gibt es ihn tats\u00e4chlich oder sind das nur Differenzen wie in anderen Parteien auch?<\/em><br \/>\n<strong>Gauland:<\/strong> Na ja, er ist irgendwie ein Mittelding. Nat\u00fcrlich sind es Differenzen wie in anderen Parteien auch. Aber bei uns besteht ein grunds\u00e4tzlicher Dissens darin, dass es Kr\u00e4fte in der Partei gibt \u2013 und dazu rechne ich auch den Vorsitzenden Meuthen \u2013, die Ann\u00e4herungen an Positionen der CDU mit dem Ziel verfolgen, sich m\u00f6glichst kurz- oder mittelfristig f\u00fcr ein Mitregieren anzudienen.<br \/>\nUnd dagegen steht die andere Gruppierung, die immer mit Namen verbunden ist, mal mit Bj\u00f6rn H\u00f6cke, mal mit mir, die sagt, wir m\u00fcssen bei dem grunds\u00e4tzlichen Oppositionskurs bleiben, sonst verlieren wir unsere W\u00e4hler. Und eine solche M\u00f6glichkeit des Regierens wird es vielleicht einmal langfristig geben, setzt aber eine v\u00f6llige Ver\u00e4nderung der politischen Gesamtlage voraus. Mit der heutigen CDU auch nur in Koalitionsverhandlungen einzutreten, selbst wenn sie es wollte, w\u00fcrde ich f\u00fcr v\u00f6llig verfehlt halten.<\/p>\n<p><em>In der Tat will bis heute seitens der etablierten Altparteien niemand mit der AfD koalieren. K\u00f6nnte diese Ablehnungsfront zun\u00e4chst in den \u00f6stlichen Bundesl\u00e4ndern eventuell durchbrochen werden, z.\u2009B. in Th\u00fcringen oder in Sachsen?<\/em><br \/>\n<strong>Gauland:<\/strong> Das ist schwer einzusch\u00e4tzen, weil es ganz darauf ankommt, wie stark und selbst\u00e4ndig die CDU-Landesverb\u00e4nde in Th\u00fcringen und Sachsen sind. Vergebliche Bestrebungen dieser Art gab es ja schon in Sachsen-Anhalt. Im Moment sehe ich jedoch f\u00fcr derartige Koalitionen keine Chance, denn: Die Bundes-CDU w\u00fcrde solche Ambitionen um jeden Preis zu verhindern suchen. Die mitteldeutschen CDU-Landesverb\u00e4nde w\u00e4ren einem solchen Druck aus Berlin nicht gewachsen.<\/p>\n<p><em>Auch der bundesdeutsche Inlandsgeheimdienst, ein so genannter Verfassungsschutz, wird sich in absehbarer Zeit mit der AfD erneut befassen. Was erwarten Sie aus dieser Richtung?<\/em><br \/>\n<strong>Gauland:<\/strong> Ich erwarte die weitere Zunahme des politischen Drucks mit dem unerfreulichen Ergebnis, dass der von den Altparteien instrumentalisierte Geheimdienst eine Beobachtung der ganzen Partei verf\u00fcgen wird\u00a0\u2026<\/p>\n<p><em>\u2026 und Sie dagegen gerichtlich vorgehen werden?<\/em><br \/>\n<strong>Gauland:<\/strong> Ja, das ist klar!<\/p>\n<p><em>Herr Dr. Gauland, mit welchen Ver\u00e4nderungsakzenten k\u00f6nnte Ihre Partei in der n\u00e4chsten Legislaturperiode eine h\u00f6here W\u00e4hler\u00adresonanz erzielen?<\/em><br \/>\n<strong>Gauland:<\/strong> Wie schon erw\u00e4hnt, in dem wir noch st\u00e4rker auf die unterschiedlichen Mentalit\u00e4ten der Menschen in Deutschland R\u00fccksicht nehmen. Im Osten ist das sozialpatriotische Element klarer ausgepr\u00e4gt, im Westen sind es andere Faktoren, auf die wir genauer in der Zielgruppenansprache eingehen m\u00fcssen, mit entsprechenden Folgerungen f\u00fcr unsere Parteiarbeit in den Parlamenten und in Wahlk\u00e4mpfen. Hinzu kommt, dass wir viele Probleme, die in der n\u00e4chsten Legislaturperiode auftauchen, noch gar nicht kennen k\u00f6nnen. Denken Sie an den Corona-Faktor, der pl\u00f6tzlich da war. Was uns z.\u2009B. im jetzt zu Ende gegangenen Bundestags-Wahlkampf vor allem zu schaffen machte war, dass das Gro\u00dfproblem der illegalen Masseneinwanderung zu stark aus dem Bewusstsein bei der Bev\u00f6lkerung verdr\u00e4ngt wurde. Das hat uns geschadet, w\u00e4hrend die Klima-Hysterie mit den Gr\u00fcnen verbunden wurde und ihrer Partei Wahlerfolge bescherte. Kurzum: Wir werden uns als AfD, neben der bew\u00e4hrten Grundausrichtung der Partei, auch auf viele neue Faktoren einstellen m\u00fcssen, die von au\u00dfen kommen. Darauf bereiten wir uns vor!<\/p>\n<p><em>Herr Dr. Gauland, vielen Dank f\u00fcr dieses Gespr\u00e4ch!<\/em><\/p>\n<p>Das Gespr\u00e4ch f\u00fchrte <strong>Bernd Kallina<\/strong>.<\/p>\n","protected":false},"excerpt":{"rendered":"<p>Bild: PxHere Lizenz: \u2013 Der AfD-Ehrenvorsitzende Dr. Alexander Gauland \u00fcber die Bundestagswahl, Lehren f\u00fcr k\u00fcnftige&hellip;<\/p>\n","protected":false},"author":3,"featured_media":10769,"comment_status":"open","ping_status":"closed","sticky":false,"template":"","format":"standard","meta":{"footnotes":""},"categories":[47],"tags":[62,3665,342,60,344,2950,142,1925,2546,1944,6635,6633,6634],"class_list":["post-10766","post","type-post","status-publish","format-standard","has-post-thumbnail","hentry","category-deutschland","tag-afd","tag-betrug","tag-cdu","tag-deutschland","tag-fdp","tag-gauland","tag-gruene","tag-hoecke","tag-lindner","tag-meuthen","tag-osten","tag-weidl","tag-zentrum-fuer-politische-schoenheit"],"yoast_head":"<!-- This site is optimized with the Yoast SEO plugin v28.3 - https:\/\/yoast.com\/product\/yoast-seo-wordpress\/ -->\n<title>&quot;Unser zweistelliger Wahlerfolg ist ein gutes Ergebnis&quot; - ZurZeit<\/title>\n<meta name=\"robots\" content=\"index, follow, max-snippet:-1, max-image-preview:large, max-video-preview:-1\" \/>\n<link rel=\"canonical\" href=\"https:\/\/zurzeit.at\/index.php\/unser-zweistelliger-wahlerfolg-ist-ein-gutes-ergebnis\/\" \/>\n<meta property=\"og:locale\" content=\"de_DE\" \/>\n<meta property=\"og:type\" content=\"article\" \/>\n<meta property=\"og:title\" content=\"&quot;Unser zweistelliger Wahlerfolg ist ein gutes Ergebnis&quot; - ZurZeit\" \/>\n<meta property=\"og:description\" content=\"Bild: PxHere Lizenz: \u2013 Der AfD-Ehrenvorsitzende Dr. Alexander Gauland \u00fcber die Bundestagswahl, Lehren f\u00fcr k\u00fcnftige&hellip;\" \/>\n<meta property=\"og:url\" content=\"https:\/\/zurzeit.at\/index.php\/unser-zweistelliger-wahlerfolg-ist-ein-gutes-ergebnis\/\" \/>\n<meta property=\"og:site_name\" content=\"ZurZeit\" \/>\n<meta property=\"article:publisher\" content=\"https:\/\/www.facebook.com\/wochenmagazinZurZeit\/\" \/>\n<meta property=\"article:published_time\" content=\"2021-10-06T16:24:08+00:00\" \/>\n<meta property=\"article:modified_time\" content=\"2021-10-06T16:24:35+00:00\" \/>\n<meta property=\"og:image\" content=\"https:\/\/zurzeit.at\/wp-content\/uploads\/2021\/10\/light-architecture-night-mansion-building-chateau-1044234-pxhere.com_-1.jpg\" \/>\n\t<meta property=\"og:image:width\" content=\"1400\" \/>\n\t<meta property=\"og:image:height\" content=\"1050\" \/>\n\t<meta property=\"og:image:type\" content=\"image\/jpeg\" \/>\n<meta name=\"author\" content=\"admin2\" \/>\n<meta name=\"twitter:card\" content=\"summary_large_image\" \/>\n<meta name=\"twitter:label1\" content=\"Verfasst von\" \/>\n\t<meta name=\"twitter:data1\" content=\"admin2\" \/>\n\t<meta name=\"twitter:label2\" content=\"Gesch\u00e4tzte Lesezeit\" \/>\n\t<meta name=\"twitter:data2\" content=\"6\u00a0Minuten\" \/>\n<script type=\"application\/ld+json\" class=\"yoast-schema-graph\">{\"@context\":\"https:\\\/\\\/schema.org\",\"@graph\":[{\"@type\":\"Article\",\"@id\":\"https:\\\/\\\/zurzeit.at\\\/index.php\\\/unser-zweistelliger-wahlerfolg-ist-ein-gutes-ergebnis\\\/#article\",\"isPartOf\":{\"@id\":\"https:\\\/\\\/zurzeit.at\\\/index.php\\\/unser-zweistelliger-wahlerfolg-ist-ein-gutes-ergebnis\\\/\"},\"author\":{\"name\":\"admin2\",\"@id\":\"https:\\\/\\\/zurzeit.at\\\/#\\\/schema\\\/person\\\/e6f4284c4ffdba25c26f295806088e37\"},\"headline\":\"&#8222;Unser zweistelliger Wahlerfolg ist ein gutes Ergebnis&#8220;\",\"datePublished\":\"2021-10-06T16:24:08+00:00\",\"dateModified\":\"2021-10-06T16:24:35+00:00\",\"mainEntityOfPage\":{\"@id\":\"https:\\\/\\\/zurzeit.at\\\/index.php\\\/unser-zweistelliger-wahlerfolg-ist-ein-gutes-ergebnis\\\/\"},\"wordCount\":1466,\"commentCount\":1,\"image\":{\"@id\":\"https:\\\/\\\/zurzeit.at\\\/index.php\\\/unser-zweistelliger-wahlerfolg-ist-ein-gutes-ergebnis\\\/#primaryimage\"},\"thumbnailUrl\":\"https:\\\/\\\/zurzeit.at\\\/wp-content\\\/uploads\\\/2021\\\/10\\\/light-architecture-night-mansion-building-chateau-1044234-pxhere.com_-1.jpg\",\"keywords\":[\"AFD\",\"Betrug\",\"CDU\",\"Deutschland\",\"FDP\",\"Gauland\",\"Gr\u00fcne\",\"H\u00f6cke\",\"Lindner\",\"Meuthen\",\"Osten\",\"Weidl\",\"Zentrum f\u00fcr Politische Sch\u00f6nheit\"],\"articleSection\":[\"Deutschland\"],\"inLanguage\":\"de\",\"potentialAction\":[{\"@type\":\"CommentAction\",\"name\":\"Comment\",\"target\":[\"https:\\\/\\\/zurzeit.at\\\/index.php\\\/unser-zweistelliger-wahlerfolg-ist-ein-gutes-ergebnis\\\/#respond\"]}]},{\"@type\":\"WebPage\",\"@id\":\"https:\\\/\\\/zurzeit.at\\\/index.php\\\/unser-zweistelliger-wahlerfolg-ist-ein-gutes-ergebnis\\\/\",\"url\":\"https:\\\/\\\/zurzeit.at\\\/index.php\\\/unser-zweistelliger-wahlerfolg-ist-ein-gutes-ergebnis\\\/\",\"name\":\"\\\"Unser zweistelliger Wahlerfolg ist ein gutes Ergebnis\\\" - ZurZeit\",\"isPartOf\":{\"@id\":\"https:\\\/\\\/zurzeit.at\\\/#website\"},\"primaryImageOfPage\":{\"@id\":\"https:\\\/\\\/zurzeit.at\\\/index.php\\\/unser-zweistelliger-wahlerfolg-ist-ein-gutes-ergebnis\\\/#primaryimage\"},\"image\":{\"@id\":\"https:\\\/\\\/zurzeit.at\\\/index.php\\\/unser-zweistelliger-wahlerfolg-ist-ein-gutes-ergebnis\\\/#primaryimage\"},\"thumbnailUrl\":\"https:\\\/\\\/zurzeit.at\\\/wp-content\\\/uploads\\\/2021\\\/10\\\/light-architecture-night-mansion-building-chateau-1044234-pxhere.com_-1.jpg\",\"datePublished\":\"2021-10-06T16:24:08+00:00\",\"dateModified\":\"2021-10-06T16:24:35+00:00\",\"author\":{\"@id\":\"https:\\\/\\\/zurzeit.at\\\/#\\\/schema\\\/person\\\/e6f4284c4ffdba25c26f295806088e37\"},\"breadcrumb\":{\"@id\":\"https:\\\/\\\/zurzeit.at\\\/index.php\\\/unser-zweistelliger-wahlerfolg-ist-ein-gutes-ergebnis\\\/#breadcrumb\"},\"inLanguage\":\"de\",\"potentialAction\":[{\"@type\":\"ReadAction\",\"target\":[\"https:\\\/\\\/zurzeit.at\\\/index.php\\\/unser-zweistelliger-wahlerfolg-ist-ein-gutes-ergebnis\\\/\"]}]},{\"@type\":\"ImageObject\",\"inLanguage\":\"de\",\"@id\":\"https:\\\/\\\/zurzeit.at\\\/index.php\\\/unser-zweistelliger-wahlerfolg-ist-ein-gutes-ergebnis\\\/#primaryimage\",\"url\":\"https:\\\/\\\/zurzeit.at\\\/wp-content\\\/uploads\\\/2021\\\/10\\\/light-architecture-night-mansion-building-chateau-1044234-pxhere.com_-1.jpg\",\"contentUrl\":\"https:\\\/\\\/zurzeit.at\\\/wp-content\\\/uploads\\\/2021\\\/10\\\/light-architecture-night-mansion-building-chateau-1044234-pxhere.com_-1.jpg\",\"width\":1400,\"height\":1050},{\"@type\":\"BreadcrumbList\",\"@id\":\"https:\\\/\\\/zurzeit.at\\\/index.php\\\/unser-zweistelliger-wahlerfolg-ist-ein-gutes-ergebnis\\\/#breadcrumb\",\"itemListElement\":[{\"@type\":\"ListItem\",\"position\":1,\"name\":\"Startseite\",\"item\":\"https:\\\/\\\/zurzeit.at\\\/\"},{\"@type\":\"ListItem\",\"position\":2,\"name\":\"&#8220;Unser zweistelliger Wahlerfolg ist ein gutes Ergebnis&#8221;\"}]},{\"@type\":\"WebSite\",\"@id\":\"https:\\\/\\\/zurzeit.at\\\/#website\",\"url\":\"https:\\\/\\\/zurzeit.at\\\/\",\"name\":\"ZurZeit\",\"description\":\"Internetseite des Wochenmagazins ZurZeit\",\"potentialAction\":[{\"@type\":\"SearchAction\",\"target\":{\"@type\":\"EntryPoint\",\"urlTemplate\":\"https:\\\/\\\/zurzeit.at\\\/?s={search_term_string}\"},\"query-input\":{\"@type\":\"PropertyValueSpecification\",\"valueRequired\":true,\"valueName\":\"search_term_string\"}}],\"inLanguage\":\"de\"},{\"@type\":\"Person\",\"@id\":\"https:\\\/\\\/zurzeit.at\\\/#\\\/schema\\\/person\\\/e6f4284c4ffdba25c26f295806088e37\",\"name\":\"admin2\",\"image\":{\"@type\":\"ImageObject\",\"inLanguage\":\"de\",\"@id\":\"https:\\\/\\\/secure.gravatar.com\\\/avatar\\\/6b01edb108b3f79fc8950358251ecf3b91c228e319139ad1beec43b6b1b16470?s=96&d=mm&r=g\",\"url\":\"https:\\\/\\\/secure.gravatar.com\\\/avatar\\\/6b01edb108b3f79fc8950358251ecf3b91c228e319139ad1beec43b6b1b16470?s=96&d=mm&r=g\",\"contentUrl\":\"https:\\\/\\\/secure.gravatar.com\\\/avatar\\\/6b01edb108b3f79fc8950358251ecf3b91c228e319139ad1beec43b6b1b16470?s=96&d=mm&r=g\",\"caption\":\"admin2\"},\"url\":\"https:\\\/\\\/zurzeit.at\\\/index.php\\\/author\\\/admin2\\\/\"}]}<\/script>\n<!-- \/ Yoast SEO plugin. -->","yoast_head_json":{"title":"\"Unser zweistelliger Wahlerfolg ist ein gutes Ergebnis\" - ZurZeit","robots":{"index":"index","follow":"follow","max-snippet":"max-snippet:-1","max-image-preview":"max-image-preview:large","max-video-preview":"max-video-preview:-1"},"canonical":"https:\/\/zurzeit.at\/index.php\/unser-zweistelliger-wahlerfolg-ist-ein-gutes-ergebnis\/","og_locale":"de_DE","og_type":"article","og_title":"\"Unser zweistelliger Wahlerfolg ist ein gutes Ergebnis\" - ZurZeit","og_description":"Bild: PxHere Lizenz: \u2013 Der AfD-Ehrenvorsitzende Dr. Alexander Gauland \u00fcber die Bundestagswahl, Lehren f\u00fcr k\u00fcnftige&hellip;","og_url":"https:\/\/zurzeit.at\/index.php\/unser-zweistelliger-wahlerfolg-ist-ein-gutes-ergebnis\/","og_site_name":"ZurZeit","article_publisher":"https:\/\/www.facebook.com\/wochenmagazinZurZeit\/","article_published_time":"2021-10-06T16:24:08+00:00","article_modified_time":"2021-10-06T16:24:35+00:00","og_image":[{"width":1400,"height":1050,"url":"https:\/\/zurzeit.at\/wp-content\/uploads\/2021\/10\/light-architecture-night-mansion-building-chateau-1044234-pxhere.com_-1.jpg","type":"image\/jpeg"}],"author":"admin2","twitter_card":"summary_large_image","twitter_misc":{"Verfasst von":"admin2","Gesch\u00e4tzte Lesezeit":"6\u00a0Minuten"},"schema":{"@context":"https:\/\/schema.org","@graph":[{"@type":"Article","@id":"https:\/\/zurzeit.at\/index.php\/unser-zweistelliger-wahlerfolg-ist-ein-gutes-ergebnis\/#article","isPartOf":{"@id":"https:\/\/zurzeit.at\/index.php\/unser-zweistelliger-wahlerfolg-ist-ein-gutes-ergebnis\/"},"author":{"name":"admin2","@id":"https:\/\/zurzeit.at\/#\/schema\/person\/e6f4284c4ffdba25c26f295806088e37"},"headline":"&#8222;Unser zweistelliger Wahlerfolg ist ein gutes Ergebnis&#8220;","datePublished":"2021-10-06T16:24:08+00:00","dateModified":"2021-10-06T16:24:35+00:00","mainEntityOfPage":{"@id":"https:\/\/zurzeit.at\/index.php\/unser-zweistelliger-wahlerfolg-ist-ein-gutes-ergebnis\/"},"wordCount":1466,"commentCount":1,"image":{"@id":"https:\/\/zurzeit.at\/index.php\/unser-zweistelliger-wahlerfolg-ist-ein-gutes-ergebnis\/#primaryimage"},"thumbnailUrl":"https:\/\/zurzeit.at\/wp-content\/uploads\/2021\/10\/light-architecture-night-mansion-building-chateau-1044234-pxhere.com_-1.jpg","keywords":["AFD","Betrug","CDU","Deutschland","FDP","Gauland","Gr\u00fcne","H\u00f6cke","Lindner","Meuthen","Osten","Weidl","Zentrum f\u00fcr Politische Sch\u00f6nheit"],"articleSection":["Deutschland"],"inLanguage":"de","potentialAction":[{"@type":"CommentAction","name":"Comment","target":["https:\/\/zurzeit.at\/index.php\/unser-zweistelliger-wahlerfolg-ist-ein-gutes-ergebnis\/#respond"]}]},{"@type":"WebPage","@id":"https:\/\/zurzeit.at\/index.php\/unser-zweistelliger-wahlerfolg-ist-ein-gutes-ergebnis\/","url":"https:\/\/zurzeit.at\/index.php\/unser-zweistelliger-wahlerfolg-ist-ein-gutes-ergebnis\/","name":"\"Unser zweistelliger Wahlerfolg ist ein gutes Ergebnis\" - ZurZeit","isPartOf":{"@id":"https:\/\/zurzeit.at\/#website"},"primaryImageOfPage":{"@id":"https:\/\/zurzeit.at\/index.php\/unser-zweistelliger-wahlerfolg-ist-ein-gutes-ergebnis\/#primaryimage"},"image":{"@id":"https:\/\/zurzeit.at\/index.php\/unser-zweistelliger-wahlerfolg-ist-ein-gutes-ergebnis\/#primaryimage"},"thumbnailUrl":"https:\/\/zurzeit.at\/wp-content\/uploads\/2021\/10\/light-architecture-night-mansion-building-chateau-1044234-pxhere.com_-1.jpg","datePublished":"2021-10-06T16:24:08+00:00","dateModified":"2021-10-06T16:24:35+00:00","author":{"@id":"https:\/\/zurzeit.at\/#\/schema\/person\/e6f4284c4ffdba25c26f295806088e37"},"breadcrumb":{"@id":"https:\/\/zurzeit.at\/index.php\/unser-zweistelliger-wahlerfolg-ist-ein-gutes-ergebnis\/#breadcrumb"},"inLanguage":"de","potentialAction":[{"@type":"ReadAction","target":["https:\/\/zurzeit.at\/index.php\/unser-zweistelliger-wahlerfolg-ist-ein-gutes-ergebnis\/"]}]},{"@type":"ImageObject","inLanguage":"de","@id":"https:\/\/zurzeit.at\/index.php\/unser-zweistelliger-wahlerfolg-ist-ein-gutes-ergebnis\/#primaryimage","url":"https:\/\/zurzeit.at\/wp-content\/uploads\/2021\/10\/light-architecture-night-mansion-building-chateau-1044234-pxhere.com_-1.jpg","contentUrl":"https:\/\/zurzeit.at\/wp-content\/uploads\/2021\/10\/light-architecture-night-mansion-building-chateau-1044234-pxhere.com_-1.jpg","width":1400,"height":1050},{"@type":"BreadcrumbList","@id":"https:\/\/zurzeit.at\/index.php\/unser-zweistelliger-wahlerfolg-ist-ein-gutes-ergebnis\/#breadcrumb","itemListElement":[{"@type":"ListItem","position":1,"name":"Startseite","item":"https:\/\/zurzeit.at\/"},{"@type":"ListItem","position":2,"name":"&#8220;Unser zweistelliger Wahlerfolg ist ein gutes Ergebnis&#8221;"}]},{"@type":"WebSite","@id":"https:\/\/zurzeit.at\/#website","url":"https:\/\/zurzeit.at\/","name":"ZurZeit","description":"Internetseite des Wochenmagazins ZurZeit","potentialAction":[{"@type":"SearchAction","target":{"@type":"EntryPoint","urlTemplate":"https:\/\/zurzeit.at\/?s={search_term_string}"},"query-input":{"@type":"PropertyValueSpecification","valueRequired":true,"valueName":"search_term_string"}}],"inLanguage":"de"},{"@type":"Person","@id":"https:\/\/zurzeit.at\/#\/schema\/person\/e6f4284c4ffdba25c26f295806088e37","name":"admin2","image":{"@type":"ImageObject","inLanguage":"de","@id":"https:\/\/secure.gravatar.com\/avatar\/6b01edb108b3f79fc8950358251ecf3b91c228e319139ad1beec43b6b1b16470?s=96&d=mm&r=g","url":"https:\/\/secure.gravatar.com\/avatar\/6b01edb108b3f79fc8950358251ecf3b91c228e319139ad1beec43b6b1b16470?s=96&d=mm&r=g","contentUrl":"https:\/\/secure.gravatar.com\/avatar\/6b01edb108b3f79fc8950358251ecf3b91c228e319139ad1beec43b6b1b16470?s=96&d=mm&r=g","caption":"admin2"},"url":"https:\/\/zurzeit.at\/index.php\/author\/admin2\/"}]}},"_links":{"self":[{"href":"https:\/\/zurzeit.at\/index.php\/wp-json\/wp\/v2\/posts\/10766","targetHints":{"allow":["GET"]}}],"collection":[{"href":"https:\/\/zurzeit.at\/index.php\/wp-json\/wp\/v2\/posts"}],"about":[{"href":"https:\/\/zurzeit.at\/index.php\/wp-json\/wp\/v2\/types\/post"}],"author":[{"embeddable":true,"href":"https:\/\/zurzeit.at\/index.php\/wp-json\/wp\/v2\/users\/3"}],"replies":[{"embeddable":true,"href":"https:\/\/zurzeit.at\/index.php\/wp-json\/wp\/v2\/comments?post=10766"}],"version-history":[{"count":2,"href":"https:\/\/zurzeit.at\/index.php\/wp-json\/wp\/v2\/posts\/10766\/revisions"}],"predecessor-version":[{"id":10771,"href":"https:\/\/zurzeit.at\/index.php\/wp-json\/wp\/v2\/posts\/10766\/revisions\/10771"}],"wp:featuredmedia":[{"embeddable":true,"href":"https:\/\/zurzeit.at\/index.php\/wp-json\/wp\/v2\/media\/10769"}],"wp:attachment":[{"href":"https:\/\/zurzeit.at\/index.php\/wp-json\/wp\/v2\/media?parent=10766"}],"wp:term":[{"taxonomy":"category","embeddable":true,"href":"https:\/\/zurzeit.at\/index.php\/wp-json\/wp\/v2\/categories?post=10766"},{"taxonomy":"post_tag","embeddable":true,"href":"https:\/\/zurzeit.at\/index.php\/wp-json\/wp\/v2\/tags?post=10766"}],"curies":[{"name":"wp","href":"https:\/\/api.w.org\/{rel}","templated":true}]}}