{"id":10997,"date":"2021-10-28T13:05:20","date_gmt":"2021-10-28T11:05:20","guid":{"rendered":"http:\/\/zurzeit.at\/?p=10997"},"modified":"2021-10-28T13:10:19","modified_gmt":"2021-10-28T11:10:19","slug":"wenn-corona-verschwoerungstheorien-wahr-werden","status":"publish","type":"post","link":"https:\/\/zurzeit.at\/index.php\/wenn-corona-verschwoerungstheorien-wahr-werden\/","title":{"rendered":"Wenn Corona-\u201eVerschw\u00f6rungstheorien\u201c wahr werden"},"content":{"rendered":"<p><span class=\"licensetpl_attr\">Autor: <a href=\"https:\/\/zurzeit.at\/index.php\/autoren\/\">B.T.<\/a>\u00a0 Bild: <a href=\"https:\/\/commons.wikimedia.org\/wiki\/File:2020-02-25_Reception_by_Prime_Minister_Michael_Kretschmer_(Bobsleigh_%26_Skeleton_World_Championships_Altenberg_2020)_by_Sandro_Halank%E2%80%93024.jpg\">Sandro Halank, Wikimedia Commons<\/a><\/span> <span class=\"plainlinks noprint\">Lizenz: <a href=\"https:\/\/creativecommons.org\/licenses\/by-sa\/4.0\/deed.en\">CC BY-SA 4.0<\/a><\/span><\/p>\n<hr \/>\n<h1>Sachsens Ministerpr\u00e4sident Kretschmer will mit &#8222;2G&#8220; indirekten Impfzwang schaffen<\/h1>\n<p>Michael Kretschmer d\u00fcrfte bald zu einem Vorbild f\u00fcr Bundeskanzler Alexander Schallenberg, seinen Chef, \u00d6VP-Obmann und Sebastian Kurz, sowie Gesundheitsminister Wolfgang M\u00fcckstein (Gr\u00fcne) werden. Denn Sachsens Ministerpr\u00e4sident hat sich f\u00fcr weitreichende 2G-Regeln ausgesprochen. \u201e2G ist jetzt ein zwingendes Muss. Die Infektionen bei den ungeimpften Menschen bestimmen diese vierte Welle\u201c, zitiert der \u00f6ffentlich-rechtliche Sender MDR den CDU-Politiker.<\/p>\n<p>Dass auch in der Bundesrepublik Deutschland die Zahl der sogenannten \u201eImpfdurchbr\u00fcche\u201c steigt, scheint Kretschmer nicht weiter zu interessieren. Ihm geht es in erster Linie offenkundig darum, das Angst- und Bedrohungsszenario zur Einsch\u00fcchterung und G\u00e4ngelung der Bev\u00f6lkerung aufrechtzuerhalten. So meint Kretschmer \u2013 im Gegensatz zu seinem Parteifreund, dem scheidenden Bundesgesundheitsminister Jens Spahn \u2013 dass die sogenannte pandemische Lage von nationaler Tragweite noch nicht zu Ende sei. Und wenn der s\u00e4chsische Ministerpr\u00e4sident von 2G als \u201ezwingendem Muss\u201c spricht, dann bedeutet das nichts anderes als einen indirekten Impfzwang.<\/p>\n<p>RT (vormals: Russia Today) erinnert in diesem Zusammenhang an eine Twitter-Meldung Kretschmers vom 5. Mai 2020. Damals schrieb der Ministerpr\u00e4sident: \u201eNiemand wird in Deutschland gegen seinen Willen geimpft. Auch die Behauptung, dass diejenigen, die sich nicht impfen lassen, ihre Grundrechte verlieren, ist absurd &amp; b\u00f6sartig. Lassen Sie uns Falschnachrichten &amp; Verschw\u00f6rungstheorien\u00a0 gemeinsam entgegentreten.\u201c<\/p>\n<p>Kretschmer leistet einen nicht unerheblichen Beitrag, dass die als \u201eVerschw\u00f6rungstheorien\u201c verunglimpften Warnungen von um ihre Grundrechte besorgten B\u00fcrgern wahr werden.<\/p>\n","protected":false},"excerpt":{"rendered":"<p>Autor: B.T.\u00a0 Bild: Sandro Halank, Wikimedia Commons Lizenz: CC BY-SA 4.0 Sachsens Ministerpr\u00e4sident Kretschmer will&hellip;<\/p>\n","protected":false},"author":3,"featured_media":10998,"comment_status":"open","ping_status":"closed","sticky":false,"template":"","format":"standard","meta":{"footnotes":""},"categories":[47],"tags":[6754,3071,60,4840,5752,1093,3481],"class_list":["post-10997","post","type-post","status-publish","format-standard","has-post-thumbnail","hentry","category-deutschland","tag-2g","tag-corona","tag-deutschland","tag-impfzwang","tag-michael-kretschmer","tag-sachsen","tag-verschwoerungstheorie"],"yoast_head":"<!-- This site is optimized with the Yoast SEO plugin v28.3 - https:\/\/yoast.com\/product\/yoast-seo-wordpress\/ -->\n<title>Wenn Corona-\u201eVerschw\u00f6rungstheorien\u201c wahr werden - ZurZeit<\/title>\n<meta name=\"robots\" content=\"index, follow, max-snippet:-1, max-image-preview:large, max-video-preview:-1\" \/>\n<link rel=\"canonical\" href=\"https:\/\/zurzeit.at\/index.php\/wenn-corona-verschwoerungstheorien-wahr-werden\/\" \/>\n<meta property=\"og:locale\" content=\"de_DE\" \/>\n<meta property=\"og:type\" content=\"article\" \/>\n<meta property=\"og:title\" content=\"Wenn Corona-\u201eVerschw\u00f6rungstheorien\u201c wahr werden - ZurZeit\" \/>\n<meta property=\"og:description\" content=\"Autor: B.T.\u00a0 Bild: Sandro Halank, Wikimedia Commons Lizenz: CC BY-SA 4.0 Sachsens Ministerpr\u00e4sident Kretschmer will&hellip;\" \/>\n<meta property=\"og:url\" content=\"https:\/\/zurzeit.at\/index.php\/wenn-corona-verschwoerungstheorien-wahr-werden\/\" \/>\n<meta property=\"og:site_name\" content=\"ZurZeit\" \/>\n<meta property=\"article:publisher\" content=\"https:\/\/www.facebook.com\/wochenmagazinZurZeit\/\" \/>\n<meta property=\"article:published_time\" content=\"2021-10-28T11:05:20+00:00\" \/>\n<meta property=\"article:modified_time\" content=\"2021-10-28T11:10:19+00:00\" \/>\n<meta property=\"og:image\" content=\"https:\/\/zurzeit.at\/wp-content\/uploads\/2021\/10\/1011px-2020-02-25_Reception_by_Prime_Minister_Michael_Kretschmer_Bobsleigh__Skeleton_World_Championships_Altenberg_2020_by_Sandro_Halank\u2013024.jpg\" \/>\n\t<meta property=\"og:image:width\" content=\"1011\" \/>\n\t<meta property=\"og:image:height\" content=\"1024\" \/>\n\t<meta property=\"og:image:type\" content=\"image\/jpeg\" \/>\n<meta name=\"author\" content=\"admin2\" \/>\n<meta name=\"twitter:card\" content=\"summary_large_image\" \/>\n<meta name=\"twitter:label1\" content=\"Verfasst von\" \/>\n\t<meta name=\"twitter:data1\" content=\"admin2\" \/>\n\t<meta name=\"twitter:label2\" content=\"Gesch\u00e4tzte Lesezeit\" \/>\n\t<meta name=\"twitter:data2\" content=\"2\u00a0Minuten\" \/>\n<script type=\"application\/ld+json\" class=\"yoast-schema-graph\">{\"@context\":\"https:\\\/\\\/schema.org\",\"@graph\":[{\"@type\":\"Article\",\"@id\":\"https:\\\/\\\/zurzeit.at\\\/index.php\\\/wenn-corona-verschwoerungstheorien-wahr-werden\\\/#article\",\"isPartOf\":{\"@id\":\"https:\\\/\\\/zurzeit.at\\\/index.php\\\/wenn-corona-verschwoerungstheorien-wahr-werden\\\/\"},\"author\":{\"name\":\"admin2\",\"@id\":\"https:\\\/\\\/zurzeit.at\\\/#\\\/schema\\\/person\\\/e6f4284c4ffdba25c26f295806088e37\"},\"headline\":\"Wenn Corona-\u201eVerschw\u00f6rungstheorien\u201c wahr werden\",\"datePublished\":\"2021-10-28T11:05:20+00:00\",\"dateModified\":\"2021-10-28T11:10:19+00:00\",\"mainEntityOfPage\":{\"@id\":\"https:\\\/\\\/zurzeit.at\\\/index.php\\\/wenn-corona-verschwoerungstheorien-wahr-werden\\\/\"},\"wordCount\":253,\"commentCount\":0,\"image\":{\"@id\":\"https:\\\/\\\/zurzeit.at\\\/index.php\\\/wenn-corona-verschwoerungstheorien-wahr-werden\\\/#primaryimage\"},\"thumbnailUrl\":\"https:\\\/\\\/zurzeit.at\\\/wp-content\\\/uploads\\\/2021\\\/10\\\/1011px-2020-02-25_Reception_by_Prime_Minister_Michael_Kretschmer_Bobsleigh__Skeleton_World_Championships_Altenberg_2020_by_Sandro_Halank\u2013024.jpg\",\"keywords\":[\"2G\",\"Corona\",\"Deutschland\",\"Impfzwang\",\"Michael Kretschmer\",\"Sachsen\",\"Verschw\u00f6rungstheorie\"],\"articleSection\":[\"Deutschland\"],\"inLanguage\":\"de\",\"potentialAction\":[{\"@type\":\"CommentAction\",\"name\":\"Comment\",\"target\":[\"https:\\\/\\\/zurzeit.at\\\/index.php\\\/wenn-corona-verschwoerungstheorien-wahr-werden\\\/#respond\"]}]},{\"@type\":\"WebPage\",\"@id\":\"https:\\\/\\\/zurzeit.at\\\/index.php\\\/wenn-corona-verschwoerungstheorien-wahr-werden\\\/\",\"url\":\"https:\\\/\\\/zurzeit.at\\\/index.php\\\/wenn-corona-verschwoerungstheorien-wahr-werden\\\/\",\"name\":\"Wenn Corona-\u201eVerschw\u00f6rungstheorien\u201c wahr werden - ZurZeit\",\"isPartOf\":{\"@id\":\"https:\\\/\\\/zurzeit.at\\\/#website\"},\"primaryImageOfPage\":{\"@id\":\"https:\\\/\\\/zurzeit.at\\\/index.php\\\/wenn-corona-verschwoerungstheorien-wahr-werden\\\/#primaryimage\"},\"image\":{\"@id\":\"https:\\\/\\\/zurzeit.at\\\/index.php\\\/wenn-corona-verschwoerungstheorien-wahr-werden\\\/#primaryimage\"},\"thumbnailUrl\":\"https:\\\/\\\/zurzeit.at\\\/wp-content\\\/uploads\\\/2021\\\/10\\\/1011px-2020-02-25_Reception_by_Prime_Minister_Michael_Kretschmer_Bobsleigh__Skeleton_World_Championships_Altenberg_2020_by_Sandro_Halank\u2013024.jpg\",\"datePublished\":\"2021-10-28T11:05:20+00:00\",\"dateModified\":\"2021-10-28T11:10:19+00:00\",\"author\":{\"@id\":\"https:\\\/\\\/zurzeit.at\\\/#\\\/schema\\\/person\\\/e6f4284c4ffdba25c26f295806088e37\"},\"breadcrumb\":{\"@id\":\"https:\\\/\\\/zurzeit.at\\\/index.php\\\/wenn-corona-verschwoerungstheorien-wahr-werden\\\/#breadcrumb\"},\"inLanguage\":\"de\",\"potentialAction\":[{\"@type\":\"ReadAction\",\"target\":[\"https:\\\/\\\/zurzeit.at\\\/index.php\\\/wenn-corona-verschwoerungstheorien-wahr-werden\\\/\"]}]},{\"@type\":\"ImageObject\",\"inLanguage\":\"de\",\"@id\":\"https:\\\/\\\/zurzeit.at\\\/index.php\\\/wenn-corona-verschwoerungstheorien-wahr-werden\\\/#primaryimage\",\"url\":\"https:\\\/\\\/zurzeit.at\\\/wp-content\\\/uploads\\\/2021\\\/10\\\/1011px-2020-02-25_Reception_by_Prime_Minister_Michael_Kretschmer_Bobsleigh__Skeleton_World_Championships_Altenberg_2020_by_Sandro_Halank\u2013024.jpg\",\"contentUrl\":\"https:\\\/\\\/zurzeit.at\\\/wp-content\\\/uploads\\\/2021\\\/10\\\/1011px-2020-02-25_Reception_by_Prime_Minister_Michael_Kretschmer_Bobsleigh__Skeleton_World_Championships_Altenberg_2020_by_Sandro_Halank\u2013024.jpg\",\"width\":1011,\"height\":1024,\"caption\":\"Bob- und Skeletonweltmeisterschaften Altenberg 2020\"},{\"@type\":\"BreadcrumbList\",\"@id\":\"https:\\\/\\\/zurzeit.at\\\/index.php\\\/wenn-corona-verschwoerungstheorien-wahr-werden\\\/#breadcrumb\",\"itemListElement\":[{\"@type\":\"ListItem\",\"position\":1,\"name\":\"Startseite\",\"item\":\"https:\\\/\\\/zurzeit.at\\\/\"},{\"@type\":\"ListItem\",\"position\":2,\"name\":\"Wenn Corona-\u201eVerschw\u00f6rungstheorien\u201c wahr werden\"}]},{\"@type\":\"WebSite\",\"@id\":\"https:\\\/\\\/zurzeit.at\\\/#website\",\"url\":\"https:\\\/\\\/zurzeit.at\\\/\",\"name\":\"ZurZeit\",\"description\":\"Internetseite des Wochenmagazins ZurZeit\",\"potentialAction\":[{\"@type\":\"SearchAction\",\"target\":{\"@type\":\"EntryPoint\",\"urlTemplate\":\"https:\\\/\\\/zurzeit.at\\\/?s={search_term_string}\"},\"query-input\":{\"@type\":\"PropertyValueSpecification\",\"valueRequired\":true,\"valueName\":\"search_term_string\"}}],\"inLanguage\":\"de\"},{\"@type\":\"Person\",\"@id\":\"https:\\\/\\\/zurzeit.at\\\/#\\\/schema\\\/person\\\/e6f4284c4ffdba25c26f295806088e37\",\"name\":\"admin2\",\"image\":{\"@type\":\"ImageObject\",\"inLanguage\":\"de\",\"@id\":\"https:\\\/\\\/secure.gravatar.com\\\/avatar\\\/6b01edb108b3f79fc8950358251ecf3b91c228e319139ad1beec43b6b1b16470?s=96&d=mm&r=g\",\"url\":\"https:\\\/\\\/secure.gravatar.com\\\/avatar\\\/6b01edb108b3f79fc8950358251ecf3b91c228e319139ad1beec43b6b1b16470?s=96&d=mm&r=g\",\"contentUrl\":\"https:\\\/\\\/secure.gravatar.com\\\/avatar\\\/6b01edb108b3f79fc8950358251ecf3b91c228e319139ad1beec43b6b1b16470?s=96&d=mm&r=g\",\"caption\":\"admin2\"},\"url\":\"https:\\\/\\\/zurzeit.at\\\/index.php\\\/author\\\/admin2\\\/\"}]}<\/script>\n<!-- \/ Yoast SEO plugin. -->","yoast_head_json":{"title":"Wenn Corona-\u201eVerschw\u00f6rungstheorien\u201c wahr werden - ZurZeit","robots":{"index":"index","follow":"follow","max-snippet":"max-snippet:-1","max-image-preview":"max-image-preview:large","max-video-preview":"max-video-preview:-1"},"canonical":"https:\/\/zurzeit.at\/index.php\/wenn-corona-verschwoerungstheorien-wahr-werden\/","og_locale":"de_DE","og_type":"article","og_title":"Wenn Corona-\u201eVerschw\u00f6rungstheorien\u201c wahr werden - ZurZeit","og_description":"Autor: B.T.\u00a0 Bild: Sandro Halank, Wikimedia Commons Lizenz: CC BY-SA 4.0 Sachsens Ministerpr\u00e4sident Kretschmer will&hellip;","og_url":"https:\/\/zurzeit.at\/index.php\/wenn-corona-verschwoerungstheorien-wahr-werden\/","og_site_name":"ZurZeit","article_publisher":"https:\/\/www.facebook.com\/wochenmagazinZurZeit\/","article_published_time":"2021-10-28T11:05:20+00:00","article_modified_time":"2021-10-28T11:10:19+00:00","og_image":[{"width":1011,"height":1024,"url":"https:\/\/zurzeit.at\/wp-content\/uploads\/2021\/10\/1011px-2020-02-25_Reception_by_Prime_Minister_Michael_Kretschmer_Bobsleigh__Skeleton_World_Championships_Altenberg_2020_by_Sandro_Halank\u2013024.jpg","type":"image\/jpeg"}],"author":"admin2","twitter_card":"summary_large_image","twitter_misc":{"Verfasst von":"admin2","Gesch\u00e4tzte Lesezeit":"2\u00a0Minuten"},"schema":{"@context":"https:\/\/schema.org","@graph":[{"@type":"Article","@id":"https:\/\/zurzeit.at\/index.php\/wenn-corona-verschwoerungstheorien-wahr-werden\/#article","isPartOf":{"@id":"https:\/\/zurzeit.at\/index.php\/wenn-corona-verschwoerungstheorien-wahr-werden\/"},"author":{"name":"admin2","@id":"https:\/\/zurzeit.at\/#\/schema\/person\/e6f4284c4ffdba25c26f295806088e37"},"headline":"Wenn Corona-\u201eVerschw\u00f6rungstheorien\u201c wahr werden","datePublished":"2021-10-28T11:05:20+00:00","dateModified":"2021-10-28T11:10:19+00:00","mainEntityOfPage":{"@id":"https:\/\/zurzeit.at\/index.php\/wenn-corona-verschwoerungstheorien-wahr-werden\/"},"wordCount":253,"commentCount":0,"image":{"@id":"https:\/\/zurzeit.at\/index.php\/wenn-corona-verschwoerungstheorien-wahr-werden\/#primaryimage"},"thumbnailUrl":"https:\/\/zurzeit.at\/wp-content\/uploads\/2021\/10\/1011px-2020-02-25_Reception_by_Prime_Minister_Michael_Kretschmer_Bobsleigh__Skeleton_World_Championships_Altenberg_2020_by_Sandro_Halank\u2013024.jpg","keywords":["2G","Corona","Deutschland","Impfzwang","Michael Kretschmer","Sachsen","Verschw\u00f6rungstheorie"],"articleSection":["Deutschland"],"inLanguage":"de","potentialAction":[{"@type":"CommentAction","name":"Comment","target":["https:\/\/zurzeit.at\/index.php\/wenn-corona-verschwoerungstheorien-wahr-werden\/#respond"]}]},{"@type":"WebPage","@id":"https:\/\/zurzeit.at\/index.php\/wenn-corona-verschwoerungstheorien-wahr-werden\/","url":"https:\/\/zurzeit.at\/index.php\/wenn-corona-verschwoerungstheorien-wahr-werden\/","name":"Wenn Corona-\u201eVerschw\u00f6rungstheorien\u201c wahr werden - ZurZeit","isPartOf":{"@id":"https:\/\/zurzeit.at\/#website"},"primaryImageOfPage":{"@id":"https:\/\/zurzeit.at\/index.php\/wenn-corona-verschwoerungstheorien-wahr-werden\/#primaryimage"},"image":{"@id":"https:\/\/zurzeit.at\/index.php\/wenn-corona-verschwoerungstheorien-wahr-werden\/#primaryimage"},"thumbnailUrl":"https:\/\/zurzeit.at\/wp-content\/uploads\/2021\/10\/1011px-2020-02-25_Reception_by_Prime_Minister_Michael_Kretschmer_Bobsleigh__Skeleton_World_Championships_Altenberg_2020_by_Sandro_Halank\u2013024.jpg","datePublished":"2021-10-28T11:05:20+00:00","dateModified":"2021-10-28T11:10:19+00:00","author":{"@id":"https:\/\/zurzeit.at\/#\/schema\/person\/e6f4284c4ffdba25c26f295806088e37"},"breadcrumb":{"@id":"https:\/\/zurzeit.at\/index.php\/wenn-corona-verschwoerungstheorien-wahr-werden\/#breadcrumb"},"inLanguage":"de","potentialAction":[{"@type":"ReadAction","target":["https:\/\/zurzeit.at\/index.php\/wenn-corona-verschwoerungstheorien-wahr-werden\/"]}]},{"@type":"ImageObject","inLanguage":"de","@id":"https:\/\/zurzeit.at\/index.php\/wenn-corona-verschwoerungstheorien-wahr-werden\/#primaryimage","url":"https:\/\/zurzeit.at\/wp-content\/uploads\/2021\/10\/1011px-2020-02-25_Reception_by_Prime_Minister_Michael_Kretschmer_Bobsleigh__Skeleton_World_Championships_Altenberg_2020_by_Sandro_Halank\u2013024.jpg","contentUrl":"https:\/\/zurzeit.at\/wp-content\/uploads\/2021\/10\/1011px-2020-02-25_Reception_by_Prime_Minister_Michael_Kretschmer_Bobsleigh__Skeleton_World_Championships_Altenberg_2020_by_Sandro_Halank\u2013024.jpg","width":1011,"height":1024,"caption":"Bob- und Skeletonweltmeisterschaften Altenberg 2020"},{"@type":"BreadcrumbList","@id":"https:\/\/zurzeit.at\/index.php\/wenn-corona-verschwoerungstheorien-wahr-werden\/#breadcrumb","itemListElement":[{"@type":"ListItem","position":1,"name":"Startseite","item":"https:\/\/zurzeit.at\/"},{"@type":"ListItem","position":2,"name":"Wenn Corona-\u201eVerschw\u00f6rungstheorien\u201c wahr werden"}]},{"@type":"WebSite","@id":"https:\/\/zurzeit.at\/#website","url":"https:\/\/zurzeit.at\/","name":"ZurZeit","description":"Internetseite des Wochenmagazins ZurZeit","potentialAction":[{"@type":"SearchAction","target":{"@type":"EntryPoint","urlTemplate":"https:\/\/zurzeit.at\/?s={search_term_string}"},"query-input":{"@type":"PropertyValueSpecification","valueRequired":true,"valueName":"search_term_string"}}],"inLanguage":"de"},{"@type":"Person","@id":"https:\/\/zurzeit.at\/#\/schema\/person\/e6f4284c4ffdba25c26f295806088e37","name":"admin2","image":{"@type":"ImageObject","inLanguage":"de","@id":"https:\/\/secure.gravatar.com\/avatar\/6b01edb108b3f79fc8950358251ecf3b91c228e319139ad1beec43b6b1b16470?s=96&d=mm&r=g","url":"https:\/\/secure.gravatar.com\/avatar\/6b01edb108b3f79fc8950358251ecf3b91c228e319139ad1beec43b6b1b16470?s=96&d=mm&r=g","contentUrl":"https:\/\/secure.gravatar.com\/avatar\/6b01edb108b3f79fc8950358251ecf3b91c228e319139ad1beec43b6b1b16470?s=96&d=mm&r=g","caption":"admin2"},"url":"https:\/\/zurzeit.at\/index.php\/author\/admin2\/"}]}},"_links":{"self":[{"href":"https:\/\/zurzeit.at\/index.php\/wp-json\/wp\/v2\/posts\/10997","targetHints":{"allow":["GET"]}}],"collection":[{"href":"https:\/\/zurzeit.at\/index.php\/wp-json\/wp\/v2\/posts"}],"about":[{"href":"https:\/\/zurzeit.at\/index.php\/wp-json\/wp\/v2\/types\/post"}],"author":[{"embeddable":true,"href":"https:\/\/zurzeit.at\/index.php\/wp-json\/wp\/v2\/users\/3"}],"replies":[{"embeddable":true,"href":"https:\/\/zurzeit.at\/index.php\/wp-json\/wp\/v2\/comments?post=10997"}],"version-history":[{"count":3,"href":"https:\/\/zurzeit.at\/index.php\/wp-json\/wp\/v2\/posts\/10997\/revisions"}],"predecessor-version":[{"id":11004,"href":"https:\/\/zurzeit.at\/index.php\/wp-json\/wp\/v2\/posts\/10997\/revisions\/11004"}],"wp:featuredmedia":[{"embeddable":true,"href":"https:\/\/zurzeit.at\/index.php\/wp-json\/wp\/v2\/media\/10998"}],"wp:attachment":[{"href":"https:\/\/zurzeit.at\/index.php\/wp-json\/wp\/v2\/media?parent=10997"}],"wp:term":[{"taxonomy":"category","embeddable":true,"href":"https:\/\/zurzeit.at\/index.php\/wp-json\/wp\/v2\/categories?post=10997"},{"taxonomy":"post_tag","embeddable":true,"href":"https:\/\/zurzeit.at\/index.php\/wp-json\/wp\/v2\/tags?post=10997"}],"curies":[{"name":"wp","href":"https:\/\/api.w.org\/{rel}","templated":true}]}}