{"id":11187,"date":"2021-11-16T18:22:47","date_gmt":"2021-11-16T17:22:47","guid":{"rendered":"http:\/\/zurzeit.at\/?p=11187"},"modified":"2021-11-16T18:22:47","modified_gmt":"2021-11-16T17:22:47","slug":"weitere-sanktionen-gegen-weissrussland","status":"publish","type":"post","link":"https:\/\/zurzeit.at\/index.php\/weitere-sanktionen-gegen-weissrussland\/","title":{"rendered":"Weitere Sanktionen gegen Wei\u00dfrussland"},"content":{"rendered":"<p><span class=\"licensetpl_attr\">Autor: <a href=\"https:\/\/zurzeit.at\/index.php\/autoren\/\">A.T.<\/a> Bild: <a href=\"https:\/\/commons.wikimedia.org\/wiki\/Category:Belarus-Poland_border?uselang=de#\/media\/File:Koterka_-_granica_polsko-bia%C5%82oruska_2015.JPG\">Wikipedia\/<span class=\"mw-mmv-source-author\"><span class=\"mw-mmv-author\">Rados\u0142aw Dro\u017cd\u017cewski (Zwiadowca21)<\/span> <\/span> <\/a><\/span><span class=\"plainlinks noprint\">Lizenz: <a class=\"mw-mmv-license\" href=\"https:\/\/creativecommons.org\/licenses\/by-sa\/4.0\" target=\"_blank\" rel=\"noopener\">CC BY-SA 4.0<\/a><br \/>\n<\/span><\/p>\n<hr \/>\n<h1>\u201eMigration als Waffe\u201c \u2013 so sieht zumindest die EU den momentanen Konflikt und bestraft Lukaschenko sowie Fluggesellschaften f\u00fcr die bewussten Provokationen an der Grenze.<\/h1>\n<p>Mittlerweile ist es bereits das f\u00fcnfte Sanktionspaket gegen Wei\u00dfrussland. Br\u00fcssel wirft dem Staatspr\u00e4sidenten Alexander Lukaschenko dieses Mal vor, in organisierter Weise Fl\u00fcchtlinge aus Krisenregionen an die EU-Au\u00dfengrenze zu bringen. Dazu kommen nun auch Strafma\u00dfnahmen gegen Fluggesellschaften, die die illegalen Migranten nach Wei\u00dfrussland transportiert haben sollen.<\/p>\n<p>Alle Fluggesellschaften, die Einwanderer zur Weiterschleusung in die EU nach Wei\u00dfrussland fliegen, sollen davon betroffen sein. Es wird sogar \u00fcber eine Verweigerung von \u00dcberflugrechten oder Landegenehmigungen im europ\u00e4ischen Raum diskutiert, erkl\u00e4rte der gesch\u00e4ftsf\u00fchrende deutsche Au\u00dfenminister Heiko Maas: \u201eWir sind noch lange nicht am Ende der Sanktionsspirale angelangt.&#8220;<\/p>\n<p>Weiters sprach sich Maas klar gegen eine Aufnahme von in Wei\u00dfrussland festsitzenden Migranten in Deutschland aus. \u201eIch w\u00fcrde daf\u00fcr pl\u00e4dieren, dass die Menschen, die dort sind (&#8230;) in ihre Herkunftsl\u00e4nder zur\u00fcckgef\u00fchrt werden.&#8220;, so der SPD Politiker. Es sei ein menschenverachtendes System, das Fl\u00fcchtlinge als Instrumente benutze, um Druck auf die Europ\u00e4ische Union auszu\u00fcben.<\/p>\n<p>Warum hat sich 2015 wohl niemand \u00fcber diese Instrumentalisierung von vermeintlichen Fl\u00fcchtlingen beschwert?<\/p>\n<p>Am Donnerstag will Bagdad mit einem ersten Sonderflug irakische Fl\u00fcchtlinge aus Wei\u00dfrussland zur\u00fcck in ihr Heimatland bringen. Etwa 750 Iraker sitzen momentan unter den tausenden Menschen an der wei\u00dfrussischen Grenze fest.<\/p>\n","protected":false},"excerpt":{"rendered":"<p>Autor: A.T. Bild: Wikipedia\/Rados\u0142aw Dro\u017cd\u017cewski (Zwiadowca21) Lizenz: CC BY-SA 4.0 \u201eMigration als Waffe\u201c \u2013 so&hellip;<\/p>\n","protected":false},"author":3,"featured_media":11189,"comment_status":"open","ping_status":"closed","sticky":false,"template":"","format":"standard","meta":{"footnotes":""},"categories":[48],"tags":[1436,434,89,6867,1036,723,6806,95,725,343,939],"class_list":["post-11187","post","type-post","status-publish","format-standard","has-post-thumbnail","hentry","category-europa","tag-bruessel","tag-einwanderer","tag-eu","tag-fluggesellschaften","tag-grenze","tag-heiko-maas","tag-lukaschenko","tag-migration","tag-polen","tag-spd","tag-weissrussland"],"yoast_head":"<!-- This site is optimized with the Yoast SEO plugin v28.3 - https:\/\/yoast.com\/product\/yoast-seo-wordpress\/ -->\n<title>Weitere Sanktionen gegen Wei\u00dfrussland - ZurZeit<\/title>\n<meta name=\"robots\" content=\"index, follow, max-snippet:-1, max-image-preview:large, max-video-preview:-1\" \/>\n<link rel=\"canonical\" href=\"https:\/\/zurzeit.at\/index.php\/weitere-sanktionen-gegen-weissrussland\/\" \/>\n<meta property=\"og:locale\" content=\"de_DE\" \/>\n<meta property=\"og:type\" content=\"article\" \/>\n<meta property=\"og:title\" content=\"Weitere Sanktionen gegen Wei\u00dfrussland - ZurZeit\" \/>\n<meta property=\"og:description\" content=\"Autor: A.T. Bild: Wikipedia\/Rados\u0142aw Dro\u017cd\u017cewski (Zwiadowca21) Lizenz: CC BY-SA 4.0 \u201eMigration als Waffe\u201c \u2013 so&hellip;\" \/>\n<meta property=\"og:url\" content=\"https:\/\/zurzeit.at\/index.php\/weitere-sanktionen-gegen-weissrussland\/\" \/>\n<meta property=\"og:site_name\" content=\"ZurZeit\" \/>\n<meta property=\"article:publisher\" content=\"https:\/\/www.facebook.com\/wochenmagazinZurZeit\/\" \/>\n<meta property=\"article:published_time\" content=\"2021-11-16T17:22:47+00:00\" \/>\n<meta property=\"og:image\" content=\"https:\/\/zurzeit.at\/wp-content\/uploads\/2021\/11\/1083px-Koterka_-_granica_polsko-bialoruska_2015.jpg\" \/>\n\t<meta property=\"og:image:width\" content=\"1083\" \/>\n\t<meta property=\"og:image:height\" content=\"720\" \/>\n\t<meta property=\"og:image:type\" content=\"image\/jpeg\" \/>\n<meta name=\"author\" content=\"admin2\" \/>\n<meta name=\"twitter:card\" content=\"summary_large_image\" \/>\n<meta name=\"twitter:label1\" content=\"Verfasst von\" \/>\n\t<meta name=\"twitter:data1\" content=\"admin2\" \/>\n\t<meta name=\"twitter:label2\" content=\"Gesch\u00e4tzte Lesezeit\" \/>\n\t<meta name=\"twitter:data2\" content=\"1\u00a0Minute\" \/>\n<script type=\"application\/ld+json\" class=\"yoast-schema-graph\">{\"@context\":\"https:\\\/\\\/schema.org\",\"@graph\":[{\"@type\":\"Article\",\"@id\":\"https:\\\/\\\/zurzeit.at\\\/index.php\\\/weitere-sanktionen-gegen-weissrussland\\\/#article\",\"isPartOf\":{\"@id\":\"https:\\\/\\\/zurzeit.at\\\/index.php\\\/weitere-sanktionen-gegen-weissrussland\\\/\"},\"author\":{\"name\":\"admin2\",\"@id\":\"https:\\\/\\\/zurzeit.at\\\/#\\\/schema\\\/person\\\/e6f4284c4ffdba25c26f295806088e37\"},\"headline\":\"Weitere Sanktionen gegen Wei\u00dfrussland\",\"datePublished\":\"2021-11-16T17:22:47+00:00\",\"mainEntityOfPage\":{\"@id\":\"https:\\\/\\\/zurzeit.at\\\/index.php\\\/weitere-sanktionen-gegen-weissrussland\\\/\"},\"wordCount\":258,\"commentCount\":0,\"image\":{\"@id\":\"https:\\\/\\\/zurzeit.at\\\/index.php\\\/weitere-sanktionen-gegen-weissrussland\\\/#primaryimage\"},\"thumbnailUrl\":\"https:\\\/\\\/zurzeit.at\\\/wp-content\\\/uploads\\\/2021\\\/11\\\/1083px-Koterka_-_granica_polsko-bialoruska_2015.jpg\",\"keywords\":[\"Br\u00fcssel\",\"Einwanderer\",\"EU\",\"Fluggesellschaften\",\"Grenze\",\"Heiko Maas\",\"Lukaschenko\",\"Migration\",\"Polen\",\"SPD\",\"Wei\u00dfrussland\"],\"articleSection\":[\"Europa\"],\"inLanguage\":\"de\",\"potentialAction\":[{\"@type\":\"CommentAction\",\"name\":\"Comment\",\"target\":[\"https:\\\/\\\/zurzeit.at\\\/index.php\\\/weitere-sanktionen-gegen-weissrussland\\\/#respond\"]}]},{\"@type\":\"WebPage\",\"@id\":\"https:\\\/\\\/zurzeit.at\\\/index.php\\\/weitere-sanktionen-gegen-weissrussland\\\/\",\"url\":\"https:\\\/\\\/zurzeit.at\\\/index.php\\\/weitere-sanktionen-gegen-weissrussland\\\/\",\"name\":\"Weitere Sanktionen gegen Wei\u00dfrussland - ZurZeit\",\"isPartOf\":{\"@id\":\"https:\\\/\\\/zurzeit.at\\\/#website\"},\"primaryImageOfPage\":{\"@id\":\"https:\\\/\\\/zurzeit.at\\\/index.php\\\/weitere-sanktionen-gegen-weissrussland\\\/#primaryimage\"},\"image\":{\"@id\":\"https:\\\/\\\/zurzeit.at\\\/index.php\\\/weitere-sanktionen-gegen-weissrussland\\\/#primaryimage\"},\"thumbnailUrl\":\"https:\\\/\\\/zurzeit.at\\\/wp-content\\\/uploads\\\/2021\\\/11\\\/1083px-Koterka_-_granica_polsko-bialoruska_2015.jpg\",\"datePublished\":\"2021-11-16T17:22:47+00:00\",\"author\":{\"@id\":\"https:\\\/\\\/zurzeit.at\\\/#\\\/schema\\\/person\\\/e6f4284c4ffdba25c26f295806088e37\"},\"breadcrumb\":{\"@id\":\"https:\\\/\\\/zurzeit.at\\\/index.php\\\/weitere-sanktionen-gegen-weissrussland\\\/#breadcrumb\"},\"inLanguage\":\"de\",\"potentialAction\":[{\"@type\":\"ReadAction\",\"target\":[\"https:\\\/\\\/zurzeit.at\\\/index.php\\\/weitere-sanktionen-gegen-weissrussland\\\/\"]}]},{\"@type\":\"ImageObject\",\"inLanguage\":\"de\",\"@id\":\"https:\\\/\\\/zurzeit.at\\\/index.php\\\/weitere-sanktionen-gegen-weissrussland\\\/#primaryimage\",\"url\":\"https:\\\/\\\/zurzeit.at\\\/wp-content\\\/uploads\\\/2021\\\/11\\\/1083px-Koterka_-_granica_polsko-bialoruska_2015.jpg\",\"contentUrl\":\"https:\\\/\\\/zurzeit.at\\\/wp-content\\\/uploads\\\/2021\\\/11\\\/1083px-Koterka_-_granica_polsko-bialoruska_2015.jpg\",\"width\":1083,\"height\":720},{\"@type\":\"BreadcrumbList\",\"@id\":\"https:\\\/\\\/zurzeit.at\\\/index.php\\\/weitere-sanktionen-gegen-weissrussland\\\/#breadcrumb\",\"itemListElement\":[{\"@type\":\"ListItem\",\"position\":1,\"name\":\"Startseite\",\"item\":\"https:\\\/\\\/zurzeit.at\\\/\"},{\"@type\":\"ListItem\",\"position\":2,\"name\":\"Weitere Sanktionen gegen Wei\u00dfrussland\"}]},{\"@type\":\"WebSite\",\"@id\":\"https:\\\/\\\/zurzeit.at\\\/#website\",\"url\":\"https:\\\/\\\/zurzeit.at\\\/\",\"name\":\"ZurZeit\",\"description\":\"Internetseite des Wochenmagazins ZurZeit\",\"potentialAction\":[{\"@type\":\"SearchAction\",\"target\":{\"@type\":\"EntryPoint\",\"urlTemplate\":\"https:\\\/\\\/zurzeit.at\\\/?s={search_term_string}\"},\"query-input\":{\"@type\":\"PropertyValueSpecification\",\"valueRequired\":true,\"valueName\":\"search_term_string\"}}],\"inLanguage\":\"de\"},{\"@type\":\"Person\",\"@id\":\"https:\\\/\\\/zurzeit.at\\\/#\\\/schema\\\/person\\\/e6f4284c4ffdba25c26f295806088e37\",\"name\":\"admin2\",\"image\":{\"@type\":\"ImageObject\",\"inLanguage\":\"de\",\"@id\":\"https:\\\/\\\/secure.gravatar.com\\\/avatar\\\/6b01edb108b3f79fc8950358251ecf3b91c228e319139ad1beec43b6b1b16470?s=96&d=mm&r=g\",\"url\":\"https:\\\/\\\/secure.gravatar.com\\\/avatar\\\/6b01edb108b3f79fc8950358251ecf3b91c228e319139ad1beec43b6b1b16470?s=96&d=mm&r=g\",\"contentUrl\":\"https:\\\/\\\/secure.gravatar.com\\\/avatar\\\/6b01edb108b3f79fc8950358251ecf3b91c228e319139ad1beec43b6b1b16470?s=96&d=mm&r=g\",\"caption\":\"admin2\"},\"url\":\"https:\\\/\\\/zurzeit.at\\\/index.php\\\/author\\\/admin2\\\/\"}]}<\/script>\n<!-- \/ Yoast SEO plugin. -->","yoast_head_json":{"title":"Weitere Sanktionen gegen Wei\u00dfrussland - ZurZeit","robots":{"index":"index","follow":"follow","max-snippet":"max-snippet:-1","max-image-preview":"max-image-preview:large","max-video-preview":"max-video-preview:-1"},"canonical":"https:\/\/zurzeit.at\/index.php\/weitere-sanktionen-gegen-weissrussland\/","og_locale":"de_DE","og_type":"article","og_title":"Weitere Sanktionen gegen Wei\u00dfrussland - ZurZeit","og_description":"Autor: A.T. Bild: Wikipedia\/Rados\u0142aw Dro\u017cd\u017cewski (Zwiadowca21) Lizenz: CC BY-SA 4.0 \u201eMigration als Waffe\u201c \u2013 so&hellip;","og_url":"https:\/\/zurzeit.at\/index.php\/weitere-sanktionen-gegen-weissrussland\/","og_site_name":"ZurZeit","article_publisher":"https:\/\/www.facebook.com\/wochenmagazinZurZeit\/","article_published_time":"2021-11-16T17:22:47+00:00","og_image":[{"width":1083,"height":720,"url":"https:\/\/zurzeit.at\/wp-content\/uploads\/2021\/11\/1083px-Koterka_-_granica_polsko-bialoruska_2015.jpg","type":"image\/jpeg"}],"author":"admin2","twitter_card":"summary_large_image","twitter_misc":{"Verfasst von":"admin2","Gesch\u00e4tzte Lesezeit":"1\u00a0Minute"},"schema":{"@context":"https:\/\/schema.org","@graph":[{"@type":"Article","@id":"https:\/\/zurzeit.at\/index.php\/weitere-sanktionen-gegen-weissrussland\/#article","isPartOf":{"@id":"https:\/\/zurzeit.at\/index.php\/weitere-sanktionen-gegen-weissrussland\/"},"author":{"name":"admin2","@id":"https:\/\/zurzeit.at\/#\/schema\/person\/e6f4284c4ffdba25c26f295806088e37"},"headline":"Weitere Sanktionen gegen Wei\u00dfrussland","datePublished":"2021-11-16T17:22:47+00:00","mainEntityOfPage":{"@id":"https:\/\/zurzeit.at\/index.php\/weitere-sanktionen-gegen-weissrussland\/"},"wordCount":258,"commentCount":0,"image":{"@id":"https:\/\/zurzeit.at\/index.php\/weitere-sanktionen-gegen-weissrussland\/#primaryimage"},"thumbnailUrl":"https:\/\/zurzeit.at\/wp-content\/uploads\/2021\/11\/1083px-Koterka_-_granica_polsko-bialoruska_2015.jpg","keywords":["Br\u00fcssel","Einwanderer","EU","Fluggesellschaften","Grenze","Heiko Maas","Lukaschenko","Migration","Polen","SPD","Wei\u00dfrussland"],"articleSection":["Europa"],"inLanguage":"de","potentialAction":[{"@type":"CommentAction","name":"Comment","target":["https:\/\/zurzeit.at\/index.php\/weitere-sanktionen-gegen-weissrussland\/#respond"]}]},{"@type":"WebPage","@id":"https:\/\/zurzeit.at\/index.php\/weitere-sanktionen-gegen-weissrussland\/","url":"https:\/\/zurzeit.at\/index.php\/weitere-sanktionen-gegen-weissrussland\/","name":"Weitere Sanktionen gegen Wei\u00dfrussland - ZurZeit","isPartOf":{"@id":"https:\/\/zurzeit.at\/#website"},"primaryImageOfPage":{"@id":"https:\/\/zurzeit.at\/index.php\/weitere-sanktionen-gegen-weissrussland\/#primaryimage"},"image":{"@id":"https:\/\/zurzeit.at\/index.php\/weitere-sanktionen-gegen-weissrussland\/#primaryimage"},"thumbnailUrl":"https:\/\/zurzeit.at\/wp-content\/uploads\/2021\/11\/1083px-Koterka_-_granica_polsko-bialoruska_2015.jpg","datePublished":"2021-11-16T17:22:47+00:00","author":{"@id":"https:\/\/zurzeit.at\/#\/schema\/person\/e6f4284c4ffdba25c26f295806088e37"},"breadcrumb":{"@id":"https:\/\/zurzeit.at\/index.php\/weitere-sanktionen-gegen-weissrussland\/#breadcrumb"},"inLanguage":"de","potentialAction":[{"@type":"ReadAction","target":["https:\/\/zurzeit.at\/index.php\/weitere-sanktionen-gegen-weissrussland\/"]}]},{"@type":"ImageObject","inLanguage":"de","@id":"https:\/\/zurzeit.at\/index.php\/weitere-sanktionen-gegen-weissrussland\/#primaryimage","url":"https:\/\/zurzeit.at\/wp-content\/uploads\/2021\/11\/1083px-Koterka_-_granica_polsko-bialoruska_2015.jpg","contentUrl":"https:\/\/zurzeit.at\/wp-content\/uploads\/2021\/11\/1083px-Koterka_-_granica_polsko-bialoruska_2015.jpg","width":1083,"height":720},{"@type":"BreadcrumbList","@id":"https:\/\/zurzeit.at\/index.php\/weitere-sanktionen-gegen-weissrussland\/#breadcrumb","itemListElement":[{"@type":"ListItem","position":1,"name":"Startseite","item":"https:\/\/zurzeit.at\/"},{"@type":"ListItem","position":2,"name":"Weitere Sanktionen gegen Wei\u00dfrussland"}]},{"@type":"WebSite","@id":"https:\/\/zurzeit.at\/#website","url":"https:\/\/zurzeit.at\/","name":"ZurZeit","description":"Internetseite des Wochenmagazins ZurZeit","potentialAction":[{"@type":"SearchAction","target":{"@type":"EntryPoint","urlTemplate":"https:\/\/zurzeit.at\/?s={search_term_string}"},"query-input":{"@type":"PropertyValueSpecification","valueRequired":true,"valueName":"search_term_string"}}],"inLanguage":"de"},{"@type":"Person","@id":"https:\/\/zurzeit.at\/#\/schema\/person\/e6f4284c4ffdba25c26f295806088e37","name":"admin2","image":{"@type":"ImageObject","inLanguage":"de","@id":"https:\/\/secure.gravatar.com\/avatar\/6b01edb108b3f79fc8950358251ecf3b91c228e319139ad1beec43b6b1b16470?s=96&d=mm&r=g","url":"https:\/\/secure.gravatar.com\/avatar\/6b01edb108b3f79fc8950358251ecf3b91c228e319139ad1beec43b6b1b16470?s=96&d=mm&r=g","contentUrl":"https:\/\/secure.gravatar.com\/avatar\/6b01edb108b3f79fc8950358251ecf3b91c228e319139ad1beec43b6b1b16470?s=96&d=mm&r=g","caption":"admin2"},"url":"https:\/\/zurzeit.at\/index.php\/author\/admin2\/"}]}},"_links":{"self":[{"href":"https:\/\/zurzeit.at\/index.php\/wp-json\/wp\/v2\/posts\/11187","targetHints":{"allow":["GET"]}}],"collection":[{"href":"https:\/\/zurzeit.at\/index.php\/wp-json\/wp\/v2\/posts"}],"about":[{"href":"https:\/\/zurzeit.at\/index.php\/wp-json\/wp\/v2\/types\/post"}],"author":[{"embeddable":true,"href":"https:\/\/zurzeit.at\/index.php\/wp-json\/wp\/v2\/users\/3"}],"replies":[{"embeddable":true,"href":"https:\/\/zurzeit.at\/index.php\/wp-json\/wp\/v2\/comments?post=11187"}],"version-history":[{"count":1,"href":"https:\/\/zurzeit.at\/index.php\/wp-json\/wp\/v2\/posts\/11187\/revisions"}],"predecessor-version":[{"id":11190,"href":"https:\/\/zurzeit.at\/index.php\/wp-json\/wp\/v2\/posts\/11187\/revisions\/11190"}],"wp:featuredmedia":[{"embeddable":true,"href":"https:\/\/zurzeit.at\/index.php\/wp-json\/wp\/v2\/media\/11189"}],"wp:attachment":[{"href":"https:\/\/zurzeit.at\/index.php\/wp-json\/wp\/v2\/media?parent=11187"}],"wp:term":[{"taxonomy":"category","embeddable":true,"href":"https:\/\/zurzeit.at\/index.php\/wp-json\/wp\/v2\/categories?post=11187"},{"taxonomy":"post_tag","embeddable":true,"href":"https:\/\/zurzeit.at\/index.php\/wp-json\/wp\/v2\/tags?post=11187"}],"curies":[{"name":"wp","href":"https:\/\/api.w.org\/{rel}","templated":true}]}}