{"id":11489,"date":"2021-12-09T14:56:11","date_gmt":"2021-12-09T13:56:11","guid":{"rendered":"http:\/\/zurzeit.at\/?p=11489"},"modified":"2021-12-09T14:56:11","modified_gmt":"2021-12-09T13:56:11","slug":"der-great-reset-soll-zum-steuerelement-gemacht-werden","status":"publish","type":"post","link":"https:\/\/zurzeit.at\/index.php\/der-great-reset-soll-zum-steuerelement-gemacht-werden\/","title":{"rendered":"&#8222;Der &#8218;Great reset&#8216; soll zum Steuerelement gemacht werden&#8220;"},"content":{"rendered":"<p><span class=\"licensetpl_attr\">Bild: <\/span><span class=\"plainlinks noprint\"><a href=\"https:\/\/de.wikipedia.org\/wiki\/Klaus_Schwab#\/media\/Datei:Klaus_Schwab_WEF_2008.jpg\">Wikipedia<\/a> \/ <span class=\"mw-mmv-source-author\"><span class=\"mw-mmv-author\"><a class=\"external text\" href=\"http:\/\/www.weforum.org\" rel=\"nofollow\">World Economic Forum<\/a> (www.weforum.org) <a class=\"external text\" href=\"http:\/\/www.swiss-image.ch\" rel=\"nofollow\">swiss-image.ch<\/a>\/Photo by Remy Steinegger<\/span><\/span> Lizenz: <a class=\"mw-mmv-license\" href=\"https:\/\/creativecommons.org\/licenses\/by-sa\/2.0\" target=\"_blank\" rel=\"noopener\">CC BY-SA 2.0<\/a><\/span><\/p>\n<hr \/>\n<h1>Der Schriftsteller Thor Kunkel \u00fcber Pl\u00e4ne und Vorhaben der Ampelkoalition, die Schw\u00e4che der einzigen Oppositionspartei und irrationale Momente in der bundesdeutschen Politik.<\/h1>\n<p><em>Nach 16 Jahren geht die \u00c4ra Merkel zu Ende und die sogenannte Ampelkoalition nimmt ihre Arbeit auf. Bedeutet das eine Z\u00e4sur f\u00fcr die Bundesrepublik Deutschland?<\/em><br \/>\n<strong>Thor Kunkel:<\/strong> Zweifellos. Man muss davon ausgehen, dass die Transformation Deutschlands und Europas jetzt noch schneller vorangeht. Vielleicht ist \u201eZ\u00e4sur\u201c nicht das richtige Wort, es ist eher ein Brandbeschleuniger. Wenn man sich den Koalitionsvertrag genau anschaut, dann wird man feststellen, dass der Plan des Davoser Weltwirtschaftsforums geradezu eins zu eins umgesetzt werden soll.<\/p>\n<div id=\"attachment_11490\" style=\"width: 310px\" class=\"wp-caption alignnone\"><a href=\"https:\/\/zurzeit.at\/wp-content\/uploads\/2021\/12\/Kunkel.jpg\" data-rel=\"penci-gallery-image-content\" ><img loading=\"lazy\" decoding=\"async\" aria-describedby=\"caption-attachment-11490\" class=\"wp-image-11490 size-medium\" src=\"https:\/\/zurzeit.at\/wp-content\/uploads\/2021\/12\/Kunkel-300x264.jpg\" alt=\"\" width=\"300\" height=\"264\" srcset=\"https:\/\/zurzeit.at\/wp-content\/uploads\/2021\/12\/Kunkel-300x264.jpg 300w, https:\/\/zurzeit.at\/wp-content\/uploads\/2021\/12\/Kunkel-768x677.jpg 768w, https:\/\/zurzeit.at\/wp-content\/uploads\/2021\/12\/Kunkel-585x516.jpg 585w, https:\/\/zurzeit.at\/wp-content\/uploads\/2021\/12\/Kunkel-600x529.jpg 600w, https:\/\/zurzeit.at\/wp-content\/uploads\/2021\/12\/Kunkel.jpg 926w\" sizes=\"auto, (max-width: 300px) 100vw, 300px\" \/><\/a><p id=\"caption-attachment-11490\" class=\"wp-caption-text\">Thor Kunkel ist freier Schriftsteller und Kreativ-Partner der Luzerner Werbe\u00adagentur Sli-Communications. Im Februar 2022 erscheint sein neuer Roman: \u201eIm Garten der Eloi\u201c \u2013 man staune \u2013 im Europa Verlag. Es geht hier um eine literarische Aufarbeitung der K\u00f6lner Silversternacht 2015\/16, und der daraus reslutierende Untergang der deutschen Familie Grunenberg (Bild: J. Buchner)<\/p><\/div>\n<p><em>Sie meinen mit Davoser Weltwirtschafts\u00adforum den \u201eGreat Reset\u201c?<\/em><br \/>\n<strong>Kunkel:<\/strong> Genau. Deutschland soll zum Steuerelement des Great Resets gemacht werden. Das hei\u00dft es geht um die Entwicklung der EU, \u2013 bisher eine Ansammlung unabh\u00e4ngiger Staaten \u2013, zu einer einzigen politischen und fiskalischen Union. So sieht es zumindest jetzt aus.<\/p>\n<p><em>Weil sie gerade den Koalitionsvertrag erw\u00e4hnten: Im Bereich Europapolitik findet sich die Passage, dass SPD, Gr\u00fcne und FDP einen verfassungsgebenden Konvent unterst\u00fctzen, wonach die EU in einem f\u00f6deralen Bundesstaat m\u00fcnden soll. Das w\u00e4re doch die Abschaffung Deutschlands \u2013 und auch der \u00fcbrigen Mitgliedstaaten?<\/em><br \/>\n<strong>Kunkel:<\/strong> Ich w\u00fcrde auf jeden Fall die Koalitionsvereinbarung so lesen, dass nach der nun anbrechenden Legislaturperiode die Umwandlung der EU in eine Art f\u00f6derative EUSSR abgeschlossen sein wird. So l\u00e4sst es sich jedenfalls diesem politischen Fahrplan entnehmen.<\/p>\n<p><em>Etwas, was bei der Durchsicht des Koalitionsvertrages auch ins Auge f\u00e4llt, sind die Passagen zur Migrationspolitik. Scheinbar hat man aus dem Jahr 2015 nichts gelernt und h\u00e4ngt weiter multikulturellen Ideologien an.<\/em><br \/>\n<strong>Kunkel:<\/strong> Die gro\u00dfe Frage ist: Wollte man je daraus lernen? Und ist es nicht gerade diese Masse der Einwanderer, die die gro\u00dfe, von der Obrigkeit gew\u00fcnschte Transformation beschleunigen wird? Ich habe das ausf\u00fchrlich in meinem neuen Buch \u201eDer Weg der Maschine. Ann\u00e4herung an den kybernetischen Sozialismus\u201c erl\u00e4utert. Die Deutschen haben, wie Sie wissen, gewisse Schwierigkeiten mit Strategien, die indirekt und unter dem Radar ablaufen. F\u00fcr die meisten unserer Mitmenschen ist es die Fl\u00fcchtlingspolitik etwas Gutes, denn Deutschland, das ewige Land der T\u00e4ter, zeigt der Welt ein freundliches Gesicht. F\u00fcr bestimmte Politiker, die daran interessiert sind, eine \u201eOne World\u201c zu realisieren, ist es dagegen wichtig, dass die gewachsenen, tradierten Strukturen Deutschlands endlich aufgel\u00f6st werden. Das geht am besten so, dass man die Bev\u00f6lkerung kr\u00e4ftig durchmischt und ich setze daher ein gro\u00dfes Fragezeichen hinter den Satz, \u201eman habe daraus nichts gelernt\u201c. Ich glaube tats\u00e4chlich, dass alles nach Plan l\u00e4uft und dass es niemals die Absicht der deutschen Regierung war, irgendetwas aus den katastrophalen Zust\u00e4nden zu lernen.<\/p>\n<blockquote><p>\u00dcberspitzt formuliert liegt das Wahlergebnis daran, dass die AfD bei der Bundestagswahl nicht angetreten ist.<\/p><\/blockquote>\n<p><em>Und die Deutschen wollen anscheinend diesen Plan. Denn nicht umsonst haben SPD, Gr\u00fcne und FDP die Mehrheit erhalten, und wenn man das Ergebnis der Linkspartei bei der Bundestagswahl mit knapp f\u00fcnf Prozent auch mitber\u00fccksichtigt, gibt es eine klare linke Mehrheit in der Bundesrepublik.<\/em><br \/>\n<strong>Kunkel:<\/strong> \u00dcberspitzt formuliert liegt das Ergebnis, das wir jetzt haben, schlichtweg daran, dass die AfD bei der Bundestagswahl im September nicht angetreten ist. Der Wahlkampf der AfD, die 2017 noch eine junge, aufstrebende Kraft war, war bieder und langweilig. Man machte sich auch gar nicht die M\u00fche neue Zielgruppen zu erreichen. Die Aufbruchsstimmung, wie sie beispielsweise 2017 den Wahlkampf bestimmte, gab es nicht. Die Linksparteien, allen voran die SPD, h\u00e4tten deutlich schlechter abgeschnitten, w\u00e4re die AfD in ihrer alten Form angetreten. Trotzdem bleibt es fraglich, ob man die Ampel h\u00e4tte verhindern k\u00f6nnen. Aus meiner Sicht eher nicht. F\u00fcr Deutschland w\u00e4re es aber allemal besser gewesen, wenigstens eine starke Oppositionspartei im Bundestag zu wissen. So l\u00e4uft nun alles mit Riesenschritten in diese f\u00f6derative EU, daran l\u00e4\u00dft sich leider nichts \u00e4ndern .<\/p>\n<p><em>Um noch kurz bei der AfD zu bleiben. Wie sch\u00e4tzen Sie es ein: Wird die AfD aus den Fehlern des letzten Bundestagswahlkampfs lernen und angesichts der linken Ampelkoalition ihre Kr\u00e4fte b\u00fcndeln oder besser zur Geltung bringen k\u00f6nnen?<\/em><br \/>\n<strong>Kunkel:<\/strong> Der Lernprozess ist aus meiner Sicht \u00fcberhaupt nicht vorhanden, es sind keinerlei Signale zu sehen, dass sich irgend\u00adetwas b\u00fcndelt. Es wird ja auch nicht wirklich Politik gemacht. Es ist ein Armutszeugnis f\u00fcr die AfD, dass nicht einmal ein Promille der enormen Verluste der CDU\/CSU bei der AfD landeten. De facto wird die CDU nie mehr so schwach sein wie heute, und nun \u2013 so scheint es \u2013 hofft man bei der AfD, die CDU w\u00e4re gezwungen, mit der AfD als Juniorpartner zu kooperieren. Das wird nicht passieren, Friedrich Merz hat das schon deutlich gesagt. Und nochmal zum \u201elernen\u201c: Man kann ja nur lernen, wenn ernsthafte politische Arbeit geleistet wird. Was die AfD im Bundestag bietet, hat aus meiner Sicht leider den Stellenwert von stiistisch besseren B\u00fcttenreden. Der Unterhaltungswert dieser Reden ist nat\u00fcrlich beachtlich, und wenn man jetzt liest, dass in AfD-Chatgruppen davon phantasiert wird, \u201eAus dieser Nummer kommen wir nicht ohne B\u00fcrgerkrieg raus\u201c dann ist das nur Ausdruck einer allgemeinen Hilflosigkeit. Man kann nur hoffen, dass die derzeitige F\u00fchrung schnell in den Ruhestand geschickt werden wird.<\/p>\n<blockquote><p>Annalena Baerbock wird die Konfrontationspolitik der USA gegen Russ\u00adland eins zu eins fortsetzen.<\/p><\/blockquote>\n<p><em>Kann man es auch so zusammenfassen, dass sich die AfD oder gro\u00dfe Teile der Partei in eine Parallelwelt zur\u00fcckziehen?<\/em><br \/>\n<strong>Kunkel:<\/strong> Es ist sogar schlimmer, man hat sich in jener dunkeldeutschen Parallelwelt eingerichtet, die von den Medien unerm\u00fcdlich bewirtschaftet wird. Das Ganze \u00e4hnelt einem Elefantenfriedhof des alten weinerlichen wei\u00dfen Mannes, hier hofft man wird die Opposition nun friedlich schrumpfen, bis sie es nicht mehr \u00fcber die 5%-H\u00fcrde schafft.<\/p>\n<p><em>Neue Au\u00dfenministerin wird Annalena Baerbock von den Gr\u00fcnen. K\u00fcrzlich sagte Baerbock, die \u00fcber keinerlei au\u00dfenpolitische Erfahrung verf\u00fcgt, sie sei f\u00fcr H\u00e4rte und Dialog gegen\u00fcber China und verstehe Au\u00dfenpolitik als Weltinnenpolitik. Was ist in den kommenden Jahren von der Au\u00dfenpolitik zu erwarten?<\/em><br \/>\n<strong>Kunkel:<\/strong> Ich bef\u00fcrchte, dass Annalena Baerbock die Konfrontationspolitik der USA gegen Russland eins zu eins fortsetzen wird. Hier ist erheblicher Schaden zu bef\u00fcrchten \u2013 und nicht nur an den bilateralen Beziehungen. Die Gefahr einer Eskalation liegt in Baerbocks Charakter \u2013 diese Kombination aus kompletter Unf\u00e4higkeit, ma\u00dfloser Selbst\u00fcbersch\u00e4tzung und einer Skrupellosigkeit, mit allen m\u00f6glichen Methoden zu tricksen. Einen Vorgeschmack hat man im Wahlkampf bekommen.<\/p>\n<p><em>Hinzu kommt wohl auch der den Gr\u00fcnen eigene Moralismus, und wenn man sich die au\u00dfenpolitischen Passagen des Koalitionsvertrags durchliest, ist sehr oft von Werten die Rede. Gilt, \u00fcberspitzt formuliert, wieder der Satz \u201eAm deutschen Wesen soll die Welt genesen\u201c, wenngleich unter umgekehrten politischen Vorzeichen?<\/em><br \/>\n<strong>Kunkel:<\/strong> Auch da kann man wieder das sch\u00f6ne Wort \u201elernen\u201c bringen: Man hat nichts aus den fatalen Zust\u00e4nden der NS-Zeit gelernt, man glaubt tats\u00e4chlich, wieder im Besitz einer universell g\u00fcltigen Wahrheit zu sein. Und wieder ist es eine \u00fcberschaubare Gruppe von Politikern, die sich anma\u00dft, das deutsche Volk gegen seinen Willen zu g\u00e4ngeln. Es ist ein kleiner Kreis, der sein Tun und Handeln durch eine Hypermoral rechtfertigt, die f\u00fcr normale Menschen kaum mehr nachvollziehbar ist. Auch die Nationalsozialisten gaben vor, im Namen h\u00f6herer Werte zu handeln. Ich gehe so weit zu sagen: Was damals der arische Kleiderb\u00fcgel war, ist heute der multikulturelle Kaffee. Ich bekomme das auch bei der Arbeit zu sp\u00fcren, wenn Werbekunden \u2013 auch hier in der Schweiz \u2013 darauf dr\u00e4ngen, Zeichen zu setzen. Man wolle auch signalisieren, auf der H\u00f6he des Zeitgeistes zu sein, \u2013 multikulti, gegen Rassisten, egal ob das eine Relevanz f\u00fcr den Absatzmarkt hat. Dieser Eifer, dabei zu sein, erscheint mir eine hochgef\u00e4hrliche Situation, weil sie einer ungeahnten Irrationalit\u00e4t T\u00fcr und Tor \u00f6ffnet.<\/p>\n<p><em>Diese irrationalen Momente betreffen wohl auch andere Bereiche. Ich denke an die Passagen im Koalitionsvertrag zur Familienpolitik, wo Kinder bis zu vier Elternteile haben k\u00f6nnen oder zum sogenannten Rechtsextremismus, der noch st\u00e4rker als bisher bek\u00e4mpft werden soll.<\/em><br \/>\n<strong>Kunkel:<\/strong> Das ist in der Tat ein gro\u00dfes irrationales Momentum. Wir werden uns aber an solche Zust\u00e4nde gew\u00f6hnen m\u00fcssen. Ein Beispiel m\u00f6chte ich kurz erw\u00e4hnen: Man staune, dass Robert Habeck, der f\u00fcr die Aussage bekannt ist, er habe mit Deutschland nie etwas anfangen k\u00f6nnen und wisse es bis heute nicht, nun den Posten eines Superministers des Landes begleitet. Das ist ungef\u00e4hr so, als wenn jemand in einem First-Class-Restaurant einen Chefkoch einstellt, und dieser Maetre zu allererst folgendes sagt: \u201eAlso eigentlich finde ich Kochen zum Kotzen. Essen hat mich nie interessiert\u201c. Es versteht sich von selbst, dass der Restaurantbesitzer so jemandem niemals seine K\u00fcche anvertrauen w\u00fcrde. In Deutschland dagegen wird so einem Mann die Chance geboten, nun das Land, das ihm nichts bedeutet, f\u00fcr die One-World-Fanatasie der Internationalen in die Pfanne zu hauen. Andererseits, \u2013 der Aufstieg der Unf\u00e4higen geh\u00f6rt heute ebenfalls zum Programm \u2013 Kramp-Karrenbauer wurde auch von heute auf morgen zur Verteidigungsministerin berufen, und mir stellt sich allm\u00e4hlich die Frage, ob es nicht eine berechtigte Forderung w\u00e4re, das gesamte politische System einmal auf den Pr\u00fcfstand zu stellen.<br \/>\nWie kann es funktionieren, dass man in jedem Job der Welt seine Qualifikation vorweisen muss, nur nicht f\u00fcr die h\u00f6chsten \u00c4mter des Landes? Reicht es wirklich aus, einfach nur Teil eines privilegierten Kl\u00fcngels zu sein und schon l\u00e4uft es rund? Diese fragw\u00fcrdige Personalpolitik ist mit Sicherheit auch ein Grund, warum effektive Oppositionsarbeit in Deutschland immer schwieriger wird.<\/p>\n<p>Das Gespr\u00e4ch f\u00fchrte<strong> Bernhard Tomaschitz<\/strong>.<\/p>\n","protected":false},"excerpt":{"rendered":"<p>Bild: Wikipedia \/ World Economic Forum (www.weforum.org) swiss-image.ch\/Photo by Remy Steinegger Lizenz: CC BY-SA 2.0&hellip;<\/p>\n","protected":false},"author":3,"featured_media":11491,"comment_status":"open","ping_status":"closed","sticky":false,"template":"","format":"standard","meta":{"footnotes":""},"categories":[49,47,48],"tags":[6971,5826,342,60,344,4904,142,2546,309,343,6972],"class_list":["post-11489","post","type-post","status-publish","format-standard","has-post-thumbnail","hentry","category-ausland","category-deutschland","category-europa","tag-ampel","tag-baerbock","tag-cdu","tag-deutschland","tag-fdp","tag-great-reset","tag-gruene","tag-lindner","tag-scholz","tag-spd","tag-untergang"],"yoast_head":"<!-- This site is optimized with the Yoast SEO plugin v28.3 - https:\/\/yoast.com\/product\/yoast-seo-wordpress\/ -->\n<title>&quot;Der &#039;Great reset&#039; soll zum Steuerelement gemacht werden&quot; - ZurZeit<\/title>\n<meta name=\"robots\" content=\"index, follow, max-snippet:-1, max-image-preview:large, max-video-preview:-1\" \/>\n<link rel=\"canonical\" href=\"https:\/\/zurzeit.at\/index.php\/der-great-reset-soll-zum-steuerelement-gemacht-werden\/\" \/>\n<meta property=\"og:locale\" content=\"de_DE\" \/>\n<meta property=\"og:type\" content=\"article\" \/>\n<meta property=\"og:title\" content=\"&quot;Der &#039;Great reset&#039; soll zum Steuerelement gemacht werden&quot; - ZurZeit\" \/>\n<meta property=\"og:description\" content=\"Bild: Wikipedia \/ World Economic Forum (www.weforum.org) swiss-image.ch\/Photo by Remy Steinegger Lizenz: CC BY-SA 2.0&hellip;\" \/>\n<meta property=\"og:url\" content=\"https:\/\/zurzeit.at\/index.php\/der-great-reset-soll-zum-steuerelement-gemacht-werden\/\" \/>\n<meta property=\"og:site_name\" content=\"ZurZeit\" \/>\n<meta property=\"article:publisher\" content=\"https:\/\/www.facebook.com\/wochenmagazinZurZeit\/\" \/>\n<meta property=\"article:published_time\" content=\"2021-12-09T13:56:11+00:00\" \/>\n<meta property=\"og:image\" content=\"https:\/\/zurzeit.at\/wp-content\/uploads\/2021\/12\/1110px-Klaus_Schwab_WEF_2008.jpg\" \/>\n\t<meta property=\"og:image:width\" content=\"1110\" \/>\n\t<meta property=\"og:image:height\" content=\"720\" \/>\n\t<meta property=\"og:image:type\" content=\"image\/jpeg\" \/>\n<meta name=\"author\" content=\"admin2\" \/>\n<meta name=\"twitter:card\" content=\"summary_large_image\" \/>\n<meta name=\"twitter:label1\" content=\"Verfasst von\" \/>\n\t<meta name=\"twitter:data1\" content=\"admin2\" \/>\n\t<meta name=\"twitter:label2\" content=\"Gesch\u00e4tzte Lesezeit\" \/>\n\t<meta name=\"twitter:data2\" content=\"8\u00a0Minuten\" \/>\n<script type=\"application\/ld+json\" class=\"yoast-schema-graph\">{\"@context\":\"https:\\\/\\\/schema.org\",\"@graph\":[{\"@type\":\"Article\",\"@id\":\"https:\\\/\\\/zurzeit.at\\\/index.php\\\/der-great-reset-soll-zum-steuerelement-gemacht-werden\\\/#article\",\"isPartOf\":{\"@id\":\"https:\\\/\\\/zurzeit.at\\\/index.php\\\/der-great-reset-soll-zum-steuerelement-gemacht-werden\\\/\"},\"author\":{\"name\":\"admin2\",\"@id\":\"https:\\\/\\\/zurzeit.at\\\/#\\\/schema\\\/person\\\/e6f4284c4ffdba25c26f295806088e37\"},\"headline\":\"&#8222;Der &#8218;Great reset&#8216; soll zum Steuerelement gemacht werden&#8220;\",\"datePublished\":\"2021-12-09T13:56:11+00:00\",\"mainEntityOfPage\":{\"@id\":\"https:\\\/\\\/zurzeit.at\\\/index.php\\\/der-great-reset-soll-zum-steuerelement-gemacht-werden\\\/\"},\"wordCount\":1694,\"commentCount\":1,\"image\":{\"@id\":\"https:\\\/\\\/zurzeit.at\\\/index.php\\\/der-great-reset-soll-zum-steuerelement-gemacht-werden\\\/#primaryimage\"},\"thumbnailUrl\":\"https:\\\/\\\/zurzeit.at\\\/wp-content\\\/uploads\\\/2021\\\/12\\\/1110px-Klaus_Schwab_WEF_2008.jpg\",\"keywords\":[\"Ampel\",\"Baerbock\",\"CDU\",\"Deutschland\",\"FDP\",\"Great Reset\",\"Gr\u00fcne\",\"Lindner\",\"Scholz\",\"SPD\",\"Untergang\"],\"articleSection\":[\"Ausland\",\"Deutschland\",\"Europa\"],\"inLanguage\":\"de\",\"potentialAction\":[{\"@type\":\"CommentAction\",\"name\":\"Comment\",\"target\":[\"https:\\\/\\\/zurzeit.at\\\/index.php\\\/der-great-reset-soll-zum-steuerelement-gemacht-werden\\\/#respond\"]}]},{\"@type\":\"WebPage\",\"@id\":\"https:\\\/\\\/zurzeit.at\\\/index.php\\\/der-great-reset-soll-zum-steuerelement-gemacht-werden\\\/\",\"url\":\"https:\\\/\\\/zurzeit.at\\\/index.php\\\/der-great-reset-soll-zum-steuerelement-gemacht-werden\\\/\",\"name\":\"\\\"Der 'Great reset' soll zum Steuerelement gemacht werden\\\" - ZurZeit\",\"isPartOf\":{\"@id\":\"https:\\\/\\\/zurzeit.at\\\/#website\"},\"primaryImageOfPage\":{\"@id\":\"https:\\\/\\\/zurzeit.at\\\/index.php\\\/der-great-reset-soll-zum-steuerelement-gemacht-werden\\\/#primaryimage\"},\"image\":{\"@id\":\"https:\\\/\\\/zurzeit.at\\\/index.php\\\/der-great-reset-soll-zum-steuerelement-gemacht-werden\\\/#primaryimage\"},\"thumbnailUrl\":\"https:\\\/\\\/zurzeit.at\\\/wp-content\\\/uploads\\\/2021\\\/12\\\/1110px-Klaus_Schwab_WEF_2008.jpg\",\"datePublished\":\"2021-12-09T13:56:11+00:00\",\"author\":{\"@id\":\"https:\\\/\\\/zurzeit.at\\\/#\\\/schema\\\/person\\\/e6f4284c4ffdba25c26f295806088e37\"},\"breadcrumb\":{\"@id\":\"https:\\\/\\\/zurzeit.at\\\/index.php\\\/der-great-reset-soll-zum-steuerelement-gemacht-werden\\\/#breadcrumb\"},\"inLanguage\":\"de\",\"potentialAction\":[{\"@type\":\"ReadAction\",\"target\":[\"https:\\\/\\\/zurzeit.at\\\/index.php\\\/der-great-reset-soll-zum-steuerelement-gemacht-werden\\\/\"]}]},{\"@type\":\"ImageObject\",\"inLanguage\":\"de\",\"@id\":\"https:\\\/\\\/zurzeit.at\\\/index.php\\\/der-great-reset-soll-zum-steuerelement-gemacht-werden\\\/#primaryimage\",\"url\":\"https:\\\/\\\/zurzeit.at\\\/wp-content\\\/uploads\\\/2021\\\/12\\\/1110px-Klaus_Schwab_WEF_2008.jpg\",\"contentUrl\":\"https:\\\/\\\/zurzeit.at\\\/wp-content\\\/uploads\\\/2021\\\/12\\\/1110px-Klaus_Schwab_WEF_2008.jpg\",\"width\":1110,\"height\":720,\"caption\":\"DAVOS\\\/SWITZERLAND, 27JAN08 - captured during the session 'Message from Davos: Believing in the Future' at the Annual Meeting 2008 of the World Economic Forum in Davos, Switzerland, January 27, 2008. ..Copyright by World Economic Forum swiss-image.ch\\\/Photo by Remy Steinegger..+++No resale, no archive+++\"},{\"@type\":\"BreadcrumbList\",\"@id\":\"https:\\\/\\\/zurzeit.at\\\/index.php\\\/der-great-reset-soll-zum-steuerelement-gemacht-werden\\\/#breadcrumb\",\"itemListElement\":[{\"@type\":\"ListItem\",\"position\":1,\"name\":\"Startseite\",\"item\":\"https:\\\/\\\/zurzeit.at\\\/\"},{\"@type\":\"ListItem\",\"position\":2,\"name\":\"&#8220;Der &#8216;Great reset&#8217; soll zum Steuerelement gemacht werden&#8221;\"}]},{\"@type\":\"WebSite\",\"@id\":\"https:\\\/\\\/zurzeit.at\\\/#website\",\"url\":\"https:\\\/\\\/zurzeit.at\\\/\",\"name\":\"ZurZeit\",\"description\":\"Internetseite des Wochenmagazins ZurZeit\",\"potentialAction\":[{\"@type\":\"SearchAction\",\"target\":{\"@type\":\"EntryPoint\",\"urlTemplate\":\"https:\\\/\\\/zurzeit.at\\\/?s={search_term_string}\"},\"query-input\":{\"@type\":\"PropertyValueSpecification\",\"valueRequired\":true,\"valueName\":\"search_term_string\"}}],\"inLanguage\":\"de\"},{\"@type\":\"Person\",\"@id\":\"https:\\\/\\\/zurzeit.at\\\/#\\\/schema\\\/person\\\/e6f4284c4ffdba25c26f295806088e37\",\"name\":\"admin2\",\"image\":{\"@type\":\"ImageObject\",\"inLanguage\":\"de\",\"@id\":\"https:\\\/\\\/secure.gravatar.com\\\/avatar\\\/6b01edb108b3f79fc8950358251ecf3b91c228e319139ad1beec43b6b1b16470?s=96&d=mm&r=g\",\"url\":\"https:\\\/\\\/secure.gravatar.com\\\/avatar\\\/6b01edb108b3f79fc8950358251ecf3b91c228e319139ad1beec43b6b1b16470?s=96&d=mm&r=g\",\"contentUrl\":\"https:\\\/\\\/secure.gravatar.com\\\/avatar\\\/6b01edb108b3f79fc8950358251ecf3b91c228e319139ad1beec43b6b1b16470?s=96&d=mm&r=g\",\"caption\":\"admin2\"},\"url\":\"https:\\\/\\\/zurzeit.at\\\/index.php\\\/author\\\/admin2\\\/\"}]}<\/script>\n<!-- \/ Yoast SEO plugin. -->","yoast_head_json":{"title":"\"Der 'Great reset' soll zum Steuerelement gemacht werden\" - ZurZeit","robots":{"index":"index","follow":"follow","max-snippet":"max-snippet:-1","max-image-preview":"max-image-preview:large","max-video-preview":"max-video-preview:-1"},"canonical":"https:\/\/zurzeit.at\/index.php\/der-great-reset-soll-zum-steuerelement-gemacht-werden\/","og_locale":"de_DE","og_type":"article","og_title":"\"Der 'Great reset' soll zum Steuerelement gemacht werden\" - ZurZeit","og_description":"Bild: Wikipedia \/ World Economic Forum (www.weforum.org) swiss-image.ch\/Photo by Remy Steinegger Lizenz: CC BY-SA 2.0&hellip;","og_url":"https:\/\/zurzeit.at\/index.php\/der-great-reset-soll-zum-steuerelement-gemacht-werden\/","og_site_name":"ZurZeit","article_publisher":"https:\/\/www.facebook.com\/wochenmagazinZurZeit\/","article_published_time":"2021-12-09T13:56:11+00:00","og_image":[{"width":1110,"height":720,"url":"https:\/\/zurzeit.at\/wp-content\/uploads\/2021\/12\/1110px-Klaus_Schwab_WEF_2008.jpg","type":"image\/jpeg"}],"author":"admin2","twitter_card":"summary_large_image","twitter_misc":{"Verfasst von":"admin2","Gesch\u00e4tzte Lesezeit":"8\u00a0Minuten"},"schema":{"@context":"https:\/\/schema.org","@graph":[{"@type":"Article","@id":"https:\/\/zurzeit.at\/index.php\/der-great-reset-soll-zum-steuerelement-gemacht-werden\/#article","isPartOf":{"@id":"https:\/\/zurzeit.at\/index.php\/der-great-reset-soll-zum-steuerelement-gemacht-werden\/"},"author":{"name":"admin2","@id":"https:\/\/zurzeit.at\/#\/schema\/person\/e6f4284c4ffdba25c26f295806088e37"},"headline":"&#8222;Der &#8218;Great reset&#8216; soll zum Steuerelement gemacht werden&#8220;","datePublished":"2021-12-09T13:56:11+00:00","mainEntityOfPage":{"@id":"https:\/\/zurzeit.at\/index.php\/der-great-reset-soll-zum-steuerelement-gemacht-werden\/"},"wordCount":1694,"commentCount":1,"image":{"@id":"https:\/\/zurzeit.at\/index.php\/der-great-reset-soll-zum-steuerelement-gemacht-werden\/#primaryimage"},"thumbnailUrl":"https:\/\/zurzeit.at\/wp-content\/uploads\/2021\/12\/1110px-Klaus_Schwab_WEF_2008.jpg","keywords":["Ampel","Baerbock","CDU","Deutschland","FDP","Great Reset","Gr\u00fcne","Lindner","Scholz","SPD","Untergang"],"articleSection":["Ausland","Deutschland","Europa"],"inLanguage":"de","potentialAction":[{"@type":"CommentAction","name":"Comment","target":["https:\/\/zurzeit.at\/index.php\/der-great-reset-soll-zum-steuerelement-gemacht-werden\/#respond"]}]},{"@type":"WebPage","@id":"https:\/\/zurzeit.at\/index.php\/der-great-reset-soll-zum-steuerelement-gemacht-werden\/","url":"https:\/\/zurzeit.at\/index.php\/der-great-reset-soll-zum-steuerelement-gemacht-werden\/","name":"\"Der 'Great reset' soll zum Steuerelement gemacht werden\" - ZurZeit","isPartOf":{"@id":"https:\/\/zurzeit.at\/#website"},"primaryImageOfPage":{"@id":"https:\/\/zurzeit.at\/index.php\/der-great-reset-soll-zum-steuerelement-gemacht-werden\/#primaryimage"},"image":{"@id":"https:\/\/zurzeit.at\/index.php\/der-great-reset-soll-zum-steuerelement-gemacht-werden\/#primaryimage"},"thumbnailUrl":"https:\/\/zurzeit.at\/wp-content\/uploads\/2021\/12\/1110px-Klaus_Schwab_WEF_2008.jpg","datePublished":"2021-12-09T13:56:11+00:00","author":{"@id":"https:\/\/zurzeit.at\/#\/schema\/person\/e6f4284c4ffdba25c26f295806088e37"},"breadcrumb":{"@id":"https:\/\/zurzeit.at\/index.php\/der-great-reset-soll-zum-steuerelement-gemacht-werden\/#breadcrumb"},"inLanguage":"de","potentialAction":[{"@type":"ReadAction","target":["https:\/\/zurzeit.at\/index.php\/der-great-reset-soll-zum-steuerelement-gemacht-werden\/"]}]},{"@type":"ImageObject","inLanguage":"de","@id":"https:\/\/zurzeit.at\/index.php\/der-great-reset-soll-zum-steuerelement-gemacht-werden\/#primaryimage","url":"https:\/\/zurzeit.at\/wp-content\/uploads\/2021\/12\/1110px-Klaus_Schwab_WEF_2008.jpg","contentUrl":"https:\/\/zurzeit.at\/wp-content\/uploads\/2021\/12\/1110px-Klaus_Schwab_WEF_2008.jpg","width":1110,"height":720,"caption":"DAVOS\/SWITZERLAND, 27JAN08 - captured during the session 'Message from Davos: Believing in the Future' at the Annual Meeting 2008 of the World Economic Forum in Davos, Switzerland, January 27, 2008. ..Copyright by World Economic Forum swiss-image.ch\/Photo by Remy Steinegger..+++No resale, no archive+++"},{"@type":"BreadcrumbList","@id":"https:\/\/zurzeit.at\/index.php\/der-great-reset-soll-zum-steuerelement-gemacht-werden\/#breadcrumb","itemListElement":[{"@type":"ListItem","position":1,"name":"Startseite","item":"https:\/\/zurzeit.at\/"},{"@type":"ListItem","position":2,"name":"&#8220;Der &#8216;Great reset&#8217; soll zum Steuerelement gemacht werden&#8221;"}]},{"@type":"WebSite","@id":"https:\/\/zurzeit.at\/#website","url":"https:\/\/zurzeit.at\/","name":"ZurZeit","description":"Internetseite des Wochenmagazins ZurZeit","potentialAction":[{"@type":"SearchAction","target":{"@type":"EntryPoint","urlTemplate":"https:\/\/zurzeit.at\/?s={search_term_string}"},"query-input":{"@type":"PropertyValueSpecification","valueRequired":true,"valueName":"search_term_string"}}],"inLanguage":"de"},{"@type":"Person","@id":"https:\/\/zurzeit.at\/#\/schema\/person\/e6f4284c4ffdba25c26f295806088e37","name":"admin2","image":{"@type":"ImageObject","inLanguage":"de","@id":"https:\/\/secure.gravatar.com\/avatar\/6b01edb108b3f79fc8950358251ecf3b91c228e319139ad1beec43b6b1b16470?s=96&d=mm&r=g","url":"https:\/\/secure.gravatar.com\/avatar\/6b01edb108b3f79fc8950358251ecf3b91c228e319139ad1beec43b6b1b16470?s=96&d=mm&r=g","contentUrl":"https:\/\/secure.gravatar.com\/avatar\/6b01edb108b3f79fc8950358251ecf3b91c228e319139ad1beec43b6b1b16470?s=96&d=mm&r=g","caption":"admin2"},"url":"https:\/\/zurzeit.at\/index.php\/author\/admin2\/"}]}},"_links":{"self":[{"href":"https:\/\/zurzeit.at\/index.php\/wp-json\/wp\/v2\/posts\/11489","targetHints":{"allow":["GET"]}}],"collection":[{"href":"https:\/\/zurzeit.at\/index.php\/wp-json\/wp\/v2\/posts"}],"about":[{"href":"https:\/\/zurzeit.at\/index.php\/wp-json\/wp\/v2\/types\/post"}],"author":[{"embeddable":true,"href":"https:\/\/zurzeit.at\/index.php\/wp-json\/wp\/v2\/users\/3"}],"replies":[{"embeddable":true,"href":"https:\/\/zurzeit.at\/index.php\/wp-json\/wp\/v2\/comments?post=11489"}],"version-history":[{"count":2,"href":"https:\/\/zurzeit.at\/index.php\/wp-json\/wp\/v2\/posts\/11489\/revisions"}],"predecessor-version":[{"id":11493,"href":"https:\/\/zurzeit.at\/index.php\/wp-json\/wp\/v2\/posts\/11489\/revisions\/11493"}],"wp:featuredmedia":[{"embeddable":true,"href":"https:\/\/zurzeit.at\/index.php\/wp-json\/wp\/v2\/media\/11491"}],"wp:attachment":[{"href":"https:\/\/zurzeit.at\/index.php\/wp-json\/wp\/v2\/media?parent=11489"}],"wp:term":[{"taxonomy":"category","embeddable":true,"href":"https:\/\/zurzeit.at\/index.php\/wp-json\/wp\/v2\/categories?post=11489"},{"taxonomy":"post_tag","embeddable":true,"href":"https:\/\/zurzeit.at\/index.php\/wp-json\/wp\/v2\/tags?post=11489"}],"curies":[{"name":"wp","href":"https:\/\/api.w.org\/{rel}","templated":true}]}}