{"id":11633,"date":"2021-12-17T12:02:48","date_gmt":"2021-12-17T11:02:48","guid":{"rendered":"http:\/\/zurzeit.at\/?p=11633"},"modified":"2021-12-17T12:02:48","modified_gmt":"2021-12-17T11:02:48","slug":"daenemark-mietet-im-kosovo-300-gefaengniszellen-fuer-schubhaeftlinge","status":"publish","type":"post","link":"https:\/\/zurzeit.at\/index.php\/daenemark-mietet-im-kosovo-300-gefaengniszellen-fuer-schubhaeftlinge\/","title":{"rendered":"D\u00e4nemark mietet im Kosovo 300 Gef\u00e4ngniszellen f\u00fcr Schubh\u00e4ftlinge"},"content":{"rendered":"<p><span class=\"licensetpl_attr\">Autor: <a href=\"https:\/\/zurzeit.at\/index.php\/autoren\/\">B.T.<\/a> Bild: <a href=\"https:\/\/pixabay.com\/de\/vectors\/gef%C3%A4ngnis-gef%C3%A4ngnisbar-1287943\/\">Pixabay <\/a><\/span><span class=\"plainlinks noprint\">Lizenz: &#8211;<br \/>\n<\/span><\/p>\n<hr \/>\n<h1>Am Montag soll in Pristina entsprechendes Abkommen unterzeichnet werden<\/h1>\n<p>D\u00e4nemark leidet wie auch andere europ\u00e4ische Staaten an vollen Gef\u00e4ngnissen. Laut Justizminister Nick H\u00e6kkerup werden in den d\u00e4nischen Haftanstalten bis 2025 1.000 zus\u00e4tzliche Pl\u00e4tze ben\u00f6tigt. Im Zuge einer gro\u00dfangelegten Reform des Gef\u00e4ngniswesens in H\u00f6he von umgerechnet 538 Millionen Euro geht die sozialdemokratische Minderheitsregierung nun einen ungew\u00f6hnlichen Weg. Um die eigenen Haftanstalten zu entlasten, wird D\u00e4nemark 300 Gef\u00e4ngnispl\u00e4tze im Kosovo mieten. In den angemieteten Gef\u00e4ngniszellen sollen d\u00e4nische Regeln gelten.<\/p>\n<p>Die D\u00e4nische Volkspartei und die Konservativen unterst\u00fctzen das Vorhaben der Regierung. Am Montag wird H\u00e6kkerup zur Unterzeichnung des Abkommens nach Pristina reisen. Im Kosovo untergebracht werden sollen ausschlie\u00dflich Abschiebeh\u00e4ftlinge. \u201eWir mieten im Kosovo ein Gef\u00e4ngnis mit Platz f\u00fcr 300 zur Abschiebung verurteilte Ausl\u00e4nder. Dies wird sowohl Platz in unseren Gef\u00e4ngnissen schaffen als auch den Druck auf unsere Gef\u00e4ngnisbeamten verringern. Und es sendet ein klares Signal an die Abgeschobenen, dass sie in D\u00e4nemark keine Zukunft haben\u201c, wird Justizminister H\u00e6kkerup von d\u00e4nische Medien zitiert.<\/p>\n<p>Ein weiteres Ziel der geplanten Ma\u00dfnahme ist laut H\u00e6kkerup die Entlastung des Gef\u00e4ngnispersonals: \u201eGleichzeitig gew\u00e4hrleisten wir bessere Arbeitsbedingungen f\u00fcr unsere Vollzugsbeamten, die seit Jahren eine schwere Last tragen\u201c. Im 5,8 Millionen Einwohner z\u00e4hlenden D\u00e4nemark gibt es mehr als 4.000 H\u00e4ftlinge. Seit 2015 verzeichnet das nordeurop\u00e4ische Land einen Anstieg der Gef\u00e4ngnisinsassen um 19 Prozent.<\/p>\n","protected":false},"excerpt":{"rendered":"<p>Autor: B.T. Bild: Pixabay Lizenz: &#8211; Am Montag soll in Pristina entsprechendes Abkommen unterzeichnet werden&hellip;<\/p>\n","protected":false},"author":3,"featured_media":11635,"comment_status":"open","ping_status":"closed","sticky":false,"template":"","format":"standard","meta":{"footnotes":""},"categories":[48],"tags":[228,1331,7042,200,776,2155,7043,7041],"class_list":["post-11633","post","type-post","status-publish","format-standard","has-post-thumbnail","hentry","category-europa","tag-daenemark","tag-gefaengnis","tag-haeftling","tag-justiz","tag-kosovo","tag-nick-haekkerup","tag-schubhaeftling","tag-vollzug"],"yoast_head":"<!-- This site is optimized with the Yoast SEO plugin v28.3 - https:\/\/yoast.com\/product\/yoast-seo-wordpress\/ -->\n<title>D\u00e4nemark mietet im Kosovo 300 Gef\u00e4ngniszellen f\u00fcr Schubh\u00e4ftlinge - ZurZeit<\/title>\n<meta name=\"robots\" content=\"index, follow, max-snippet:-1, max-image-preview:large, max-video-preview:-1\" \/>\n<link rel=\"canonical\" href=\"https:\/\/zurzeit.at\/index.php\/daenemark-mietet-im-kosovo-300-gefaengniszellen-fuer-schubhaeftlinge\/\" \/>\n<meta property=\"og:locale\" content=\"de_DE\" \/>\n<meta property=\"og:type\" content=\"article\" \/>\n<meta property=\"og:title\" content=\"D\u00e4nemark mietet im Kosovo 300 Gef\u00e4ngniszellen f\u00fcr Schubh\u00e4ftlinge - ZurZeit\" \/>\n<meta property=\"og:description\" content=\"Autor: B.T. Bild: Pixabay Lizenz: &#8211; Am Montag soll in Pristina entsprechendes Abkommen unterzeichnet werden&hellip;\" \/>\n<meta property=\"og:url\" content=\"https:\/\/zurzeit.at\/index.php\/daenemark-mietet-im-kosovo-300-gefaengniszellen-fuer-schubhaeftlinge\/\" \/>\n<meta property=\"og:site_name\" content=\"ZurZeit\" \/>\n<meta property=\"article:publisher\" content=\"https:\/\/www.facebook.com\/wochenmagazinZurZeit\/\" \/>\n<meta property=\"article:published_time\" content=\"2021-12-17T11:02:48+00:00\" \/>\n<meta property=\"og:image\" content=\"https:\/\/zurzeit.at\/wp-content\/uploads\/2021\/12\/jail-g786e71dd5_1280.png\" \/>\n\t<meta property=\"og:image:width\" content=\"1280\" \/>\n\t<meta property=\"og:image:height\" content=\"792\" \/>\n\t<meta property=\"og:image:type\" content=\"image\/png\" \/>\n<meta name=\"author\" content=\"admin2\" \/>\n<meta name=\"twitter:card\" content=\"summary_large_image\" \/>\n<meta name=\"twitter:label1\" content=\"Verfasst von\" \/>\n\t<meta name=\"twitter:data1\" content=\"admin2\" \/>\n\t<meta name=\"twitter:label2\" content=\"Gesch\u00e4tzte Lesezeit\" \/>\n\t<meta name=\"twitter:data2\" content=\"1\u00a0Minute\" \/>\n<script type=\"application\/ld+json\" class=\"yoast-schema-graph\">{\"@context\":\"https:\\\/\\\/schema.org\",\"@graph\":[{\"@type\":\"Article\",\"@id\":\"https:\\\/\\\/zurzeit.at\\\/index.php\\\/daenemark-mietet-im-kosovo-300-gefaengniszellen-fuer-schubhaeftlinge\\\/#article\",\"isPartOf\":{\"@id\":\"https:\\\/\\\/zurzeit.at\\\/index.php\\\/daenemark-mietet-im-kosovo-300-gefaengniszellen-fuer-schubhaeftlinge\\\/\"},\"author\":{\"name\":\"admin2\",\"@id\":\"https:\\\/\\\/zurzeit.at\\\/#\\\/schema\\\/person\\\/e6f4284c4ffdba25c26f295806088e37\"},\"headline\":\"D\u00e4nemark mietet im Kosovo 300 Gef\u00e4ngniszellen f\u00fcr Schubh\u00e4ftlinge\",\"datePublished\":\"2021-12-17T11:02:48+00:00\",\"mainEntityOfPage\":{\"@id\":\"https:\\\/\\\/zurzeit.at\\\/index.php\\\/daenemark-mietet-im-kosovo-300-gefaengniszellen-fuer-schubhaeftlinge\\\/\"},\"wordCount\":261,\"commentCount\":0,\"image\":{\"@id\":\"https:\\\/\\\/zurzeit.at\\\/index.php\\\/daenemark-mietet-im-kosovo-300-gefaengniszellen-fuer-schubhaeftlinge\\\/#primaryimage\"},\"thumbnailUrl\":\"https:\\\/\\\/zurzeit.at\\\/wp-content\\\/uploads\\\/2021\\\/12\\\/jail-g786e71dd5_1280.png\",\"keywords\":[\"D\u00e4nemark\",\"Gef\u00e4ngnis\",\"H\u00e4ftling\",\"Justiz\",\"Kosovo\",\"Nick Haekkerup\",\"Schubh\u00e4ftling\",\"Vollzug\"],\"articleSection\":[\"Europa\"],\"inLanguage\":\"de\",\"potentialAction\":[{\"@type\":\"CommentAction\",\"name\":\"Comment\",\"target\":[\"https:\\\/\\\/zurzeit.at\\\/index.php\\\/daenemark-mietet-im-kosovo-300-gefaengniszellen-fuer-schubhaeftlinge\\\/#respond\"]}]},{\"@type\":\"WebPage\",\"@id\":\"https:\\\/\\\/zurzeit.at\\\/index.php\\\/daenemark-mietet-im-kosovo-300-gefaengniszellen-fuer-schubhaeftlinge\\\/\",\"url\":\"https:\\\/\\\/zurzeit.at\\\/index.php\\\/daenemark-mietet-im-kosovo-300-gefaengniszellen-fuer-schubhaeftlinge\\\/\",\"name\":\"D\u00e4nemark mietet im Kosovo 300 Gef\u00e4ngniszellen f\u00fcr Schubh\u00e4ftlinge - ZurZeit\",\"isPartOf\":{\"@id\":\"https:\\\/\\\/zurzeit.at\\\/#website\"},\"primaryImageOfPage\":{\"@id\":\"https:\\\/\\\/zurzeit.at\\\/index.php\\\/daenemark-mietet-im-kosovo-300-gefaengniszellen-fuer-schubhaeftlinge\\\/#primaryimage\"},\"image\":{\"@id\":\"https:\\\/\\\/zurzeit.at\\\/index.php\\\/daenemark-mietet-im-kosovo-300-gefaengniszellen-fuer-schubhaeftlinge\\\/#primaryimage\"},\"thumbnailUrl\":\"https:\\\/\\\/zurzeit.at\\\/wp-content\\\/uploads\\\/2021\\\/12\\\/jail-g786e71dd5_1280.png\",\"datePublished\":\"2021-12-17T11:02:48+00:00\",\"author\":{\"@id\":\"https:\\\/\\\/zurzeit.at\\\/#\\\/schema\\\/person\\\/e6f4284c4ffdba25c26f295806088e37\"},\"breadcrumb\":{\"@id\":\"https:\\\/\\\/zurzeit.at\\\/index.php\\\/daenemark-mietet-im-kosovo-300-gefaengniszellen-fuer-schubhaeftlinge\\\/#breadcrumb\"},\"inLanguage\":\"de\",\"potentialAction\":[{\"@type\":\"ReadAction\",\"target\":[\"https:\\\/\\\/zurzeit.at\\\/index.php\\\/daenemark-mietet-im-kosovo-300-gefaengniszellen-fuer-schubhaeftlinge\\\/\"]}]},{\"@type\":\"ImageObject\",\"inLanguage\":\"de\",\"@id\":\"https:\\\/\\\/zurzeit.at\\\/index.php\\\/daenemark-mietet-im-kosovo-300-gefaengniszellen-fuer-schubhaeftlinge\\\/#primaryimage\",\"url\":\"https:\\\/\\\/zurzeit.at\\\/wp-content\\\/uploads\\\/2021\\\/12\\\/jail-g786e71dd5_1280.png\",\"contentUrl\":\"https:\\\/\\\/zurzeit.at\\\/wp-content\\\/uploads\\\/2021\\\/12\\\/jail-g786e71dd5_1280.png\",\"width\":1280,\"height\":792},{\"@type\":\"BreadcrumbList\",\"@id\":\"https:\\\/\\\/zurzeit.at\\\/index.php\\\/daenemark-mietet-im-kosovo-300-gefaengniszellen-fuer-schubhaeftlinge\\\/#breadcrumb\",\"itemListElement\":[{\"@type\":\"ListItem\",\"position\":1,\"name\":\"Startseite\",\"item\":\"https:\\\/\\\/zurzeit.at\\\/\"},{\"@type\":\"ListItem\",\"position\":2,\"name\":\"D\u00e4nemark mietet im Kosovo 300 Gef\u00e4ngniszellen f\u00fcr Schubh\u00e4ftlinge\"}]},{\"@type\":\"WebSite\",\"@id\":\"https:\\\/\\\/zurzeit.at\\\/#website\",\"url\":\"https:\\\/\\\/zurzeit.at\\\/\",\"name\":\"ZurZeit\",\"description\":\"Internetseite des Wochenmagazins ZurZeit\",\"potentialAction\":[{\"@type\":\"SearchAction\",\"target\":{\"@type\":\"EntryPoint\",\"urlTemplate\":\"https:\\\/\\\/zurzeit.at\\\/?s={search_term_string}\"},\"query-input\":{\"@type\":\"PropertyValueSpecification\",\"valueRequired\":true,\"valueName\":\"search_term_string\"}}],\"inLanguage\":\"de\"},{\"@type\":\"Person\",\"@id\":\"https:\\\/\\\/zurzeit.at\\\/#\\\/schema\\\/person\\\/e6f4284c4ffdba25c26f295806088e37\",\"name\":\"admin2\",\"image\":{\"@type\":\"ImageObject\",\"inLanguage\":\"de\",\"@id\":\"https:\\\/\\\/secure.gravatar.com\\\/avatar\\\/6b01edb108b3f79fc8950358251ecf3b91c228e319139ad1beec43b6b1b16470?s=96&d=mm&r=g\",\"url\":\"https:\\\/\\\/secure.gravatar.com\\\/avatar\\\/6b01edb108b3f79fc8950358251ecf3b91c228e319139ad1beec43b6b1b16470?s=96&d=mm&r=g\",\"contentUrl\":\"https:\\\/\\\/secure.gravatar.com\\\/avatar\\\/6b01edb108b3f79fc8950358251ecf3b91c228e319139ad1beec43b6b1b16470?s=96&d=mm&r=g\",\"caption\":\"admin2\"},\"url\":\"https:\\\/\\\/zurzeit.at\\\/index.php\\\/author\\\/admin2\\\/\"}]}<\/script>\n<!-- \/ Yoast SEO plugin. -->","yoast_head_json":{"title":"D\u00e4nemark mietet im Kosovo 300 Gef\u00e4ngniszellen f\u00fcr Schubh\u00e4ftlinge - ZurZeit","robots":{"index":"index","follow":"follow","max-snippet":"max-snippet:-1","max-image-preview":"max-image-preview:large","max-video-preview":"max-video-preview:-1"},"canonical":"https:\/\/zurzeit.at\/index.php\/daenemark-mietet-im-kosovo-300-gefaengniszellen-fuer-schubhaeftlinge\/","og_locale":"de_DE","og_type":"article","og_title":"D\u00e4nemark mietet im Kosovo 300 Gef\u00e4ngniszellen f\u00fcr Schubh\u00e4ftlinge - ZurZeit","og_description":"Autor: B.T. Bild: Pixabay Lizenz: &#8211; Am Montag soll in Pristina entsprechendes Abkommen unterzeichnet werden&hellip;","og_url":"https:\/\/zurzeit.at\/index.php\/daenemark-mietet-im-kosovo-300-gefaengniszellen-fuer-schubhaeftlinge\/","og_site_name":"ZurZeit","article_publisher":"https:\/\/www.facebook.com\/wochenmagazinZurZeit\/","article_published_time":"2021-12-17T11:02:48+00:00","og_image":[{"width":1280,"height":792,"url":"https:\/\/zurzeit.at\/wp-content\/uploads\/2021\/12\/jail-g786e71dd5_1280.png","type":"image\/png"}],"author":"admin2","twitter_card":"summary_large_image","twitter_misc":{"Verfasst von":"admin2","Gesch\u00e4tzte Lesezeit":"1\u00a0Minute"},"schema":{"@context":"https:\/\/schema.org","@graph":[{"@type":"Article","@id":"https:\/\/zurzeit.at\/index.php\/daenemark-mietet-im-kosovo-300-gefaengniszellen-fuer-schubhaeftlinge\/#article","isPartOf":{"@id":"https:\/\/zurzeit.at\/index.php\/daenemark-mietet-im-kosovo-300-gefaengniszellen-fuer-schubhaeftlinge\/"},"author":{"name":"admin2","@id":"https:\/\/zurzeit.at\/#\/schema\/person\/e6f4284c4ffdba25c26f295806088e37"},"headline":"D\u00e4nemark mietet im Kosovo 300 Gef\u00e4ngniszellen f\u00fcr Schubh\u00e4ftlinge","datePublished":"2021-12-17T11:02:48+00:00","mainEntityOfPage":{"@id":"https:\/\/zurzeit.at\/index.php\/daenemark-mietet-im-kosovo-300-gefaengniszellen-fuer-schubhaeftlinge\/"},"wordCount":261,"commentCount":0,"image":{"@id":"https:\/\/zurzeit.at\/index.php\/daenemark-mietet-im-kosovo-300-gefaengniszellen-fuer-schubhaeftlinge\/#primaryimage"},"thumbnailUrl":"https:\/\/zurzeit.at\/wp-content\/uploads\/2021\/12\/jail-g786e71dd5_1280.png","keywords":["D\u00e4nemark","Gef\u00e4ngnis","H\u00e4ftling","Justiz","Kosovo","Nick Haekkerup","Schubh\u00e4ftling","Vollzug"],"articleSection":["Europa"],"inLanguage":"de","potentialAction":[{"@type":"CommentAction","name":"Comment","target":["https:\/\/zurzeit.at\/index.php\/daenemark-mietet-im-kosovo-300-gefaengniszellen-fuer-schubhaeftlinge\/#respond"]}]},{"@type":"WebPage","@id":"https:\/\/zurzeit.at\/index.php\/daenemark-mietet-im-kosovo-300-gefaengniszellen-fuer-schubhaeftlinge\/","url":"https:\/\/zurzeit.at\/index.php\/daenemark-mietet-im-kosovo-300-gefaengniszellen-fuer-schubhaeftlinge\/","name":"D\u00e4nemark mietet im Kosovo 300 Gef\u00e4ngniszellen f\u00fcr Schubh\u00e4ftlinge - ZurZeit","isPartOf":{"@id":"https:\/\/zurzeit.at\/#website"},"primaryImageOfPage":{"@id":"https:\/\/zurzeit.at\/index.php\/daenemark-mietet-im-kosovo-300-gefaengniszellen-fuer-schubhaeftlinge\/#primaryimage"},"image":{"@id":"https:\/\/zurzeit.at\/index.php\/daenemark-mietet-im-kosovo-300-gefaengniszellen-fuer-schubhaeftlinge\/#primaryimage"},"thumbnailUrl":"https:\/\/zurzeit.at\/wp-content\/uploads\/2021\/12\/jail-g786e71dd5_1280.png","datePublished":"2021-12-17T11:02:48+00:00","author":{"@id":"https:\/\/zurzeit.at\/#\/schema\/person\/e6f4284c4ffdba25c26f295806088e37"},"breadcrumb":{"@id":"https:\/\/zurzeit.at\/index.php\/daenemark-mietet-im-kosovo-300-gefaengniszellen-fuer-schubhaeftlinge\/#breadcrumb"},"inLanguage":"de","potentialAction":[{"@type":"ReadAction","target":["https:\/\/zurzeit.at\/index.php\/daenemark-mietet-im-kosovo-300-gefaengniszellen-fuer-schubhaeftlinge\/"]}]},{"@type":"ImageObject","inLanguage":"de","@id":"https:\/\/zurzeit.at\/index.php\/daenemark-mietet-im-kosovo-300-gefaengniszellen-fuer-schubhaeftlinge\/#primaryimage","url":"https:\/\/zurzeit.at\/wp-content\/uploads\/2021\/12\/jail-g786e71dd5_1280.png","contentUrl":"https:\/\/zurzeit.at\/wp-content\/uploads\/2021\/12\/jail-g786e71dd5_1280.png","width":1280,"height":792},{"@type":"BreadcrumbList","@id":"https:\/\/zurzeit.at\/index.php\/daenemark-mietet-im-kosovo-300-gefaengniszellen-fuer-schubhaeftlinge\/#breadcrumb","itemListElement":[{"@type":"ListItem","position":1,"name":"Startseite","item":"https:\/\/zurzeit.at\/"},{"@type":"ListItem","position":2,"name":"D\u00e4nemark mietet im Kosovo 300 Gef\u00e4ngniszellen f\u00fcr Schubh\u00e4ftlinge"}]},{"@type":"WebSite","@id":"https:\/\/zurzeit.at\/#website","url":"https:\/\/zurzeit.at\/","name":"ZurZeit","description":"Internetseite des Wochenmagazins ZurZeit","potentialAction":[{"@type":"SearchAction","target":{"@type":"EntryPoint","urlTemplate":"https:\/\/zurzeit.at\/?s={search_term_string}"},"query-input":{"@type":"PropertyValueSpecification","valueRequired":true,"valueName":"search_term_string"}}],"inLanguage":"de"},{"@type":"Person","@id":"https:\/\/zurzeit.at\/#\/schema\/person\/e6f4284c4ffdba25c26f295806088e37","name":"admin2","image":{"@type":"ImageObject","inLanguage":"de","@id":"https:\/\/secure.gravatar.com\/avatar\/6b01edb108b3f79fc8950358251ecf3b91c228e319139ad1beec43b6b1b16470?s=96&d=mm&r=g","url":"https:\/\/secure.gravatar.com\/avatar\/6b01edb108b3f79fc8950358251ecf3b91c228e319139ad1beec43b6b1b16470?s=96&d=mm&r=g","contentUrl":"https:\/\/secure.gravatar.com\/avatar\/6b01edb108b3f79fc8950358251ecf3b91c228e319139ad1beec43b6b1b16470?s=96&d=mm&r=g","caption":"admin2"},"url":"https:\/\/zurzeit.at\/index.php\/author\/admin2\/"}]}},"_links":{"self":[{"href":"https:\/\/zurzeit.at\/index.php\/wp-json\/wp\/v2\/posts\/11633","targetHints":{"allow":["GET"]}}],"collection":[{"href":"https:\/\/zurzeit.at\/index.php\/wp-json\/wp\/v2\/posts"}],"about":[{"href":"https:\/\/zurzeit.at\/index.php\/wp-json\/wp\/v2\/types\/post"}],"author":[{"embeddable":true,"href":"https:\/\/zurzeit.at\/index.php\/wp-json\/wp\/v2\/users\/3"}],"replies":[{"embeddable":true,"href":"https:\/\/zurzeit.at\/index.php\/wp-json\/wp\/v2\/comments?post=11633"}],"version-history":[{"count":1,"href":"https:\/\/zurzeit.at\/index.php\/wp-json\/wp\/v2\/posts\/11633\/revisions"}],"predecessor-version":[{"id":11636,"href":"https:\/\/zurzeit.at\/index.php\/wp-json\/wp\/v2\/posts\/11633\/revisions\/11636"}],"wp:featuredmedia":[{"embeddable":true,"href":"https:\/\/zurzeit.at\/index.php\/wp-json\/wp\/v2\/media\/11635"}],"wp:attachment":[{"href":"https:\/\/zurzeit.at\/index.php\/wp-json\/wp\/v2\/media?parent=11633"}],"wp:term":[{"taxonomy":"category","embeddable":true,"href":"https:\/\/zurzeit.at\/index.php\/wp-json\/wp\/v2\/categories?post=11633"},{"taxonomy":"post_tag","embeddable":true,"href":"https:\/\/zurzeit.at\/index.php\/wp-json\/wp\/v2\/tags?post=11633"}],"curies":[{"name":"wp","href":"https:\/\/api.w.org\/{rel}","templated":true}]}}