{"id":12415,"date":"2022-03-03T16:12:15","date_gmt":"2022-03-03T15:12:15","guid":{"rendered":"http:\/\/zurzeit.at\/?p=12415"},"modified":"2022-03-03T16:12:15","modified_gmt":"2022-03-03T15:12:15","slug":"sanktionen-gegen-putin","status":"publish","type":"post","link":"https:\/\/zurzeit.at\/index.php\/sanktionen-gegen-putin\/","title":{"rendered":"Sanktionen gegen Putin"},"content":{"rendered":"<p><span class=\"licensetpl_attr\">Autor: <a href=\"https:\/\/zurzeit.at\/index.php\/autoren\/\">Manfred Tisal<\/a> Bild: <a href=\"https:\/\/pxhere.com\/de\/photo\/1132301\">PxHere<\/a> <\/span><span class=\"plainlinks noprint\">Lizenz: \u2013<br \/>\n<\/span><\/p>\n<hr \/>\n<p>Wer h\u00e4tte das gedacht. Noch vor wenigen Tagen glaubten viele an das Gute in dem Menschen Wladimir Putin. Von Zeit zu Zeit zeigte er es auch mit Gesten, die dies vermuten lie\u00dfen. Russland ist uns n\u00e4her als Amerika, so wie uns das Hemd n\u00e4her ist als der Rock. Auch dieses Argument und die Abh\u00e4ngigkeit von Erdgas und anderen Energiequellen waren Ursache f\u00fcr Sympathiebezeugungen vieler, f\u00fcr den Neo-Zaren des riesigen Russischen Reiches. Bis zum 24. Februar 2022, 4 Uhr fr\u00fch. Ein Zeitpunkt, der alle Gutgl\u00e4ubigen eines Besseren belehrte und f\u00fcr Entt\u00e4uschung bei seinen Bewunderern au\u00dferhalb seines Reiches sorgte.<\/p>\n<p>Krieg in Europa, hie\u00df es unisono in allen Medien der Europ\u00e4ischen Union. Von allen Seiten, genau geplant und ausgekl\u00fcgelt, rollten russische Panzer und Mannschaftsw\u00e4gen in Richtung Kiew. Raketen schlugen ein und erste Opfer, auch unter den Zivilisten waren zu beklagen. Putin hat seine Versprechen, die er den Regierenden dieser Welt in zahlreichen Gespr\u00e4chen gab, gebrochen. Er verwandelte sich vom achtenswerten Staatschef zum machtgierigen, r\u00fccksichts- und skrupellosen Ras-Putin seines Reiches. Nachfahre einer bis heute noch r\u00e4tselhaften Gestalt der russischen Geschichte.<\/p>\n<p>Und was macht der Rest der Welt? Er bedauert das ukrainische Volk, f\u00fchlt mit den Menschen die sowieso schon seit Jahren, sehr wohl beobachtet, unter der Knute des Kremlchefs stand und schw\u00f6rt Rache. Nicht mit Waffen, sondern mit Sanktionen. Dem Einfrieren der Oligarchengelder, die ohnehin dem geplagten Volk auf oft nicht legale Art und Weise und im Widerspruch zu den Menschenrechten erworben wurden. Man droht mit Lieferstopps in vielen Bereichen. Lebensnotwendige Produkte, High-Tech-Notwendigkeiten und vieles mehr. Man hofft damit Russland ins Mittelalter zur\u00fcckdr\u00e4ngen und vor allem Putin einen Denkzettel zu verpassen. Doch Vorsicht. Denkt man auch daran, dass man mit derartigen Sanktionen vielmehr dem Volk, als dem allm\u00e4chtigen, machtgeilen Staatsoberhaupt schadet?<\/p>\n<p>Ein Wort des Diktators und alles muss nach seiner Pfeife tanzen. Ein Umstand der Angst macht. Wer ist als n\u00e4chstes dran? Wei\u00dfrussland, mit dem Putin jetzt zur Seite stehenden Diktator und Tyrannen Lukaschenko? Oder greift er Richtung Westen, um ihn f\u00fcr seine Sanktionen zu strafen? Das bisschen Frieden, das jetzt noch herrscht, verdankt Putin der Angst seiner Gegner vor einem drohenden Atomkrieg. Als Ersatz f\u00fcr Angriffe gibt es wie gesagt Sanktionen. Solange, bis findige Gesch\u00e4ftsleute und Konzerne draufkommen, wie man die Sanktionen umgehen und lukrative Gesch\u00e4fte mit \u201ePutinland\u201c machen kann. Immer nach dem Motto: \u201eDas Hemd ist n\u00e4here als der Rock\u201c.<\/p>\n","protected":false},"excerpt":{"rendered":"<p>Autor: Manfred Tisal Bild: PxHere Lizenz: \u2013 Wer h\u00e4tte das gedacht. Noch vor wenigen Tagen&hellip;<\/p>\n","protected":false},"author":3,"featured_media":12416,"comment_status":"open","ping_status":"closed","sticky":false,"template":"","format":"standard","meta":{"footnotes":""},"categories":[49,48],"tags":[89,1516,1058,1007,2985,319],"class_list":["post-12415","post","type-post","status-publish","format-standard","has-post-thumbnail","hentry","category-ausland","category-europa","tag-eu","tag-krieg","tag-putin","tag-sanktionen","tag-tisal","tag-ukraine"],"yoast_head":"<!-- This site is optimized with the Yoast SEO plugin v28.3 - https:\/\/yoast.com\/product\/yoast-seo-wordpress\/ -->\n<title>Sanktionen gegen Putin - ZurZeit<\/title>\n<meta name=\"robots\" content=\"index, follow, max-snippet:-1, max-image-preview:large, max-video-preview:-1\" \/>\n<link rel=\"canonical\" href=\"https:\/\/zurzeit.at\/index.php\/sanktionen-gegen-putin\/\" \/>\n<meta property=\"og:locale\" content=\"de_DE\" \/>\n<meta property=\"og:type\" content=\"article\" \/>\n<meta property=\"og:title\" content=\"Sanktionen gegen Putin - ZurZeit\" \/>\n<meta property=\"og:description\" content=\"Autor: Manfred Tisal Bild: PxHere Lizenz: \u2013 Wer h\u00e4tte das gedacht. Noch vor wenigen Tagen&hellip;\" \/>\n<meta property=\"og:url\" content=\"https:\/\/zurzeit.at\/index.php\/sanktionen-gegen-putin\/\" \/>\n<meta property=\"og:site_name\" content=\"ZurZeit\" \/>\n<meta property=\"article:publisher\" content=\"https:\/\/www.facebook.com\/wochenmagazinZurZeit\/\" \/>\n<meta property=\"article:published_time\" content=\"2022-03-03T15:12:15+00:00\" \/>\n<meta property=\"og:image\" content=\"https:\/\/zurzeit.at\/wp-content\/uploads\/2022\/03\/Vorlage-Tisal-09.jpg\" \/>\n\t<meta property=\"og:image:width\" content=\"1719\" \/>\n\t<meta property=\"og:image:height\" content=\"1134\" \/>\n\t<meta property=\"og:image:type\" content=\"image\/jpeg\" \/>\n<meta name=\"author\" content=\"admin2\" \/>\n<meta name=\"twitter:card\" content=\"summary_large_image\" \/>\n<meta name=\"twitter:label1\" content=\"Verfasst von\" \/>\n\t<meta name=\"twitter:data1\" content=\"admin2\" \/>\n\t<meta name=\"twitter:label2\" content=\"Gesch\u00e4tzte Lesezeit\" \/>\n\t<meta name=\"twitter:data2\" content=\"2\u00a0Minuten\" \/>\n<script type=\"application\/ld+json\" class=\"yoast-schema-graph\">{\"@context\":\"https:\\\/\\\/schema.org\",\"@graph\":[{\"@type\":\"Article\",\"@id\":\"https:\\\/\\\/zurzeit.at\\\/index.php\\\/sanktionen-gegen-putin\\\/#article\",\"isPartOf\":{\"@id\":\"https:\\\/\\\/zurzeit.at\\\/index.php\\\/sanktionen-gegen-putin\\\/\"},\"author\":{\"name\":\"admin2\",\"@id\":\"https:\\\/\\\/zurzeit.at\\\/#\\\/schema\\\/person\\\/e6f4284c4ffdba25c26f295806088e37\"},\"headline\":\"Sanktionen gegen Putin\",\"datePublished\":\"2022-03-03T15:12:15+00:00\",\"mainEntityOfPage\":{\"@id\":\"https:\\\/\\\/zurzeit.at\\\/index.php\\\/sanktionen-gegen-putin\\\/\"},\"wordCount\":424,\"commentCount\":1,\"image\":{\"@id\":\"https:\\\/\\\/zurzeit.at\\\/index.php\\\/sanktionen-gegen-putin\\\/#primaryimage\"},\"thumbnailUrl\":\"https:\\\/\\\/zurzeit.at\\\/wp-content\\\/uploads\\\/2022\\\/03\\\/Vorlage-Tisal-09.jpg\",\"keywords\":[\"EU\",\"Krieg\",\"Putin\",\"Sanktionen\",\"Tisal\",\"Ukraine\"],\"articleSection\":[\"Ausland\",\"Europa\"],\"inLanguage\":\"de\",\"potentialAction\":[{\"@type\":\"CommentAction\",\"name\":\"Comment\",\"target\":[\"https:\\\/\\\/zurzeit.at\\\/index.php\\\/sanktionen-gegen-putin\\\/#respond\"]}]},{\"@type\":\"WebPage\",\"@id\":\"https:\\\/\\\/zurzeit.at\\\/index.php\\\/sanktionen-gegen-putin\\\/\",\"url\":\"https:\\\/\\\/zurzeit.at\\\/index.php\\\/sanktionen-gegen-putin\\\/\",\"name\":\"Sanktionen gegen Putin - ZurZeit\",\"isPartOf\":{\"@id\":\"https:\\\/\\\/zurzeit.at\\\/#website\"},\"primaryImageOfPage\":{\"@id\":\"https:\\\/\\\/zurzeit.at\\\/index.php\\\/sanktionen-gegen-putin\\\/#primaryimage\"},\"image\":{\"@id\":\"https:\\\/\\\/zurzeit.at\\\/index.php\\\/sanktionen-gegen-putin\\\/#primaryimage\"},\"thumbnailUrl\":\"https:\\\/\\\/zurzeit.at\\\/wp-content\\\/uploads\\\/2022\\\/03\\\/Vorlage-Tisal-09.jpg\",\"datePublished\":\"2022-03-03T15:12:15+00:00\",\"author\":{\"@id\":\"https:\\\/\\\/zurzeit.at\\\/#\\\/schema\\\/person\\\/e6f4284c4ffdba25c26f295806088e37\"},\"breadcrumb\":{\"@id\":\"https:\\\/\\\/zurzeit.at\\\/index.php\\\/sanktionen-gegen-putin\\\/#breadcrumb\"},\"inLanguage\":\"de\",\"potentialAction\":[{\"@type\":\"ReadAction\",\"target\":[\"https:\\\/\\\/zurzeit.at\\\/index.php\\\/sanktionen-gegen-putin\\\/\"]}]},{\"@type\":\"ImageObject\",\"inLanguage\":\"de\",\"@id\":\"https:\\\/\\\/zurzeit.at\\\/index.php\\\/sanktionen-gegen-putin\\\/#primaryimage\",\"url\":\"https:\\\/\\\/zurzeit.at\\\/wp-content\\\/uploads\\\/2022\\\/03\\\/Vorlage-Tisal-09.jpg\",\"contentUrl\":\"https:\\\/\\\/zurzeit.at\\\/wp-content\\\/uploads\\\/2022\\\/03\\\/Vorlage-Tisal-09.jpg\",\"width\":1719,\"height\":1134},{\"@type\":\"BreadcrumbList\",\"@id\":\"https:\\\/\\\/zurzeit.at\\\/index.php\\\/sanktionen-gegen-putin\\\/#breadcrumb\",\"itemListElement\":[{\"@type\":\"ListItem\",\"position\":1,\"name\":\"Startseite\",\"item\":\"https:\\\/\\\/zurzeit.at\\\/\"},{\"@type\":\"ListItem\",\"position\":2,\"name\":\"Sanktionen gegen Putin\"}]},{\"@type\":\"WebSite\",\"@id\":\"https:\\\/\\\/zurzeit.at\\\/#website\",\"url\":\"https:\\\/\\\/zurzeit.at\\\/\",\"name\":\"ZurZeit\",\"description\":\"Internetseite des Wochenmagazins ZurZeit\",\"potentialAction\":[{\"@type\":\"SearchAction\",\"target\":{\"@type\":\"EntryPoint\",\"urlTemplate\":\"https:\\\/\\\/zurzeit.at\\\/?s={search_term_string}\"},\"query-input\":{\"@type\":\"PropertyValueSpecification\",\"valueRequired\":true,\"valueName\":\"search_term_string\"}}],\"inLanguage\":\"de\"},{\"@type\":\"Person\",\"@id\":\"https:\\\/\\\/zurzeit.at\\\/#\\\/schema\\\/person\\\/e6f4284c4ffdba25c26f295806088e37\",\"name\":\"admin2\",\"image\":{\"@type\":\"ImageObject\",\"inLanguage\":\"de\",\"@id\":\"https:\\\/\\\/secure.gravatar.com\\\/avatar\\\/6b01edb108b3f79fc8950358251ecf3b91c228e319139ad1beec43b6b1b16470?s=96&d=mm&r=g\",\"url\":\"https:\\\/\\\/secure.gravatar.com\\\/avatar\\\/6b01edb108b3f79fc8950358251ecf3b91c228e319139ad1beec43b6b1b16470?s=96&d=mm&r=g\",\"contentUrl\":\"https:\\\/\\\/secure.gravatar.com\\\/avatar\\\/6b01edb108b3f79fc8950358251ecf3b91c228e319139ad1beec43b6b1b16470?s=96&d=mm&r=g\",\"caption\":\"admin2\"},\"url\":\"https:\\\/\\\/zurzeit.at\\\/index.php\\\/author\\\/admin2\\\/\"}]}<\/script>\n<!-- \/ Yoast SEO plugin. -->","yoast_head_json":{"title":"Sanktionen gegen Putin - ZurZeit","robots":{"index":"index","follow":"follow","max-snippet":"max-snippet:-1","max-image-preview":"max-image-preview:large","max-video-preview":"max-video-preview:-1"},"canonical":"https:\/\/zurzeit.at\/index.php\/sanktionen-gegen-putin\/","og_locale":"de_DE","og_type":"article","og_title":"Sanktionen gegen Putin - ZurZeit","og_description":"Autor: Manfred Tisal Bild: PxHere Lizenz: \u2013 Wer h\u00e4tte das gedacht. Noch vor wenigen Tagen&hellip;","og_url":"https:\/\/zurzeit.at\/index.php\/sanktionen-gegen-putin\/","og_site_name":"ZurZeit","article_publisher":"https:\/\/www.facebook.com\/wochenmagazinZurZeit\/","article_published_time":"2022-03-03T15:12:15+00:00","og_image":[{"width":1719,"height":1134,"url":"https:\/\/zurzeit.at\/wp-content\/uploads\/2022\/03\/Vorlage-Tisal-09.jpg","type":"image\/jpeg"}],"author":"admin2","twitter_card":"summary_large_image","twitter_misc":{"Verfasst von":"admin2","Gesch\u00e4tzte Lesezeit":"2\u00a0Minuten"},"schema":{"@context":"https:\/\/schema.org","@graph":[{"@type":"Article","@id":"https:\/\/zurzeit.at\/index.php\/sanktionen-gegen-putin\/#article","isPartOf":{"@id":"https:\/\/zurzeit.at\/index.php\/sanktionen-gegen-putin\/"},"author":{"name":"admin2","@id":"https:\/\/zurzeit.at\/#\/schema\/person\/e6f4284c4ffdba25c26f295806088e37"},"headline":"Sanktionen gegen Putin","datePublished":"2022-03-03T15:12:15+00:00","mainEntityOfPage":{"@id":"https:\/\/zurzeit.at\/index.php\/sanktionen-gegen-putin\/"},"wordCount":424,"commentCount":1,"image":{"@id":"https:\/\/zurzeit.at\/index.php\/sanktionen-gegen-putin\/#primaryimage"},"thumbnailUrl":"https:\/\/zurzeit.at\/wp-content\/uploads\/2022\/03\/Vorlage-Tisal-09.jpg","keywords":["EU","Krieg","Putin","Sanktionen","Tisal","Ukraine"],"articleSection":["Ausland","Europa"],"inLanguage":"de","potentialAction":[{"@type":"CommentAction","name":"Comment","target":["https:\/\/zurzeit.at\/index.php\/sanktionen-gegen-putin\/#respond"]}]},{"@type":"WebPage","@id":"https:\/\/zurzeit.at\/index.php\/sanktionen-gegen-putin\/","url":"https:\/\/zurzeit.at\/index.php\/sanktionen-gegen-putin\/","name":"Sanktionen gegen Putin - ZurZeit","isPartOf":{"@id":"https:\/\/zurzeit.at\/#website"},"primaryImageOfPage":{"@id":"https:\/\/zurzeit.at\/index.php\/sanktionen-gegen-putin\/#primaryimage"},"image":{"@id":"https:\/\/zurzeit.at\/index.php\/sanktionen-gegen-putin\/#primaryimage"},"thumbnailUrl":"https:\/\/zurzeit.at\/wp-content\/uploads\/2022\/03\/Vorlage-Tisal-09.jpg","datePublished":"2022-03-03T15:12:15+00:00","author":{"@id":"https:\/\/zurzeit.at\/#\/schema\/person\/e6f4284c4ffdba25c26f295806088e37"},"breadcrumb":{"@id":"https:\/\/zurzeit.at\/index.php\/sanktionen-gegen-putin\/#breadcrumb"},"inLanguage":"de","potentialAction":[{"@type":"ReadAction","target":["https:\/\/zurzeit.at\/index.php\/sanktionen-gegen-putin\/"]}]},{"@type":"ImageObject","inLanguage":"de","@id":"https:\/\/zurzeit.at\/index.php\/sanktionen-gegen-putin\/#primaryimage","url":"https:\/\/zurzeit.at\/wp-content\/uploads\/2022\/03\/Vorlage-Tisal-09.jpg","contentUrl":"https:\/\/zurzeit.at\/wp-content\/uploads\/2022\/03\/Vorlage-Tisal-09.jpg","width":1719,"height":1134},{"@type":"BreadcrumbList","@id":"https:\/\/zurzeit.at\/index.php\/sanktionen-gegen-putin\/#breadcrumb","itemListElement":[{"@type":"ListItem","position":1,"name":"Startseite","item":"https:\/\/zurzeit.at\/"},{"@type":"ListItem","position":2,"name":"Sanktionen gegen Putin"}]},{"@type":"WebSite","@id":"https:\/\/zurzeit.at\/#website","url":"https:\/\/zurzeit.at\/","name":"ZurZeit","description":"Internetseite des Wochenmagazins ZurZeit","potentialAction":[{"@type":"SearchAction","target":{"@type":"EntryPoint","urlTemplate":"https:\/\/zurzeit.at\/?s={search_term_string}"},"query-input":{"@type":"PropertyValueSpecification","valueRequired":true,"valueName":"search_term_string"}}],"inLanguage":"de"},{"@type":"Person","@id":"https:\/\/zurzeit.at\/#\/schema\/person\/e6f4284c4ffdba25c26f295806088e37","name":"admin2","image":{"@type":"ImageObject","inLanguage":"de","@id":"https:\/\/secure.gravatar.com\/avatar\/6b01edb108b3f79fc8950358251ecf3b91c228e319139ad1beec43b6b1b16470?s=96&d=mm&r=g","url":"https:\/\/secure.gravatar.com\/avatar\/6b01edb108b3f79fc8950358251ecf3b91c228e319139ad1beec43b6b1b16470?s=96&d=mm&r=g","contentUrl":"https:\/\/secure.gravatar.com\/avatar\/6b01edb108b3f79fc8950358251ecf3b91c228e319139ad1beec43b6b1b16470?s=96&d=mm&r=g","caption":"admin2"},"url":"https:\/\/zurzeit.at\/index.php\/author\/admin2\/"}]}},"_links":{"self":[{"href":"https:\/\/zurzeit.at\/index.php\/wp-json\/wp\/v2\/posts\/12415","targetHints":{"allow":["GET"]}}],"collection":[{"href":"https:\/\/zurzeit.at\/index.php\/wp-json\/wp\/v2\/posts"}],"about":[{"href":"https:\/\/zurzeit.at\/index.php\/wp-json\/wp\/v2\/types\/post"}],"author":[{"embeddable":true,"href":"https:\/\/zurzeit.at\/index.php\/wp-json\/wp\/v2\/users\/3"}],"replies":[{"embeddable":true,"href":"https:\/\/zurzeit.at\/index.php\/wp-json\/wp\/v2\/comments?post=12415"}],"version-history":[{"count":1,"href":"https:\/\/zurzeit.at\/index.php\/wp-json\/wp\/v2\/posts\/12415\/revisions"}],"predecessor-version":[{"id":12417,"href":"https:\/\/zurzeit.at\/index.php\/wp-json\/wp\/v2\/posts\/12415\/revisions\/12417"}],"wp:featuredmedia":[{"embeddable":true,"href":"https:\/\/zurzeit.at\/index.php\/wp-json\/wp\/v2\/media\/12416"}],"wp:attachment":[{"href":"https:\/\/zurzeit.at\/index.php\/wp-json\/wp\/v2\/media?parent=12415"}],"wp:term":[{"taxonomy":"category","embeddable":true,"href":"https:\/\/zurzeit.at\/index.php\/wp-json\/wp\/v2\/categories?post=12415"},{"taxonomy":"post_tag","embeddable":true,"href":"https:\/\/zurzeit.at\/index.php\/wp-json\/wp\/v2\/tags?post=12415"}],"curies":[{"name":"wp","href":"https:\/\/api.w.org\/{rel}","templated":true}]}}