{"id":12419,"date":"2022-03-03T16:17:28","date_gmt":"2022-03-03T15:17:28","guid":{"rendered":"http:\/\/zurzeit.at\/?p=12419"},"modified":"2022-03-03T16:17:28","modified_gmt":"2022-03-03T15:17:28","slug":"ex-oriente-lux-visegrad-nicht-moskau","status":"publish","type":"post","link":"https:\/\/zurzeit.at\/index.php\/ex-oriente-lux-visegrad-nicht-moskau\/","title":{"rendered":"Ex Oriente lux: \u00ad Visegrad, nicht Moskau"},"content":{"rendered":"<p><span class=\"licensetpl_attr\">Autor: <a href=\"https:\/\/zurzeit.at\/index.php\/autoren\/\">Lothar H\u00f6belt<\/a> Bild: <a href=\"https:\/\/pxhere.com\/de\/photo\/1132399\">PxHere<\/a> <\/span><span class=\"plainlinks noprint\">Lizenz: \u2013<br \/>\n<\/span><\/p>\n<hr \/>\n<p>Wer wei\u00df, was bis zum Erscheinen unserer Kommentare alles noch passiert. Beschr\u00e4nken wir uns deshalb lieber auf die Ausgangsposition, die bleibt \u2013 und von den gegenw\u00e4rtigen Konjunkturen blo\u00df aufs Neue best\u00e4tigt wird.<\/p>\n<p>Au\u00dfenpolitik ist ein lohnendes Thema \u2013 f\u00fcr den Pathologen, sprich: f\u00fcr den Historiker, der allen Beteiligten in die Karten schauen kann und deshalb zumindest halbwegs wei\u00df, \u201ewie es eigentlich gewesen ist\u201c. Der Zeitgenosse wei\u00df genau das nicht, er tappt im Dunkeln und kann da bestenfalls spekulieren \u2013 was aber insofern nicht weiter tragisch ist, weil er die Dinge (selbst wenn sie tats\u00e4chlich tragisch enden) ohnehin nicht beeinflussen kann, besonders dann nicht, wenn er B\u00fcrger eines Kleinstaates ist. Die Au\u00dfenpolitik, die \u00d6sterreich zu interessieren hat, sind nun einmal nicht die Winkelz\u00fcge der Weltpolitik. Denn Kreml und Wei\u00dfes Haus kommen erstaunlicherweise sehr gut ohne unsere Ratschl\u00e4ge aus \u2013 und sind wir ehrlich: auch ohne unsere Vermittlung.<\/p>\n<p>Politik besteht eben nicht im Verteilen von Duftnoten, von \u201elikes\u201c und \u201edislikes\u201c. Manche Zeitgenossen m\u00f6gen Gefallen daran finden, den Amerikanern am Zeug zu flicken, wo immer sie k\u00f6nnen. Derlei Beckmesserei wirkt oft ziemlich kindisch. Aber es w\u00e4re genauso irrelevant, wenn ich jetzt mit einer langen Liste von Gr\u00fcnden beg\u00e4nne, warum mir die Amerikaner \u2013 und die Ukrainer \u2013 sympathischer sind. Da gibt es f\u00fcr Konservative viele gute Gr\u00fcnde. Aber darauf kommt es einfach nicht an. F\u00fcr \u00f6sterreichische Rechte ist \u201eau\u00dfenpolitisch\u201c vielmehr in erster Linie wichtig die Pflege und die Festigung der mitteleurop\u00e4ischen Zusammenarbeit, die Schaffung eines Gegengewichts zur politisch-korrekten deutsch-franz\u00f6sischen Links-Achse innerhalb der EU.<\/p>\n<p>Dieser so notwendigen Kooperation erweist man jedoch einen B\u00e4rendienst, wenn man sich aus lauter Jux und Tollerei stets in die Rolle des Pflichtverteidigers aller Eskapaden Putins wirft. Historische Erfahrungen und aktuelle Bedrohungen ergeben da ein durchaus stimmiges und eindeutiges Bild. Man muss nicht \u201evom V\u00f6lkerrecht kommen\u201c, wie gewisse j\u00fcngst (nicht) promovierte Faschingsprinzessinnen, um festzustellen: Alle unsere Nachbarn haben ein berechtigtes Interesse an einer m\u00f6glichst stabilen Ukraine, und Polen als st\u00e4rkster Faktor der Visegrad-L\u00e4nder erst recht. Man mag allenfalls noch das Argument durchgehen lassen, die Donezk-Bezirke gehen zu lassen, w\u00fcrde die Ukraine stabilisieren. Luftangriffe auf Lemberg tun das sicherlich nicht. Die Folgen dieser russischen Eskalationsstrategie \u2013 vom Energiepreis bis zur Fl\u00fcchtlingsproblematik &#8211; werden wir bald h\u00f6chst unangenehm zu sp\u00fcren bekommen.<\/p>\n<p>Damit sind wir beim zweiten wesentlichen Punkt. Auch innenpolitisch wirft diese outrierte Russophilie alles andere als Dividenden ab. Derlei Debatten sorgen blo\u00df f\u00fcr Zwietracht auf der Rechten und bieten Angriffsfl\u00e4chen f\u00fcr allerlei Verd\u00e4chtigungen des politischen Gegners. Ich kann die Attraktion der Rolle als advocatus diaboli bei privaten Kamingespr\u00e4chen durchaus nachvollziehen. Wer nach Entschuldigungen f\u00fcr die \u201eEntnazifizierung\u201c der Ukraine (O-Ton Putin) sucht, mag sich dabei sehr originell vorkommen. Doch wer vor Meinung birst zu Themen, deren Er\u00f6rterung in der \u00d6ffentlichkeit blo\u00df kontraproduktive Folgen nach sich zieht, t\u00e4te wohl besser, sich aus der praktischen Politik zur\u00fcckzuziehen. Vielleicht wird man ihn deshalb in hundert Jahren als verkannten Guru sch\u00e4tzen. Mag sein. Hic et nunc aber grenzen solche Ausritte an \u201eparteisch\u00e4digendes Verhalten\u201c.<\/p>\n<p>Zugegeben: Die Leutchen, die seit Jahr und Tag gegen alles Milit\u00e4rische wettern \u2013 und jetzt pl\u00f6tzlich die starken M\u00e4nner spielen wollen, sind um nichts besser. Aber f\u00fcr Torheiten auf der Linken f\u00fchle ich mich nicht zust\u00e4ndig. Auf der Rechten schmerzen sie mich \u2013 besonders wenn sie aus dem Munde oder der Feder pers\u00f6nlicher Freunde kommen.<\/p>\n<p>Ao. Univ.-Prof. Dr. <strong>Lothar H\u00f6belt<\/strong> lehrt \u00adNeuere Geschichte an der Universit\u00e4t Wien.<\/p>\n","protected":false},"excerpt":{"rendered":"<p>Autor: Lothar H\u00f6belt Bild: PxHere Lizenz: \u2013 Wer wei\u00df, was bis zum Erscheinen unserer Kommentare&hellip;<\/p>\n","protected":false},"author":3,"featured_media":12420,"comment_status":"open","ping_status":"closed","sticky":false,"template":"","format":"standard","meta":{"footnotes":""},"categories":[49,48],"tags":[1516,6635,1058,614,319],"class_list":["post-12419","post","type-post","status-publish","format-standard","has-post-thumbnail","hentry","category-ausland","category-europa","tag-krieg","tag-osten","tag-putin","tag-russland","tag-ukraine"],"yoast_head":"<!-- This site is optimized with the Yoast SEO plugin v28.3 - https:\/\/yoast.com\/product\/yoast-seo-wordpress\/ -->\n<title>Ex Oriente lux: \u00ad Visegrad, nicht Moskau - ZurZeit<\/title>\n<meta name=\"robots\" content=\"index, follow, max-snippet:-1, max-image-preview:large, max-video-preview:-1\" \/>\n<link rel=\"canonical\" href=\"https:\/\/zurzeit.at\/index.php\/ex-oriente-lux-visegrad-nicht-moskau\/\" \/>\n<meta property=\"og:locale\" content=\"de_DE\" \/>\n<meta property=\"og:type\" content=\"article\" \/>\n<meta property=\"og:title\" content=\"Ex Oriente lux: \u00ad Visegrad, nicht Moskau - ZurZeit\" \/>\n<meta property=\"og:description\" content=\"Autor: Lothar H\u00f6belt Bild: PxHere Lizenz: \u2013 Wer wei\u00df, was bis zum Erscheinen unserer Kommentare&hellip;\" \/>\n<meta property=\"og:url\" content=\"https:\/\/zurzeit.at\/index.php\/ex-oriente-lux-visegrad-nicht-moskau\/\" \/>\n<meta property=\"og:site_name\" content=\"ZurZeit\" \/>\n<meta property=\"article:publisher\" content=\"https:\/\/www.facebook.com\/wochenmagazinZurZeit\/\" \/>\n<meta property=\"article:published_time\" content=\"2022-03-03T15:17:28+00:00\" \/>\n<meta property=\"og:image\" content=\"https:\/\/zurzeit.at\/wp-content\/uploads\/2022\/03\/landscape-sea-coast-dock-architecture-skyline-1132399-pxhere.com_.jpg\" \/>\n\t<meta property=\"og:image:width\" content=\"1200\" \/>\n\t<meta property=\"og:image:height\" content=\"900\" \/>\n\t<meta property=\"og:image:type\" content=\"image\/jpeg\" \/>\n<meta name=\"author\" content=\"admin2\" \/>\n<meta name=\"twitter:card\" content=\"summary_large_image\" \/>\n<meta name=\"twitter:label1\" content=\"Verfasst von\" \/>\n\t<meta name=\"twitter:data1\" content=\"admin2\" \/>\n\t<meta name=\"twitter:label2\" content=\"Gesch\u00e4tzte Lesezeit\" \/>\n\t<meta name=\"twitter:data2\" content=\"3\u00a0Minuten\" \/>\n<script type=\"application\/ld+json\" class=\"yoast-schema-graph\">{\"@context\":\"https:\\\/\\\/schema.org\",\"@graph\":[{\"@type\":\"Article\",\"@id\":\"https:\\\/\\\/zurzeit.at\\\/index.php\\\/ex-oriente-lux-visegrad-nicht-moskau\\\/#article\",\"isPartOf\":{\"@id\":\"https:\\\/\\\/zurzeit.at\\\/index.php\\\/ex-oriente-lux-visegrad-nicht-moskau\\\/\"},\"author\":{\"name\":\"admin2\",\"@id\":\"https:\\\/\\\/zurzeit.at\\\/#\\\/schema\\\/person\\\/e6f4284c4ffdba25c26f295806088e37\"},\"headline\":\"Ex Oriente lux: \u00ad Visegrad, nicht Moskau\",\"datePublished\":\"2022-03-03T15:17:28+00:00\",\"mainEntityOfPage\":{\"@id\":\"https:\\\/\\\/zurzeit.at\\\/index.php\\\/ex-oriente-lux-visegrad-nicht-moskau\\\/\"},\"wordCount\":612,\"commentCount\":0,\"image\":{\"@id\":\"https:\\\/\\\/zurzeit.at\\\/index.php\\\/ex-oriente-lux-visegrad-nicht-moskau\\\/#primaryimage\"},\"thumbnailUrl\":\"https:\\\/\\\/zurzeit.at\\\/wp-content\\\/uploads\\\/2022\\\/03\\\/landscape-sea-coast-dock-architecture-skyline-1132399-pxhere.com_.jpg\",\"keywords\":[\"Krieg\",\"Osten\",\"Putin\",\"Russland\",\"Ukraine\"],\"articleSection\":[\"Ausland\",\"Europa\"],\"inLanguage\":\"de\",\"potentialAction\":[{\"@type\":\"CommentAction\",\"name\":\"Comment\",\"target\":[\"https:\\\/\\\/zurzeit.at\\\/index.php\\\/ex-oriente-lux-visegrad-nicht-moskau\\\/#respond\"]}]},{\"@type\":\"WebPage\",\"@id\":\"https:\\\/\\\/zurzeit.at\\\/index.php\\\/ex-oriente-lux-visegrad-nicht-moskau\\\/\",\"url\":\"https:\\\/\\\/zurzeit.at\\\/index.php\\\/ex-oriente-lux-visegrad-nicht-moskau\\\/\",\"name\":\"Ex Oriente lux: \u00ad Visegrad, nicht Moskau - ZurZeit\",\"isPartOf\":{\"@id\":\"https:\\\/\\\/zurzeit.at\\\/#website\"},\"primaryImageOfPage\":{\"@id\":\"https:\\\/\\\/zurzeit.at\\\/index.php\\\/ex-oriente-lux-visegrad-nicht-moskau\\\/#primaryimage\"},\"image\":{\"@id\":\"https:\\\/\\\/zurzeit.at\\\/index.php\\\/ex-oriente-lux-visegrad-nicht-moskau\\\/#primaryimage\"},\"thumbnailUrl\":\"https:\\\/\\\/zurzeit.at\\\/wp-content\\\/uploads\\\/2022\\\/03\\\/landscape-sea-coast-dock-architecture-skyline-1132399-pxhere.com_.jpg\",\"datePublished\":\"2022-03-03T15:17:28+00:00\",\"author\":{\"@id\":\"https:\\\/\\\/zurzeit.at\\\/#\\\/schema\\\/person\\\/e6f4284c4ffdba25c26f295806088e37\"},\"breadcrumb\":{\"@id\":\"https:\\\/\\\/zurzeit.at\\\/index.php\\\/ex-oriente-lux-visegrad-nicht-moskau\\\/#breadcrumb\"},\"inLanguage\":\"de\",\"potentialAction\":[{\"@type\":\"ReadAction\",\"target\":[\"https:\\\/\\\/zurzeit.at\\\/index.php\\\/ex-oriente-lux-visegrad-nicht-moskau\\\/\"]}]},{\"@type\":\"ImageObject\",\"inLanguage\":\"de\",\"@id\":\"https:\\\/\\\/zurzeit.at\\\/index.php\\\/ex-oriente-lux-visegrad-nicht-moskau\\\/#primaryimage\",\"url\":\"https:\\\/\\\/zurzeit.at\\\/wp-content\\\/uploads\\\/2022\\\/03\\\/landscape-sea-coast-dock-architecture-skyline-1132399-pxhere.com_.jpg\",\"contentUrl\":\"https:\\\/\\\/zurzeit.at\\\/wp-content\\\/uploads\\\/2022\\\/03\\\/landscape-sea-coast-dock-architecture-skyline-1132399-pxhere.com_.jpg\",\"width\":1200,\"height\":900},{\"@type\":\"BreadcrumbList\",\"@id\":\"https:\\\/\\\/zurzeit.at\\\/index.php\\\/ex-oriente-lux-visegrad-nicht-moskau\\\/#breadcrumb\",\"itemListElement\":[{\"@type\":\"ListItem\",\"position\":1,\"name\":\"Startseite\",\"item\":\"https:\\\/\\\/zurzeit.at\\\/\"},{\"@type\":\"ListItem\",\"position\":2,\"name\":\"Ex Oriente lux: \u00ad Visegrad, nicht Moskau\"}]},{\"@type\":\"WebSite\",\"@id\":\"https:\\\/\\\/zurzeit.at\\\/#website\",\"url\":\"https:\\\/\\\/zurzeit.at\\\/\",\"name\":\"ZurZeit\",\"description\":\"Internetseite des Wochenmagazins ZurZeit\",\"potentialAction\":[{\"@type\":\"SearchAction\",\"target\":{\"@type\":\"EntryPoint\",\"urlTemplate\":\"https:\\\/\\\/zurzeit.at\\\/?s={search_term_string}\"},\"query-input\":{\"@type\":\"PropertyValueSpecification\",\"valueRequired\":true,\"valueName\":\"search_term_string\"}}],\"inLanguage\":\"de\"},{\"@type\":\"Person\",\"@id\":\"https:\\\/\\\/zurzeit.at\\\/#\\\/schema\\\/person\\\/e6f4284c4ffdba25c26f295806088e37\",\"name\":\"admin2\",\"image\":{\"@type\":\"ImageObject\",\"inLanguage\":\"de\",\"@id\":\"https:\\\/\\\/secure.gravatar.com\\\/avatar\\\/6b01edb108b3f79fc8950358251ecf3b91c228e319139ad1beec43b6b1b16470?s=96&d=mm&r=g\",\"url\":\"https:\\\/\\\/secure.gravatar.com\\\/avatar\\\/6b01edb108b3f79fc8950358251ecf3b91c228e319139ad1beec43b6b1b16470?s=96&d=mm&r=g\",\"contentUrl\":\"https:\\\/\\\/secure.gravatar.com\\\/avatar\\\/6b01edb108b3f79fc8950358251ecf3b91c228e319139ad1beec43b6b1b16470?s=96&d=mm&r=g\",\"caption\":\"admin2\"},\"url\":\"https:\\\/\\\/zurzeit.at\\\/index.php\\\/author\\\/admin2\\\/\"}]}<\/script>\n<!-- \/ Yoast SEO plugin. -->","yoast_head_json":{"title":"Ex Oriente lux: \u00ad Visegrad, nicht Moskau - ZurZeit","robots":{"index":"index","follow":"follow","max-snippet":"max-snippet:-1","max-image-preview":"max-image-preview:large","max-video-preview":"max-video-preview:-1"},"canonical":"https:\/\/zurzeit.at\/index.php\/ex-oriente-lux-visegrad-nicht-moskau\/","og_locale":"de_DE","og_type":"article","og_title":"Ex Oriente lux: \u00ad Visegrad, nicht Moskau - ZurZeit","og_description":"Autor: Lothar H\u00f6belt Bild: PxHere Lizenz: \u2013 Wer wei\u00df, was bis zum Erscheinen unserer Kommentare&hellip;","og_url":"https:\/\/zurzeit.at\/index.php\/ex-oriente-lux-visegrad-nicht-moskau\/","og_site_name":"ZurZeit","article_publisher":"https:\/\/www.facebook.com\/wochenmagazinZurZeit\/","article_published_time":"2022-03-03T15:17:28+00:00","og_image":[{"width":1200,"height":900,"url":"https:\/\/zurzeit.at\/wp-content\/uploads\/2022\/03\/landscape-sea-coast-dock-architecture-skyline-1132399-pxhere.com_.jpg","type":"image\/jpeg"}],"author":"admin2","twitter_card":"summary_large_image","twitter_misc":{"Verfasst von":"admin2","Gesch\u00e4tzte Lesezeit":"3\u00a0Minuten"},"schema":{"@context":"https:\/\/schema.org","@graph":[{"@type":"Article","@id":"https:\/\/zurzeit.at\/index.php\/ex-oriente-lux-visegrad-nicht-moskau\/#article","isPartOf":{"@id":"https:\/\/zurzeit.at\/index.php\/ex-oriente-lux-visegrad-nicht-moskau\/"},"author":{"name":"admin2","@id":"https:\/\/zurzeit.at\/#\/schema\/person\/e6f4284c4ffdba25c26f295806088e37"},"headline":"Ex Oriente lux: \u00ad Visegrad, nicht Moskau","datePublished":"2022-03-03T15:17:28+00:00","mainEntityOfPage":{"@id":"https:\/\/zurzeit.at\/index.php\/ex-oriente-lux-visegrad-nicht-moskau\/"},"wordCount":612,"commentCount":0,"image":{"@id":"https:\/\/zurzeit.at\/index.php\/ex-oriente-lux-visegrad-nicht-moskau\/#primaryimage"},"thumbnailUrl":"https:\/\/zurzeit.at\/wp-content\/uploads\/2022\/03\/landscape-sea-coast-dock-architecture-skyline-1132399-pxhere.com_.jpg","keywords":["Krieg","Osten","Putin","Russland","Ukraine"],"articleSection":["Ausland","Europa"],"inLanguage":"de","potentialAction":[{"@type":"CommentAction","name":"Comment","target":["https:\/\/zurzeit.at\/index.php\/ex-oriente-lux-visegrad-nicht-moskau\/#respond"]}]},{"@type":"WebPage","@id":"https:\/\/zurzeit.at\/index.php\/ex-oriente-lux-visegrad-nicht-moskau\/","url":"https:\/\/zurzeit.at\/index.php\/ex-oriente-lux-visegrad-nicht-moskau\/","name":"Ex Oriente lux: \u00ad Visegrad, nicht Moskau - ZurZeit","isPartOf":{"@id":"https:\/\/zurzeit.at\/#website"},"primaryImageOfPage":{"@id":"https:\/\/zurzeit.at\/index.php\/ex-oriente-lux-visegrad-nicht-moskau\/#primaryimage"},"image":{"@id":"https:\/\/zurzeit.at\/index.php\/ex-oriente-lux-visegrad-nicht-moskau\/#primaryimage"},"thumbnailUrl":"https:\/\/zurzeit.at\/wp-content\/uploads\/2022\/03\/landscape-sea-coast-dock-architecture-skyline-1132399-pxhere.com_.jpg","datePublished":"2022-03-03T15:17:28+00:00","author":{"@id":"https:\/\/zurzeit.at\/#\/schema\/person\/e6f4284c4ffdba25c26f295806088e37"},"breadcrumb":{"@id":"https:\/\/zurzeit.at\/index.php\/ex-oriente-lux-visegrad-nicht-moskau\/#breadcrumb"},"inLanguage":"de","potentialAction":[{"@type":"ReadAction","target":["https:\/\/zurzeit.at\/index.php\/ex-oriente-lux-visegrad-nicht-moskau\/"]}]},{"@type":"ImageObject","inLanguage":"de","@id":"https:\/\/zurzeit.at\/index.php\/ex-oriente-lux-visegrad-nicht-moskau\/#primaryimage","url":"https:\/\/zurzeit.at\/wp-content\/uploads\/2022\/03\/landscape-sea-coast-dock-architecture-skyline-1132399-pxhere.com_.jpg","contentUrl":"https:\/\/zurzeit.at\/wp-content\/uploads\/2022\/03\/landscape-sea-coast-dock-architecture-skyline-1132399-pxhere.com_.jpg","width":1200,"height":900},{"@type":"BreadcrumbList","@id":"https:\/\/zurzeit.at\/index.php\/ex-oriente-lux-visegrad-nicht-moskau\/#breadcrumb","itemListElement":[{"@type":"ListItem","position":1,"name":"Startseite","item":"https:\/\/zurzeit.at\/"},{"@type":"ListItem","position":2,"name":"Ex Oriente lux: \u00ad Visegrad, nicht Moskau"}]},{"@type":"WebSite","@id":"https:\/\/zurzeit.at\/#website","url":"https:\/\/zurzeit.at\/","name":"ZurZeit","description":"Internetseite des Wochenmagazins ZurZeit","potentialAction":[{"@type":"SearchAction","target":{"@type":"EntryPoint","urlTemplate":"https:\/\/zurzeit.at\/?s={search_term_string}"},"query-input":{"@type":"PropertyValueSpecification","valueRequired":true,"valueName":"search_term_string"}}],"inLanguage":"de"},{"@type":"Person","@id":"https:\/\/zurzeit.at\/#\/schema\/person\/e6f4284c4ffdba25c26f295806088e37","name":"admin2","image":{"@type":"ImageObject","inLanguage":"de","@id":"https:\/\/secure.gravatar.com\/avatar\/6b01edb108b3f79fc8950358251ecf3b91c228e319139ad1beec43b6b1b16470?s=96&d=mm&r=g","url":"https:\/\/secure.gravatar.com\/avatar\/6b01edb108b3f79fc8950358251ecf3b91c228e319139ad1beec43b6b1b16470?s=96&d=mm&r=g","contentUrl":"https:\/\/secure.gravatar.com\/avatar\/6b01edb108b3f79fc8950358251ecf3b91c228e319139ad1beec43b6b1b16470?s=96&d=mm&r=g","caption":"admin2"},"url":"https:\/\/zurzeit.at\/index.php\/author\/admin2\/"}]}},"_links":{"self":[{"href":"https:\/\/zurzeit.at\/index.php\/wp-json\/wp\/v2\/posts\/12419","targetHints":{"allow":["GET"]}}],"collection":[{"href":"https:\/\/zurzeit.at\/index.php\/wp-json\/wp\/v2\/posts"}],"about":[{"href":"https:\/\/zurzeit.at\/index.php\/wp-json\/wp\/v2\/types\/post"}],"author":[{"embeddable":true,"href":"https:\/\/zurzeit.at\/index.php\/wp-json\/wp\/v2\/users\/3"}],"replies":[{"embeddable":true,"href":"https:\/\/zurzeit.at\/index.php\/wp-json\/wp\/v2\/comments?post=12419"}],"version-history":[{"count":1,"href":"https:\/\/zurzeit.at\/index.php\/wp-json\/wp\/v2\/posts\/12419\/revisions"}],"predecessor-version":[{"id":12421,"href":"https:\/\/zurzeit.at\/index.php\/wp-json\/wp\/v2\/posts\/12419\/revisions\/12421"}],"wp:featuredmedia":[{"embeddable":true,"href":"https:\/\/zurzeit.at\/index.php\/wp-json\/wp\/v2\/media\/12420"}],"wp:attachment":[{"href":"https:\/\/zurzeit.at\/index.php\/wp-json\/wp\/v2\/media?parent=12419"}],"wp:term":[{"taxonomy":"category","embeddable":true,"href":"https:\/\/zurzeit.at\/index.php\/wp-json\/wp\/v2\/categories?post=12419"},{"taxonomy":"post_tag","embeddable":true,"href":"https:\/\/zurzeit.at\/index.php\/wp-json\/wp\/v2\/tags?post=12419"}],"curies":[{"name":"wp","href":"https:\/\/api.w.org\/{rel}","templated":true}]}}