{"id":12422,"date":"2022-03-03T16:25:41","date_gmt":"2022-03-03T15:25:41","guid":{"rendered":"http:\/\/zurzeit.at\/?p=12422"},"modified":"2022-03-03T16:25:41","modified_gmt":"2022-03-03T15:25:41","slug":"praesident-putin-hat-die-notbremse-gezogen","status":"publish","type":"post","link":"https:\/\/zurzeit.at\/index.php\/praesident-putin-hat-die-notbremse-gezogen\/","title":{"rendered":"&#8222;Pr\u00e4sident Putin hat  die \u00adNotbremse gezogen&#8220;"},"content":{"rendered":"<p><span class=\"licensetpl_attr\">Autor: <a href=\"https:\/\/zurzeit.at\/index.php\/autoren\/\">&#8211;<\/a> Bild: <a href=\"https:\/\/pxhere.com\/de\/photo\/865355\">PxHere<\/a> <\/span><span class=\"plainlinks noprint\">Lizenz: \u2013<br \/>\n<\/span><\/p>\n<hr \/>\n<h1>Der Autor und ehemalige Bundeswehr-General Gerd Schultze-Rhonhof \u00fcber die Ursachen des Ukraine-Konflikts und die besch\u00e4menden Rollen, die die darin verwickelten M\u00e4chte gespielt haben.<\/h1>\n<p><em>Ihr Buch \u00fcber den Ausbruch des Zweiten Weltkriegs hat den Titel \u201eDer Krieg, der viele V\u00e4ter hatte\u201c. Wie viele V\u00e4ter hat der Krieg bzw. Konflikt in der Ukraine?<\/em><br \/>\n<strong>Schultze-Rhonhof:<\/strong> Das sind acht Staaten und Staatenb\u00fcndnisse, die hier zu nennen sind, n\u00e4mlich Deutschland und Frankreich als erfolglose Warner und Vermittler, die USA, die NATO und die EU als Falschspieler und Russland, die Ukraine und die Oblaste Donezk und Lugansk als die, die mit dem Feuer gespielt haben.<br \/>\nEines m\u00f6chte ich noch hinzuf\u00fcgen: Das ganze Desaster begann mit einem gl\u00fccklichen Ereignis, der deutschen Wiedervereinigung. Ein Teil des Preises daf\u00fcr war die Zusage des amerikanischen Au\u00dfenministers Baker gegen\u00fcber Herrn Gorbatschow am 8. Februar 1990, dass \u201edie NATO keinen Inch weiter nach Osten vorr\u00fccken\u201c werde. Diese Zusage wurde am 17. Mai 1990 vom deutschen NATO-Generalsekret\u00e4r W\u00f6rner best\u00e4tigt und sp\u00e4ter noch einmal von unserem Au\u00dfenminister Genscher in Bakers Beisein. Diese letzte Zusicherung ist heute noch als Youtube-Film im Internet zu sehen. Dieser Preis f\u00fcr die Wiedervereinigung ist nie bezahlt worden. Nun hat Putin die Rechnung daf\u00fcr aufgemacht.<\/p>\n<div id=\"attachment_12424\" style=\"width: 274px\" class=\"wp-caption alignnone\"><a href=\"https:\/\/zurzeit.at\/wp-content\/uploads\/2022\/03\/14642305_541709382695669_2940569247500765364_n-1.jpg\" data-rel=\"penci-gallery-image-content\" ><img loading=\"lazy\" decoding=\"async\" aria-describedby=\"caption-attachment-12424\" class=\"wp-image-12424 size-full\" src=\"https:\/\/zurzeit.at\/wp-content\/uploads\/2022\/03\/14642305_541709382695669_2940569247500765364_n-1.jpg\" alt=\"\" width=\"264\" height=\"264\" srcset=\"https:\/\/zurzeit.at\/wp-content\/uploads\/2022\/03\/14642305_541709382695669_2940569247500765364_n-1.jpg 264w, https:\/\/zurzeit.at\/wp-content\/uploads\/2022\/03\/14642305_541709382695669_2940569247500765364_n-1-150x150.jpg 150w, https:\/\/zurzeit.at\/wp-content\/uploads\/2022\/03\/14642305_541709382695669_2940569247500765364_n-1-100x100.jpg 100w\" sizes=\"auto, (max-width: 264px) 100vw, 264px\" \/><\/a><p id=\"caption-attachment-12424\" class=\"wp-caption-text\">Gerd \u00adSchultze-Rhonhof, geb. 1939 in Weimar, verheiratet, drei T\u00f6chter, von 1959 bis 1996 Soldat, zuletzt Divisionskommandeur und milit\u00e4rischer Befehls\u00adhaber im Wehr\u00adbereich Niedersachsen. Im Ruhestand Autor mehrerer B\u00fccher \u00fcber das Entstehen des Zweiten Weltkriegs.<\/p><\/div>\n<p><em>Damals in den 90er Jahren war die geopolitische Lage ja eine ganz andere. Die Sowjet\u00adunion war auseinandergebrochen. Russland war schwach und hatte mit sehr vielen internen Problemen zu k\u00e4mpfen. Mittlerweile ist Russland aber ein selbstbewusstes Land. Haben das vielleicht die Amerikaner untersch\u00e4tzt und sich gedacht, sie k\u00f6nnten weitermachen wie bisher?<\/em><br \/>\n<strong>Schultze-Rhonhof:<\/strong> Die Amerikaner haben immer noch einen gewaltigen Vorsprung vor den Russen. Sie haben wohl geglaubt, sie k\u00f6nnten sich den Bruch Ihres Versprechens leisten. Sie haben sich dabei im Fall des NATO-Wunschs der Ukrainer und der Abspaltung der zwei Oblaste mit mehrheitlich russischer Bev\u00f6lkerung au\u00dferdem auf ein Prinzip berufen und verlassen, das sie viele Male in S\u00fcdamerika und im Nahen Osten selbst skrupellos missachtet haben: die territoriale Integrit\u00e4t anderer Staaten.<\/p>\n<p><em>Wenn Sie gerade die territoriale Integrit\u00e4t erw\u00e4hnen: Ein anderes Prinzip des V\u00f6lkerrechts, das zur territorialen Integrit\u00e4t geh\u00f6rt, ist die Nichteinmischung in die inneren Angelegenheiten anderer Staaten. Nun gibt es Hinweise, dass die Vereinigten Staaten eine wichtige Rolle beim Maidan-Putsch 2014 gespielt haben.<\/em><br \/>\n<strong>Schultze-Rhonhof:<\/strong> Das war und ist ein undurchsichtiges Geschehen. Es ist durchaus m\u00f6glich, dass die Amerikaner beim Maidan-Putsch ihre Finger im Spiel hatten \u2013 vielleicht auch die Engl\u00e4nder \u2013 um die Revolution gegen den damaligen Pr\u00e4sident Janukowitsch zu befeuern. Inzwischen haben einige ausl\u00e4ndische Scharfsch\u00fctzen ausgesagt, dass sie damals von den D\u00e4chern rund um den Maidan-Platz sowohl auf Demonstranten als auch auf Polizisten geschossen und damit die Wut der Parteien gegeneinander angeheizt haben. Ich habe mir damals ab 2014 \u00f6fter Zahlen aus den Medien \u00fcber Ausl\u00e4nderentsendungen in die Ukraine notiert, z.\u2009B. 150 S\u00f6ldner der privaten amerikanischen Milit\u00e4rfirma Greystone in ukrainischen Uniformen, sp\u00e4ter 400 S\u00f6ldner des US-Milit\u00e4rdienstleisters Academy (vormals Blackwater, Anm.). Ein anderes Mal waren es 75 britische Milit\u00e4rausbilder. Staaten, die S\u00f6ldner entsenden, k\u00f6nnen immer sagen, dass sie kein Milit\u00e4r eingesetzt haben, und sie brauchen sich dann auch nicht f\u00fcr die Kriegsv\u00f6lkerrechts-Verst\u00f6\u00dfe ihrer S\u00f6ldner zu rechtfertigen.<\/p>\n<blockquote><p>In der Ukraine verbinden sich die \u00adnationalen Interessen der USA mit den Verm\u00f6gensinteressen der Familie Biden.<\/p><\/blockquote>\n<p><em>Warum sind die USA eigentlich so sehr auf die Ukraine fixiert?<\/em><br \/>\n<strong>Schultze-Rhonhof:<\/strong> Es geht um den Hegemonialanspruch der USA in Europa und um massive wirtschaftliche Interessen. Die Ukraine hat wichtige Bodensch\u00e4tze und sie ist ein beachtlicher Exportmarkt. Denken Sie einmal an die Treuhand, die in Deutschland die \u201eDDR\u201c-Wirtschaft abgewickelt hat. Damals winkten ausl\u00e4ndischen Gl\u00fccksrittern die \u00dcbernahmen von Firmen und Unternehmen zu Schleuderpreisen. So etwas winkt auch heute finanzstarken Ausl\u00e4ndern in der finanzschwachen Ukraine. Als Beispiel f\u00fcr Gl\u00fccksritter k\u00f6nnen Sie den Sohn von US-Pr\u00e4sident Biden, Hunter Biden, nehmen, der heute im Aufsichtsrat der gr\u00f6\u00dften ukrainischen Gasfirma Burisma sitzt. Er erh\u00e4lt als Verg\u00fctung f\u00fcr je 1.000 Kubikmeter Erdgas, das durch die Rohre von Burisma l\u00e4uft, einen festgelegten Dollarbetrag. Hier verbinden sich sogar noch famili\u00e4re Verm\u00f6gensinteressen der Familie Biden mit den nationalen Wirtschaftsinteressen der USA.<br \/>\nWarum hat sich der Streit um den Einfluss in der Ukraine jetzt so hochgeschraubt, eskaliert bis zu einem Krieg.<br \/>\nSchultze-Rhonhof: Das war eine lange Entwicklung, angefangen mit der deutschen Wiedervereinigung und dem Zerfall der Sowjetunion. 1990 war die Wiedervereinigung mit dem amerikanischen Verzicht auf eine NATO-Osterweiterung erkauft worden. Diese Zusage wurde nicht eingehalten. 2001 hat Putin eine gesamteurop\u00e4ische Freihandelszone einschlie\u00dflich Russlands vorgeschlagen. Da wurde er abgewiesen. 2007 hat Putin auf der M\u00fcnchner Sicherheitskonferenz eine weitere Osterweiterung auf das Gebiet der ehemaligen Sowjetunion als das \u201e\u00dcberschreiten einer roten Linie\u201c bezeichnet. Er wurde nicht ernst genommen. 2008 beantragten die USA die Aufnahme der Ukraine in die NATO, was dankenswerter Weise am Veto Frankreichs und Deutschlands gescheitert ist.<\/p>\n<p><em>Soweit ist doch alles friedlich verlaufen.<\/em><br \/>\n<strong>Schultze-Rhonhof:<\/strong> Es ging ja weiter. 2013 bot die EU der Ukraine einen Assoziierungsvertrag an, und 2014 \u00e4u\u00dferte der neue westorientierte Pr\u00e4sident Poroschenko den Wunsch eines NATO-Beitritts der Ukraine. Nun l\u00e4uteten die Alarmglocken im Kreml. Putin war klar, dass nach der EU die NATO und mit ihr die Amerikaner auf der Krim einziehen und die US-Navy den russischen Kriegshafen Sewastopol \u00fcbernehmen w\u00fcrde, wenn es soweit k\u00e4me. Er zog die Rei\u00dfleine und annektierte die Halbinsel Krim mit ihrer \u00fcberwiegend russischen Bev\u00f6lkerung. Die Bev\u00f6lkerung der Krim hatte sich \u00fcbrigens schon 1991 bei der Abspaltung der Ukraine in einem Referendum mit 93 % f\u00fcr einen Verbleib bei Russland entschieden.<br \/>\nBald nach der \u00dcbernahme der Krim durch Russland wollten sich auch die zwei mehrheitlich russisch bev\u00f6lkerten Oblaste Lugansk und Donezk von der Ukraine l\u00f6sen. Sie erkl\u00e4rten ihre Unabh\u00e4ngigkeit, und es kam zu dem nun acht Jahre w\u00e4hrenden B\u00fcrgerkrieg im Osten der Ukraine. Auf Vermittlung von Frankreich und Deutschland kam es 2015 zum Minsker Abkommen zwischen der Ukraine und Russland als der Schutzmacht der zwei abtr\u00fcnnigen Oblaste. Das Abkommen sah eine Waffenruhe und ein Gesetz \u00fcber den Sonderstatus f\u00fcr Lugansk und Donezk innerhalb der Ukraine vor. Stattdessen erlie\u00df die Kiewer Regierung 2018 ein \u201eReintegrationsgesetz\u201c f\u00fcr die zwei Oblaste, verbot jegliche Verhandlungen mit ihnen und den Gebrauch ihrer russischen Muttersprache in den Schulen. Der B\u00fcrgerkrieg im Osten der Ukraine ging unvermindert weiter. Putin sah sowohl das Leiden der Bev\u00f6lkerung im Kriegsgebiet und den Unwillen der Kiewer Regierung, das Abkommen von Minsk mit der Teilautonomie von Lugansk und Donezk einzul\u00f6sen, und er beobachtete das stete Dr\u00e4ngen aus Kiew, in die NATO aufgenommen zu werden. Ein gro\u00dfes NATO-Mitglied direkt an Russlands Grenze war und ist mit Russlands vitalem Sicherheitsinteresse nach Putins Auffassung nicht vereinbar. So ordnete er einen Drohaufmarsch an der Grenze zur Ukraine an und forderte den US-Pr\u00e4sident im Dezember 2021 zweimal auf, dauerhaft auf die Aufnahme der Ukraine in die NATO zu verzichten. Beiden hat das abgelehnt. Und wieder hat Putin die Rei\u00dfleine gezogen.<\/p>\n<p><em>Sehen Sie die Gefahr, dass sich dieser Konflikt in einen Fl\u00e4chenbrand ausdehnen k\u00f6nnte?<\/em><br \/>\n<strong>Schultze-Rhonhof:<\/strong> Diese Gefahr will ich nicht in Abrede stellen, aber ich halte das f\u00fcr unwahrscheinlich. Wenn Russland die Ukraine in irgendein Abh\u00e4ngigkeitsverh\u00e4ltnis zwingt, hat es damit schon ein gewaltiges Problem am Hals. Sich dann aber auch noch kriegerisch mit der NATO anzulegen, w\u00fcrde Russland \u00fcberfordern. Ich halte Putin f\u00fcr einen k\u00fchlen Rechner. Das wird er nicht tun. Putin hat immer wieder verlangt, dass zwei Dinge ins Lot gebracht werden: erstens der Verzicht auf eine Aufnahme der Ukraine in die NATO und zweitens die Beruhigung des Donbass mit dem Ende des dortigen B\u00fcrgerkriegs. In ein paar Wochen wird er beides erreicht haben.<\/p>\n<blockquote><p>Sich auch noch kriegerisch mit der NATO anzulegen, w\u00fcrde Russland \u00fcberfordern. Das wird Putin nicht tun.<\/p><\/blockquote>\n<p><em>Es f\u00e4llt auf, dass die Europ\u00e4ische Union nur das von sich gibt, was auch die USA sagen. Ist das nicht bedenklich, schlie\u00dflich geht es ja beim Ukraine-Konflikt auch um die Sicherheit Europas?<\/em><br \/>\n<strong>Schultze-Rhonhof:<\/strong> Die EU ist in dieser Hinsicht ein Wachhund ohne Z\u00e4hne. Sie hat in dieser Krise keine Rolle gespielt und keine f\u00f6rderlichen Impulse gegeben.<br \/>\nDie einzigen f\u00f6rderlichen Impulse aus Europa kamen aus Frankreich und Deutschland mit den zwei Minsker Konferenzen. Ansonsten ist der EU-Kommission nicht mehr eingefallen als Drohungen mit Sanktionen, die der europ\u00e4ischen Bev\u00f6lkerung noch sehr teuer auf die F\u00fc\u00dfe fallen werden.<br \/>\nWenn es einen einziger Staatsmann von strategischem Verstand und dem erforderlichen Durchsetzungsverm\u00f6gen im NATO\u00ad-Hauptquartier oder in der EU-Kommission gegeben h\u00e4tte, w\u00e4re die Ukraine rechtzeitig finnlandisiert, das hei\u00dft, vertraglich f\u00fcr neutral erkl\u00e4rt worden, wie einst die Schweiz, \u00d6sterreich und Finnland.<\/p>\n<p><em>In den Medien hei\u00dft es jetzt \u201eDas ist Putins Krieg.\u201c Sehen Sie das auch so?<\/em><br \/>\n<strong>Schultze-Rhonhof:<\/strong> Das klingt wie eine einseitige Schuldzuweisung, die, so kernig ausgedr\u00fcckt, nicht stimmt.<br \/>\nAls Autor des Buchs \u201e1939 \u2013 Der Krieg, der viele V\u00e4ter hatte\u201c denke ich, dass nicht nur der die Schuld an einem Krieg tr\u00e4gt, der ihn er\u00f6ffnet hat, sondern auch der, der ihn vorher mit verursacht hat.<\/p>\n<p>Das Gespr\u00e4ch f\u00fchrte Bernhard Tomaschitz.<\/p>\n","protected":false},"excerpt":{"rendered":"<p>Autor: &#8211; Bild: PxHere Lizenz: \u2013 Der Autor und ehemalige Bundeswehr-General Gerd Schultze-Rhonhof \u00fcber die&hellip;<\/p>\n","protected":false},"author":3,"featured_media":12425,"comment_status":"open","ping_status":"closed","sticky":false,"template":"","format":"standard","meta":{"footnotes":""},"categories":[49,48],"tags":[2005,60,1516,1058,614,319],"class_list":["post-12422","post","type-post","status-publish","format-standard","has-post-thumbnail","hentry","category-ausland","category-europa","tag-aufruestung","tag-deutschland","tag-krieg","tag-putin","tag-russland","tag-ukraine"],"yoast_head":"<!-- This site is optimized with the Yoast SEO plugin v28.3 - https:\/\/yoast.com\/product\/yoast-seo-wordpress\/ -->\n<title>&quot;Pr\u00e4sident Putin hat die \u00adNotbremse gezogen&quot; - ZurZeit<\/title>\n<meta name=\"robots\" content=\"index, follow, max-snippet:-1, max-image-preview:large, max-video-preview:-1\" \/>\n<link rel=\"canonical\" href=\"https:\/\/zurzeit.at\/index.php\/praesident-putin-hat-die-notbremse-gezogen\/\" \/>\n<meta property=\"og:locale\" content=\"de_DE\" \/>\n<meta property=\"og:type\" content=\"article\" \/>\n<meta property=\"og:title\" content=\"&quot;Pr\u00e4sident Putin hat die \u00adNotbremse gezogen&quot; - ZurZeit\" \/>\n<meta property=\"og:description\" content=\"Autor: &#8211; Bild: PxHere Lizenz: \u2013 Der Autor und ehemalige Bundeswehr-General Gerd Schultze-Rhonhof \u00fcber die&hellip;\" \/>\n<meta property=\"og:url\" content=\"https:\/\/zurzeit.at\/index.php\/praesident-putin-hat-die-notbremse-gezogen\/\" \/>\n<meta property=\"og:site_name\" content=\"ZurZeit\" \/>\n<meta property=\"article:publisher\" content=\"https:\/\/www.facebook.com\/wochenmagazinZurZeit\/\" \/>\n<meta property=\"article:published_time\" content=\"2022-03-03T15:25:41+00:00\" \/>\n<meta property=\"og:image\" content=\"https:\/\/zurzeit.at\/wp-content\/uploads\/2022\/03\/person-camera-government-russia-policy-putin-865355-pxhere.com_.jpg\" \/>\n\t<meta property=\"og:image:width\" content=\"1350\" \/>\n\t<meta property=\"og:image:height\" content=\"900\" \/>\n\t<meta property=\"og:image:type\" content=\"image\/jpeg\" \/>\n<meta name=\"author\" content=\"admin2\" \/>\n<meta name=\"twitter:card\" content=\"summary_large_image\" \/>\n<meta name=\"twitter:label1\" content=\"Verfasst von\" \/>\n\t<meta name=\"twitter:data1\" content=\"admin2\" \/>\n\t<meta name=\"twitter:label2\" content=\"Gesch\u00e4tzte Lesezeit\" \/>\n\t<meta name=\"twitter:data2\" content=\"7\u00a0Minuten\" \/>\n<script type=\"application\/ld+json\" class=\"yoast-schema-graph\">{\"@context\":\"https:\\\/\\\/schema.org\",\"@graph\":[{\"@type\":\"Article\",\"@id\":\"https:\\\/\\\/zurzeit.at\\\/index.php\\\/praesident-putin-hat-die-notbremse-gezogen\\\/#article\",\"isPartOf\":{\"@id\":\"https:\\\/\\\/zurzeit.at\\\/index.php\\\/praesident-putin-hat-die-notbremse-gezogen\\\/\"},\"author\":{\"name\":\"admin2\",\"@id\":\"https:\\\/\\\/zurzeit.at\\\/#\\\/schema\\\/person\\\/e6f4284c4ffdba25c26f295806088e37\"},\"headline\":\"&#8222;Pr\u00e4sident Putin hat die \u00adNotbremse gezogen&#8220;\",\"datePublished\":\"2022-03-03T15:25:41+00:00\",\"mainEntityOfPage\":{\"@id\":\"https:\\\/\\\/zurzeit.at\\\/index.php\\\/praesident-putin-hat-die-notbremse-gezogen\\\/\"},\"wordCount\":1591,\"commentCount\":1,\"image\":{\"@id\":\"https:\\\/\\\/zurzeit.at\\\/index.php\\\/praesident-putin-hat-die-notbremse-gezogen\\\/#primaryimage\"},\"thumbnailUrl\":\"https:\\\/\\\/zurzeit.at\\\/wp-content\\\/uploads\\\/2022\\\/03\\\/person-camera-government-russia-policy-putin-865355-pxhere.com_.jpg\",\"keywords\":[\"Aufr\u00fcstung\",\"Deutschland\",\"Krieg\",\"Putin\",\"Russland\",\"Ukraine\"],\"articleSection\":[\"Ausland\",\"Europa\"],\"inLanguage\":\"de\",\"potentialAction\":[{\"@type\":\"CommentAction\",\"name\":\"Comment\",\"target\":[\"https:\\\/\\\/zurzeit.at\\\/index.php\\\/praesident-putin-hat-die-notbremse-gezogen\\\/#respond\"]}]},{\"@type\":\"WebPage\",\"@id\":\"https:\\\/\\\/zurzeit.at\\\/index.php\\\/praesident-putin-hat-die-notbremse-gezogen\\\/\",\"url\":\"https:\\\/\\\/zurzeit.at\\\/index.php\\\/praesident-putin-hat-die-notbremse-gezogen\\\/\",\"name\":\"\\\"Pr\u00e4sident Putin hat die \u00adNotbremse gezogen\\\" - ZurZeit\",\"isPartOf\":{\"@id\":\"https:\\\/\\\/zurzeit.at\\\/#website\"},\"primaryImageOfPage\":{\"@id\":\"https:\\\/\\\/zurzeit.at\\\/index.php\\\/praesident-putin-hat-die-notbremse-gezogen\\\/#primaryimage\"},\"image\":{\"@id\":\"https:\\\/\\\/zurzeit.at\\\/index.php\\\/praesident-putin-hat-die-notbremse-gezogen\\\/#primaryimage\"},\"thumbnailUrl\":\"https:\\\/\\\/zurzeit.at\\\/wp-content\\\/uploads\\\/2022\\\/03\\\/person-camera-government-russia-policy-putin-865355-pxhere.com_.jpg\",\"datePublished\":\"2022-03-03T15:25:41+00:00\",\"author\":{\"@id\":\"https:\\\/\\\/zurzeit.at\\\/#\\\/schema\\\/person\\\/e6f4284c4ffdba25c26f295806088e37\"},\"breadcrumb\":{\"@id\":\"https:\\\/\\\/zurzeit.at\\\/index.php\\\/praesident-putin-hat-die-notbremse-gezogen\\\/#breadcrumb\"},\"inLanguage\":\"de\",\"potentialAction\":[{\"@type\":\"ReadAction\",\"target\":[\"https:\\\/\\\/zurzeit.at\\\/index.php\\\/praesident-putin-hat-die-notbremse-gezogen\\\/\"]}]},{\"@type\":\"ImageObject\",\"inLanguage\":\"de\",\"@id\":\"https:\\\/\\\/zurzeit.at\\\/index.php\\\/praesident-putin-hat-die-notbremse-gezogen\\\/#primaryimage\",\"url\":\"https:\\\/\\\/zurzeit.at\\\/wp-content\\\/uploads\\\/2022\\\/03\\\/person-camera-government-russia-policy-putin-865355-pxhere.com_.jpg\",\"contentUrl\":\"https:\\\/\\\/zurzeit.at\\\/wp-content\\\/uploads\\\/2022\\\/03\\\/person-camera-government-russia-policy-putin-865355-pxhere.com_.jpg\",\"width\":1350,\"height\":900},{\"@type\":\"BreadcrumbList\",\"@id\":\"https:\\\/\\\/zurzeit.at\\\/index.php\\\/praesident-putin-hat-die-notbremse-gezogen\\\/#breadcrumb\",\"itemListElement\":[{\"@type\":\"ListItem\",\"position\":1,\"name\":\"Startseite\",\"item\":\"https:\\\/\\\/zurzeit.at\\\/\"},{\"@type\":\"ListItem\",\"position\":2,\"name\":\"&#8220;Pr\u00e4sident Putin hat die \u00adNotbremse gezogen&#8221;\"}]},{\"@type\":\"WebSite\",\"@id\":\"https:\\\/\\\/zurzeit.at\\\/#website\",\"url\":\"https:\\\/\\\/zurzeit.at\\\/\",\"name\":\"ZurZeit\",\"description\":\"Internetseite des Wochenmagazins ZurZeit\",\"potentialAction\":[{\"@type\":\"SearchAction\",\"target\":{\"@type\":\"EntryPoint\",\"urlTemplate\":\"https:\\\/\\\/zurzeit.at\\\/?s={search_term_string}\"},\"query-input\":{\"@type\":\"PropertyValueSpecification\",\"valueRequired\":true,\"valueName\":\"search_term_string\"}}],\"inLanguage\":\"de\"},{\"@type\":\"Person\",\"@id\":\"https:\\\/\\\/zurzeit.at\\\/#\\\/schema\\\/person\\\/e6f4284c4ffdba25c26f295806088e37\",\"name\":\"admin2\",\"image\":{\"@type\":\"ImageObject\",\"inLanguage\":\"de\",\"@id\":\"https:\\\/\\\/secure.gravatar.com\\\/avatar\\\/6b01edb108b3f79fc8950358251ecf3b91c228e319139ad1beec43b6b1b16470?s=96&d=mm&r=g\",\"url\":\"https:\\\/\\\/secure.gravatar.com\\\/avatar\\\/6b01edb108b3f79fc8950358251ecf3b91c228e319139ad1beec43b6b1b16470?s=96&d=mm&r=g\",\"contentUrl\":\"https:\\\/\\\/secure.gravatar.com\\\/avatar\\\/6b01edb108b3f79fc8950358251ecf3b91c228e319139ad1beec43b6b1b16470?s=96&d=mm&r=g\",\"caption\":\"admin2\"},\"url\":\"https:\\\/\\\/zurzeit.at\\\/index.php\\\/author\\\/admin2\\\/\"}]}<\/script>\n<!-- \/ Yoast SEO plugin. -->","yoast_head_json":{"title":"\"Pr\u00e4sident Putin hat die \u00adNotbremse gezogen\" - ZurZeit","robots":{"index":"index","follow":"follow","max-snippet":"max-snippet:-1","max-image-preview":"max-image-preview:large","max-video-preview":"max-video-preview:-1"},"canonical":"https:\/\/zurzeit.at\/index.php\/praesident-putin-hat-die-notbremse-gezogen\/","og_locale":"de_DE","og_type":"article","og_title":"\"Pr\u00e4sident Putin hat die \u00adNotbremse gezogen\" - ZurZeit","og_description":"Autor: &#8211; Bild: PxHere Lizenz: \u2013 Der Autor und ehemalige Bundeswehr-General Gerd Schultze-Rhonhof \u00fcber die&hellip;","og_url":"https:\/\/zurzeit.at\/index.php\/praesident-putin-hat-die-notbremse-gezogen\/","og_site_name":"ZurZeit","article_publisher":"https:\/\/www.facebook.com\/wochenmagazinZurZeit\/","article_published_time":"2022-03-03T15:25:41+00:00","og_image":[{"width":1350,"height":900,"url":"https:\/\/zurzeit.at\/wp-content\/uploads\/2022\/03\/person-camera-government-russia-policy-putin-865355-pxhere.com_.jpg","type":"image\/jpeg"}],"author":"admin2","twitter_card":"summary_large_image","twitter_misc":{"Verfasst von":"admin2","Gesch\u00e4tzte Lesezeit":"7\u00a0Minuten"},"schema":{"@context":"https:\/\/schema.org","@graph":[{"@type":"Article","@id":"https:\/\/zurzeit.at\/index.php\/praesident-putin-hat-die-notbremse-gezogen\/#article","isPartOf":{"@id":"https:\/\/zurzeit.at\/index.php\/praesident-putin-hat-die-notbremse-gezogen\/"},"author":{"name":"admin2","@id":"https:\/\/zurzeit.at\/#\/schema\/person\/e6f4284c4ffdba25c26f295806088e37"},"headline":"&#8222;Pr\u00e4sident Putin hat die \u00adNotbremse gezogen&#8220;","datePublished":"2022-03-03T15:25:41+00:00","mainEntityOfPage":{"@id":"https:\/\/zurzeit.at\/index.php\/praesident-putin-hat-die-notbremse-gezogen\/"},"wordCount":1591,"commentCount":1,"image":{"@id":"https:\/\/zurzeit.at\/index.php\/praesident-putin-hat-die-notbremse-gezogen\/#primaryimage"},"thumbnailUrl":"https:\/\/zurzeit.at\/wp-content\/uploads\/2022\/03\/person-camera-government-russia-policy-putin-865355-pxhere.com_.jpg","keywords":["Aufr\u00fcstung","Deutschland","Krieg","Putin","Russland","Ukraine"],"articleSection":["Ausland","Europa"],"inLanguage":"de","potentialAction":[{"@type":"CommentAction","name":"Comment","target":["https:\/\/zurzeit.at\/index.php\/praesident-putin-hat-die-notbremse-gezogen\/#respond"]}]},{"@type":"WebPage","@id":"https:\/\/zurzeit.at\/index.php\/praesident-putin-hat-die-notbremse-gezogen\/","url":"https:\/\/zurzeit.at\/index.php\/praesident-putin-hat-die-notbremse-gezogen\/","name":"\"Pr\u00e4sident Putin hat die \u00adNotbremse gezogen\" - ZurZeit","isPartOf":{"@id":"https:\/\/zurzeit.at\/#website"},"primaryImageOfPage":{"@id":"https:\/\/zurzeit.at\/index.php\/praesident-putin-hat-die-notbremse-gezogen\/#primaryimage"},"image":{"@id":"https:\/\/zurzeit.at\/index.php\/praesident-putin-hat-die-notbremse-gezogen\/#primaryimage"},"thumbnailUrl":"https:\/\/zurzeit.at\/wp-content\/uploads\/2022\/03\/person-camera-government-russia-policy-putin-865355-pxhere.com_.jpg","datePublished":"2022-03-03T15:25:41+00:00","author":{"@id":"https:\/\/zurzeit.at\/#\/schema\/person\/e6f4284c4ffdba25c26f295806088e37"},"breadcrumb":{"@id":"https:\/\/zurzeit.at\/index.php\/praesident-putin-hat-die-notbremse-gezogen\/#breadcrumb"},"inLanguage":"de","potentialAction":[{"@type":"ReadAction","target":["https:\/\/zurzeit.at\/index.php\/praesident-putin-hat-die-notbremse-gezogen\/"]}]},{"@type":"ImageObject","inLanguage":"de","@id":"https:\/\/zurzeit.at\/index.php\/praesident-putin-hat-die-notbremse-gezogen\/#primaryimage","url":"https:\/\/zurzeit.at\/wp-content\/uploads\/2022\/03\/person-camera-government-russia-policy-putin-865355-pxhere.com_.jpg","contentUrl":"https:\/\/zurzeit.at\/wp-content\/uploads\/2022\/03\/person-camera-government-russia-policy-putin-865355-pxhere.com_.jpg","width":1350,"height":900},{"@type":"BreadcrumbList","@id":"https:\/\/zurzeit.at\/index.php\/praesident-putin-hat-die-notbremse-gezogen\/#breadcrumb","itemListElement":[{"@type":"ListItem","position":1,"name":"Startseite","item":"https:\/\/zurzeit.at\/"},{"@type":"ListItem","position":2,"name":"&#8220;Pr\u00e4sident Putin hat die \u00adNotbremse gezogen&#8221;"}]},{"@type":"WebSite","@id":"https:\/\/zurzeit.at\/#website","url":"https:\/\/zurzeit.at\/","name":"ZurZeit","description":"Internetseite des Wochenmagazins ZurZeit","potentialAction":[{"@type":"SearchAction","target":{"@type":"EntryPoint","urlTemplate":"https:\/\/zurzeit.at\/?s={search_term_string}"},"query-input":{"@type":"PropertyValueSpecification","valueRequired":true,"valueName":"search_term_string"}}],"inLanguage":"de"},{"@type":"Person","@id":"https:\/\/zurzeit.at\/#\/schema\/person\/e6f4284c4ffdba25c26f295806088e37","name":"admin2","image":{"@type":"ImageObject","inLanguage":"de","@id":"https:\/\/secure.gravatar.com\/avatar\/6b01edb108b3f79fc8950358251ecf3b91c228e319139ad1beec43b6b1b16470?s=96&d=mm&r=g","url":"https:\/\/secure.gravatar.com\/avatar\/6b01edb108b3f79fc8950358251ecf3b91c228e319139ad1beec43b6b1b16470?s=96&d=mm&r=g","contentUrl":"https:\/\/secure.gravatar.com\/avatar\/6b01edb108b3f79fc8950358251ecf3b91c228e319139ad1beec43b6b1b16470?s=96&d=mm&r=g","caption":"admin2"},"url":"https:\/\/zurzeit.at\/index.php\/author\/admin2\/"}]}},"_links":{"self":[{"href":"https:\/\/zurzeit.at\/index.php\/wp-json\/wp\/v2\/posts\/12422","targetHints":{"allow":["GET"]}}],"collection":[{"href":"https:\/\/zurzeit.at\/index.php\/wp-json\/wp\/v2\/posts"}],"about":[{"href":"https:\/\/zurzeit.at\/index.php\/wp-json\/wp\/v2\/types\/post"}],"author":[{"embeddable":true,"href":"https:\/\/zurzeit.at\/index.php\/wp-json\/wp\/v2\/users\/3"}],"replies":[{"embeddable":true,"href":"https:\/\/zurzeit.at\/index.php\/wp-json\/wp\/v2\/comments?post=12422"}],"version-history":[{"count":2,"href":"https:\/\/zurzeit.at\/index.php\/wp-json\/wp\/v2\/posts\/12422\/revisions"}],"predecessor-version":[{"id":12427,"href":"https:\/\/zurzeit.at\/index.php\/wp-json\/wp\/v2\/posts\/12422\/revisions\/12427"}],"wp:featuredmedia":[{"embeddable":true,"href":"https:\/\/zurzeit.at\/index.php\/wp-json\/wp\/v2\/media\/12425"}],"wp:attachment":[{"href":"https:\/\/zurzeit.at\/index.php\/wp-json\/wp\/v2\/media?parent=12422"}],"wp:term":[{"taxonomy":"category","embeddable":true,"href":"https:\/\/zurzeit.at\/index.php\/wp-json\/wp\/v2\/categories?post=12422"},{"taxonomy":"post_tag","embeddable":true,"href":"https:\/\/zurzeit.at\/index.php\/wp-json\/wp\/v2\/tags?post=12422"}],"curies":[{"name":"wp","href":"https:\/\/api.w.org\/{rel}","templated":true}]}}