{"id":12989,"date":"2022-04-22T10:53:36","date_gmt":"2022-04-22T08:53:36","guid":{"rendered":"http:\/\/zurzeit.at\/?p=12989"},"modified":"2022-04-22T10:53:36","modified_gmt":"2022-04-22T08:53:36","slug":"djokovic-haelt-wimbledon-ausschluss-russischer-und-weissrussischer-spieler-fuer-verrueckt","status":"publish","type":"post","link":"https:\/\/zurzeit.at\/index.php\/djokovic-haelt-wimbledon-ausschluss-russischer-und-weissrussischer-spieler-fuer-verrueckt\/","title":{"rendered":"Djokovic h\u00e4lt Wimbledon-Ausschluss russischer und wei\u00dfrussischer Spieler f\u00fcr \u201everr\u00fcckt\u201c"},"content":{"rendered":"<p><span class=\"licensetpl_attr\">Autor: <a href=\"https:\/\/zurzeit.at\/index.php\/autoren\/\">B.T.<\/a>\u00a0<\/span><span class=\"plainlinks noprint\"><span class=\"licensetpl_attr\">Bild: <\/span><\/span><a href=\"https:\/\/commons.wikimedia.org\/wiki\/File:Novak_Djokovic_(49745340032).jpg\">Wikipedia\/Peter Menzel<\/a> <span class=\"plainlinks noprint\"><span class=\"licensetpl_attr\">Lizenz: <a href=\"https:\/\/creativecommons.org\/licenses\/by-sa\/2.0\/deed.en\">CC BY-SA 2.0<\/a><br \/>\n<\/span><\/span><\/p>\n<hr \/>\n<h1>Serbischer Tennisstar kritisiert Einmischung der Politik in den Sport<\/h1>\n<p>Beim weltber\u00fchmten Tennistournier in Wimbledon werden in diesem Jahre keine Spieler aus Russland und Wei\u00dfrussland teilnehmen. Grund ist der Krieg in der Ukraine. Kritik an dieser Entscheidung \u00fcbt Novak Djokovic, die Nummer 1 der ATP-Weltrangliste. W\u00f6rtlich bezeichnete der serbische Sportstar den Ausschluss russischer und wei\u00dfrussischer Spieler vom Tournier im englischen Wimbledon als \u201everr\u00fcckt\u201c.<\/p>\n<p>Djokovic stellte auch klar, dass er den Krieg Russlands gegen die Ukraine nicht guthei\u00dft: \u201eIch werde den Krieg immer verurteilen und niemals unterst\u00fctzen, da ich selbst ein Kind des Krieges bin.\u201c Djokovic musste Elfj\u00e4hriger die Luftangriffe auf Belgrad w\u00e4hrend des v\u00f6lkerrechtswidrigen NATO-Krieges gegen Serbien miterleben.<\/p>\n<p>\u201eIch wei\u00df, was f\u00fcr ein emotionales Trauma das hinterl\u00e4sst. In Serbien wissen wir alle, was 1999 passiert ist. Auf dem Balkan haben wir in der j\u00fcngeren Geschichte viele Kriege erlebt\u201c, sagte er am Rande des Tennistourniers in Belgrad zu Reportern. Und Djokovic f\u00fcgte hinzu: \u201eAber ich kann die Entscheidung von Wimbledon nicht unterst\u00fctzen, ich halte sie f\u00fcr verr\u00fcckt. Wenn sich die Politik in den Sport einmischt, ist das Ergebnis nicht gut.\u201c<\/p>\n<p>Es ist nicht das erste Mal, dass der serbische Tennisprofi beim Establishment aneckt. Zu Jahresbeginn durfte Djokovic, vom Australian Open ausgeschlossen und wurde des Landes verwiesen, weil er die experimentelle Corona-Impfung verweigert hatte.<\/p>\n","protected":false},"excerpt":{"rendered":"<p>Autor: B.T.\u00a0Bild: Wikipedia\/Peter Menzel Lizenz: CC BY-SA 2.0 Serbischer Tennisstar kritisiert Einmischung der Politik in&hellip;<\/p>\n","protected":false},"author":3,"featured_media":12990,"comment_status":"open","ping_status":"closed","sticky":false,"template":"","format":"standard","meta":{"footnotes":""},"categories":[49,48,51],"tags":[7630,6098,7631,552,6097,7632,7629],"class_list":["post-12989","post","type-post","status-publish","format-standard","has-post-thumbnail","hentry","category-ausland","category-europa","category-feuilleton","tag-ausschluss","tag-novak-djokovic","tag-russen","tag-sport","tag-tennis","tag-weissrussen","tag-wimbledon"],"yoast_head":"<!-- This site is optimized with the Yoast SEO plugin v28.3 - https:\/\/yoast.com\/product\/yoast-seo-wordpress\/ -->\n<title>Djokovic h\u00e4lt Wimbledon-Ausschluss russischer und wei\u00dfrussischer Spieler f\u00fcr \u201everr\u00fcckt\u201c - ZurZeit<\/title>\n<meta name=\"robots\" content=\"index, follow, max-snippet:-1, max-image-preview:large, max-video-preview:-1\" \/>\n<link rel=\"canonical\" href=\"https:\/\/zurzeit.at\/index.php\/djokovic-haelt-wimbledon-ausschluss-russischer-und-weissrussischer-spieler-fuer-verrueckt\/\" \/>\n<meta property=\"og:locale\" content=\"de_DE\" \/>\n<meta property=\"og:type\" content=\"article\" \/>\n<meta property=\"og:title\" content=\"Djokovic h\u00e4lt Wimbledon-Ausschluss russischer und wei\u00dfrussischer Spieler f\u00fcr \u201everr\u00fcckt\u201c - ZurZeit\" \/>\n<meta property=\"og:description\" content=\"Autor: B.T.\u00a0Bild: Wikipedia\/Peter Menzel Lizenz: CC BY-SA 2.0 Serbischer Tennisstar kritisiert Einmischung der Politik in&hellip;\" \/>\n<meta property=\"og:url\" content=\"https:\/\/zurzeit.at\/index.php\/djokovic-haelt-wimbledon-ausschluss-russischer-und-weissrussischer-spieler-fuer-verrueckt\/\" \/>\n<meta property=\"og:site_name\" content=\"ZurZeit\" \/>\n<meta property=\"article:publisher\" content=\"https:\/\/www.facebook.com\/wochenmagazinZurZeit\/\" \/>\n<meta property=\"article:published_time\" content=\"2022-04-22T08:53:36+00:00\" \/>\n<meta property=\"og:image\" content=\"https:\/\/zurzeit.at\/wp-content\/uploads\/2022\/04\/Novak_Djokovic_49745340032.jpg\" \/>\n\t<meta property=\"og:image:width\" content=\"1280\" \/>\n\t<meta property=\"og:image:height\" content=\"1024\" \/>\n\t<meta property=\"og:image:type\" content=\"image\/jpeg\" \/>\n<meta name=\"author\" content=\"admin2\" \/>\n<meta name=\"twitter:card\" content=\"summary_large_image\" \/>\n<meta name=\"twitter:label1\" content=\"Verfasst von\" \/>\n\t<meta name=\"twitter:data1\" content=\"admin2\" \/>\n\t<meta name=\"twitter:label2\" content=\"Gesch\u00e4tzte Lesezeit\" \/>\n\t<meta name=\"twitter:data2\" content=\"1\u00a0Minute\" \/>\n<script type=\"application\/ld+json\" class=\"yoast-schema-graph\">{\"@context\":\"https:\\\/\\\/schema.org\",\"@graph\":[{\"@type\":\"Article\",\"@id\":\"https:\\\/\\\/zurzeit.at\\\/index.php\\\/djokovic-haelt-wimbledon-ausschluss-russischer-und-weissrussischer-spieler-fuer-verrueckt\\\/#article\",\"isPartOf\":{\"@id\":\"https:\\\/\\\/zurzeit.at\\\/index.php\\\/djokovic-haelt-wimbledon-ausschluss-russischer-und-weissrussischer-spieler-fuer-verrueckt\\\/\"},\"author\":{\"name\":\"admin2\",\"@id\":\"https:\\\/\\\/zurzeit.at\\\/#\\\/schema\\\/person\\\/e6f4284c4ffdba25c26f295806088e37\"},\"headline\":\"Djokovic h\u00e4lt Wimbledon-Ausschluss russischer und wei\u00dfrussischer Spieler f\u00fcr \u201everr\u00fcckt\u201c\",\"datePublished\":\"2022-04-22T08:53:36+00:00\",\"mainEntityOfPage\":{\"@id\":\"https:\\\/\\\/zurzeit.at\\\/index.php\\\/djokovic-haelt-wimbledon-ausschluss-russischer-und-weissrussischer-spieler-fuer-verrueckt\\\/\"},\"wordCount\":249,\"commentCount\":0,\"image\":{\"@id\":\"https:\\\/\\\/zurzeit.at\\\/index.php\\\/djokovic-haelt-wimbledon-ausschluss-russischer-und-weissrussischer-spieler-fuer-verrueckt\\\/#primaryimage\"},\"thumbnailUrl\":\"https:\\\/\\\/zurzeit.at\\\/wp-content\\\/uploads\\\/2022\\\/04\\\/Novak_Djokovic_49745340032.jpg\",\"keywords\":[\"Ausschluss\",\"Novak Djokovic\",\"Russen\",\"Sport\",\"Tennis\",\"Wei\u00dfrussen\",\"Wimbledon\"],\"articleSection\":[\"Ausland\",\"Europa\",\"Feuilleton\"],\"inLanguage\":\"de\",\"potentialAction\":[{\"@type\":\"CommentAction\",\"name\":\"Comment\",\"target\":[\"https:\\\/\\\/zurzeit.at\\\/index.php\\\/djokovic-haelt-wimbledon-ausschluss-russischer-und-weissrussischer-spieler-fuer-verrueckt\\\/#respond\"]}]},{\"@type\":\"WebPage\",\"@id\":\"https:\\\/\\\/zurzeit.at\\\/index.php\\\/djokovic-haelt-wimbledon-ausschluss-russischer-und-weissrussischer-spieler-fuer-verrueckt\\\/\",\"url\":\"https:\\\/\\\/zurzeit.at\\\/index.php\\\/djokovic-haelt-wimbledon-ausschluss-russischer-und-weissrussischer-spieler-fuer-verrueckt\\\/\",\"name\":\"Djokovic h\u00e4lt Wimbledon-Ausschluss russischer und wei\u00dfrussischer Spieler f\u00fcr \u201everr\u00fcckt\u201c - ZurZeit\",\"isPartOf\":{\"@id\":\"https:\\\/\\\/zurzeit.at\\\/#website\"},\"primaryImageOfPage\":{\"@id\":\"https:\\\/\\\/zurzeit.at\\\/index.php\\\/djokovic-haelt-wimbledon-ausschluss-russischer-und-weissrussischer-spieler-fuer-verrueckt\\\/#primaryimage\"},\"image\":{\"@id\":\"https:\\\/\\\/zurzeit.at\\\/index.php\\\/djokovic-haelt-wimbledon-ausschluss-russischer-und-weissrussischer-spieler-fuer-verrueckt\\\/#primaryimage\"},\"thumbnailUrl\":\"https:\\\/\\\/zurzeit.at\\\/wp-content\\\/uploads\\\/2022\\\/04\\\/Novak_Djokovic_49745340032.jpg\",\"datePublished\":\"2022-04-22T08:53:36+00:00\",\"author\":{\"@id\":\"https:\\\/\\\/zurzeit.at\\\/#\\\/schema\\\/person\\\/e6f4284c4ffdba25c26f295806088e37\"},\"breadcrumb\":{\"@id\":\"https:\\\/\\\/zurzeit.at\\\/index.php\\\/djokovic-haelt-wimbledon-ausschluss-russischer-und-weissrussischer-spieler-fuer-verrueckt\\\/#breadcrumb\"},\"inLanguage\":\"de\",\"potentialAction\":[{\"@type\":\"ReadAction\",\"target\":[\"https:\\\/\\\/zurzeit.at\\\/index.php\\\/djokovic-haelt-wimbledon-ausschluss-russischer-und-weissrussischer-spieler-fuer-verrueckt\\\/\"]}]},{\"@type\":\"ImageObject\",\"inLanguage\":\"de\",\"@id\":\"https:\\\/\\\/zurzeit.at\\\/index.php\\\/djokovic-haelt-wimbledon-ausschluss-russischer-und-weissrussischer-spieler-fuer-verrueckt\\\/#primaryimage\",\"url\":\"https:\\\/\\\/zurzeit.at\\\/wp-content\\\/uploads\\\/2022\\\/04\\\/Novak_Djokovic_49745340032.jpg\",\"contentUrl\":\"https:\\\/\\\/zurzeit.at\\\/wp-content\\\/uploads\\\/2022\\\/04\\\/Novak_Djokovic_49745340032.jpg\",\"width\":1280,\"height\":1024},{\"@type\":\"BreadcrumbList\",\"@id\":\"https:\\\/\\\/zurzeit.at\\\/index.php\\\/djokovic-haelt-wimbledon-ausschluss-russischer-und-weissrussischer-spieler-fuer-verrueckt\\\/#breadcrumb\",\"itemListElement\":[{\"@type\":\"ListItem\",\"position\":1,\"name\":\"Startseite\",\"item\":\"https:\\\/\\\/zurzeit.at\\\/\"},{\"@type\":\"ListItem\",\"position\":2,\"name\":\"Djokovic h\u00e4lt Wimbledon-Ausschluss russischer und wei\u00dfrussischer Spieler f\u00fcr \u201everr\u00fcckt\u201c\"}]},{\"@type\":\"WebSite\",\"@id\":\"https:\\\/\\\/zurzeit.at\\\/#website\",\"url\":\"https:\\\/\\\/zurzeit.at\\\/\",\"name\":\"ZurZeit\",\"description\":\"Internetseite des Wochenmagazins ZurZeit\",\"potentialAction\":[{\"@type\":\"SearchAction\",\"target\":{\"@type\":\"EntryPoint\",\"urlTemplate\":\"https:\\\/\\\/zurzeit.at\\\/?s={search_term_string}\"},\"query-input\":{\"@type\":\"PropertyValueSpecification\",\"valueRequired\":true,\"valueName\":\"search_term_string\"}}],\"inLanguage\":\"de\"},{\"@type\":\"Person\",\"@id\":\"https:\\\/\\\/zurzeit.at\\\/#\\\/schema\\\/person\\\/e6f4284c4ffdba25c26f295806088e37\",\"name\":\"admin2\",\"image\":{\"@type\":\"ImageObject\",\"inLanguage\":\"de\",\"@id\":\"https:\\\/\\\/secure.gravatar.com\\\/avatar\\\/6b01edb108b3f79fc8950358251ecf3b91c228e319139ad1beec43b6b1b16470?s=96&d=mm&r=g\",\"url\":\"https:\\\/\\\/secure.gravatar.com\\\/avatar\\\/6b01edb108b3f79fc8950358251ecf3b91c228e319139ad1beec43b6b1b16470?s=96&d=mm&r=g\",\"contentUrl\":\"https:\\\/\\\/secure.gravatar.com\\\/avatar\\\/6b01edb108b3f79fc8950358251ecf3b91c228e319139ad1beec43b6b1b16470?s=96&d=mm&r=g\",\"caption\":\"admin2\"},\"url\":\"https:\\\/\\\/zurzeit.at\\\/index.php\\\/author\\\/admin2\\\/\"}]}<\/script>\n<!-- \/ Yoast SEO plugin. -->","yoast_head_json":{"title":"Djokovic h\u00e4lt Wimbledon-Ausschluss russischer und wei\u00dfrussischer Spieler f\u00fcr \u201everr\u00fcckt\u201c - ZurZeit","robots":{"index":"index","follow":"follow","max-snippet":"max-snippet:-1","max-image-preview":"max-image-preview:large","max-video-preview":"max-video-preview:-1"},"canonical":"https:\/\/zurzeit.at\/index.php\/djokovic-haelt-wimbledon-ausschluss-russischer-und-weissrussischer-spieler-fuer-verrueckt\/","og_locale":"de_DE","og_type":"article","og_title":"Djokovic h\u00e4lt Wimbledon-Ausschluss russischer und wei\u00dfrussischer Spieler f\u00fcr \u201everr\u00fcckt\u201c - ZurZeit","og_description":"Autor: B.T.\u00a0Bild: Wikipedia\/Peter Menzel Lizenz: CC BY-SA 2.0 Serbischer Tennisstar kritisiert Einmischung der Politik in&hellip;","og_url":"https:\/\/zurzeit.at\/index.php\/djokovic-haelt-wimbledon-ausschluss-russischer-und-weissrussischer-spieler-fuer-verrueckt\/","og_site_name":"ZurZeit","article_publisher":"https:\/\/www.facebook.com\/wochenmagazinZurZeit\/","article_published_time":"2022-04-22T08:53:36+00:00","og_image":[{"width":1280,"height":1024,"url":"https:\/\/zurzeit.at\/wp-content\/uploads\/2022\/04\/Novak_Djokovic_49745340032.jpg","type":"image\/jpeg"}],"author":"admin2","twitter_card":"summary_large_image","twitter_misc":{"Verfasst von":"admin2","Gesch\u00e4tzte Lesezeit":"1\u00a0Minute"},"schema":{"@context":"https:\/\/schema.org","@graph":[{"@type":"Article","@id":"https:\/\/zurzeit.at\/index.php\/djokovic-haelt-wimbledon-ausschluss-russischer-und-weissrussischer-spieler-fuer-verrueckt\/#article","isPartOf":{"@id":"https:\/\/zurzeit.at\/index.php\/djokovic-haelt-wimbledon-ausschluss-russischer-und-weissrussischer-spieler-fuer-verrueckt\/"},"author":{"name":"admin2","@id":"https:\/\/zurzeit.at\/#\/schema\/person\/e6f4284c4ffdba25c26f295806088e37"},"headline":"Djokovic h\u00e4lt Wimbledon-Ausschluss russischer und wei\u00dfrussischer Spieler f\u00fcr \u201everr\u00fcckt\u201c","datePublished":"2022-04-22T08:53:36+00:00","mainEntityOfPage":{"@id":"https:\/\/zurzeit.at\/index.php\/djokovic-haelt-wimbledon-ausschluss-russischer-und-weissrussischer-spieler-fuer-verrueckt\/"},"wordCount":249,"commentCount":0,"image":{"@id":"https:\/\/zurzeit.at\/index.php\/djokovic-haelt-wimbledon-ausschluss-russischer-und-weissrussischer-spieler-fuer-verrueckt\/#primaryimage"},"thumbnailUrl":"https:\/\/zurzeit.at\/wp-content\/uploads\/2022\/04\/Novak_Djokovic_49745340032.jpg","keywords":["Ausschluss","Novak Djokovic","Russen","Sport","Tennis","Wei\u00dfrussen","Wimbledon"],"articleSection":["Ausland","Europa","Feuilleton"],"inLanguage":"de","potentialAction":[{"@type":"CommentAction","name":"Comment","target":["https:\/\/zurzeit.at\/index.php\/djokovic-haelt-wimbledon-ausschluss-russischer-und-weissrussischer-spieler-fuer-verrueckt\/#respond"]}]},{"@type":"WebPage","@id":"https:\/\/zurzeit.at\/index.php\/djokovic-haelt-wimbledon-ausschluss-russischer-und-weissrussischer-spieler-fuer-verrueckt\/","url":"https:\/\/zurzeit.at\/index.php\/djokovic-haelt-wimbledon-ausschluss-russischer-und-weissrussischer-spieler-fuer-verrueckt\/","name":"Djokovic h\u00e4lt Wimbledon-Ausschluss russischer und wei\u00dfrussischer Spieler f\u00fcr \u201everr\u00fcckt\u201c - ZurZeit","isPartOf":{"@id":"https:\/\/zurzeit.at\/#website"},"primaryImageOfPage":{"@id":"https:\/\/zurzeit.at\/index.php\/djokovic-haelt-wimbledon-ausschluss-russischer-und-weissrussischer-spieler-fuer-verrueckt\/#primaryimage"},"image":{"@id":"https:\/\/zurzeit.at\/index.php\/djokovic-haelt-wimbledon-ausschluss-russischer-und-weissrussischer-spieler-fuer-verrueckt\/#primaryimage"},"thumbnailUrl":"https:\/\/zurzeit.at\/wp-content\/uploads\/2022\/04\/Novak_Djokovic_49745340032.jpg","datePublished":"2022-04-22T08:53:36+00:00","author":{"@id":"https:\/\/zurzeit.at\/#\/schema\/person\/e6f4284c4ffdba25c26f295806088e37"},"breadcrumb":{"@id":"https:\/\/zurzeit.at\/index.php\/djokovic-haelt-wimbledon-ausschluss-russischer-und-weissrussischer-spieler-fuer-verrueckt\/#breadcrumb"},"inLanguage":"de","potentialAction":[{"@type":"ReadAction","target":["https:\/\/zurzeit.at\/index.php\/djokovic-haelt-wimbledon-ausschluss-russischer-und-weissrussischer-spieler-fuer-verrueckt\/"]}]},{"@type":"ImageObject","inLanguage":"de","@id":"https:\/\/zurzeit.at\/index.php\/djokovic-haelt-wimbledon-ausschluss-russischer-und-weissrussischer-spieler-fuer-verrueckt\/#primaryimage","url":"https:\/\/zurzeit.at\/wp-content\/uploads\/2022\/04\/Novak_Djokovic_49745340032.jpg","contentUrl":"https:\/\/zurzeit.at\/wp-content\/uploads\/2022\/04\/Novak_Djokovic_49745340032.jpg","width":1280,"height":1024},{"@type":"BreadcrumbList","@id":"https:\/\/zurzeit.at\/index.php\/djokovic-haelt-wimbledon-ausschluss-russischer-und-weissrussischer-spieler-fuer-verrueckt\/#breadcrumb","itemListElement":[{"@type":"ListItem","position":1,"name":"Startseite","item":"https:\/\/zurzeit.at\/"},{"@type":"ListItem","position":2,"name":"Djokovic h\u00e4lt Wimbledon-Ausschluss russischer und wei\u00dfrussischer Spieler f\u00fcr \u201everr\u00fcckt\u201c"}]},{"@type":"WebSite","@id":"https:\/\/zurzeit.at\/#website","url":"https:\/\/zurzeit.at\/","name":"ZurZeit","description":"Internetseite des Wochenmagazins ZurZeit","potentialAction":[{"@type":"SearchAction","target":{"@type":"EntryPoint","urlTemplate":"https:\/\/zurzeit.at\/?s={search_term_string}"},"query-input":{"@type":"PropertyValueSpecification","valueRequired":true,"valueName":"search_term_string"}}],"inLanguage":"de"},{"@type":"Person","@id":"https:\/\/zurzeit.at\/#\/schema\/person\/e6f4284c4ffdba25c26f295806088e37","name":"admin2","image":{"@type":"ImageObject","inLanguage":"de","@id":"https:\/\/secure.gravatar.com\/avatar\/6b01edb108b3f79fc8950358251ecf3b91c228e319139ad1beec43b6b1b16470?s=96&d=mm&r=g","url":"https:\/\/secure.gravatar.com\/avatar\/6b01edb108b3f79fc8950358251ecf3b91c228e319139ad1beec43b6b1b16470?s=96&d=mm&r=g","contentUrl":"https:\/\/secure.gravatar.com\/avatar\/6b01edb108b3f79fc8950358251ecf3b91c228e319139ad1beec43b6b1b16470?s=96&d=mm&r=g","caption":"admin2"},"url":"https:\/\/zurzeit.at\/index.php\/author\/admin2\/"}]}},"_links":{"self":[{"href":"https:\/\/zurzeit.at\/index.php\/wp-json\/wp\/v2\/posts\/12989","targetHints":{"allow":["GET"]}}],"collection":[{"href":"https:\/\/zurzeit.at\/index.php\/wp-json\/wp\/v2\/posts"}],"about":[{"href":"https:\/\/zurzeit.at\/index.php\/wp-json\/wp\/v2\/types\/post"}],"author":[{"embeddable":true,"href":"https:\/\/zurzeit.at\/index.php\/wp-json\/wp\/v2\/users\/3"}],"replies":[{"embeddable":true,"href":"https:\/\/zurzeit.at\/index.php\/wp-json\/wp\/v2\/comments?post=12989"}],"version-history":[{"count":1,"href":"https:\/\/zurzeit.at\/index.php\/wp-json\/wp\/v2\/posts\/12989\/revisions"}],"predecessor-version":[{"id":12991,"href":"https:\/\/zurzeit.at\/index.php\/wp-json\/wp\/v2\/posts\/12989\/revisions\/12991"}],"wp:featuredmedia":[{"embeddable":true,"href":"https:\/\/zurzeit.at\/index.php\/wp-json\/wp\/v2\/media\/12990"}],"wp:attachment":[{"href":"https:\/\/zurzeit.at\/index.php\/wp-json\/wp\/v2\/media?parent=12989"}],"wp:term":[{"taxonomy":"category","embeddable":true,"href":"https:\/\/zurzeit.at\/index.php\/wp-json\/wp\/v2\/categories?post=12989"},{"taxonomy":"post_tag","embeddable":true,"href":"https:\/\/zurzeit.at\/index.php\/wp-json\/wp\/v2\/tags?post=12989"}],"curies":[{"name":"wp","href":"https:\/\/api.w.org\/{rel}","templated":true}]}}