{"id":13111,"date":"2022-05-06T09:40:18","date_gmt":"2022-05-06T07:40:18","guid":{"rendered":"http:\/\/zurzeit.at\/?p=13111"},"modified":"2022-05-06T09:40:18","modified_gmt":"2022-05-06T07:40:18","slug":"eu-erdoelembargo-rettet-orban-wieder-einmal-die-eu","status":"publish","type":"post","link":"https:\/\/zurzeit.at\/index.php\/eu-erdoelembargo-rettet-orban-wieder-einmal-die-eu\/","title":{"rendered":"EU-Erd\u00f6lembargo: Rettet Orb\u00e1n wieder einmal die EU?"},"content":{"rendered":"<p><span class=\"licensetpl_attr\">Autor: <a href=\"https:\/\/zurzeit.at\/index.php\/autoren\/\">E.K.-L.<\/a>\u00a0<\/span><span class=\"plainlinks noprint\"><span class=\"licensetpl_attr\">Bild: <\/span><\/span><a href=\"https:\/\/commons.wikimedia.org\/wiki\/File:Bucharest_Nine_Ministerial_Meeting_in_Tallinn,_October_2021_17.jpg\"><span class=\"plainlinks noprint\"><span class=\"licensetpl_attr\">Wikipedia\/Estonian Foreign Ministry <\/span><\/span><\/a>L<span class=\"plainlinks noprint\"><span class=\"licensetpl_attr\">izenz: <a href=\"https:\/\/creativecommons.org\/licenses\/by\/2.0\/deed.en\">CC BY 2.0<\/a><br \/>\n<\/span><\/span><\/p>\n<hr \/>\n<h1>Es sind Parallelen zur Lage im Jahre 2015 sichtbar<\/h1>\n<p>Was die von der EU-Kommission unter Ursula von der Leyen vollmundig in Aussicht gestellte Sanktion auf dem Gebiet des Roh\u00f6ls anlangt, so hat so mancher politische Beobachter durchaus einen D\u00e9j\u00e0-vue-Gedanken. Weil sich \u00e4hnliches vor sieben Jahren abgespielt hat. Beim massenhaften Ansturm junger M\u00e4nner \u2013 unter ihnen solche, wie sich sp\u00e4ter herausstellt, die mit dem Strafgesetz in Kollision geraten, vor allem wegen Sexualdelikten \u2013 aus dem Orient gab Frau Merkel die verh\u00e4ngnisvolle Parole<em> Wir schaffen das!<\/em> aus und die meisten EU-Mitgliedsstaaten heulten brav mit. Darunter auch Kanzler Werner Faymann. Einzig Viktor Orb\u00e1n bewahrte sein Land durch robuste Ma\u00dfnahmen vor der \u00dcberflutung angeblicher Fl\u00fcchtlinge. Und musste sich daf\u00fcr von fast allen Seiten pr\u00fcgeln lassen, wie menschenverachtend das sei. Sp\u00e4ter stellt sich heraus: Der ungarische Premier tat genau das Richtige.<\/p>\n<p>In diesen Tagen spielt Br\u00fcssel mit der Idee, ab Beginn 2023 kein russisches Erd\u00f6l zu kaufen. Gro\u00dfz\u00fcgig wird der Slowakei und Ungarn eine \u00dcbergangsfrist bis Anfang 2024 angeboten. Doch die Herrschaften in Br\u00fcssel \u2013 mutma\u00dflich bedr\u00e4ngt von Lobbyisten diverser US-amerikanischer Fracking-Konzerne \u2013 d\u00fcrften diesmal die Rechnung ohne den Wirt gemacht haben. Denn die \u00d6l-Sanktion (sie trifft Moskau weit weniger als die EU-L\u00e4nder) muss zwingend einstimmig beschlossen werden. Ministerpr\u00e4sident Viktor Orb\u00e1n hat bereits nach seiner Wiederwahl Anfang April ein Veto gegen ein m\u00f6gliches \u00d6l- oder Gasembargo gegen Russland angek\u00fcndigt.<\/p>\n<p>Wie die renommierte deutschsprachige <em>Budapester Zeitung<\/em> meldet, hat Au\u00dfenwirtschaftsminister P\u00e9ter Szijj\u00e1rt\u00f3 am Mittwoch, dem 4.\u00a0Mai, starke Vorbehalte gegen\u00fcber den Br\u00fcsseler Pl\u00e4nen angemeldet und gemeint: \u201eIn dieser Form kann das neue Sanktionspaket der EU gegen Russland nicht verantwortungsvoll unterst\u00fctzt werden.\u201c Die Energieversorgung Ungarns sei gegenw\u00e4rtig gew\u00e4hrleistet und stabil. Das Sanktionspaket w\u00fcrde sie jedoch vollst\u00e4ndig zerst\u00f6ren und unm\u00f6glich machen.<\/p>\n<p>Szijj\u00e1rt\u00f3 weiters: \u201eDas ist keine Frage von mangelndem politischem Willen oder der Zeitdauer, sondern hat einfach etwas mit der geographischen und infrastrukturellen Realit\u00e4t zu tun.\u201c Die Magyaren k\u00f6nnten \u00fcber die bestehenden Pipelines derzeit nur von Russland in ausreichender Menge Erd\u00f6l kaufen. Dar\u00fcber hinaus seien, so der Au\u00dfenwirtschaftsminister, die zurzeit vorhandenen Raffineriekapazit\u00e4ten technisch nur zur Verarbeitung von russischem Erd\u00f6l in der Lage.<\/p>\n<p>Eines ist sicher: Nach einem Budapester Veto werden Br\u00fcsseler EU-Kreise, weiters die zahlreichen moralisch hochstehenden Selenski-Anbeter wie auch die Lohnschreiber der inseratengem\u00e4steten Medien \u00fcber Viktor Orb\u00e1n herfallen, das Land der Magyaren als <em>refugium <\/em><em>peccatorum<\/em>, als Hort der S\u00fcnder wider den politisch-korrekten Zeitgeist schelten.<\/p>\n<p>Doch ist der Grad an Wahrscheinlichkeit recht hoch, dass sich die Ansicht des ungarischen Premiers \u00fcber kurz oder lang als die einzig richtige herausstellen wird.<\/p>\n","protected":false},"excerpt":{"rendered":"<p>Autor: E.K.-L.\u00a0Bild: Wikipedia\/Estonian Foreign Ministry Lizenz: CC BY 2.0 Es sind Parallelen zur Lage im&hellip;<\/p>\n","protected":false},"author":3,"featured_media":13112,"comment_status":"open","ping_status":"closed","sticky":false,"template":"","format":"standard","meta":{"footnotes":""},"categories":[49,48],"tags":[7681,89,2580,614,178,1354,1970,7523],"class_list":["post-13111","post","type-post","status-publish","format-standard","has-post-thumbnail","hentry","category-ausland","category-europa","tag-erdoelembargo","tag-eu","tag-peter-szijjarto","tag-russland","tag-ungarn","tag-ursula-von-der-leyen","tag-viktor-orban","tag-wolodymyr-selenskij"],"yoast_head":"<!-- This site is optimized with the Yoast SEO plugin v28.3 - https:\/\/yoast.com\/product\/yoast-seo-wordpress\/ -->\n<title>EU-Erd\u00f6lembargo: Rettet Orb\u00e1n wieder einmal die EU? - ZurZeit<\/title>\n<meta name=\"robots\" content=\"index, follow, max-snippet:-1, max-image-preview:large, max-video-preview:-1\" \/>\n<link rel=\"canonical\" href=\"https:\/\/zurzeit.at\/index.php\/eu-erdoelembargo-rettet-orban-wieder-einmal-die-eu\/\" \/>\n<meta property=\"og:locale\" content=\"de_DE\" \/>\n<meta property=\"og:type\" content=\"article\" \/>\n<meta property=\"og:title\" content=\"EU-Erd\u00f6lembargo: Rettet Orb\u00e1n wieder einmal die EU? - ZurZeit\" \/>\n<meta property=\"og:description\" content=\"Autor: E.K.-L.\u00a0Bild: Wikipedia\/Estonian Foreign Ministry Lizenz: CC BY 2.0 Es sind Parallelen zur Lage im&hellip;\" \/>\n<meta property=\"og:url\" content=\"https:\/\/zurzeit.at\/index.php\/eu-erdoelembargo-rettet-orban-wieder-einmal-die-eu\/\" \/>\n<meta property=\"og:site_name\" content=\"ZurZeit\" \/>\n<meta property=\"article:publisher\" content=\"https:\/\/www.facebook.com\/wochenmagazinZurZeit\/\" \/>\n<meta property=\"article:published_time\" content=\"2022-05-06T07:40:18+00:00\" \/>\n<meta property=\"og:image\" content=\"https:\/\/zurzeit.at\/wp-content\/uploads\/2022\/05\/Bucharest_Nine_Ministerial_Meeting_in_Tallinn_October_2021_17.jpg\" \/>\n\t<meta property=\"og:image:width\" content=\"1024\" \/>\n\t<meta property=\"og:image:height\" content=\"682\" \/>\n\t<meta property=\"og:image:type\" content=\"image\/jpeg\" \/>\n<meta name=\"author\" content=\"admin2\" \/>\n<meta name=\"twitter:card\" content=\"summary_large_image\" \/>\n<meta name=\"twitter:label1\" content=\"Verfasst von\" \/>\n\t<meta name=\"twitter:data1\" content=\"admin2\" \/>\n\t<meta name=\"twitter:label2\" content=\"Gesch\u00e4tzte Lesezeit\" \/>\n\t<meta name=\"twitter:data2\" content=\"2\u00a0Minuten\" \/>\n<script type=\"application\/ld+json\" class=\"yoast-schema-graph\">{\"@context\":\"https:\\\/\\\/schema.org\",\"@graph\":[{\"@type\":\"Article\",\"@id\":\"https:\\\/\\\/zurzeit.at\\\/index.php\\\/eu-erdoelembargo-rettet-orban-wieder-einmal-die-eu\\\/#article\",\"isPartOf\":{\"@id\":\"https:\\\/\\\/zurzeit.at\\\/index.php\\\/eu-erdoelembargo-rettet-orban-wieder-einmal-die-eu\\\/\"},\"author\":{\"name\":\"admin2\",\"@id\":\"https:\\\/\\\/zurzeit.at\\\/#\\\/schema\\\/person\\\/e6f4284c4ffdba25c26f295806088e37\"},\"headline\":\"EU-Erd\u00f6lembargo: Rettet Orb\u00e1n wieder einmal die EU?\",\"datePublished\":\"2022-05-06T07:40:18+00:00\",\"mainEntityOfPage\":{\"@id\":\"https:\\\/\\\/zurzeit.at\\\/index.php\\\/eu-erdoelembargo-rettet-orban-wieder-einmal-die-eu\\\/\"},\"wordCount\":475,\"commentCount\":0,\"image\":{\"@id\":\"https:\\\/\\\/zurzeit.at\\\/index.php\\\/eu-erdoelembargo-rettet-orban-wieder-einmal-die-eu\\\/#primaryimage\"},\"thumbnailUrl\":\"https:\\\/\\\/zurzeit.at\\\/wp-content\\\/uploads\\\/2022\\\/05\\\/Bucharest_Nine_Ministerial_Meeting_in_Tallinn_October_2021_17.jpg\",\"keywords\":[\"Erd\u00f6lembargo\",\"EU\",\"P\u00e9ter Szijj\u00e1rt\u00f3\",\"Russland\",\"Ungarn\",\"Ursula von der Leyen\",\"Viktor Orb\u00e1n\",\"Wolodymyr Selenskij\"],\"articleSection\":[\"Ausland\",\"Europa\"],\"inLanguage\":\"de\",\"potentialAction\":[{\"@type\":\"CommentAction\",\"name\":\"Comment\",\"target\":[\"https:\\\/\\\/zurzeit.at\\\/index.php\\\/eu-erdoelembargo-rettet-orban-wieder-einmal-die-eu\\\/#respond\"]}]},{\"@type\":\"WebPage\",\"@id\":\"https:\\\/\\\/zurzeit.at\\\/index.php\\\/eu-erdoelembargo-rettet-orban-wieder-einmal-die-eu\\\/\",\"url\":\"https:\\\/\\\/zurzeit.at\\\/index.php\\\/eu-erdoelembargo-rettet-orban-wieder-einmal-die-eu\\\/\",\"name\":\"EU-Erd\u00f6lembargo: Rettet Orb\u00e1n wieder einmal die EU? - ZurZeit\",\"isPartOf\":{\"@id\":\"https:\\\/\\\/zurzeit.at\\\/#website\"},\"primaryImageOfPage\":{\"@id\":\"https:\\\/\\\/zurzeit.at\\\/index.php\\\/eu-erdoelembargo-rettet-orban-wieder-einmal-die-eu\\\/#primaryimage\"},\"image\":{\"@id\":\"https:\\\/\\\/zurzeit.at\\\/index.php\\\/eu-erdoelembargo-rettet-orban-wieder-einmal-die-eu\\\/#primaryimage\"},\"thumbnailUrl\":\"https:\\\/\\\/zurzeit.at\\\/wp-content\\\/uploads\\\/2022\\\/05\\\/Bucharest_Nine_Ministerial_Meeting_in_Tallinn_October_2021_17.jpg\",\"datePublished\":\"2022-05-06T07:40:18+00:00\",\"author\":{\"@id\":\"https:\\\/\\\/zurzeit.at\\\/#\\\/schema\\\/person\\\/e6f4284c4ffdba25c26f295806088e37\"},\"breadcrumb\":{\"@id\":\"https:\\\/\\\/zurzeit.at\\\/index.php\\\/eu-erdoelembargo-rettet-orban-wieder-einmal-die-eu\\\/#breadcrumb\"},\"inLanguage\":\"de\",\"potentialAction\":[{\"@type\":\"ReadAction\",\"target\":[\"https:\\\/\\\/zurzeit.at\\\/index.php\\\/eu-erdoelembargo-rettet-orban-wieder-einmal-die-eu\\\/\"]}]},{\"@type\":\"ImageObject\",\"inLanguage\":\"de\",\"@id\":\"https:\\\/\\\/zurzeit.at\\\/index.php\\\/eu-erdoelembargo-rettet-orban-wieder-einmal-die-eu\\\/#primaryimage\",\"url\":\"https:\\\/\\\/zurzeit.at\\\/wp-content\\\/uploads\\\/2022\\\/05\\\/Bucharest_Nine_Ministerial_Meeting_in_Tallinn_October_2021_17.jpg\",\"contentUrl\":\"https:\\\/\\\/zurzeit.at\\\/wp-content\\\/uploads\\\/2022\\\/05\\\/Bucharest_Nine_Ministerial_Meeting_in_Tallinn_October_2021_17.jpg\",\"width\":1024,\"height\":682},{\"@type\":\"BreadcrumbList\",\"@id\":\"https:\\\/\\\/zurzeit.at\\\/index.php\\\/eu-erdoelembargo-rettet-orban-wieder-einmal-die-eu\\\/#breadcrumb\",\"itemListElement\":[{\"@type\":\"ListItem\",\"position\":1,\"name\":\"Startseite\",\"item\":\"https:\\\/\\\/zurzeit.at\\\/\"},{\"@type\":\"ListItem\",\"position\":2,\"name\":\"EU-Erd\u00f6lembargo: Rettet Orb\u00e1n wieder einmal die EU?\"}]},{\"@type\":\"WebSite\",\"@id\":\"https:\\\/\\\/zurzeit.at\\\/#website\",\"url\":\"https:\\\/\\\/zurzeit.at\\\/\",\"name\":\"ZurZeit\",\"description\":\"Internetseite des Wochenmagazins ZurZeit\",\"potentialAction\":[{\"@type\":\"SearchAction\",\"target\":{\"@type\":\"EntryPoint\",\"urlTemplate\":\"https:\\\/\\\/zurzeit.at\\\/?s={search_term_string}\"},\"query-input\":{\"@type\":\"PropertyValueSpecification\",\"valueRequired\":true,\"valueName\":\"search_term_string\"}}],\"inLanguage\":\"de\"},{\"@type\":\"Person\",\"@id\":\"https:\\\/\\\/zurzeit.at\\\/#\\\/schema\\\/person\\\/e6f4284c4ffdba25c26f295806088e37\",\"name\":\"admin2\",\"image\":{\"@type\":\"ImageObject\",\"inLanguage\":\"de\",\"@id\":\"https:\\\/\\\/secure.gravatar.com\\\/avatar\\\/6b01edb108b3f79fc8950358251ecf3b91c228e319139ad1beec43b6b1b16470?s=96&d=mm&r=g\",\"url\":\"https:\\\/\\\/secure.gravatar.com\\\/avatar\\\/6b01edb108b3f79fc8950358251ecf3b91c228e319139ad1beec43b6b1b16470?s=96&d=mm&r=g\",\"contentUrl\":\"https:\\\/\\\/secure.gravatar.com\\\/avatar\\\/6b01edb108b3f79fc8950358251ecf3b91c228e319139ad1beec43b6b1b16470?s=96&d=mm&r=g\",\"caption\":\"admin2\"},\"url\":\"https:\\\/\\\/zurzeit.at\\\/index.php\\\/author\\\/admin2\\\/\"}]}<\/script>\n<!-- \/ Yoast SEO plugin. -->","yoast_head_json":{"title":"EU-Erd\u00f6lembargo: Rettet Orb\u00e1n wieder einmal die EU? - ZurZeit","robots":{"index":"index","follow":"follow","max-snippet":"max-snippet:-1","max-image-preview":"max-image-preview:large","max-video-preview":"max-video-preview:-1"},"canonical":"https:\/\/zurzeit.at\/index.php\/eu-erdoelembargo-rettet-orban-wieder-einmal-die-eu\/","og_locale":"de_DE","og_type":"article","og_title":"EU-Erd\u00f6lembargo: Rettet Orb\u00e1n wieder einmal die EU? - ZurZeit","og_description":"Autor: E.K.-L.\u00a0Bild: Wikipedia\/Estonian Foreign Ministry Lizenz: CC BY 2.0 Es sind Parallelen zur Lage im&hellip;","og_url":"https:\/\/zurzeit.at\/index.php\/eu-erdoelembargo-rettet-orban-wieder-einmal-die-eu\/","og_site_name":"ZurZeit","article_publisher":"https:\/\/www.facebook.com\/wochenmagazinZurZeit\/","article_published_time":"2022-05-06T07:40:18+00:00","og_image":[{"width":1024,"height":682,"url":"https:\/\/zurzeit.at\/wp-content\/uploads\/2022\/05\/Bucharest_Nine_Ministerial_Meeting_in_Tallinn_October_2021_17.jpg","type":"image\/jpeg"}],"author":"admin2","twitter_card":"summary_large_image","twitter_misc":{"Verfasst von":"admin2","Gesch\u00e4tzte Lesezeit":"2\u00a0Minuten"},"schema":{"@context":"https:\/\/schema.org","@graph":[{"@type":"Article","@id":"https:\/\/zurzeit.at\/index.php\/eu-erdoelembargo-rettet-orban-wieder-einmal-die-eu\/#article","isPartOf":{"@id":"https:\/\/zurzeit.at\/index.php\/eu-erdoelembargo-rettet-orban-wieder-einmal-die-eu\/"},"author":{"name":"admin2","@id":"https:\/\/zurzeit.at\/#\/schema\/person\/e6f4284c4ffdba25c26f295806088e37"},"headline":"EU-Erd\u00f6lembargo: Rettet Orb\u00e1n wieder einmal die EU?","datePublished":"2022-05-06T07:40:18+00:00","mainEntityOfPage":{"@id":"https:\/\/zurzeit.at\/index.php\/eu-erdoelembargo-rettet-orban-wieder-einmal-die-eu\/"},"wordCount":475,"commentCount":0,"image":{"@id":"https:\/\/zurzeit.at\/index.php\/eu-erdoelembargo-rettet-orban-wieder-einmal-die-eu\/#primaryimage"},"thumbnailUrl":"https:\/\/zurzeit.at\/wp-content\/uploads\/2022\/05\/Bucharest_Nine_Ministerial_Meeting_in_Tallinn_October_2021_17.jpg","keywords":["Erd\u00f6lembargo","EU","P\u00e9ter Szijj\u00e1rt\u00f3","Russland","Ungarn","Ursula von der Leyen","Viktor Orb\u00e1n","Wolodymyr Selenskij"],"articleSection":["Ausland","Europa"],"inLanguage":"de","potentialAction":[{"@type":"CommentAction","name":"Comment","target":["https:\/\/zurzeit.at\/index.php\/eu-erdoelembargo-rettet-orban-wieder-einmal-die-eu\/#respond"]}]},{"@type":"WebPage","@id":"https:\/\/zurzeit.at\/index.php\/eu-erdoelembargo-rettet-orban-wieder-einmal-die-eu\/","url":"https:\/\/zurzeit.at\/index.php\/eu-erdoelembargo-rettet-orban-wieder-einmal-die-eu\/","name":"EU-Erd\u00f6lembargo: Rettet Orb\u00e1n wieder einmal die EU? - ZurZeit","isPartOf":{"@id":"https:\/\/zurzeit.at\/#website"},"primaryImageOfPage":{"@id":"https:\/\/zurzeit.at\/index.php\/eu-erdoelembargo-rettet-orban-wieder-einmal-die-eu\/#primaryimage"},"image":{"@id":"https:\/\/zurzeit.at\/index.php\/eu-erdoelembargo-rettet-orban-wieder-einmal-die-eu\/#primaryimage"},"thumbnailUrl":"https:\/\/zurzeit.at\/wp-content\/uploads\/2022\/05\/Bucharest_Nine_Ministerial_Meeting_in_Tallinn_October_2021_17.jpg","datePublished":"2022-05-06T07:40:18+00:00","author":{"@id":"https:\/\/zurzeit.at\/#\/schema\/person\/e6f4284c4ffdba25c26f295806088e37"},"breadcrumb":{"@id":"https:\/\/zurzeit.at\/index.php\/eu-erdoelembargo-rettet-orban-wieder-einmal-die-eu\/#breadcrumb"},"inLanguage":"de","potentialAction":[{"@type":"ReadAction","target":["https:\/\/zurzeit.at\/index.php\/eu-erdoelembargo-rettet-orban-wieder-einmal-die-eu\/"]}]},{"@type":"ImageObject","inLanguage":"de","@id":"https:\/\/zurzeit.at\/index.php\/eu-erdoelembargo-rettet-orban-wieder-einmal-die-eu\/#primaryimage","url":"https:\/\/zurzeit.at\/wp-content\/uploads\/2022\/05\/Bucharest_Nine_Ministerial_Meeting_in_Tallinn_October_2021_17.jpg","contentUrl":"https:\/\/zurzeit.at\/wp-content\/uploads\/2022\/05\/Bucharest_Nine_Ministerial_Meeting_in_Tallinn_October_2021_17.jpg","width":1024,"height":682},{"@type":"BreadcrumbList","@id":"https:\/\/zurzeit.at\/index.php\/eu-erdoelembargo-rettet-orban-wieder-einmal-die-eu\/#breadcrumb","itemListElement":[{"@type":"ListItem","position":1,"name":"Startseite","item":"https:\/\/zurzeit.at\/"},{"@type":"ListItem","position":2,"name":"EU-Erd\u00f6lembargo: Rettet Orb\u00e1n wieder einmal die EU?"}]},{"@type":"WebSite","@id":"https:\/\/zurzeit.at\/#website","url":"https:\/\/zurzeit.at\/","name":"ZurZeit","description":"Internetseite des Wochenmagazins ZurZeit","potentialAction":[{"@type":"SearchAction","target":{"@type":"EntryPoint","urlTemplate":"https:\/\/zurzeit.at\/?s={search_term_string}"},"query-input":{"@type":"PropertyValueSpecification","valueRequired":true,"valueName":"search_term_string"}}],"inLanguage":"de"},{"@type":"Person","@id":"https:\/\/zurzeit.at\/#\/schema\/person\/e6f4284c4ffdba25c26f295806088e37","name":"admin2","image":{"@type":"ImageObject","inLanguage":"de","@id":"https:\/\/secure.gravatar.com\/avatar\/6b01edb108b3f79fc8950358251ecf3b91c228e319139ad1beec43b6b1b16470?s=96&d=mm&r=g","url":"https:\/\/secure.gravatar.com\/avatar\/6b01edb108b3f79fc8950358251ecf3b91c228e319139ad1beec43b6b1b16470?s=96&d=mm&r=g","contentUrl":"https:\/\/secure.gravatar.com\/avatar\/6b01edb108b3f79fc8950358251ecf3b91c228e319139ad1beec43b6b1b16470?s=96&d=mm&r=g","caption":"admin2"},"url":"https:\/\/zurzeit.at\/index.php\/author\/admin2\/"}]}},"_links":{"self":[{"href":"https:\/\/zurzeit.at\/index.php\/wp-json\/wp\/v2\/posts\/13111","targetHints":{"allow":["GET"]}}],"collection":[{"href":"https:\/\/zurzeit.at\/index.php\/wp-json\/wp\/v2\/posts"}],"about":[{"href":"https:\/\/zurzeit.at\/index.php\/wp-json\/wp\/v2\/types\/post"}],"author":[{"embeddable":true,"href":"https:\/\/zurzeit.at\/index.php\/wp-json\/wp\/v2\/users\/3"}],"replies":[{"embeddable":true,"href":"https:\/\/zurzeit.at\/index.php\/wp-json\/wp\/v2\/comments?post=13111"}],"version-history":[{"count":1,"href":"https:\/\/zurzeit.at\/index.php\/wp-json\/wp\/v2\/posts\/13111\/revisions"}],"predecessor-version":[{"id":13113,"href":"https:\/\/zurzeit.at\/index.php\/wp-json\/wp\/v2\/posts\/13111\/revisions\/13113"}],"wp:featuredmedia":[{"embeddable":true,"href":"https:\/\/zurzeit.at\/index.php\/wp-json\/wp\/v2\/media\/13112"}],"wp:attachment":[{"href":"https:\/\/zurzeit.at\/index.php\/wp-json\/wp\/v2\/media?parent=13111"}],"wp:term":[{"taxonomy":"category","embeddable":true,"href":"https:\/\/zurzeit.at\/index.php\/wp-json\/wp\/v2\/categories?post=13111"},{"taxonomy":"post_tag","embeddable":true,"href":"https:\/\/zurzeit.at\/index.php\/wp-json\/wp\/v2\/tags?post=13111"}],"curies":[{"name":"wp","href":"https:\/\/api.w.org\/{rel}","templated":true}]}}