{"id":13196,"date":"2022-05-13T13:13:38","date_gmt":"2022-05-13T11:13:38","guid":{"rendered":"http:\/\/zurzeit.at\/?p=13196"},"modified":"2022-05-13T13:13:38","modified_gmt":"2022-05-13T11:13:38","slug":"heiss-umfehdet-wild-umstritten-das-neue-tellkamp-buch","status":"publish","type":"post","link":"https:\/\/zurzeit.at\/index.php\/heiss-umfehdet-wild-umstritten-das-neue-tellkamp-buch\/","title":{"rendered":"Hei\u00df umfehdet, wild umstritten: Das neue Tellkamp-Buch"},"content":{"rendered":"<p><span class=\"licensetpl_attr\">Autor: <a href=\"https:\/\/zurzeit.at\/index.php\/autoren\/\">E.K.-L.<\/a> <\/span><span class=\"plainlinks noprint\"><span class=\"licensetpl_attr\">Bild: <a href=\"https:\/\/commons.wikimedia.org\/wiki\/File:Uwe_Tellkamp_Worms.jpg\">Wikipedia\/Smalltown Boy <\/a><\/span><\/span>L<span class=\"plainlinks noprint\"><span class=\"licensetpl_attr\">izenz: <a class=\"extiw\" title=\"w:en:GNU Free Documentation License\" href=\"https:\/\/en.wikipedia.org\/wiki\/en:GNU_Free_Documentation_License\">GNU Free Documentation License<\/a><br \/>\n<\/span><\/span><\/p>\n<hr \/>\n<h1>Mit seinem Opus fegt der als \u201eRechter\u201c punzierte Schriftsteller durch das deutsche Feuilleton<\/h1>\n<p>Uwe Tellkamp, vielen Buchfreunden durch sein Werk <em>Der Turm<\/em> bekannt, tritt dieser Tage mit dem Roman <em>Der Schlaf in den Uhren<\/em> vor die Leserschaft. Da der Autor als <em>rechts <\/em>gilt, ist es kaum verwunderlich, dass viele Rezensenten das brandneue Buch nur mit Argwohn zur Hand nehmen.<\/p>\n<p>Seine rechte Gesinnung \u2013 bereits 2008 im Buch <em>Der Eisvogel <\/em>durchscheinend\u2013, so merken politisch korrekte Zeitgenossen pikiert an, habe Tellkamp schlie\u00dflich 2018 vollends zur Schau gestellt: Bei einer Diskussion im Dresdner Kulturpalast zum Thema Meinungsfreiheit beklagte er, man werde hierzulande herablassend behandelt und ausgeschlossen, wenn man sich etwa zur Aufnahme syrischer Kriegsfl\u00fcchtlinge anders als ein von ihm definierter linker Mainstream \u00e4u\u00dferte. Dazu brachte er die hergeholte Zahl, 95 Prozent der Fl\u00fcchtlinge fl\u00f6hen nicht vor Krieg, sondern um in die deutschen Sozialsysteme\u00a0einzuwandern.<\/p>\n<p>Zur\u00fcck zum Buch. Wor\u00fcber schreibt Tellkamp? Laut Klappentext befinden wir uns im August 2015: Fabian Hoffmann (nebenbei: Die Figur kommt bereits im <em>Turm<\/em> vor) , der einstige \u201eDDR\u201c-Dissident, geht gedanklich auf Reise, analysiert Ordnungsvorstellungen und Prinzipien der Machtaus\u00fcbung, die Verflechtungen von Politik, Staatsapparat und Medien, beobachtet die Ver\u00e4nderungen im allt\u00e4glichen Leben. Immer mehr l\u00f6st sich dabei seine Chronik von ihrem urspr\u00fcnglich amtlichen Auftrag, streift zur\u00fcck bis in das Dresden seiner Kindheit, in die stillstehende Zeit vor zwei Epochenjahren. Auf seiner Suche nach Ordnung und Sinn k\u00e4mpft Fabian gegen die Windm\u00fchlen der Macht, die F\u00e4lschungen der Wirklichkeit, den Verlust aller Sicherheiten \u2013 und gibt doch den Traum von einer befreiten Zukunft nicht verloren.<\/p>\n<p>Der Stil, dessen sich Tellkamp bedient, soll durch eine kurze Kostprobe beleuchtet werden:<\/p>\n<p><em>\u2026 das Antiquariat mit seinen nelkengelb erleuchteten Fenstern, seinen mi\u00dftrauischen, geschulten und einsamen \u00e4lteren Fr\u00e4ulein, die nur von Hermann Hesse und Goethe und Klaus Mann etwas hielten, weniger dagegen von Thomas Mann, die Schierlingsmienen aufsetzten, wenn jemand die hellgr\u00fcn gebundene Friedrich-Wolf-Ausgabe in f\u00fcnf B\u00e4nden zur Kasse schleppte, die an den Brillen r\u00fcckten und die S\u00e4bel in ihren Augen blankzogen, wenn einer der baskenbem\u00fctzten Herren oder pickelgeplagten Obersch\u00fcler, die schweigend und mit and\u00e4chtig die Schr\u00e4glage wechselnden K\u00f6pfen \u2013 je nach Leserichtung des Buchr\u00fcckens \u2013 vor den Regalen standen, einen der finster drohenden B\u00e4nde der Pflicht-MEGA, Marx-Engels-Gesamtausgabe, aus ihrem unter dem Staub der Jahre festgekrusteten Verbund brach \u2026<\/em><\/p>\n<p>&nbsp;<\/p>\n<p>Der neue Roman existiert<em> in nuce <\/em>bereits in der Erz\u00e4hlung gleichen Namens, mit welcher der bis dahin kaum bekannte Uwe Tellkamp den Ingeborg-Bachmann-Preis gewinnt. Erz\u00e4hlstrang ist eine Stra\u00dfenbahnfahrt durch Dresden. Die Bachmann-Jury ist begeistert (<em>Wir haben einen gro\u00dfen Autor entdeckt<\/em>), mit seinen bildungsb\u00fcrgerlichen Anspielungen l\u00f6st Tellkamp bei vielen die Hoffnung aus, endlich sei der Nachfolger Thomas Manns oder Marcel Prousts f\u00fcr die nicht ganz gl\u00fccklich wiedervereinigte Bundesrepublik da. Diese Hoffnung erf\u00fcllt Tellkamp 2008 mit dem Roman <em>Der Turm<\/em>, eine wahrheitsgetreue Innensicht der \u201eDDR\u201c, zugleich ein Verkaufserfolg f\u00fcr den Suhrkamp-Verlag, bei dem auch das jetzige Werk erschienen ist.<\/p>\n<h2>Wie wird Tellkamps Werk aufgenommen?<\/h2>\n<p>F\u00fcr Marie Schmidt, Rezensentin der <em>SZ<\/em> (S\u00fcddeutsche Zeitung) stellt sich das Werk als satirische Fortschreibung von &#8222;Der Turm&#8220; dar. Von der Anlage her erscheint ihr der Text mit seinen vielen Zeitebenen, abrupten Episodenenden, schemenhaften Figuren und dem st\u00e4ndigen Changieren zwischen Fantastischem und Realem eher unzug\u00e4nglich und konfus. Das Werk biete dem Leser keinerlei Anreiz, es zu Ende zu lesen.<\/p>\n<p>In der Hamburger <em>Zeit<\/em> h\u00e4lt der Besprecher Adam Soboczynski den Autor f\u00fcr einen &#8222;Meister der Vergangenheit&#8220;. Wann immer Tellkamp in seinem neuen Buch in Diskussionen von Oppositionellen und Intellektuellen zur Wendezeit 19898\/90 einsteigt, zeigt sich der Rezensent fasziniert und wittert stilistisches Talent. Leider ist das laut Soboczynski die Ausnahme. Sobald Tellkamp aber Gegenwart behandelt, wird es f\u00fcr den Rezensenten z\u00e4h: wegen der Zeitspr\u00fcnge und einer gewissen Zusammenhangslosigkeit.<\/p>\n<p>In der Tageszeitung <em>Die Welt <\/em>sieht Rezensent Richard K\u00e4mmerlings \u00fcber das Wettern des Autors \u00fcber die <em>illegale Masseneinwanderung<\/em> in das deutsche Sozialsystem hinweg und w\u00fcrdigt Uwe Tellkamps neuen Roman als fantastische, hoch poetische Geschichte \u00fcber ein fiktives Staatswesen als Nachfolgeorganisation der Stasi. Freilich kippe der Text laut Rezensenten immer wieder ins <em>offen Fremden- und Islamfeindliche.<\/em><\/p>\n<p>Hingegen bekommt das Nachrichtenmagazin <em>Der Spiegel <\/em>sichtlich Schaum vor den Mund. Hier wird getitelt: <em>Uwe Tellkamp kapituliert vor sich selbst. So viel Hass, Ekel, Abrechnung, Moral.<\/em> Dann formuliert das selbsternannte Hamburger <em>Sturmgesch\u00fctz der Demokratie <\/em>gnadenlos: \u201eLeser und Kritik lagen Uwe Tellkamp zu F\u00fc\u00dfen, dann driftete er nach rechts ab. Jetzt erscheint nach 14 Jahren die Fortsetzung von \u00bbDer Turm\u00ab \u2013 und man fragt sich: Was hat ihn nur so ruiniert?\u201c Na ja.<\/p>\n<p><em>Sine ira et studio <\/em>ist zu sagen: Eine schwere Kost, die einerseits eine genaue Kenntnis der Geschehnisse in der Endzeit der Honecker-Zeit voraussetzt. Und andererseits ein Durchackern von Tellkamps <em>Turm<\/em>, denn das neue Werk ist gleichsam dessen Fortsetzung. Dann aber erweist sich die Lekt\u00fcre als intellektueller Hochgenuss!<\/p>\n<p>Uwe Tellkamp: <em>Der Schlaf in den Uhren<\/em>, Suhrkamp, Berlin 2022, 904 S., gebunden, \u20ac 32.-<\/p>\n","protected":false},"excerpt":{"rendered":"<p>Autor: E.K.-L. Bild: Wikipedia\/Smalltown Boy Lizenz: GNU Free Documentation License Mit seinem Opus fegt der&hellip;<\/p>\n","protected":false},"author":3,"featured_media":13197,"comment_status":"open","ping_status":"closed","sticky":false,"template":"","format":"standard","meta":{"footnotes":""},"categories":[51],"tags":[7711,7712,7710,60,7164,7709],"class_list":["post-13196","post","type-post","status-publish","format-standard","has-post-thumbnail","hentry","category-feuilleton","tag-der-eisvogel","tag-der-schlaf-in-den-uhren","tag-der-turm","tag-deutschland","tag-literatur","tag-uwe-tellkamp"],"yoast_head":"<!-- This site is optimized with the Yoast SEO plugin v28.3 - https:\/\/yoast.com\/product\/yoast-seo-wordpress\/ -->\n<title>Hei\u00df umfehdet, wild umstritten: Das neue Tellkamp-Buch - ZurZeit<\/title>\n<meta name=\"robots\" content=\"index, follow, max-snippet:-1, max-image-preview:large, max-video-preview:-1\" \/>\n<link rel=\"canonical\" href=\"https:\/\/zurzeit.at\/index.php\/heiss-umfehdet-wild-umstritten-das-neue-tellkamp-buch\/\" \/>\n<meta property=\"og:locale\" content=\"de_DE\" \/>\n<meta property=\"og:type\" content=\"article\" \/>\n<meta property=\"og:title\" content=\"Hei\u00df umfehdet, wild umstritten: Das neue Tellkamp-Buch - ZurZeit\" \/>\n<meta property=\"og:description\" content=\"Autor: E.K.-L. Bild: Wikipedia\/Smalltown Boy Lizenz: GNU Free Documentation License Mit seinem Opus fegt der&hellip;\" \/>\n<meta property=\"og:url\" content=\"https:\/\/zurzeit.at\/index.php\/heiss-umfehdet-wild-umstritten-das-neue-tellkamp-buch\/\" \/>\n<meta property=\"og:site_name\" content=\"ZurZeit\" \/>\n<meta property=\"article:publisher\" content=\"https:\/\/www.facebook.com\/wochenmagazinZurZeit\/\" \/>\n<meta property=\"article:published_time\" content=\"2022-05-13T11:13:38+00:00\" \/>\n<meta property=\"og:image\" content=\"https:\/\/zurzeit.at\/wp-content\/uploads\/2022\/05\/Uwe_Tellkamp_Worms.jpg\" \/>\n\t<meta property=\"og:image:width\" content=\"733\" \/>\n\t<meta property=\"og:image:height\" content=\"808\" \/>\n\t<meta property=\"og:image:type\" content=\"image\/jpeg\" \/>\n<meta name=\"author\" content=\"admin2\" \/>\n<meta name=\"twitter:card\" content=\"summary_large_image\" \/>\n<meta name=\"twitter:label1\" content=\"Verfasst von\" \/>\n\t<meta name=\"twitter:data1\" content=\"admin2\" \/>\n\t<meta name=\"twitter:label2\" content=\"Gesch\u00e4tzte Lesezeit\" \/>\n\t<meta name=\"twitter:data2\" content=\"4\u00a0Minuten\" \/>\n<script type=\"application\/ld+json\" class=\"yoast-schema-graph\">{\"@context\":\"https:\\\/\\\/schema.org\",\"@graph\":[{\"@type\":\"Article\",\"@id\":\"https:\\\/\\\/zurzeit.at\\\/index.php\\\/heiss-umfehdet-wild-umstritten-das-neue-tellkamp-buch\\\/#article\",\"isPartOf\":{\"@id\":\"https:\\\/\\\/zurzeit.at\\\/index.php\\\/heiss-umfehdet-wild-umstritten-das-neue-tellkamp-buch\\\/\"},\"author\":{\"name\":\"admin2\",\"@id\":\"https:\\\/\\\/zurzeit.at\\\/#\\\/schema\\\/person\\\/e6f4284c4ffdba25c26f295806088e37\"},\"headline\":\"Hei\u00df umfehdet, wild umstritten: Das neue Tellkamp-Buch\",\"datePublished\":\"2022-05-13T11:13:38+00:00\",\"mainEntityOfPage\":{\"@id\":\"https:\\\/\\\/zurzeit.at\\\/index.php\\\/heiss-umfehdet-wild-umstritten-das-neue-tellkamp-buch\\\/\"},\"wordCount\":847,\"commentCount\":0,\"image\":{\"@id\":\"https:\\\/\\\/zurzeit.at\\\/index.php\\\/heiss-umfehdet-wild-umstritten-das-neue-tellkamp-buch\\\/#primaryimage\"},\"thumbnailUrl\":\"https:\\\/\\\/zurzeit.at\\\/wp-content\\\/uploads\\\/2022\\\/05\\\/Uwe_Tellkamp_Worms.jpg\",\"keywords\":[\"Der Eisvogel\",\"Der Schlaf in den Uhren\",\"Der Turm\",\"Deutschland\",\"Literatur\",\"Uwe Tellkamp\"],\"articleSection\":[\"Feuilleton\"],\"inLanguage\":\"de\",\"potentialAction\":[{\"@type\":\"CommentAction\",\"name\":\"Comment\",\"target\":[\"https:\\\/\\\/zurzeit.at\\\/index.php\\\/heiss-umfehdet-wild-umstritten-das-neue-tellkamp-buch\\\/#respond\"]}]},{\"@type\":\"WebPage\",\"@id\":\"https:\\\/\\\/zurzeit.at\\\/index.php\\\/heiss-umfehdet-wild-umstritten-das-neue-tellkamp-buch\\\/\",\"url\":\"https:\\\/\\\/zurzeit.at\\\/index.php\\\/heiss-umfehdet-wild-umstritten-das-neue-tellkamp-buch\\\/\",\"name\":\"Hei\u00df umfehdet, wild umstritten: Das neue Tellkamp-Buch - ZurZeit\",\"isPartOf\":{\"@id\":\"https:\\\/\\\/zurzeit.at\\\/#website\"},\"primaryImageOfPage\":{\"@id\":\"https:\\\/\\\/zurzeit.at\\\/index.php\\\/heiss-umfehdet-wild-umstritten-das-neue-tellkamp-buch\\\/#primaryimage\"},\"image\":{\"@id\":\"https:\\\/\\\/zurzeit.at\\\/index.php\\\/heiss-umfehdet-wild-umstritten-das-neue-tellkamp-buch\\\/#primaryimage\"},\"thumbnailUrl\":\"https:\\\/\\\/zurzeit.at\\\/wp-content\\\/uploads\\\/2022\\\/05\\\/Uwe_Tellkamp_Worms.jpg\",\"datePublished\":\"2022-05-13T11:13:38+00:00\",\"author\":{\"@id\":\"https:\\\/\\\/zurzeit.at\\\/#\\\/schema\\\/person\\\/e6f4284c4ffdba25c26f295806088e37\"},\"breadcrumb\":{\"@id\":\"https:\\\/\\\/zurzeit.at\\\/index.php\\\/heiss-umfehdet-wild-umstritten-das-neue-tellkamp-buch\\\/#breadcrumb\"},\"inLanguage\":\"de\",\"potentialAction\":[{\"@type\":\"ReadAction\",\"target\":[\"https:\\\/\\\/zurzeit.at\\\/index.php\\\/heiss-umfehdet-wild-umstritten-das-neue-tellkamp-buch\\\/\"]}]},{\"@type\":\"ImageObject\",\"inLanguage\":\"de\",\"@id\":\"https:\\\/\\\/zurzeit.at\\\/index.php\\\/heiss-umfehdet-wild-umstritten-das-neue-tellkamp-buch\\\/#primaryimage\",\"url\":\"https:\\\/\\\/zurzeit.at\\\/wp-content\\\/uploads\\\/2022\\\/05\\\/Uwe_Tellkamp_Worms.jpg\",\"contentUrl\":\"https:\\\/\\\/zurzeit.at\\\/wp-content\\\/uploads\\\/2022\\\/05\\\/Uwe_Tellkamp_Worms.jpg\",\"width\":733,\"height\":808},{\"@type\":\"BreadcrumbList\",\"@id\":\"https:\\\/\\\/zurzeit.at\\\/index.php\\\/heiss-umfehdet-wild-umstritten-das-neue-tellkamp-buch\\\/#breadcrumb\",\"itemListElement\":[{\"@type\":\"ListItem\",\"position\":1,\"name\":\"Startseite\",\"item\":\"https:\\\/\\\/zurzeit.at\\\/\"},{\"@type\":\"ListItem\",\"position\":2,\"name\":\"Hei\u00df umfehdet, wild umstritten: Das neue Tellkamp-Buch\"}]},{\"@type\":\"WebSite\",\"@id\":\"https:\\\/\\\/zurzeit.at\\\/#website\",\"url\":\"https:\\\/\\\/zurzeit.at\\\/\",\"name\":\"ZurZeit\",\"description\":\"Internetseite des Wochenmagazins ZurZeit\",\"potentialAction\":[{\"@type\":\"SearchAction\",\"target\":{\"@type\":\"EntryPoint\",\"urlTemplate\":\"https:\\\/\\\/zurzeit.at\\\/?s={search_term_string}\"},\"query-input\":{\"@type\":\"PropertyValueSpecification\",\"valueRequired\":true,\"valueName\":\"search_term_string\"}}],\"inLanguage\":\"de\"},{\"@type\":\"Person\",\"@id\":\"https:\\\/\\\/zurzeit.at\\\/#\\\/schema\\\/person\\\/e6f4284c4ffdba25c26f295806088e37\",\"name\":\"admin2\",\"image\":{\"@type\":\"ImageObject\",\"inLanguage\":\"de\",\"@id\":\"https:\\\/\\\/secure.gravatar.com\\\/avatar\\\/6b01edb108b3f79fc8950358251ecf3b91c228e319139ad1beec43b6b1b16470?s=96&d=mm&r=g\",\"url\":\"https:\\\/\\\/secure.gravatar.com\\\/avatar\\\/6b01edb108b3f79fc8950358251ecf3b91c228e319139ad1beec43b6b1b16470?s=96&d=mm&r=g\",\"contentUrl\":\"https:\\\/\\\/secure.gravatar.com\\\/avatar\\\/6b01edb108b3f79fc8950358251ecf3b91c228e319139ad1beec43b6b1b16470?s=96&d=mm&r=g\",\"caption\":\"admin2\"},\"url\":\"https:\\\/\\\/zurzeit.at\\\/index.php\\\/author\\\/admin2\\\/\"}]}<\/script>\n<!-- \/ Yoast SEO plugin. -->","yoast_head_json":{"title":"Hei\u00df umfehdet, wild umstritten: Das neue Tellkamp-Buch - ZurZeit","robots":{"index":"index","follow":"follow","max-snippet":"max-snippet:-1","max-image-preview":"max-image-preview:large","max-video-preview":"max-video-preview:-1"},"canonical":"https:\/\/zurzeit.at\/index.php\/heiss-umfehdet-wild-umstritten-das-neue-tellkamp-buch\/","og_locale":"de_DE","og_type":"article","og_title":"Hei\u00df umfehdet, wild umstritten: Das neue Tellkamp-Buch - ZurZeit","og_description":"Autor: E.K.-L. Bild: Wikipedia\/Smalltown Boy Lizenz: GNU Free Documentation License Mit seinem Opus fegt der&hellip;","og_url":"https:\/\/zurzeit.at\/index.php\/heiss-umfehdet-wild-umstritten-das-neue-tellkamp-buch\/","og_site_name":"ZurZeit","article_publisher":"https:\/\/www.facebook.com\/wochenmagazinZurZeit\/","article_published_time":"2022-05-13T11:13:38+00:00","og_image":[{"width":733,"height":808,"url":"https:\/\/zurzeit.at\/wp-content\/uploads\/2022\/05\/Uwe_Tellkamp_Worms.jpg","type":"image\/jpeg"}],"author":"admin2","twitter_card":"summary_large_image","twitter_misc":{"Verfasst von":"admin2","Gesch\u00e4tzte Lesezeit":"4\u00a0Minuten"},"schema":{"@context":"https:\/\/schema.org","@graph":[{"@type":"Article","@id":"https:\/\/zurzeit.at\/index.php\/heiss-umfehdet-wild-umstritten-das-neue-tellkamp-buch\/#article","isPartOf":{"@id":"https:\/\/zurzeit.at\/index.php\/heiss-umfehdet-wild-umstritten-das-neue-tellkamp-buch\/"},"author":{"name":"admin2","@id":"https:\/\/zurzeit.at\/#\/schema\/person\/e6f4284c4ffdba25c26f295806088e37"},"headline":"Hei\u00df umfehdet, wild umstritten: Das neue Tellkamp-Buch","datePublished":"2022-05-13T11:13:38+00:00","mainEntityOfPage":{"@id":"https:\/\/zurzeit.at\/index.php\/heiss-umfehdet-wild-umstritten-das-neue-tellkamp-buch\/"},"wordCount":847,"commentCount":0,"image":{"@id":"https:\/\/zurzeit.at\/index.php\/heiss-umfehdet-wild-umstritten-das-neue-tellkamp-buch\/#primaryimage"},"thumbnailUrl":"https:\/\/zurzeit.at\/wp-content\/uploads\/2022\/05\/Uwe_Tellkamp_Worms.jpg","keywords":["Der Eisvogel","Der Schlaf in den Uhren","Der Turm","Deutschland","Literatur","Uwe Tellkamp"],"articleSection":["Feuilleton"],"inLanguage":"de","potentialAction":[{"@type":"CommentAction","name":"Comment","target":["https:\/\/zurzeit.at\/index.php\/heiss-umfehdet-wild-umstritten-das-neue-tellkamp-buch\/#respond"]}]},{"@type":"WebPage","@id":"https:\/\/zurzeit.at\/index.php\/heiss-umfehdet-wild-umstritten-das-neue-tellkamp-buch\/","url":"https:\/\/zurzeit.at\/index.php\/heiss-umfehdet-wild-umstritten-das-neue-tellkamp-buch\/","name":"Hei\u00df umfehdet, wild umstritten: Das neue Tellkamp-Buch - ZurZeit","isPartOf":{"@id":"https:\/\/zurzeit.at\/#website"},"primaryImageOfPage":{"@id":"https:\/\/zurzeit.at\/index.php\/heiss-umfehdet-wild-umstritten-das-neue-tellkamp-buch\/#primaryimage"},"image":{"@id":"https:\/\/zurzeit.at\/index.php\/heiss-umfehdet-wild-umstritten-das-neue-tellkamp-buch\/#primaryimage"},"thumbnailUrl":"https:\/\/zurzeit.at\/wp-content\/uploads\/2022\/05\/Uwe_Tellkamp_Worms.jpg","datePublished":"2022-05-13T11:13:38+00:00","author":{"@id":"https:\/\/zurzeit.at\/#\/schema\/person\/e6f4284c4ffdba25c26f295806088e37"},"breadcrumb":{"@id":"https:\/\/zurzeit.at\/index.php\/heiss-umfehdet-wild-umstritten-das-neue-tellkamp-buch\/#breadcrumb"},"inLanguage":"de","potentialAction":[{"@type":"ReadAction","target":["https:\/\/zurzeit.at\/index.php\/heiss-umfehdet-wild-umstritten-das-neue-tellkamp-buch\/"]}]},{"@type":"ImageObject","inLanguage":"de","@id":"https:\/\/zurzeit.at\/index.php\/heiss-umfehdet-wild-umstritten-das-neue-tellkamp-buch\/#primaryimage","url":"https:\/\/zurzeit.at\/wp-content\/uploads\/2022\/05\/Uwe_Tellkamp_Worms.jpg","contentUrl":"https:\/\/zurzeit.at\/wp-content\/uploads\/2022\/05\/Uwe_Tellkamp_Worms.jpg","width":733,"height":808},{"@type":"BreadcrumbList","@id":"https:\/\/zurzeit.at\/index.php\/heiss-umfehdet-wild-umstritten-das-neue-tellkamp-buch\/#breadcrumb","itemListElement":[{"@type":"ListItem","position":1,"name":"Startseite","item":"https:\/\/zurzeit.at\/"},{"@type":"ListItem","position":2,"name":"Hei\u00df umfehdet, wild umstritten: Das neue Tellkamp-Buch"}]},{"@type":"WebSite","@id":"https:\/\/zurzeit.at\/#website","url":"https:\/\/zurzeit.at\/","name":"ZurZeit","description":"Internetseite des Wochenmagazins ZurZeit","potentialAction":[{"@type":"SearchAction","target":{"@type":"EntryPoint","urlTemplate":"https:\/\/zurzeit.at\/?s={search_term_string}"},"query-input":{"@type":"PropertyValueSpecification","valueRequired":true,"valueName":"search_term_string"}}],"inLanguage":"de"},{"@type":"Person","@id":"https:\/\/zurzeit.at\/#\/schema\/person\/e6f4284c4ffdba25c26f295806088e37","name":"admin2","image":{"@type":"ImageObject","inLanguage":"de","@id":"https:\/\/secure.gravatar.com\/avatar\/6b01edb108b3f79fc8950358251ecf3b91c228e319139ad1beec43b6b1b16470?s=96&d=mm&r=g","url":"https:\/\/secure.gravatar.com\/avatar\/6b01edb108b3f79fc8950358251ecf3b91c228e319139ad1beec43b6b1b16470?s=96&d=mm&r=g","contentUrl":"https:\/\/secure.gravatar.com\/avatar\/6b01edb108b3f79fc8950358251ecf3b91c228e319139ad1beec43b6b1b16470?s=96&d=mm&r=g","caption":"admin2"},"url":"https:\/\/zurzeit.at\/index.php\/author\/admin2\/"}]}},"_links":{"self":[{"href":"https:\/\/zurzeit.at\/index.php\/wp-json\/wp\/v2\/posts\/13196","targetHints":{"allow":["GET"]}}],"collection":[{"href":"https:\/\/zurzeit.at\/index.php\/wp-json\/wp\/v2\/posts"}],"about":[{"href":"https:\/\/zurzeit.at\/index.php\/wp-json\/wp\/v2\/types\/post"}],"author":[{"embeddable":true,"href":"https:\/\/zurzeit.at\/index.php\/wp-json\/wp\/v2\/users\/3"}],"replies":[{"embeddable":true,"href":"https:\/\/zurzeit.at\/index.php\/wp-json\/wp\/v2\/comments?post=13196"}],"version-history":[{"count":1,"href":"https:\/\/zurzeit.at\/index.php\/wp-json\/wp\/v2\/posts\/13196\/revisions"}],"predecessor-version":[{"id":13198,"href":"https:\/\/zurzeit.at\/index.php\/wp-json\/wp\/v2\/posts\/13196\/revisions\/13198"}],"wp:featuredmedia":[{"embeddable":true,"href":"https:\/\/zurzeit.at\/index.php\/wp-json\/wp\/v2\/media\/13197"}],"wp:attachment":[{"href":"https:\/\/zurzeit.at\/index.php\/wp-json\/wp\/v2\/media?parent=13196"}],"wp:term":[{"taxonomy":"category","embeddable":true,"href":"https:\/\/zurzeit.at\/index.php\/wp-json\/wp\/v2\/categories?post=13196"},{"taxonomy":"post_tag","embeddable":true,"href":"https:\/\/zurzeit.at\/index.php\/wp-json\/wp\/v2\/tags?post=13196"}],"curies":[{"name":"wp","href":"https:\/\/api.w.org\/{rel}","templated":true}]}}