{"id":13199,"date":"2022-05-13T13:15:39","date_gmt":"2022-05-13T11:15:39","guid":{"rendered":"http:\/\/zurzeit.at\/?p=13199"},"modified":"2022-05-13T13:15:39","modified_gmt":"2022-05-13T11:15:39","slug":"slowakei-ex-ministerpraesident-robert-fico-rechnet-mit-selenski-scharf-ab","status":"publish","type":"post","link":"https:\/\/zurzeit.at\/index.php\/slowakei-ex-ministerpraesident-robert-fico-rechnet-mit-selenski-scharf-ab\/","title":{"rendered":"Slowakei: Ex-Ministerpr\u00e4sident Robert Fico rechnet mit Selenski scharf ab"},"content":{"rendered":"<p><span class=\"licensetpl_attr\">Autor: <a href=\"https:\/\/zurzeit.at\/index.php\/autoren\/\">E.K.-L.<\/a> <\/span><span class=\"plainlinks noprint\"><span class=\"licensetpl_attr\">Bild: <a href=\"https:\/\/commons.wikimedia.org\/wiki\/File:PRESS_CONFERENCE_BRATISLAVA_SUMMIT_16_SEPTEMBER_(29099381803).jpg\">Wikipedia\/EU2016 SK <\/a><\/span><\/span>L<span class=\"plainlinks noprint\"><span class=\"licensetpl_attr\">izenz: <a href=\"https:\/\/creativecommons.org\/publicdomain\/zero\/1.0\/deed.en\">CC0 1.0<\/a><br \/>\n<\/span><\/span><\/p>\n<hr \/>\n<h1>Zunehmender Unmut f\u00fcr den Ton des ukrainischen Pr\u00e4sidenten<\/h1>\n<p>Sch\u00f6n langsam kippt die Stimmung, die bisher so positiv f\u00fcr Wolodymyr Selenski gewesen ist. Weniger in der Bundesrepublik Deutschland, die wie \u00fcblich mit B\u00fc\u00dfermiene auf der Anklagebank der Weltgeschichte sitzt, die Frechheiten des ukrainischen Botschafters brav erduldet. Anderswo w\u00e4re der Mann l\u00e4ngst zur <em>persona non grata <\/em>erkl\u00e4rt und zum Verlassen des Landes binnen 48 Stunden aufgefordert worden. Berlin nimmt auch dem\u00fctig zur Kenntnis, wonach Bundespr\u00e4sident Frank-Walter Steinmeier in Kiew minder willkommen sei. Sondern blo\u00df schwere Waffen und viel, viel Geld.<\/p>\n<p>Jetzt zeigt die kleine Slowakei dem hochm\u00fctigen Multimillion\u00e4r Selenski, der pers\u00f6nlich noch nie an der Front gewesen ist und sich lieber in seinem Bunker versteckt, die rote Karte. Zwar nur durch Oppositionsf\u00fchrer und Chef der Partei <em>Smer <\/em>(dt. Richtung) Robert Fico. Aber immerhin. Der Sozialdemokrat Fico richtet am Mittwoch (11. Mai) dem Kiewer Kabarettisten per Twitter aus:<\/p>\n<p><em>Herr Selenski, wir sind nicht Ihre Dienstboten! Wegen Euch werden wir die Slowakei nicht in Armut st\u00fcrzen! Uns in der Smer-Partei bereitet es keine Sorgen, wenn ein ausl\u00e4ndisches Staatsoberhaupt in unserem Parlament das Wort ergreift, weil wir niemanden zum Schweigen verurteilen. Aber wir haben Probleme damit, was Sie sagen.<\/em><\/p>\n<p>Selenski, der wahrscheinlich weltweit \u2013 angefangen vom US-Kongress bis (vermutlich) zur Volksvertretung von San Marino \u2013 bereits alle Parlamente mit seinen verbalen Darbietungen begl\u00fcckt hat, glaubt auch in der Slowakei mit unangemessenen Forderungen auftreten zu k\u00f6nnen. Am Dienstag (10. Mai) \u201ewarnt\u201c er die Slowakei in einer Video-Botschaft an die Volksvertretung in Pre\u00dfburg vor einer weiteren Zusammenarbeit mit Russland. <em>Dadurch drohe ihr ein \u00e4hnliches Schicksal, wie es die Ukraine derzeit erleide.<\/em><\/p>\n<p>Derart unerbetene Ratschl\u00e4ge lassen sich die stolzen Slowaken nicht bieten. Zumal unser \u00f6stlicher Nachbar bereits seine Boden-Luft-Raketen und alle Mig-29-Flugzeuge an die Ukraine verschenkt hat \u2026<\/p>\n<p>Fico f\u00fchrt weiter aus, <em>Russland ist keineswegs unser t\u00f6dlicher Feind und wird es auch in Zukunft nicht sein <\/em>und weist Selenski zurecht, weil dieser sinnlose Sanktionen bez\u00fcglich des Erd\u00f6ls und Erdgases verlangt. Ihm t\u00e4ten die ukrainischen Fl\u00fcchtlinge leid, er sei aber nicht bereit, in die Slowakei gereiste \u201eSpekulanten\u201c zu unterst\u00fctzen, reiche Leute, die in Luxushotels absteigen, wo man f\u00fcr eine N\u00e4chtigung 400 Euro berappt.<\/p>\n<p>Es scheint, als w\u00fcrde dem unversch\u00e4mten Kiewer Herrscher ein zunehmend rauer Wind entgegenwehen. Mit Recht.<\/p>\n","protected":false},"excerpt":{"rendered":"<p>Autor: E.K.-L. Bild: Wikipedia\/EU2016 SK Lizenz: CC0 1.0 Zunehmender Unmut f\u00fcr den Ton des ukrainischen&hellip;<\/p>\n","protected":false},"author":3,"featured_media":13200,"comment_status":"open","ping_status":"closed","sticky":false,"template":"","format":"standard","meta":{"footnotes":""},"categories":[49,47,48],"tags":[7713,882,614,681,319,7391],"class_list":["post-13199","post","type-post","status-publish","format-standard","has-post-thumbnail","hentry","category-ausland","category-deutschland","category-europa","tag-frank-walter-steinmeier","tag-robert-fico","tag-russland","tag-slowakei","tag-ukraine","tag-wolodymyr-selenski"],"yoast_head":"<!-- This site is optimized with the Yoast SEO plugin v28.3 - https:\/\/yoast.com\/product\/yoast-seo-wordpress\/ -->\n<title>Slowakei: Ex-Ministerpr\u00e4sident Robert Fico rechnet mit Selenski scharf ab - ZurZeit<\/title>\n<meta name=\"robots\" content=\"index, follow, max-snippet:-1, max-image-preview:large, max-video-preview:-1\" \/>\n<link rel=\"canonical\" href=\"https:\/\/zurzeit.at\/index.php\/slowakei-ex-ministerpraesident-robert-fico-rechnet-mit-selenski-scharf-ab\/\" \/>\n<meta property=\"og:locale\" content=\"de_DE\" \/>\n<meta property=\"og:type\" content=\"article\" \/>\n<meta property=\"og:title\" content=\"Slowakei: Ex-Ministerpr\u00e4sident Robert Fico rechnet mit Selenski scharf ab - ZurZeit\" \/>\n<meta property=\"og:description\" content=\"Autor: E.K.-L. Bild: Wikipedia\/EU2016 SK Lizenz: CC0 1.0 Zunehmender Unmut f\u00fcr den Ton des ukrainischen&hellip;\" \/>\n<meta property=\"og:url\" content=\"https:\/\/zurzeit.at\/index.php\/slowakei-ex-ministerpraesident-robert-fico-rechnet-mit-selenski-scharf-ab\/\" \/>\n<meta property=\"og:site_name\" content=\"ZurZeit\" \/>\n<meta property=\"article:publisher\" content=\"https:\/\/www.facebook.com\/wochenmagazinZurZeit\/\" \/>\n<meta property=\"article:published_time\" content=\"2022-05-13T11:15:39+00:00\" \/>\n<meta property=\"og:image\" content=\"https:\/\/zurzeit.at\/wp-content\/uploads\/2022\/05\/PRESS_CONFERENCE_BRATISLAVA_SUMMIT_16_SEPTEMBER_29099381803.jpg\" \/>\n\t<meta property=\"og:image:width\" content=\"1024\" \/>\n\t<meta property=\"og:image:height\" content=\"683\" \/>\n\t<meta property=\"og:image:type\" content=\"image\/jpeg\" \/>\n<meta name=\"author\" content=\"admin2\" \/>\n<meta name=\"twitter:card\" content=\"summary_large_image\" \/>\n<meta name=\"twitter:label1\" content=\"Verfasst von\" \/>\n\t<meta name=\"twitter:data1\" content=\"admin2\" \/>\n\t<meta name=\"twitter:label2\" content=\"Gesch\u00e4tzte Lesezeit\" \/>\n\t<meta name=\"twitter:data2\" content=\"2\u00a0Minuten\" \/>\n<script type=\"application\/ld+json\" class=\"yoast-schema-graph\">{\"@context\":\"https:\\\/\\\/schema.org\",\"@graph\":[{\"@type\":\"Article\",\"@id\":\"https:\\\/\\\/zurzeit.at\\\/index.php\\\/slowakei-ex-ministerpraesident-robert-fico-rechnet-mit-selenski-scharf-ab\\\/#article\",\"isPartOf\":{\"@id\":\"https:\\\/\\\/zurzeit.at\\\/index.php\\\/slowakei-ex-ministerpraesident-robert-fico-rechnet-mit-selenski-scharf-ab\\\/\"},\"author\":{\"name\":\"admin2\",\"@id\":\"https:\\\/\\\/zurzeit.at\\\/#\\\/schema\\\/person\\\/e6f4284c4ffdba25c26f295806088e37\"},\"headline\":\"Slowakei: Ex-Ministerpr\u00e4sident Robert Fico rechnet mit Selenski scharf ab\",\"datePublished\":\"2022-05-13T11:15:39+00:00\",\"mainEntityOfPage\":{\"@id\":\"https:\\\/\\\/zurzeit.at\\\/index.php\\\/slowakei-ex-ministerpraesident-robert-fico-rechnet-mit-selenski-scharf-ab\\\/\"},\"wordCount\":415,\"commentCount\":0,\"image\":{\"@id\":\"https:\\\/\\\/zurzeit.at\\\/index.php\\\/slowakei-ex-ministerpraesident-robert-fico-rechnet-mit-selenski-scharf-ab\\\/#primaryimage\"},\"thumbnailUrl\":\"https:\\\/\\\/zurzeit.at\\\/wp-content\\\/uploads\\\/2022\\\/05\\\/PRESS_CONFERENCE_BRATISLAVA_SUMMIT_16_SEPTEMBER_29099381803.jpg\",\"keywords\":[\"Frank-Walter Steinmeier\",\"Robert Fico\",\"Russland\",\"Slowakei\",\"Ukraine\",\"Wolodymyr Selenski\"],\"articleSection\":[\"Ausland\",\"Deutschland\",\"Europa\"],\"inLanguage\":\"de\",\"potentialAction\":[{\"@type\":\"CommentAction\",\"name\":\"Comment\",\"target\":[\"https:\\\/\\\/zurzeit.at\\\/index.php\\\/slowakei-ex-ministerpraesident-robert-fico-rechnet-mit-selenski-scharf-ab\\\/#respond\"]}]},{\"@type\":\"WebPage\",\"@id\":\"https:\\\/\\\/zurzeit.at\\\/index.php\\\/slowakei-ex-ministerpraesident-robert-fico-rechnet-mit-selenski-scharf-ab\\\/\",\"url\":\"https:\\\/\\\/zurzeit.at\\\/index.php\\\/slowakei-ex-ministerpraesident-robert-fico-rechnet-mit-selenski-scharf-ab\\\/\",\"name\":\"Slowakei: Ex-Ministerpr\u00e4sident Robert Fico rechnet mit Selenski scharf ab - ZurZeit\",\"isPartOf\":{\"@id\":\"https:\\\/\\\/zurzeit.at\\\/#website\"},\"primaryImageOfPage\":{\"@id\":\"https:\\\/\\\/zurzeit.at\\\/index.php\\\/slowakei-ex-ministerpraesident-robert-fico-rechnet-mit-selenski-scharf-ab\\\/#primaryimage\"},\"image\":{\"@id\":\"https:\\\/\\\/zurzeit.at\\\/index.php\\\/slowakei-ex-ministerpraesident-robert-fico-rechnet-mit-selenski-scharf-ab\\\/#primaryimage\"},\"thumbnailUrl\":\"https:\\\/\\\/zurzeit.at\\\/wp-content\\\/uploads\\\/2022\\\/05\\\/PRESS_CONFERENCE_BRATISLAVA_SUMMIT_16_SEPTEMBER_29099381803.jpg\",\"datePublished\":\"2022-05-13T11:15:39+00:00\",\"author\":{\"@id\":\"https:\\\/\\\/zurzeit.at\\\/#\\\/schema\\\/person\\\/e6f4284c4ffdba25c26f295806088e37\"},\"breadcrumb\":{\"@id\":\"https:\\\/\\\/zurzeit.at\\\/index.php\\\/slowakei-ex-ministerpraesident-robert-fico-rechnet-mit-selenski-scharf-ab\\\/#breadcrumb\"},\"inLanguage\":\"de\",\"potentialAction\":[{\"@type\":\"ReadAction\",\"target\":[\"https:\\\/\\\/zurzeit.at\\\/index.php\\\/slowakei-ex-ministerpraesident-robert-fico-rechnet-mit-selenski-scharf-ab\\\/\"]}]},{\"@type\":\"ImageObject\",\"inLanguage\":\"de\",\"@id\":\"https:\\\/\\\/zurzeit.at\\\/index.php\\\/slowakei-ex-ministerpraesident-robert-fico-rechnet-mit-selenski-scharf-ab\\\/#primaryimage\",\"url\":\"https:\\\/\\\/zurzeit.at\\\/wp-content\\\/uploads\\\/2022\\\/05\\\/PRESS_CONFERENCE_BRATISLAVA_SUMMIT_16_SEPTEMBER_29099381803.jpg\",\"contentUrl\":\"https:\\\/\\\/zurzeit.at\\\/wp-content\\\/uploads\\\/2022\\\/05\\\/PRESS_CONFERENCE_BRATISLAVA_SUMMIT_16_SEPTEMBER_29099381803.jpg\",\"width\":1024,\"height\":683},{\"@type\":\"BreadcrumbList\",\"@id\":\"https:\\\/\\\/zurzeit.at\\\/index.php\\\/slowakei-ex-ministerpraesident-robert-fico-rechnet-mit-selenski-scharf-ab\\\/#breadcrumb\",\"itemListElement\":[{\"@type\":\"ListItem\",\"position\":1,\"name\":\"Startseite\",\"item\":\"https:\\\/\\\/zurzeit.at\\\/\"},{\"@type\":\"ListItem\",\"position\":2,\"name\":\"Slowakei: Ex-Ministerpr\u00e4sident Robert Fico rechnet mit Selenski scharf ab\"}]},{\"@type\":\"WebSite\",\"@id\":\"https:\\\/\\\/zurzeit.at\\\/#website\",\"url\":\"https:\\\/\\\/zurzeit.at\\\/\",\"name\":\"ZurZeit\",\"description\":\"Internetseite des Wochenmagazins ZurZeit\",\"potentialAction\":[{\"@type\":\"SearchAction\",\"target\":{\"@type\":\"EntryPoint\",\"urlTemplate\":\"https:\\\/\\\/zurzeit.at\\\/?s={search_term_string}\"},\"query-input\":{\"@type\":\"PropertyValueSpecification\",\"valueRequired\":true,\"valueName\":\"search_term_string\"}}],\"inLanguage\":\"de\"},{\"@type\":\"Person\",\"@id\":\"https:\\\/\\\/zurzeit.at\\\/#\\\/schema\\\/person\\\/e6f4284c4ffdba25c26f295806088e37\",\"name\":\"admin2\",\"image\":{\"@type\":\"ImageObject\",\"inLanguage\":\"de\",\"@id\":\"https:\\\/\\\/secure.gravatar.com\\\/avatar\\\/6b01edb108b3f79fc8950358251ecf3b91c228e319139ad1beec43b6b1b16470?s=96&d=mm&r=g\",\"url\":\"https:\\\/\\\/secure.gravatar.com\\\/avatar\\\/6b01edb108b3f79fc8950358251ecf3b91c228e319139ad1beec43b6b1b16470?s=96&d=mm&r=g\",\"contentUrl\":\"https:\\\/\\\/secure.gravatar.com\\\/avatar\\\/6b01edb108b3f79fc8950358251ecf3b91c228e319139ad1beec43b6b1b16470?s=96&d=mm&r=g\",\"caption\":\"admin2\"},\"url\":\"https:\\\/\\\/zurzeit.at\\\/index.php\\\/author\\\/admin2\\\/\"}]}<\/script>\n<!-- \/ Yoast SEO plugin. -->","yoast_head_json":{"title":"Slowakei: Ex-Ministerpr\u00e4sident Robert Fico rechnet mit Selenski scharf ab - ZurZeit","robots":{"index":"index","follow":"follow","max-snippet":"max-snippet:-1","max-image-preview":"max-image-preview:large","max-video-preview":"max-video-preview:-1"},"canonical":"https:\/\/zurzeit.at\/index.php\/slowakei-ex-ministerpraesident-robert-fico-rechnet-mit-selenski-scharf-ab\/","og_locale":"de_DE","og_type":"article","og_title":"Slowakei: Ex-Ministerpr\u00e4sident Robert Fico rechnet mit Selenski scharf ab - ZurZeit","og_description":"Autor: E.K.-L. Bild: Wikipedia\/EU2016 SK Lizenz: CC0 1.0 Zunehmender Unmut f\u00fcr den Ton des ukrainischen&hellip;","og_url":"https:\/\/zurzeit.at\/index.php\/slowakei-ex-ministerpraesident-robert-fico-rechnet-mit-selenski-scharf-ab\/","og_site_name":"ZurZeit","article_publisher":"https:\/\/www.facebook.com\/wochenmagazinZurZeit\/","article_published_time":"2022-05-13T11:15:39+00:00","og_image":[{"width":1024,"height":683,"url":"https:\/\/zurzeit.at\/wp-content\/uploads\/2022\/05\/PRESS_CONFERENCE_BRATISLAVA_SUMMIT_16_SEPTEMBER_29099381803.jpg","type":"image\/jpeg"}],"author":"admin2","twitter_card":"summary_large_image","twitter_misc":{"Verfasst von":"admin2","Gesch\u00e4tzte Lesezeit":"2\u00a0Minuten"},"schema":{"@context":"https:\/\/schema.org","@graph":[{"@type":"Article","@id":"https:\/\/zurzeit.at\/index.php\/slowakei-ex-ministerpraesident-robert-fico-rechnet-mit-selenski-scharf-ab\/#article","isPartOf":{"@id":"https:\/\/zurzeit.at\/index.php\/slowakei-ex-ministerpraesident-robert-fico-rechnet-mit-selenski-scharf-ab\/"},"author":{"name":"admin2","@id":"https:\/\/zurzeit.at\/#\/schema\/person\/e6f4284c4ffdba25c26f295806088e37"},"headline":"Slowakei: Ex-Ministerpr\u00e4sident Robert Fico rechnet mit Selenski scharf ab","datePublished":"2022-05-13T11:15:39+00:00","mainEntityOfPage":{"@id":"https:\/\/zurzeit.at\/index.php\/slowakei-ex-ministerpraesident-robert-fico-rechnet-mit-selenski-scharf-ab\/"},"wordCount":415,"commentCount":0,"image":{"@id":"https:\/\/zurzeit.at\/index.php\/slowakei-ex-ministerpraesident-robert-fico-rechnet-mit-selenski-scharf-ab\/#primaryimage"},"thumbnailUrl":"https:\/\/zurzeit.at\/wp-content\/uploads\/2022\/05\/PRESS_CONFERENCE_BRATISLAVA_SUMMIT_16_SEPTEMBER_29099381803.jpg","keywords":["Frank-Walter Steinmeier","Robert Fico","Russland","Slowakei","Ukraine","Wolodymyr Selenski"],"articleSection":["Ausland","Deutschland","Europa"],"inLanguage":"de","potentialAction":[{"@type":"CommentAction","name":"Comment","target":["https:\/\/zurzeit.at\/index.php\/slowakei-ex-ministerpraesident-robert-fico-rechnet-mit-selenski-scharf-ab\/#respond"]}]},{"@type":"WebPage","@id":"https:\/\/zurzeit.at\/index.php\/slowakei-ex-ministerpraesident-robert-fico-rechnet-mit-selenski-scharf-ab\/","url":"https:\/\/zurzeit.at\/index.php\/slowakei-ex-ministerpraesident-robert-fico-rechnet-mit-selenski-scharf-ab\/","name":"Slowakei: Ex-Ministerpr\u00e4sident Robert Fico rechnet mit Selenski scharf ab - ZurZeit","isPartOf":{"@id":"https:\/\/zurzeit.at\/#website"},"primaryImageOfPage":{"@id":"https:\/\/zurzeit.at\/index.php\/slowakei-ex-ministerpraesident-robert-fico-rechnet-mit-selenski-scharf-ab\/#primaryimage"},"image":{"@id":"https:\/\/zurzeit.at\/index.php\/slowakei-ex-ministerpraesident-robert-fico-rechnet-mit-selenski-scharf-ab\/#primaryimage"},"thumbnailUrl":"https:\/\/zurzeit.at\/wp-content\/uploads\/2022\/05\/PRESS_CONFERENCE_BRATISLAVA_SUMMIT_16_SEPTEMBER_29099381803.jpg","datePublished":"2022-05-13T11:15:39+00:00","author":{"@id":"https:\/\/zurzeit.at\/#\/schema\/person\/e6f4284c4ffdba25c26f295806088e37"},"breadcrumb":{"@id":"https:\/\/zurzeit.at\/index.php\/slowakei-ex-ministerpraesident-robert-fico-rechnet-mit-selenski-scharf-ab\/#breadcrumb"},"inLanguage":"de","potentialAction":[{"@type":"ReadAction","target":["https:\/\/zurzeit.at\/index.php\/slowakei-ex-ministerpraesident-robert-fico-rechnet-mit-selenski-scharf-ab\/"]}]},{"@type":"ImageObject","inLanguage":"de","@id":"https:\/\/zurzeit.at\/index.php\/slowakei-ex-ministerpraesident-robert-fico-rechnet-mit-selenski-scharf-ab\/#primaryimage","url":"https:\/\/zurzeit.at\/wp-content\/uploads\/2022\/05\/PRESS_CONFERENCE_BRATISLAVA_SUMMIT_16_SEPTEMBER_29099381803.jpg","contentUrl":"https:\/\/zurzeit.at\/wp-content\/uploads\/2022\/05\/PRESS_CONFERENCE_BRATISLAVA_SUMMIT_16_SEPTEMBER_29099381803.jpg","width":1024,"height":683},{"@type":"BreadcrumbList","@id":"https:\/\/zurzeit.at\/index.php\/slowakei-ex-ministerpraesident-robert-fico-rechnet-mit-selenski-scharf-ab\/#breadcrumb","itemListElement":[{"@type":"ListItem","position":1,"name":"Startseite","item":"https:\/\/zurzeit.at\/"},{"@type":"ListItem","position":2,"name":"Slowakei: Ex-Ministerpr\u00e4sident Robert Fico rechnet mit Selenski scharf ab"}]},{"@type":"WebSite","@id":"https:\/\/zurzeit.at\/#website","url":"https:\/\/zurzeit.at\/","name":"ZurZeit","description":"Internetseite des Wochenmagazins ZurZeit","potentialAction":[{"@type":"SearchAction","target":{"@type":"EntryPoint","urlTemplate":"https:\/\/zurzeit.at\/?s={search_term_string}"},"query-input":{"@type":"PropertyValueSpecification","valueRequired":true,"valueName":"search_term_string"}}],"inLanguage":"de"},{"@type":"Person","@id":"https:\/\/zurzeit.at\/#\/schema\/person\/e6f4284c4ffdba25c26f295806088e37","name":"admin2","image":{"@type":"ImageObject","inLanguage":"de","@id":"https:\/\/secure.gravatar.com\/avatar\/6b01edb108b3f79fc8950358251ecf3b91c228e319139ad1beec43b6b1b16470?s=96&d=mm&r=g","url":"https:\/\/secure.gravatar.com\/avatar\/6b01edb108b3f79fc8950358251ecf3b91c228e319139ad1beec43b6b1b16470?s=96&d=mm&r=g","contentUrl":"https:\/\/secure.gravatar.com\/avatar\/6b01edb108b3f79fc8950358251ecf3b91c228e319139ad1beec43b6b1b16470?s=96&d=mm&r=g","caption":"admin2"},"url":"https:\/\/zurzeit.at\/index.php\/author\/admin2\/"}]}},"_links":{"self":[{"href":"https:\/\/zurzeit.at\/index.php\/wp-json\/wp\/v2\/posts\/13199","targetHints":{"allow":["GET"]}}],"collection":[{"href":"https:\/\/zurzeit.at\/index.php\/wp-json\/wp\/v2\/posts"}],"about":[{"href":"https:\/\/zurzeit.at\/index.php\/wp-json\/wp\/v2\/types\/post"}],"author":[{"embeddable":true,"href":"https:\/\/zurzeit.at\/index.php\/wp-json\/wp\/v2\/users\/3"}],"replies":[{"embeddable":true,"href":"https:\/\/zurzeit.at\/index.php\/wp-json\/wp\/v2\/comments?post=13199"}],"version-history":[{"count":1,"href":"https:\/\/zurzeit.at\/index.php\/wp-json\/wp\/v2\/posts\/13199\/revisions"}],"predecessor-version":[{"id":13201,"href":"https:\/\/zurzeit.at\/index.php\/wp-json\/wp\/v2\/posts\/13199\/revisions\/13201"}],"wp:featuredmedia":[{"embeddable":true,"href":"https:\/\/zurzeit.at\/index.php\/wp-json\/wp\/v2\/media\/13200"}],"wp:attachment":[{"href":"https:\/\/zurzeit.at\/index.php\/wp-json\/wp\/v2\/media?parent=13199"}],"wp:term":[{"taxonomy":"category","embeddable":true,"href":"https:\/\/zurzeit.at\/index.php\/wp-json\/wp\/v2\/categories?post=13199"},{"taxonomy":"post_tag","embeddable":true,"href":"https:\/\/zurzeit.at\/index.php\/wp-json\/wp\/v2\/tags?post=13199"}],"curies":[{"name":"wp","href":"https:\/\/api.w.org\/{rel}","templated":true}]}}