{"id":13205,"date":"2022-05-16T20:09:18","date_gmt":"2022-05-16T18:09:18","guid":{"rendered":"http:\/\/zurzeit.at\/?p=13205"},"modified":"2022-05-16T20:19:05","modified_gmt":"2022-05-16T18:19:05","slug":"naechster-inseratenskandal-um-ex-oevp-nr-abgeordneten-mahrer","status":"publish","type":"post","link":"https:\/\/zurzeit.at\/index.php\/naechster-inseratenskandal-um-ex-oevp-nr-abgeordneten-mahrer\/","title":{"rendered":"N\u00e4chster Inseratenskandal um Ex \u00d6VP-NR-Abgeordneten Mahrer?"},"content":{"rendered":"<p><span class=\"licensetpl_attr\">Autor: <a href=\"https:\/\/zurzeit.at\/index.php\/autoren\/\">A.R.<\/a> <\/span><span class=\"plainlinks noprint\"><span class=\"licensetpl_attr\">Bild: <a href=\"https:\/\/de.wikipedia.org\/wiki\/Harald_Mahrer#\/media\/Datei:Harald_Mahrer_IMG_6478_(14414702589).jpg\">Wikipedia\/<span class=\"mw-mmv-source-author\"><span class=\"mw-mmv-author\">Franz Johann Morgenbesser <\/span><\/span> <\/a><\/span><\/span>L<span class=\"plainlinks noprint\"><span class=\"licensetpl_attr\">izenz: <a class=\"mw-mmv-license\" href=\"https:\/\/creativecommons.org\/licenses\/by-sa\/2.0\" target=\"_blank\" rel=\"noopener\">CC BY-SA 2.0<\/a><br \/>\n<\/span><\/span><\/p>\n<hr \/>\n<h1>Vermeintliche Chat-Verl\u00e4ufe sollen angeblich belegen, dass der nunmehrige Wiener \u00d6VP-Chef 2016 beim damaligen Kabinettschef im Innenministerium, Michael Kloibm\u00fcller, f\u00fcr Inseratenschaltungen im Magazin \u201e\u00d6sterreich sicher\u201c interveniert habe. Als Gegenleistung, so Mahrer in einer angeblichen Nachricht, gebe es \u201evollen redaktionellen Einfluss\u201c.<\/h1>\n<p>\u201eDer schwarze Korruptions-Sumpf geht immer mehr ins Bodenlose\u201c, sagte der FP\u00d6-Fraktionsvorsitzende im \u00d6VP-Korruptions-Untersuchungsausschuss, Christian Hafenecker.<\/p>\n<p>Tats\u00e4chlich habe das \u00d6VP-gef\u00fchrte Innenministerium in dieser Zeitschrift Inserate geschaltet. F\u00fcr nur eine Ausgabe allein im Jahr 2016 sollen sagenhafte 63.000 Euro geflossen sein.<\/p>\n<p>Sinn oder Mehrwert dieser Schaltungen sei keiner zu erkennen. Evident ist, dass wieder einmal Steuergeld in Richtung eines Mediums gepumpt wurden, um sich \u201aredaktionellen Einfluss\u2018 zu sichern\u201c, so Hafenecker.<\/p>\n<p>Es handelt sich in jedem Fall um eklatante Steuergeld-Verschwendung, was die Frage nach sogenannten \u201eKickback-Zahlungen\u201c und der m\u00f6glichen Weiterverteilung von Geldern an dubiose \u00d6VP-Vereinsnetzwerke aufwirft. Freunderl-wirtschaftlich mussten nat\u00fcrlich auch Raiffeisen und der Gemeindebund in die Kooperation&#8216; miteingebunden werden.<\/p>\n<p>2017 gab es bereits eine Anfrage des gr\u00fcnen Abgeordneten Albert Steinhauser zu dieser Causa, in deren Beantwortung der damalige \u00d6VP-Innenminister Sobotka festhielt, dass sein Ministerium keinen redaktionellen Einfluss auf das Magazin nehme. Das war offensichtlich eine Unwahrheit.<\/p>\n<p>\u201eSich eine Redaktion de facto kaufen zu wollen \u2013 und das noch dazu auf Kosten der Steuerzahler \u2013, zeichnet nicht nur ein zutiefst verwerfliches Sittenbild, sondern f\u00f6rdert auch ein Medienverst\u00e4ndnis zu Tage, das vom Ungeist des St\u00e4ndestaates gepr\u00e4gt ist\u201c, so Hafenecker abschlie\u00dfend.<\/p>\n","protected":false},"excerpt":{"rendered":"<p>Autor: A.R. Bild: Wikipedia\/Franz Johann Morgenbesser Lizenz: CC BY-SA 2.0 Vermeintliche Chat-Verl\u00e4ufe sollen angeblich belegen,&hellip;<\/p>\n","protected":false},"author":3,"featured_media":13206,"comment_status":"open","ping_status":"closed","sticky":false,"template":"","format":"standard","meta":{"footnotes":""},"categories":[46],"tags":[93,142,335,7716,7715,2074,97,4396,7714],"class_list":["post-13205","post","type-post","status-publish","format-standard","has-post-thumbnail","hentry","category-oesterreich","tag-fpoe","tag-gruene","tag-hafenecker","tag-inseratenaffaere","tag-kloibmueller","tag-mahrer","tag-oevp","tag-sobotka","tag-steinhauser"],"yoast_head":"<!-- This site is optimized with the Yoast SEO plugin v28.3 - https:\/\/yoast.com\/product\/yoast-seo-wordpress\/ -->\n<title>N\u00e4chster Inseratenskandal um Ex \u00d6VP-NR-Abgeordneten Mahrer? - ZurZeit<\/title>\n<meta name=\"robots\" content=\"index, follow, max-snippet:-1, max-image-preview:large, max-video-preview:-1\" \/>\n<link rel=\"canonical\" href=\"https:\/\/zurzeit.at\/index.php\/naechster-inseratenskandal-um-ex-oevp-nr-abgeordneten-mahrer\/\" \/>\n<meta property=\"og:locale\" content=\"de_DE\" \/>\n<meta property=\"og:type\" content=\"article\" \/>\n<meta property=\"og:title\" content=\"N\u00e4chster Inseratenskandal um Ex \u00d6VP-NR-Abgeordneten Mahrer? - ZurZeit\" \/>\n<meta property=\"og:description\" content=\"Autor: A.R. Bild: Wikipedia\/Franz Johann Morgenbesser Lizenz: CC BY-SA 2.0 Vermeintliche Chat-Verl\u00e4ufe sollen angeblich belegen,&hellip;\" \/>\n<meta property=\"og:url\" content=\"https:\/\/zurzeit.at\/index.php\/naechster-inseratenskandal-um-ex-oevp-nr-abgeordneten-mahrer\/\" \/>\n<meta property=\"og:site_name\" content=\"ZurZeit\" \/>\n<meta property=\"article:publisher\" content=\"https:\/\/www.facebook.com\/wochenmagazinZurZeit\/\" \/>\n<meta property=\"article:published_time\" content=\"2022-05-16T18:09:18+00:00\" \/>\n<meta property=\"article:modified_time\" content=\"2022-05-16T18:19:05+00:00\" \/>\n<meta property=\"og:image\" content=\"https:\/\/zurzeit.at\/wp-content\/uploads\/2022\/05\/Harald_Mahrer_IMG_6478_14414702589.jpg\" \/>\n\t<meta property=\"og:image:width\" content=\"900\" \/>\n\t<meta property=\"og:image:height\" content=\"600\" \/>\n\t<meta property=\"og:image:type\" content=\"image\/jpeg\" \/>\n<meta name=\"author\" content=\"admin2\" \/>\n<meta name=\"twitter:card\" content=\"summary_large_image\" \/>\n<meta name=\"twitter:label1\" content=\"Verfasst von\" \/>\n\t<meta name=\"twitter:data1\" content=\"admin2\" \/>\n\t<meta name=\"twitter:label2\" content=\"Gesch\u00e4tzte Lesezeit\" \/>\n\t<meta name=\"twitter:data2\" content=\"2\u00a0Minuten\" \/>\n<script type=\"application\/ld+json\" class=\"yoast-schema-graph\">{\"@context\":\"https:\\\/\\\/schema.org\",\"@graph\":[{\"@type\":\"Article\",\"@id\":\"https:\\\/\\\/zurzeit.at\\\/index.php\\\/naechster-inseratenskandal-um-ex-oevp-nr-abgeordneten-mahrer\\\/#article\",\"isPartOf\":{\"@id\":\"https:\\\/\\\/zurzeit.at\\\/index.php\\\/naechster-inseratenskandal-um-ex-oevp-nr-abgeordneten-mahrer\\\/\"},\"author\":{\"name\":\"admin2\",\"@id\":\"https:\\\/\\\/zurzeit.at\\\/#\\\/schema\\\/person\\\/e6f4284c4ffdba25c26f295806088e37\"},\"headline\":\"N\u00e4chster Inseratenskandal um Ex \u00d6VP-NR-Abgeordneten Mahrer?\",\"datePublished\":\"2022-05-16T18:09:18+00:00\",\"dateModified\":\"2022-05-16T18:19:05+00:00\",\"mainEntityOfPage\":{\"@id\":\"https:\\\/\\\/zurzeit.at\\\/index.php\\\/naechster-inseratenskandal-um-ex-oevp-nr-abgeordneten-mahrer\\\/\"},\"wordCount\":252,\"commentCount\":0,\"image\":{\"@id\":\"https:\\\/\\\/zurzeit.at\\\/index.php\\\/naechster-inseratenskandal-um-ex-oevp-nr-abgeordneten-mahrer\\\/#primaryimage\"},\"thumbnailUrl\":\"https:\\\/\\\/zurzeit.at\\\/wp-content\\\/uploads\\\/2022\\\/05\\\/Harald_Mahrer_IMG_6478_14414702589.jpg\",\"keywords\":[\"FP\u00d6\",\"Gr\u00fcne\",\"Hafenecker\",\"Inseratenaff\u00e4re\",\"Kloibm\u00fcller\",\"Mahrer\",\"\u00d6VP\",\"Sobotka\",\"Steinhauser\"],\"articleSection\":[\"\u00d6sterreich\"],\"inLanguage\":\"de\",\"potentialAction\":[{\"@type\":\"CommentAction\",\"name\":\"Comment\",\"target\":[\"https:\\\/\\\/zurzeit.at\\\/index.php\\\/naechster-inseratenskandal-um-ex-oevp-nr-abgeordneten-mahrer\\\/#respond\"]}]},{\"@type\":\"WebPage\",\"@id\":\"https:\\\/\\\/zurzeit.at\\\/index.php\\\/naechster-inseratenskandal-um-ex-oevp-nr-abgeordneten-mahrer\\\/\",\"url\":\"https:\\\/\\\/zurzeit.at\\\/index.php\\\/naechster-inseratenskandal-um-ex-oevp-nr-abgeordneten-mahrer\\\/\",\"name\":\"N\u00e4chster Inseratenskandal um Ex \u00d6VP-NR-Abgeordneten Mahrer? - ZurZeit\",\"isPartOf\":{\"@id\":\"https:\\\/\\\/zurzeit.at\\\/#website\"},\"primaryImageOfPage\":{\"@id\":\"https:\\\/\\\/zurzeit.at\\\/index.php\\\/naechster-inseratenskandal-um-ex-oevp-nr-abgeordneten-mahrer\\\/#primaryimage\"},\"image\":{\"@id\":\"https:\\\/\\\/zurzeit.at\\\/index.php\\\/naechster-inseratenskandal-um-ex-oevp-nr-abgeordneten-mahrer\\\/#primaryimage\"},\"thumbnailUrl\":\"https:\\\/\\\/zurzeit.at\\\/wp-content\\\/uploads\\\/2022\\\/05\\\/Harald_Mahrer_IMG_6478_14414702589.jpg\",\"datePublished\":\"2022-05-16T18:09:18+00:00\",\"dateModified\":\"2022-05-16T18:19:05+00:00\",\"author\":{\"@id\":\"https:\\\/\\\/zurzeit.at\\\/#\\\/schema\\\/person\\\/e6f4284c4ffdba25c26f295806088e37\"},\"breadcrumb\":{\"@id\":\"https:\\\/\\\/zurzeit.at\\\/index.php\\\/naechster-inseratenskandal-um-ex-oevp-nr-abgeordneten-mahrer\\\/#breadcrumb\"},\"inLanguage\":\"de\",\"potentialAction\":[{\"@type\":\"ReadAction\",\"target\":[\"https:\\\/\\\/zurzeit.at\\\/index.php\\\/naechster-inseratenskandal-um-ex-oevp-nr-abgeordneten-mahrer\\\/\"]}]},{\"@type\":\"ImageObject\",\"inLanguage\":\"de\",\"@id\":\"https:\\\/\\\/zurzeit.at\\\/index.php\\\/naechster-inseratenskandal-um-ex-oevp-nr-abgeordneten-mahrer\\\/#primaryimage\",\"url\":\"https:\\\/\\\/zurzeit.at\\\/wp-content\\\/uploads\\\/2022\\\/05\\\/Harald_Mahrer_IMG_6478_14414702589.jpg\",\"contentUrl\":\"https:\\\/\\\/zurzeit.at\\\/wp-content\\\/uploads\\\/2022\\\/05\\\/Harald_Mahrer_IMG_6478_14414702589.jpg\",\"width\":900,\"height\":600},{\"@type\":\"BreadcrumbList\",\"@id\":\"https:\\\/\\\/zurzeit.at\\\/index.php\\\/naechster-inseratenskandal-um-ex-oevp-nr-abgeordneten-mahrer\\\/#breadcrumb\",\"itemListElement\":[{\"@type\":\"ListItem\",\"position\":1,\"name\":\"Startseite\",\"item\":\"https:\\\/\\\/zurzeit.at\\\/\"},{\"@type\":\"ListItem\",\"position\":2,\"name\":\"N\u00e4chster Inseratenskandal um Ex \u00d6VP-NR-Abgeordneten Mahrer?\"}]},{\"@type\":\"WebSite\",\"@id\":\"https:\\\/\\\/zurzeit.at\\\/#website\",\"url\":\"https:\\\/\\\/zurzeit.at\\\/\",\"name\":\"ZurZeit\",\"description\":\"Internetseite des Wochenmagazins ZurZeit\",\"potentialAction\":[{\"@type\":\"SearchAction\",\"target\":{\"@type\":\"EntryPoint\",\"urlTemplate\":\"https:\\\/\\\/zurzeit.at\\\/?s={search_term_string}\"},\"query-input\":{\"@type\":\"PropertyValueSpecification\",\"valueRequired\":true,\"valueName\":\"search_term_string\"}}],\"inLanguage\":\"de\"},{\"@type\":\"Person\",\"@id\":\"https:\\\/\\\/zurzeit.at\\\/#\\\/schema\\\/person\\\/e6f4284c4ffdba25c26f295806088e37\",\"name\":\"admin2\",\"image\":{\"@type\":\"ImageObject\",\"inLanguage\":\"de\",\"@id\":\"https:\\\/\\\/secure.gravatar.com\\\/avatar\\\/6b01edb108b3f79fc8950358251ecf3b91c228e319139ad1beec43b6b1b16470?s=96&d=mm&r=g\",\"url\":\"https:\\\/\\\/secure.gravatar.com\\\/avatar\\\/6b01edb108b3f79fc8950358251ecf3b91c228e319139ad1beec43b6b1b16470?s=96&d=mm&r=g\",\"contentUrl\":\"https:\\\/\\\/secure.gravatar.com\\\/avatar\\\/6b01edb108b3f79fc8950358251ecf3b91c228e319139ad1beec43b6b1b16470?s=96&d=mm&r=g\",\"caption\":\"admin2\"},\"url\":\"https:\\\/\\\/zurzeit.at\\\/index.php\\\/author\\\/admin2\\\/\"}]}<\/script>\n<!-- \/ Yoast SEO plugin. -->","yoast_head_json":{"title":"N\u00e4chster Inseratenskandal um Ex \u00d6VP-NR-Abgeordneten Mahrer? - ZurZeit","robots":{"index":"index","follow":"follow","max-snippet":"max-snippet:-1","max-image-preview":"max-image-preview:large","max-video-preview":"max-video-preview:-1"},"canonical":"https:\/\/zurzeit.at\/index.php\/naechster-inseratenskandal-um-ex-oevp-nr-abgeordneten-mahrer\/","og_locale":"de_DE","og_type":"article","og_title":"N\u00e4chster Inseratenskandal um Ex \u00d6VP-NR-Abgeordneten Mahrer? - ZurZeit","og_description":"Autor: A.R. Bild: Wikipedia\/Franz Johann Morgenbesser Lizenz: CC BY-SA 2.0 Vermeintliche Chat-Verl\u00e4ufe sollen angeblich belegen,&hellip;","og_url":"https:\/\/zurzeit.at\/index.php\/naechster-inseratenskandal-um-ex-oevp-nr-abgeordneten-mahrer\/","og_site_name":"ZurZeit","article_publisher":"https:\/\/www.facebook.com\/wochenmagazinZurZeit\/","article_published_time":"2022-05-16T18:09:18+00:00","article_modified_time":"2022-05-16T18:19:05+00:00","og_image":[{"width":900,"height":600,"url":"https:\/\/zurzeit.at\/wp-content\/uploads\/2022\/05\/Harald_Mahrer_IMG_6478_14414702589.jpg","type":"image\/jpeg"}],"author":"admin2","twitter_card":"summary_large_image","twitter_misc":{"Verfasst von":"admin2","Gesch\u00e4tzte Lesezeit":"2\u00a0Minuten"},"schema":{"@context":"https:\/\/schema.org","@graph":[{"@type":"Article","@id":"https:\/\/zurzeit.at\/index.php\/naechster-inseratenskandal-um-ex-oevp-nr-abgeordneten-mahrer\/#article","isPartOf":{"@id":"https:\/\/zurzeit.at\/index.php\/naechster-inseratenskandal-um-ex-oevp-nr-abgeordneten-mahrer\/"},"author":{"name":"admin2","@id":"https:\/\/zurzeit.at\/#\/schema\/person\/e6f4284c4ffdba25c26f295806088e37"},"headline":"N\u00e4chster Inseratenskandal um Ex \u00d6VP-NR-Abgeordneten Mahrer?","datePublished":"2022-05-16T18:09:18+00:00","dateModified":"2022-05-16T18:19:05+00:00","mainEntityOfPage":{"@id":"https:\/\/zurzeit.at\/index.php\/naechster-inseratenskandal-um-ex-oevp-nr-abgeordneten-mahrer\/"},"wordCount":252,"commentCount":0,"image":{"@id":"https:\/\/zurzeit.at\/index.php\/naechster-inseratenskandal-um-ex-oevp-nr-abgeordneten-mahrer\/#primaryimage"},"thumbnailUrl":"https:\/\/zurzeit.at\/wp-content\/uploads\/2022\/05\/Harald_Mahrer_IMG_6478_14414702589.jpg","keywords":["FP\u00d6","Gr\u00fcne","Hafenecker","Inseratenaff\u00e4re","Kloibm\u00fcller","Mahrer","\u00d6VP","Sobotka","Steinhauser"],"articleSection":["\u00d6sterreich"],"inLanguage":"de","potentialAction":[{"@type":"CommentAction","name":"Comment","target":["https:\/\/zurzeit.at\/index.php\/naechster-inseratenskandal-um-ex-oevp-nr-abgeordneten-mahrer\/#respond"]}]},{"@type":"WebPage","@id":"https:\/\/zurzeit.at\/index.php\/naechster-inseratenskandal-um-ex-oevp-nr-abgeordneten-mahrer\/","url":"https:\/\/zurzeit.at\/index.php\/naechster-inseratenskandal-um-ex-oevp-nr-abgeordneten-mahrer\/","name":"N\u00e4chster Inseratenskandal um Ex \u00d6VP-NR-Abgeordneten Mahrer? - ZurZeit","isPartOf":{"@id":"https:\/\/zurzeit.at\/#website"},"primaryImageOfPage":{"@id":"https:\/\/zurzeit.at\/index.php\/naechster-inseratenskandal-um-ex-oevp-nr-abgeordneten-mahrer\/#primaryimage"},"image":{"@id":"https:\/\/zurzeit.at\/index.php\/naechster-inseratenskandal-um-ex-oevp-nr-abgeordneten-mahrer\/#primaryimage"},"thumbnailUrl":"https:\/\/zurzeit.at\/wp-content\/uploads\/2022\/05\/Harald_Mahrer_IMG_6478_14414702589.jpg","datePublished":"2022-05-16T18:09:18+00:00","dateModified":"2022-05-16T18:19:05+00:00","author":{"@id":"https:\/\/zurzeit.at\/#\/schema\/person\/e6f4284c4ffdba25c26f295806088e37"},"breadcrumb":{"@id":"https:\/\/zurzeit.at\/index.php\/naechster-inseratenskandal-um-ex-oevp-nr-abgeordneten-mahrer\/#breadcrumb"},"inLanguage":"de","potentialAction":[{"@type":"ReadAction","target":["https:\/\/zurzeit.at\/index.php\/naechster-inseratenskandal-um-ex-oevp-nr-abgeordneten-mahrer\/"]}]},{"@type":"ImageObject","inLanguage":"de","@id":"https:\/\/zurzeit.at\/index.php\/naechster-inseratenskandal-um-ex-oevp-nr-abgeordneten-mahrer\/#primaryimage","url":"https:\/\/zurzeit.at\/wp-content\/uploads\/2022\/05\/Harald_Mahrer_IMG_6478_14414702589.jpg","contentUrl":"https:\/\/zurzeit.at\/wp-content\/uploads\/2022\/05\/Harald_Mahrer_IMG_6478_14414702589.jpg","width":900,"height":600},{"@type":"BreadcrumbList","@id":"https:\/\/zurzeit.at\/index.php\/naechster-inseratenskandal-um-ex-oevp-nr-abgeordneten-mahrer\/#breadcrumb","itemListElement":[{"@type":"ListItem","position":1,"name":"Startseite","item":"https:\/\/zurzeit.at\/"},{"@type":"ListItem","position":2,"name":"N\u00e4chster Inseratenskandal um Ex \u00d6VP-NR-Abgeordneten Mahrer?"}]},{"@type":"WebSite","@id":"https:\/\/zurzeit.at\/#website","url":"https:\/\/zurzeit.at\/","name":"ZurZeit","description":"Internetseite des Wochenmagazins ZurZeit","potentialAction":[{"@type":"SearchAction","target":{"@type":"EntryPoint","urlTemplate":"https:\/\/zurzeit.at\/?s={search_term_string}"},"query-input":{"@type":"PropertyValueSpecification","valueRequired":true,"valueName":"search_term_string"}}],"inLanguage":"de"},{"@type":"Person","@id":"https:\/\/zurzeit.at\/#\/schema\/person\/e6f4284c4ffdba25c26f295806088e37","name":"admin2","image":{"@type":"ImageObject","inLanguage":"de","@id":"https:\/\/secure.gravatar.com\/avatar\/6b01edb108b3f79fc8950358251ecf3b91c228e319139ad1beec43b6b1b16470?s=96&d=mm&r=g","url":"https:\/\/secure.gravatar.com\/avatar\/6b01edb108b3f79fc8950358251ecf3b91c228e319139ad1beec43b6b1b16470?s=96&d=mm&r=g","contentUrl":"https:\/\/secure.gravatar.com\/avatar\/6b01edb108b3f79fc8950358251ecf3b91c228e319139ad1beec43b6b1b16470?s=96&d=mm&r=g","caption":"admin2"},"url":"https:\/\/zurzeit.at\/index.php\/author\/admin2\/"}]}},"_links":{"self":[{"href":"https:\/\/zurzeit.at\/index.php\/wp-json\/wp\/v2\/posts\/13205","targetHints":{"allow":["GET"]}}],"collection":[{"href":"https:\/\/zurzeit.at\/index.php\/wp-json\/wp\/v2\/posts"}],"about":[{"href":"https:\/\/zurzeit.at\/index.php\/wp-json\/wp\/v2\/types\/post"}],"author":[{"embeddable":true,"href":"https:\/\/zurzeit.at\/index.php\/wp-json\/wp\/v2\/users\/3"}],"replies":[{"embeddable":true,"href":"https:\/\/zurzeit.at\/index.php\/wp-json\/wp\/v2\/comments?post=13205"}],"version-history":[{"count":2,"href":"https:\/\/zurzeit.at\/index.php\/wp-json\/wp\/v2\/posts\/13205\/revisions"}],"predecessor-version":[{"id":13217,"href":"https:\/\/zurzeit.at\/index.php\/wp-json\/wp\/v2\/posts\/13205\/revisions\/13217"}],"wp:featuredmedia":[{"embeddable":true,"href":"https:\/\/zurzeit.at\/index.php\/wp-json\/wp\/v2\/media\/13206"}],"wp:attachment":[{"href":"https:\/\/zurzeit.at\/index.php\/wp-json\/wp\/v2\/media?parent=13205"}],"wp:term":[{"taxonomy":"category","embeddable":true,"href":"https:\/\/zurzeit.at\/index.php\/wp-json\/wp\/v2\/categories?post=13205"},{"taxonomy":"post_tag","embeddable":true,"href":"https:\/\/zurzeit.at\/index.php\/wp-json\/wp\/v2\/tags?post=13205"}],"curies":[{"name":"wp","href":"https:\/\/api.w.org\/{rel}","templated":true}]}}