{"id":14105,"date":"2022-08-23T17:22:09","date_gmt":"2022-08-23T15:22:09","guid":{"rendered":"http:\/\/zurzeit.at\/?p=14105"},"modified":"2022-08-23T17:22:09","modified_gmt":"2022-08-23T15:22:09","slug":"praesentation-von-karners-online-kampagne-ist-ausdruck-des-nichtstuns","status":"publish","type":"post","link":"https:\/\/zurzeit.at\/index.php\/praesentation-von-karners-online-kampagne-ist-ausdruck-des-nichtstuns\/","title":{"rendered":"Pr\u00e4sentation von Karners Online-Kampagne ist Ausdruck des Nichtstuns!"},"content":{"rendered":"<p><span class=\"licensetpl_attr\">Autor: <a href=\"https:\/\/zurzeit.at\/index.php\/autoren\/\">A.R.<\/a> <\/span>Bild: <a href=\"https:\/\/de.wikipedia.org\/wiki\/Europ%C3%A4ische_Fl%C3%BCchtlingskrise#\/media\/Datei:Migrants_in_Hungary_2015_Aug_007.jpg\">Wikipedia\/<span class=\"mw-mmv-source-author\"><span class=\"mw-mmv-author\">G\u00e9mes S\u00e1ndor\/SzomSzed<\/span><\/span><\/a> L<span class=\"licensetpl_attr\">izenz: <a class=\"mw-mmv-license\" href=\"https:\/\/creativecommons.org\/licenses\/by-sa\/3.0\" target=\"_blank\" rel=\"noopener\">CC BY-SA 3.0<\/a><\/span><\/p>\n<hr \/>\n<h1>Grunds\u00e4tzlich ist eine derartige Kampagne sinnvoll, aber zum einen kommt sie zu sp\u00e4t, zum anderen braucht so etwas Vorlaufzeit. Die Asylantr\u00e4ge \u00fcbersteigen bereits die 10.000 er Marke pro Monat!Jetzt ben\u00f6tigen wir andere Mittel als reines \u201eAnti-Marketing\u201c.<\/h1>\n<p>\u201eDie F\u00fclle an Ma\u00dfnahmen, von denen Karner dauernd spricht, gibt de facto genausowenig her wie Nehammers &#8218;De-facto-Einreisestopp&#8216; f\u00fcr Asylwerber oder die legend\u00e4re Schlie\u00dfung der Balkanroute durch den ehemaligen t\u00fcrkisen Messias Sebastian Kurz. Das ist die \u00d6VP-Asyl-PR, wie sie leibt und lebt!\u201c, sagte der freiheitliche Sicherheitssprecher Hannes Amesbauer, der damit die Situation pr\u00e4gnant zusammenfasste.<\/p>\n<p>Es braucht jetzt ein effektives Sofortma\u00dfnahmenpaket gegen illegaler Einwanderer und die Abschaffung der \u201eAll-Inklusive-Rundumversorgung\u201c, die sinnlos ab dem ersten Tag gew\u00e4hrt wird.<\/p>\n<p>\u201eDas Asylrecht muss f\u00fcr Migranten, die durch -zig sichere Drittstaaten gereist sind, umgehend ausgesetzt werden. Und das kann nur durchgesetzt werden, wenn Zur\u00fcckweisungen an der Grenze legalisiert und mit einem echten Grenzschutz samt baulichen Vorkehrungen umgesetzt werden\u201c, erkl\u00e4rt Amesbauer.<\/p>\n<p>Ein Anti-Marketing, wie es Karner als gro\u00dfe L\u00f6sung vorschl\u00e4gt h\u00e4tte letztlich nur dann Sinn, wenn der Asyl-Standort \u00d6sterreich tats\u00e4chlich entsprechend unattraktiviert wird. Wenn der Innenminister schon richtigerweise zwischen Einwanderung und Asyl unterscheidet, soll er endlich auch entsprechende Forderung umsetzen. Mit der FP\u00d6 h\u00e4tte er daf\u00fcr einen Partner im Nationalrat!<\/p>\n<p>Die freiheitliche Partei pr\u00e4sentierte bereits konkrete Vorschl\u00e4ge. Davon wollen Karl Nehammer, Karner und Co. aber offenbar nichts wissen. Stattdessen wird eine substanzlose Schlagzeile nach der anderen generiert. Illegal Einreisende m\u00fcssen in Ausreisezentren \u201eversorgt\u201c, der Grenzschutz verst\u00e4rkt und Schlepper h\u00e4rter bestraft werden. Das w\u00e4re ein viel effektiveres \u201eAnti-Marketing\u201c als ein paar Internet-Sujets.<\/p>\n","protected":false},"excerpt":{"rendered":"<p>Autor: A.R. Bild: Wikipedia\/G\u00e9mes S\u00e1ndor\/SzomSzed Lizenz: CC BY-SA 3.0 Grunds\u00e4tzlich ist eine derartige Kampagne sinnvoll,&hellip;<\/p>\n","protected":false},"author":3,"featured_media":14106,"comment_status":"open","ping_status":"closed","sticky":false,"template":"","format":"standard","meta":{"footnotes":""},"categories":[46],"tags":[67,682,434,1254,7312,95,969],"class_list":["post-14105","post","type-post","status-publish","format-standard","has-post-thumbnail","hentry","category-oesterreich","tag-asyl","tag-bevoelkerungsaustausch","tag-einwanderer","tag-innenminister","tag-karner","tag-migration","tag-nehammer"],"yoast_head":"<!-- This site is optimized with the Yoast SEO plugin v28.3 - https:\/\/yoast.com\/product\/yoast-seo-wordpress\/ -->\n<title>Pr\u00e4sentation von Karners Online-Kampagne ist Ausdruck des Nichtstuns! - ZurZeit<\/title>\n<meta name=\"robots\" content=\"index, follow, max-snippet:-1, max-image-preview:large, max-video-preview:-1\" \/>\n<link rel=\"canonical\" href=\"https:\/\/zurzeit.at\/index.php\/praesentation-von-karners-online-kampagne-ist-ausdruck-des-nichtstuns\/\" \/>\n<meta property=\"og:locale\" content=\"de_DE\" \/>\n<meta property=\"og:type\" content=\"article\" \/>\n<meta property=\"og:title\" content=\"Pr\u00e4sentation von Karners Online-Kampagne ist Ausdruck des Nichtstuns! - ZurZeit\" \/>\n<meta property=\"og:description\" content=\"Autor: A.R. Bild: Wikipedia\/G\u00e9mes S\u00e1ndor\/SzomSzed Lizenz: CC BY-SA 3.0 Grunds\u00e4tzlich ist eine derartige Kampagne sinnvoll,&hellip;\" \/>\n<meta property=\"og:url\" content=\"https:\/\/zurzeit.at\/index.php\/praesentation-von-karners-online-kampagne-ist-ausdruck-des-nichtstuns\/\" \/>\n<meta property=\"og:site_name\" content=\"ZurZeit\" \/>\n<meta property=\"article:publisher\" content=\"https:\/\/www.facebook.com\/wochenmagazinZurZeit\/\" \/>\n<meta property=\"article:published_time\" content=\"2022-08-23T15:22:09+00:00\" \/>\n<meta property=\"og:image\" content=\"https:\/\/zurzeit.at\/wp-content\/uploads\/2022\/08\/Migrants_in_Hungary_2015_Aug_007.jpg\" \/>\n\t<meta property=\"og:image:width\" content=\"900\" \/>\n\t<meta property=\"og:image:height\" content=\"600\" \/>\n\t<meta property=\"og:image:type\" content=\"image\/jpeg\" \/>\n<meta name=\"author\" content=\"admin2\" \/>\n<meta name=\"twitter:card\" content=\"summary_large_image\" \/>\n<meta name=\"twitter:label1\" content=\"Verfasst von\" \/>\n\t<meta name=\"twitter:data1\" content=\"admin2\" \/>\n\t<meta name=\"twitter:label2\" content=\"Gesch\u00e4tzte Lesezeit\" \/>\n\t<meta name=\"twitter:data2\" content=\"2\u00a0Minuten\" \/>\n<script type=\"application\/ld+json\" class=\"yoast-schema-graph\">{\"@context\":\"https:\\\/\\\/schema.org\",\"@graph\":[{\"@type\":\"Article\",\"@id\":\"https:\\\/\\\/zurzeit.at\\\/index.php\\\/praesentation-von-karners-online-kampagne-ist-ausdruck-des-nichtstuns\\\/#article\",\"isPartOf\":{\"@id\":\"https:\\\/\\\/zurzeit.at\\\/index.php\\\/praesentation-von-karners-online-kampagne-ist-ausdruck-des-nichtstuns\\\/\"},\"author\":{\"name\":\"admin2\",\"@id\":\"https:\\\/\\\/zurzeit.at\\\/#\\\/schema\\\/person\\\/e6f4284c4ffdba25c26f295806088e37\"},\"headline\":\"Pr\u00e4sentation von Karners Online-Kampagne ist Ausdruck des Nichtstuns!\",\"datePublished\":\"2022-08-23T15:22:09+00:00\",\"mainEntityOfPage\":{\"@id\":\"https:\\\/\\\/zurzeit.at\\\/index.php\\\/praesentation-von-karners-online-kampagne-ist-ausdruck-des-nichtstuns\\\/\"},\"wordCount\":301,\"commentCount\":0,\"image\":{\"@id\":\"https:\\\/\\\/zurzeit.at\\\/index.php\\\/praesentation-von-karners-online-kampagne-ist-ausdruck-des-nichtstuns\\\/#primaryimage\"},\"thumbnailUrl\":\"https:\\\/\\\/zurzeit.at\\\/wp-content\\\/uploads\\\/2022\\\/08\\\/Migrants_in_Hungary_2015_Aug_007.jpg\",\"keywords\":[\"Asyl\",\"Bev\u00f6lkerungsaustausch\",\"Einwanderer\",\"Innenminister\",\"Karner\",\"Migration\",\"Nehammer\"],\"articleSection\":[\"\u00d6sterreich\"],\"inLanguage\":\"de\",\"potentialAction\":[{\"@type\":\"CommentAction\",\"name\":\"Comment\",\"target\":[\"https:\\\/\\\/zurzeit.at\\\/index.php\\\/praesentation-von-karners-online-kampagne-ist-ausdruck-des-nichtstuns\\\/#respond\"]}]},{\"@type\":\"WebPage\",\"@id\":\"https:\\\/\\\/zurzeit.at\\\/index.php\\\/praesentation-von-karners-online-kampagne-ist-ausdruck-des-nichtstuns\\\/\",\"url\":\"https:\\\/\\\/zurzeit.at\\\/index.php\\\/praesentation-von-karners-online-kampagne-ist-ausdruck-des-nichtstuns\\\/\",\"name\":\"Pr\u00e4sentation von Karners Online-Kampagne ist Ausdruck des Nichtstuns! - ZurZeit\",\"isPartOf\":{\"@id\":\"https:\\\/\\\/zurzeit.at\\\/#website\"},\"primaryImageOfPage\":{\"@id\":\"https:\\\/\\\/zurzeit.at\\\/index.php\\\/praesentation-von-karners-online-kampagne-ist-ausdruck-des-nichtstuns\\\/#primaryimage\"},\"image\":{\"@id\":\"https:\\\/\\\/zurzeit.at\\\/index.php\\\/praesentation-von-karners-online-kampagne-ist-ausdruck-des-nichtstuns\\\/#primaryimage\"},\"thumbnailUrl\":\"https:\\\/\\\/zurzeit.at\\\/wp-content\\\/uploads\\\/2022\\\/08\\\/Migrants_in_Hungary_2015_Aug_007.jpg\",\"datePublished\":\"2022-08-23T15:22:09+00:00\",\"author\":{\"@id\":\"https:\\\/\\\/zurzeit.at\\\/#\\\/schema\\\/person\\\/e6f4284c4ffdba25c26f295806088e37\"},\"breadcrumb\":{\"@id\":\"https:\\\/\\\/zurzeit.at\\\/index.php\\\/praesentation-von-karners-online-kampagne-ist-ausdruck-des-nichtstuns\\\/#breadcrumb\"},\"inLanguage\":\"de\",\"potentialAction\":[{\"@type\":\"ReadAction\",\"target\":[\"https:\\\/\\\/zurzeit.at\\\/index.php\\\/praesentation-von-karners-online-kampagne-ist-ausdruck-des-nichtstuns\\\/\"]}]},{\"@type\":\"ImageObject\",\"inLanguage\":\"de\",\"@id\":\"https:\\\/\\\/zurzeit.at\\\/index.php\\\/praesentation-von-karners-online-kampagne-ist-ausdruck-des-nichtstuns\\\/#primaryimage\",\"url\":\"https:\\\/\\\/zurzeit.at\\\/wp-content\\\/uploads\\\/2022\\\/08\\\/Migrants_in_Hungary_2015_Aug_007.jpg\",\"contentUrl\":\"https:\\\/\\\/zurzeit.at\\\/wp-content\\\/uploads\\\/2022\\\/08\\\/Migrants_in_Hungary_2015_Aug_007.jpg\",\"width\":900,\"height\":600},{\"@type\":\"BreadcrumbList\",\"@id\":\"https:\\\/\\\/zurzeit.at\\\/index.php\\\/praesentation-von-karners-online-kampagne-ist-ausdruck-des-nichtstuns\\\/#breadcrumb\",\"itemListElement\":[{\"@type\":\"ListItem\",\"position\":1,\"name\":\"Startseite\",\"item\":\"https:\\\/\\\/zurzeit.at\\\/\"},{\"@type\":\"ListItem\",\"position\":2,\"name\":\"Pr\u00e4sentation von Karners Online-Kampagne ist Ausdruck des Nichtstuns!\"}]},{\"@type\":\"WebSite\",\"@id\":\"https:\\\/\\\/zurzeit.at\\\/#website\",\"url\":\"https:\\\/\\\/zurzeit.at\\\/\",\"name\":\"ZurZeit\",\"description\":\"Internetseite des Wochenmagazins ZurZeit\",\"potentialAction\":[{\"@type\":\"SearchAction\",\"target\":{\"@type\":\"EntryPoint\",\"urlTemplate\":\"https:\\\/\\\/zurzeit.at\\\/?s={search_term_string}\"},\"query-input\":{\"@type\":\"PropertyValueSpecification\",\"valueRequired\":true,\"valueName\":\"search_term_string\"}}],\"inLanguage\":\"de\"},{\"@type\":\"Person\",\"@id\":\"https:\\\/\\\/zurzeit.at\\\/#\\\/schema\\\/person\\\/e6f4284c4ffdba25c26f295806088e37\",\"name\":\"admin2\",\"image\":{\"@type\":\"ImageObject\",\"inLanguage\":\"de\",\"@id\":\"https:\\\/\\\/secure.gravatar.com\\\/avatar\\\/6b01edb108b3f79fc8950358251ecf3b91c228e319139ad1beec43b6b1b16470?s=96&d=mm&r=g\",\"url\":\"https:\\\/\\\/secure.gravatar.com\\\/avatar\\\/6b01edb108b3f79fc8950358251ecf3b91c228e319139ad1beec43b6b1b16470?s=96&d=mm&r=g\",\"contentUrl\":\"https:\\\/\\\/secure.gravatar.com\\\/avatar\\\/6b01edb108b3f79fc8950358251ecf3b91c228e319139ad1beec43b6b1b16470?s=96&d=mm&r=g\",\"caption\":\"admin2\"},\"url\":\"https:\\\/\\\/zurzeit.at\\\/index.php\\\/author\\\/admin2\\\/\"}]}<\/script>\n<!-- \/ Yoast SEO plugin. -->","yoast_head_json":{"title":"Pr\u00e4sentation von Karners Online-Kampagne ist Ausdruck des Nichtstuns! - ZurZeit","robots":{"index":"index","follow":"follow","max-snippet":"max-snippet:-1","max-image-preview":"max-image-preview:large","max-video-preview":"max-video-preview:-1"},"canonical":"https:\/\/zurzeit.at\/index.php\/praesentation-von-karners-online-kampagne-ist-ausdruck-des-nichtstuns\/","og_locale":"de_DE","og_type":"article","og_title":"Pr\u00e4sentation von Karners Online-Kampagne ist Ausdruck des Nichtstuns! - ZurZeit","og_description":"Autor: A.R. Bild: Wikipedia\/G\u00e9mes S\u00e1ndor\/SzomSzed Lizenz: CC BY-SA 3.0 Grunds\u00e4tzlich ist eine derartige Kampagne sinnvoll,&hellip;","og_url":"https:\/\/zurzeit.at\/index.php\/praesentation-von-karners-online-kampagne-ist-ausdruck-des-nichtstuns\/","og_site_name":"ZurZeit","article_publisher":"https:\/\/www.facebook.com\/wochenmagazinZurZeit\/","article_published_time":"2022-08-23T15:22:09+00:00","og_image":[{"width":900,"height":600,"url":"https:\/\/zurzeit.at\/wp-content\/uploads\/2022\/08\/Migrants_in_Hungary_2015_Aug_007.jpg","type":"image\/jpeg"}],"author":"admin2","twitter_card":"summary_large_image","twitter_misc":{"Verfasst von":"admin2","Gesch\u00e4tzte Lesezeit":"2\u00a0Minuten"},"schema":{"@context":"https:\/\/schema.org","@graph":[{"@type":"Article","@id":"https:\/\/zurzeit.at\/index.php\/praesentation-von-karners-online-kampagne-ist-ausdruck-des-nichtstuns\/#article","isPartOf":{"@id":"https:\/\/zurzeit.at\/index.php\/praesentation-von-karners-online-kampagne-ist-ausdruck-des-nichtstuns\/"},"author":{"name":"admin2","@id":"https:\/\/zurzeit.at\/#\/schema\/person\/e6f4284c4ffdba25c26f295806088e37"},"headline":"Pr\u00e4sentation von Karners Online-Kampagne ist Ausdruck des Nichtstuns!","datePublished":"2022-08-23T15:22:09+00:00","mainEntityOfPage":{"@id":"https:\/\/zurzeit.at\/index.php\/praesentation-von-karners-online-kampagne-ist-ausdruck-des-nichtstuns\/"},"wordCount":301,"commentCount":0,"image":{"@id":"https:\/\/zurzeit.at\/index.php\/praesentation-von-karners-online-kampagne-ist-ausdruck-des-nichtstuns\/#primaryimage"},"thumbnailUrl":"https:\/\/zurzeit.at\/wp-content\/uploads\/2022\/08\/Migrants_in_Hungary_2015_Aug_007.jpg","keywords":["Asyl","Bev\u00f6lkerungsaustausch","Einwanderer","Innenminister","Karner","Migration","Nehammer"],"articleSection":["\u00d6sterreich"],"inLanguage":"de","potentialAction":[{"@type":"CommentAction","name":"Comment","target":["https:\/\/zurzeit.at\/index.php\/praesentation-von-karners-online-kampagne-ist-ausdruck-des-nichtstuns\/#respond"]}]},{"@type":"WebPage","@id":"https:\/\/zurzeit.at\/index.php\/praesentation-von-karners-online-kampagne-ist-ausdruck-des-nichtstuns\/","url":"https:\/\/zurzeit.at\/index.php\/praesentation-von-karners-online-kampagne-ist-ausdruck-des-nichtstuns\/","name":"Pr\u00e4sentation von Karners Online-Kampagne ist Ausdruck des Nichtstuns! - ZurZeit","isPartOf":{"@id":"https:\/\/zurzeit.at\/#website"},"primaryImageOfPage":{"@id":"https:\/\/zurzeit.at\/index.php\/praesentation-von-karners-online-kampagne-ist-ausdruck-des-nichtstuns\/#primaryimage"},"image":{"@id":"https:\/\/zurzeit.at\/index.php\/praesentation-von-karners-online-kampagne-ist-ausdruck-des-nichtstuns\/#primaryimage"},"thumbnailUrl":"https:\/\/zurzeit.at\/wp-content\/uploads\/2022\/08\/Migrants_in_Hungary_2015_Aug_007.jpg","datePublished":"2022-08-23T15:22:09+00:00","author":{"@id":"https:\/\/zurzeit.at\/#\/schema\/person\/e6f4284c4ffdba25c26f295806088e37"},"breadcrumb":{"@id":"https:\/\/zurzeit.at\/index.php\/praesentation-von-karners-online-kampagne-ist-ausdruck-des-nichtstuns\/#breadcrumb"},"inLanguage":"de","potentialAction":[{"@type":"ReadAction","target":["https:\/\/zurzeit.at\/index.php\/praesentation-von-karners-online-kampagne-ist-ausdruck-des-nichtstuns\/"]}]},{"@type":"ImageObject","inLanguage":"de","@id":"https:\/\/zurzeit.at\/index.php\/praesentation-von-karners-online-kampagne-ist-ausdruck-des-nichtstuns\/#primaryimage","url":"https:\/\/zurzeit.at\/wp-content\/uploads\/2022\/08\/Migrants_in_Hungary_2015_Aug_007.jpg","contentUrl":"https:\/\/zurzeit.at\/wp-content\/uploads\/2022\/08\/Migrants_in_Hungary_2015_Aug_007.jpg","width":900,"height":600},{"@type":"BreadcrumbList","@id":"https:\/\/zurzeit.at\/index.php\/praesentation-von-karners-online-kampagne-ist-ausdruck-des-nichtstuns\/#breadcrumb","itemListElement":[{"@type":"ListItem","position":1,"name":"Startseite","item":"https:\/\/zurzeit.at\/"},{"@type":"ListItem","position":2,"name":"Pr\u00e4sentation von Karners Online-Kampagne ist Ausdruck des Nichtstuns!"}]},{"@type":"WebSite","@id":"https:\/\/zurzeit.at\/#website","url":"https:\/\/zurzeit.at\/","name":"ZurZeit","description":"Internetseite des Wochenmagazins ZurZeit","potentialAction":[{"@type":"SearchAction","target":{"@type":"EntryPoint","urlTemplate":"https:\/\/zurzeit.at\/?s={search_term_string}"},"query-input":{"@type":"PropertyValueSpecification","valueRequired":true,"valueName":"search_term_string"}}],"inLanguage":"de"},{"@type":"Person","@id":"https:\/\/zurzeit.at\/#\/schema\/person\/e6f4284c4ffdba25c26f295806088e37","name":"admin2","image":{"@type":"ImageObject","inLanguage":"de","@id":"https:\/\/secure.gravatar.com\/avatar\/6b01edb108b3f79fc8950358251ecf3b91c228e319139ad1beec43b6b1b16470?s=96&d=mm&r=g","url":"https:\/\/secure.gravatar.com\/avatar\/6b01edb108b3f79fc8950358251ecf3b91c228e319139ad1beec43b6b1b16470?s=96&d=mm&r=g","contentUrl":"https:\/\/secure.gravatar.com\/avatar\/6b01edb108b3f79fc8950358251ecf3b91c228e319139ad1beec43b6b1b16470?s=96&d=mm&r=g","caption":"admin2"},"url":"https:\/\/zurzeit.at\/index.php\/author\/admin2\/"}]}},"_links":{"self":[{"href":"https:\/\/zurzeit.at\/index.php\/wp-json\/wp\/v2\/posts\/14105","targetHints":{"allow":["GET"]}}],"collection":[{"href":"https:\/\/zurzeit.at\/index.php\/wp-json\/wp\/v2\/posts"}],"about":[{"href":"https:\/\/zurzeit.at\/index.php\/wp-json\/wp\/v2\/types\/post"}],"author":[{"embeddable":true,"href":"https:\/\/zurzeit.at\/index.php\/wp-json\/wp\/v2\/users\/3"}],"replies":[{"embeddable":true,"href":"https:\/\/zurzeit.at\/index.php\/wp-json\/wp\/v2\/comments?post=14105"}],"version-history":[{"count":1,"href":"https:\/\/zurzeit.at\/index.php\/wp-json\/wp\/v2\/posts\/14105\/revisions"}],"predecessor-version":[{"id":14107,"href":"https:\/\/zurzeit.at\/index.php\/wp-json\/wp\/v2\/posts\/14105\/revisions\/14107"}],"wp:featuredmedia":[{"embeddable":true,"href":"https:\/\/zurzeit.at\/index.php\/wp-json\/wp\/v2\/media\/14106"}],"wp:attachment":[{"href":"https:\/\/zurzeit.at\/index.php\/wp-json\/wp\/v2\/media?parent=14105"}],"wp:term":[{"taxonomy":"category","embeddable":true,"href":"https:\/\/zurzeit.at\/index.php\/wp-json\/wp\/v2\/categories?post=14105"},{"taxonomy":"post_tag","embeddable":true,"href":"https:\/\/zurzeit.at\/index.php\/wp-json\/wp\/v2\/tags?post=14105"}],"curies":[{"name":"wp","href":"https:\/\/api.w.org\/{rel}","templated":true}]}}