{"id":14214,"date":"2022-09-05T12:13:24","date_gmt":"2022-09-05T10:13:24","guid":{"rendered":"http:\/\/zurzeit.at\/?p=14214"},"modified":"2022-09-05T12:13:35","modified_gmt":"2022-09-05T10:13:35","slug":"62-prozent-wollen-pinochet-verfassung","status":"publish","type":"post","link":"https:\/\/zurzeit.at\/index.php\/62-prozent-wollen-pinochet-verfassung\/","title":{"rendered":"62 Prozent wollen Pinochet-Verfassung"},"content":{"rendered":"<p><span class=\"licensetpl_attr\">Autor: <a href=\"https:\/\/zurzeit.at\/index.php\/autoren\/\">A.R.<\/a> <\/span><span class=\"licensetpl_attr\">Bild: <a href=\"https:\/\/de.wikipedia.org\/wiki\/Gabriel_Boric#\/media\/Datei:Retrato_Oficial_Presidente_Boric_Font.jpg\">Wikipedia\/<span class=\"mw-mmv-source-author\"><span class=\"mw-mmv-author mw-mmv-source\">Gobierno de Chile<\/span><\/span><\/a> <span class=\"plainlinks noprint\">Lizenz: <a class=\"mw-mmv-license\" href=\"https:\/\/creativecommons.org\/licenses\/by\/3.0\/cl\/deed.en\" target=\"_blank\" rel=\"noopener\">CC BY 3.0 cl<\/a><br \/>\n<\/span><\/span><\/p>\n<hr \/>\n<h1>Chile beh\u00e4lt seine alte Verfassung. Diese wurde in der Amtszeit und Militi\u00e4rdiktatur vom rechtsgerichteten General Augusto Pinochet verfasst.<\/h1>\n<p>An dem unter Wahlpflicht abgehaltenen Referendum am Sonntag beteiligten sich mehr als 13 Millionen der insgesamt rund 15 Millionen wahlberechtigten Chilenen. Der klare, unvorhergesehene Ausgang, bedeutete f\u00fcr den amtierenden Pr\u00e4sidenten Gabriel Boric Font eine schwere Niederlage.<\/p>\n<p>Im Lager von Boric war die Entt\u00e4uschung gro\u00df. Auf der Plaza Italia in der Hauptstadt &#8211; 2019 das Zentrum einer sozialen Revolte &#8211; herrschte Trauerstimmung.<\/p>\n<p>Die neue, sozialistische Verfassung h\u00e4tte das Land grundlegend ver\u00e4ndert. So sollte sie ein Recht auf Wohnraum, Gesundheit und Bildung garantieren. Zudem h\u00e4tten alle Staatsorgane zur H\u00e4lfte mit Frauen besetzt werden sollen. Au\u00dferdem w\u00e4re das Selbstbestimmungsrecht der indigenen Gemeinschaften in Kraft getreten.<\/p>\n<p>F\u00fcr die Regierung, des ehemaligen ultra-linken Studentenf\u00fchrers, Pr\u00e4sident Boric bedeutete die neue Verfassung viel. Als unabh\u00e4ngiger angetretener Kandidat war die Reform das zentrale Wahlthema. Die Niederlage steckte der 36-j\u00e4hrige und j\u00fcngste Amtsinhaber der Geschichte Chiles aber offen ein:<\/p>\n<p>&#8222;Das chilenische Volk war mit dem vom Verfassungskonvent vorgelegten Entwurf nicht zufrieden und hat daher beschlossen, ihn an den Urnen klar abzulehnen&#8220;.<\/p>\n<p>Was nun kommt ist unklar. Noch vor zwei Jahren war der Wunsch einer neuen Verfassung gro\u00df. Laut Umfragen w\u00fcnschten sich damals fast 80% gro\u00dfangelegte Reformen. Doch viele der extrem sozialistischen Forderungen stie\u00dfen der konservativen Bev\u00f6lkerung auf. Auch die magere Sicherheitspolitik gab keine gute Figur ab. Nach Brandanschl\u00e4gen und Attacken von aggressiven Ureinwohner in einigen Regionen im S\u00fcden des Landes schien die Regierung Bori\u0107\u00b4s versagt zu haben. Aufgrund dessen entwickelte sich die Abstimmung \u00fcber die Reform auch zu einer Abstimmung \u00fcber die Regierung.<\/p>\n<p>Der erst seit Dezember vergangenen Jahres amtierende Boric lud f\u00fcr diesen Montag bereits alle Parteien ein, um \u00fcber die n\u00e4chsten Schritte zu sprechen, wie die Zeitung &#8222;La Tercera&#8220; berichtete. Wie es weitergeht, wird sich zeigen.<\/p>\n","protected":false},"excerpt":{"rendered":"<p>Autor: A.R. Bild: Wikipedia\/Gobierno de Chile Lizenz: CC BY 3.0 cl Chile beh\u00e4lt seine alte&hellip;<\/p>\n","protected":false},"author":3,"featured_media":14217,"comment_status":"open","ping_status":"closed","sticky":false,"template":"","format":"standard","meta":{"footnotes":""},"categories":[49],"tags":[8146,2295,8147,8145,1660],"class_list":["post-14214","post","type-post","status-publish","format-standard","has-post-thumbnail","hentry","category-ausland","tag-boric","tag-chile","tag-la-tercera","tag-pinochet","tag-verfassung"],"yoast_head":"<!-- This site is optimized with the Yoast SEO plugin v28.3 - https:\/\/yoast.com\/product\/yoast-seo-wordpress\/ -->\n<title>62 Prozent wollen Pinochet-Verfassung - ZurZeit<\/title>\n<meta name=\"robots\" content=\"index, follow, max-snippet:-1, max-image-preview:large, max-video-preview:-1\" \/>\n<link rel=\"canonical\" href=\"https:\/\/zurzeit.at\/index.php\/62-prozent-wollen-pinochet-verfassung\/\" \/>\n<meta property=\"og:locale\" content=\"de_DE\" \/>\n<meta property=\"og:type\" content=\"article\" \/>\n<meta property=\"og:title\" content=\"62 Prozent wollen Pinochet-Verfassung - ZurZeit\" \/>\n<meta property=\"og:description\" content=\"Autor: A.R. Bild: Wikipedia\/Gobierno de Chile Lizenz: CC BY 3.0 cl Chile beh\u00e4lt seine alte&hellip;\" \/>\n<meta property=\"og:url\" content=\"https:\/\/zurzeit.at\/index.php\/62-prozent-wollen-pinochet-verfassung\/\" \/>\n<meta property=\"og:site_name\" content=\"ZurZeit\" \/>\n<meta property=\"article:publisher\" content=\"https:\/\/www.facebook.com\/wochenmagazinZurZeit\/\" \/>\n<meta property=\"article:published_time\" content=\"2022-09-05T10:13:24+00:00\" \/>\n<meta property=\"article:modified_time\" content=\"2022-09-05T10:13:35+00:00\" \/>\n<meta property=\"og:image\" content=\"https:\/\/zurzeit.at\/wp-content\/uploads\/2022\/09\/Retrato_Oficial_Presidente_Boric_Font-2.jpg\" \/>\n\t<meta property=\"og:image:width\" content=\"1835\" \/>\n\t<meta property=\"og:image:height\" content=\"2405\" \/>\n\t<meta property=\"og:image:type\" content=\"image\/jpeg\" \/>\n<meta name=\"author\" content=\"admin2\" \/>\n<meta name=\"twitter:card\" content=\"summary_large_image\" \/>\n<meta name=\"twitter:label1\" content=\"Verfasst von\" \/>\n\t<meta name=\"twitter:data1\" content=\"admin2\" \/>\n\t<meta name=\"twitter:label2\" content=\"Gesch\u00e4tzte Lesezeit\" \/>\n\t<meta name=\"twitter:data2\" content=\"2\u00a0Minuten\" \/>\n<script type=\"application\/ld+json\" class=\"yoast-schema-graph\">{\"@context\":\"https:\\\/\\\/schema.org\",\"@graph\":[{\"@type\":\"Article\",\"@id\":\"https:\\\/\\\/zurzeit.at\\\/index.php\\\/62-prozent-wollen-pinochet-verfassung\\\/#article\",\"isPartOf\":{\"@id\":\"https:\\\/\\\/zurzeit.at\\\/index.php\\\/62-prozent-wollen-pinochet-verfassung\\\/\"},\"author\":{\"name\":\"admin2\",\"@id\":\"https:\\\/\\\/zurzeit.at\\\/#\\\/schema\\\/person\\\/e6f4284c4ffdba25c26f295806088e37\"},\"headline\":\"62 Prozent wollen Pinochet-Verfassung\",\"datePublished\":\"2022-09-05T10:13:24+00:00\",\"dateModified\":\"2022-09-05T10:13:35+00:00\",\"mainEntityOfPage\":{\"@id\":\"https:\\\/\\\/zurzeit.at\\\/index.php\\\/62-prozent-wollen-pinochet-verfassung\\\/\"},\"wordCount\":334,\"commentCount\":0,\"image\":{\"@id\":\"https:\\\/\\\/zurzeit.at\\\/index.php\\\/62-prozent-wollen-pinochet-verfassung\\\/#primaryimage\"},\"thumbnailUrl\":\"https:\\\/\\\/zurzeit.at\\\/wp-content\\\/uploads\\\/2022\\\/09\\\/Retrato_Oficial_Presidente_Boric_Font-2.jpg\",\"keywords\":[\"Boric\",\"Chile\",\"La Tercera\",\"Pinochet\",\"Verfassung\"],\"articleSection\":[\"Ausland\"],\"inLanguage\":\"de\",\"potentialAction\":[{\"@type\":\"CommentAction\",\"name\":\"Comment\",\"target\":[\"https:\\\/\\\/zurzeit.at\\\/index.php\\\/62-prozent-wollen-pinochet-verfassung\\\/#respond\"]}]},{\"@type\":\"WebPage\",\"@id\":\"https:\\\/\\\/zurzeit.at\\\/index.php\\\/62-prozent-wollen-pinochet-verfassung\\\/\",\"url\":\"https:\\\/\\\/zurzeit.at\\\/index.php\\\/62-prozent-wollen-pinochet-verfassung\\\/\",\"name\":\"62 Prozent wollen Pinochet-Verfassung - ZurZeit\",\"isPartOf\":{\"@id\":\"https:\\\/\\\/zurzeit.at\\\/#website\"},\"primaryImageOfPage\":{\"@id\":\"https:\\\/\\\/zurzeit.at\\\/index.php\\\/62-prozent-wollen-pinochet-verfassung\\\/#primaryimage\"},\"image\":{\"@id\":\"https:\\\/\\\/zurzeit.at\\\/index.php\\\/62-prozent-wollen-pinochet-verfassung\\\/#primaryimage\"},\"thumbnailUrl\":\"https:\\\/\\\/zurzeit.at\\\/wp-content\\\/uploads\\\/2022\\\/09\\\/Retrato_Oficial_Presidente_Boric_Font-2.jpg\",\"datePublished\":\"2022-09-05T10:13:24+00:00\",\"dateModified\":\"2022-09-05T10:13:35+00:00\",\"author\":{\"@id\":\"https:\\\/\\\/zurzeit.at\\\/#\\\/schema\\\/person\\\/e6f4284c4ffdba25c26f295806088e37\"},\"breadcrumb\":{\"@id\":\"https:\\\/\\\/zurzeit.at\\\/index.php\\\/62-prozent-wollen-pinochet-verfassung\\\/#breadcrumb\"},\"inLanguage\":\"de\",\"potentialAction\":[{\"@type\":\"ReadAction\",\"target\":[\"https:\\\/\\\/zurzeit.at\\\/index.php\\\/62-prozent-wollen-pinochet-verfassung\\\/\"]}]},{\"@type\":\"ImageObject\",\"inLanguage\":\"de\",\"@id\":\"https:\\\/\\\/zurzeit.at\\\/index.php\\\/62-prozent-wollen-pinochet-verfassung\\\/#primaryimage\",\"url\":\"https:\\\/\\\/zurzeit.at\\\/wp-content\\\/uploads\\\/2022\\\/09\\\/Retrato_Oficial_Presidente_Boric_Font-2.jpg\",\"contentUrl\":\"https:\\\/\\\/zurzeit.at\\\/wp-content\\\/uploads\\\/2022\\\/09\\\/Retrato_Oficial_Presidente_Boric_Font-2.jpg\",\"width\":1835,\"height\":2405},{\"@type\":\"BreadcrumbList\",\"@id\":\"https:\\\/\\\/zurzeit.at\\\/index.php\\\/62-prozent-wollen-pinochet-verfassung\\\/#breadcrumb\",\"itemListElement\":[{\"@type\":\"ListItem\",\"position\":1,\"name\":\"Startseite\",\"item\":\"https:\\\/\\\/zurzeit.at\\\/\"},{\"@type\":\"ListItem\",\"position\":2,\"name\":\"62 Prozent wollen Pinochet-Verfassung\"}]},{\"@type\":\"WebSite\",\"@id\":\"https:\\\/\\\/zurzeit.at\\\/#website\",\"url\":\"https:\\\/\\\/zurzeit.at\\\/\",\"name\":\"ZurZeit\",\"description\":\"Internetseite des Wochenmagazins ZurZeit\",\"potentialAction\":[{\"@type\":\"SearchAction\",\"target\":{\"@type\":\"EntryPoint\",\"urlTemplate\":\"https:\\\/\\\/zurzeit.at\\\/?s={search_term_string}\"},\"query-input\":{\"@type\":\"PropertyValueSpecification\",\"valueRequired\":true,\"valueName\":\"search_term_string\"}}],\"inLanguage\":\"de\"},{\"@type\":\"Person\",\"@id\":\"https:\\\/\\\/zurzeit.at\\\/#\\\/schema\\\/person\\\/e6f4284c4ffdba25c26f295806088e37\",\"name\":\"admin2\",\"image\":{\"@type\":\"ImageObject\",\"inLanguage\":\"de\",\"@id\":\"https:\\\/\\\/secure.gravatar.com\\\/avatar\\\/6b01edb108b3f79fc8950358251ecf3b91c228e319139ad1beec43b6b1b16470?s=96&d=mm&r=g\",\"url\":\"https:\\\/\\\/secure.gravatar.com\\\/avatar\\\/6b01edb108b3f79fc8950358251ecf3b91c228e319139ad1beec43b6b1b16470?s=96&d=mm&r=g\",\"contentUrl\":\"https:\\\/\\\/secure.gravatar.com\\\/avatar\\\/6b01edb108b3f79fc8950358251ecf3b91c228e319139ad1beec43b6b1b16470?s=96&d=mm&r=g\",\"caption\":\"admin2\"},\"url\":\"https:\\\/\\\/zurzeit.at\\\/index.php\\\/author\\\/admin2\\\/\"}]}<\/script>\n<!-- \/ Yoast SEO plugin. -->","yoast_head_json":{"title":"62 Prozent wollen Pinochet-Verfassung - ZurZeit","robots":{"index":"index","follow":"follow","max-snippet":"max-snippet:-1","max-image-preview":"max-image-preview:large","max-video-preview":"max-video-preview:-1"},"canonical":"https:\/\/zurzeit.at\/index.php\/62-prozent-wollen-pinochet-verfassung\/","og_locale":"de_DE","og_type":"article","og_title":"62 Prozent wollen Pinochet-Verfassung - ZurZeit","og_description":"Autor: A.R. Bild: Wikipedia\/Gobierno de Chile Lizenz: CC BY 3.0 cl Chile beh\u00e4lt seine alte&hellip;","og_url":"https:\/\/zurzeit.at\/index.php\/62-prozent-wollen-pinochet-verfassung\/","og_site_name":"ZurZeit","article_publisher":"https:\/\/www.facebook.com\/wochenmagazinZurZeit\/","article_published_time":"2022-09-05T10:13:24+00:00","article_modified_time":"2022-09-05T10:13:35+00:00","og_image":[{"width":1835,"height":2405,"url":"https:\/\/zurzeit.at\/wp-content\/uploads\/2022\/09\/Retrato_Oficial_Presidente_Boric_Font-2.jpg","type":"image\/jpeg"}],"author":"admin2","twitter_card":"summary_large_image","twitter_misc":{"Verfasst von":"admin2","Gesch\u00e4tzte Lesezeit":"2\u00a0Minuten"},"schema":{"@context":"https:\/\/schema.org","@graph":[{"@type":"Article","@id":"https:\/\/zurzeit.at\/index.php\/62-prozent-wollen-pinochet-verfassung\/#article","isPartOf":{"@id":"https:\/\/zurzeit.at\/index.php\/62-prozent-wollen-pinochet-verfassung\/"},"author":{"name":"admin2","@id":"https:\/\/zurzeit.at\/#\/schema\/person\/e6f4284c4ffdba25c26f295806088e37"},"headline":"62 Prozent wollen Pinochet-Verfassung","datePublished":"2022-09-05T10:13:24+00:00","dateModified":"2022-09-05T10:13:35+00:00","mainEntityOfPage":{"@id":"https:\/\/zurzeit.at\/index.php\/62-prozent-wollen-pinochet-verfassung\/"},"wordCount":334,"commentCount":0,"image":{"@id":"https:\/\/zurzeit.at\/index.php\/62-prozent-wollen-pinochet-verfassung\/#primaryimage"},"thumbnailUrl":"https:\/\/zurzeit.at\/wp-content\/uploads\/2022\/09\/Retrato_Oficial_Presidente_Boric_Font-2.jpg","keywords":["Boric","Chile","La Tercera","Pinochet","Verfassung"],"articleSection":["Ausland"],"inLanguage":"de","potentialAction":[{"@type":"CommentAction","name":"Comment","target":["https:\/\/zurzeit.at\/index.php\/62-prozent-wollen-pinochet-verfassung\/#respond"]}]},{"@type":"WebPage","@id":"https:\/\/zurzeit.at\/index.php\/62-prozent-wollen-pinochet-verfassung\/","url":"https:\/\/zurzeit.at\/index.php\/62-prozent-wollen-pinochet-verfassung\/","name":"62 Prozent wollen Pinochet-Verfassung - ZurZeit","isPartOf":{"@id":"https:\/\/zurzeit.at\/#website"},"primaryImageOfPage":{"@id":"https:\/\/zurzeit.at\/index.php\/62-prozent-wollen-pinochet-verfassung\/#primaryimage"},"image":{"@id":"https:\/\/zurzeit.at\/index.php\/62-prozent-wollen-pinochet-verfassung\/#primaryimage"},"thumbnailUrl":"https:\/\/zurzeit.at\/wp-content\/uploads\/2022\/09\/Retrato_Oficial_Presidente_Boric_Font-2.jpg","datePublished":"2022-09-05T10:13:24+00:00","dateModified":"2022-09-05T10:13:35+00:00","author":{"@id":"https:\/\/zurzeit.at\/#\/schema\/person\/e6f4284c4ffdba25c26f295806088e37"},"breadcrumb":{"@id":"https:\/\/zurzeit.at\/index.php\/62-prozent-wollen-pinochet-verfassung\/#breadcrumb"},"inLanguage":"de","potentialAction":[{"@type":"ReadAction","target":["https:\/\/zurzeit.at\/index.php\/62-prozent-wollen-pinochet-verfassung\/"]}]},{"@type":"ImageObject","inLanguage":"de","@id":"https:\/\/zurzeit.at\/index.php\/62-prozent-wollen-pinochet-verfassung\/#primaryimage","url":"https:\/\/zurzeit.at\/wp-content\/uploads\/2022\/09\/Retrato_Oficial_Presidente_Boric_Font-2.jpg","contentUrl":"https:\/\/zurzeit.at\/wp-content\/uploads\/2022\/09\/Retrato_Oficial_Presidente_Boric_Font-2.jpg","width":1835,"height":2405},{"@type":"BreadcrumbList","@id":"https:\/\/zurzeit.at\/index.php\/62-prozent-wollen-pinochet-verfassung\/#breadcrumb","itemListElement":[{"@type":"ListItem","position":1,"name":"Startseite","item":"https:\/\/zurzeit.at\/"},{"@type":"ListItem","position":2,"name":"62 Prozent wollen Pinochet-Verfassung"}]},{"@type":"WebSite","@id":"https:\/\/zurzeit.at\/#website","url":"https:\/\/zurzeit.at\/","name":"ZurZeit","description":"Internetseite des Wochenmagazins ZurZeit","potentialAction":[{"@type":"SearchAction","target":{"@type":"EntryPoint","urlTemplate":"https:\/\/zurzeit.at\/?s={search_term_string}"},"query-input":{"@type":"PropertyValueSpecification","valueRequired":true,"valueName":"search_term_string"}}],"inLanguage":"de"},{"@type":"Person","@id":"https:\/\/zurzeit.at\/#\/schema\/person\/e6f4284c4ffdba25c26f295806088e37","name":"admin2","image":{"@type":"ImageObject","inLanguage":"de","@id":"https:\/\/secure.gravatar.com\/avatar\/6b01edb108b3f79fc8950358251ecf3b91c228e319139ad1beec43b6b1b16470?s=96&d=mm&r=g","url":"https:\/\/secure.gravatar.com\/avatar\/6b01edb108b3f79fc8950358251ecf3b91c228e319139ad1beec43b6b1b16470?s=96&d=mm&r=g","contentUrl":"https:\/\/secure.gravatar.com\/avatar\/6b01edb108b3f79fc8950358251ecf3b91c228e319139ad1beec43b6b1b16470?s=96&d=mm&r=g","caption":"admin2"},"url":"https:\/\/zurzeit.at\/index.php\/author\/admin2\/"}]}},"_links":{"self":[{"href":"https:\/\/zurzeit.at\/index.php\/wp-json\/wp\/v2\/posts\/14214","targetHints":{"allow":["GET"]}}],"collection":[{"href":"https:\/\/zurzeit.at\/index.php\/wp-json\/wp\/v2\/posts"}],"about":[{"href":"https:\/\/zurzeit.at\/index.php\/wp-json\/wp\/v2\/types\/post"}],"author":[{"embeddable":true,"href":"https:\/\/zurzeit.at\/index.php\/wp-json\/wp\/v2\/users\/3"}],"replies":[{"embeddable":true,"href":"https:\/\/zurzeit.at\/index.php\/wp-json\/wp\/v2\/comments?post=14214"}],"version-history":[{"count":1,"href":"https:\/\/zurzeit.at\/index.php\/wp-json\/wp\/v2\/posts\/14214\/revisions"}],"predecessor-version":[{"id":14218,"href":"https:\/\/zurzeit.at\/index.php\/wp-json\/wp\/v2\/posts\/14214\/revisions\/14218"}],"wp:featuredmedia":[{"embeddable":true,"href":"https:\/\/zurzeit.at\/index.php\/wp-json\/wp\/v2\/media\/14217"}],"wp:attachment":[{"href":"https:\/\/zurzeit.at\/index.php\/wp-json\/wp\/v2\/media?parent=14214"}],"wp:term":[{"taxonomy":"category","embeddable":true,"href":"https:\/\/zurzeit.at\/index.php\/wp-json\/wp\/v2\/categories?post=14214"},{"taxonomy":"post_tag","embeddable":true,"href":"https:\/\/zurzeit.at\/index.php\/wp-json\/wp\/v2\/tags?post=14214"}],"curies":[{"name":"wp","href":"https:\/\/api.w.org\/{rel}","templated":true}]}}