{"id":14543,"date":"2022-10-07T12:51:32","date_gmt":"2022-10-07T10:51:32","guid":{"rendered":"http:\/\/zurzeit.at\/?p=14543"},"modified":"2022-10-07T12:51:32","modified_gmt":"2022-10-07T10:51:32","slug":"friedensnobelpreis-fuer-soros-finanzierte-organisationen","status":"publish","type":"post","link":"https:\/\/zurzeit.at\/index.php\/friedensnobelpreis-fuer-soros-finanzierte-organisationen\/","title":{"rendered":"Friedensnobelpreis f\u00fcr Soros-finanzierte Organisationen"},"content":{"rendered":"<p><span class=\"licensetpl_attr\">Autor: <a href=\"https:\/\/zurzeit.at\/index.php\/autoren\/\">B.T.<\/a> <\/span><span class=\"licensetpl_attr\">Bild: <a href=\"https:\/\/commons.wikimedia.org\/wiki\/File:George_Soros_-_Festival_Economia_2012_01.JPG\">Wikipedia\/Niccol\u00f2 Caranti <\/a><\/span><span class=\"licensetpl_attr\"><span class=\"plainlinks noprint\">Lizenz: <a href=\"https:\/\/creativecommons.org\/licenses\/by-sa\/3.0\/deed.en\">CC BY-SA 3.0<\/a><br \/>\n<\/span><\/span><\/p>\n<hr \/>\n<h1>Auszeichnung f\u00fcr vom Ausland finanzierte Subversion und W\u00fchlarbeit<\/h1>\n<p>Der diesj\u00e4hrige Friedensnobelpreis geht an den inhaftierten wei\u00dfrussischen Politiker und Aktivisten Ales Bjaljazki, die russische Organisation Memorial und das ukrainische Center for Civil Liberties. Die Vergabe des Friedensnobelpreises hat eine klar antirussische Sto\u00dfrichtung, vor allem aber soll damit vom Ausland finanzierte Subversion \u2013 konkret vom Gro\u00dfspekulanten George Soros \u2013 honoriert werden.<\/p>\n<p>Memorial widmete sich urspr\u00fcnglich einen ehrenhaften Zweck, n\u00e4mlich der Aufarbeitung der kommunistischen Diktatur. Mit der Zeit aber geriet Memorial zunehmend ins linke Fahrwasser, die Aufarbeitung der moralischen Hinterlassenschaften von 70 Jahren kommunistischer Gewaltherrschaft gerieten zunehmend in den Hintergrund und Verbreitung der sogenannten \u201eliberalen Demokratie\u201c in den Mittelpunkt. Finanzielle Zuwendung erhielt Memorial unter anderem von Soros-Stiftungen wie von der Heinrich B\u00f6ll-Stiftung, der Parteistiftung der bundesdeutschen Gr\u00fcnen. Aufgrund der Auslandsfinanzierung wurde Memorial in Russland als \u201eausl\u00e4ndischer Agent\u201c aufgel\u00f6st und Ende 2021 aufgel\u00f6st.<\/p>\n<p>Was das ukrainische \u201eCenter for Civil Liberties\u201d betrifft, findet sich auf der Internetseite der Open Society-Stiftungen von Soros folgender Hinweis: \u201eWir unterst\u00fctzen zivilgesellschaftliche Organisationen wie das Center for Civil Liberties, das Gerechtigkeit f\u00fcr Verbrechen sucht, die w\u00e4hrend der Euromaidan-Proteste begangen wurden.\u201c Ob damit der Mord an 49 Zivilisten durch prowestliche Scharfsch\u00fctzen w\u00e4hrend des Maidanputsches im Februar 2014 gemeint ist, ist eher unwahrscheinlich.<\/p>\n<p>Dar\u00fcber hinaus wurde das \u201eCenter for Civil Liberties\u201c mit dem \u201e2022 NED Democracy Award\u201c des National Endowment for Democracy (NED) ausgezeichnet. Das NED ist eine halbstaatliche US-Stiftung und gilt als \u201eziviler Arm\u201c der CIA. Einer Gr\u00fcnder des NED, Allen Weinstein, sagte in einem Interview: \u201eVieles von dem, was wir heute tun, hat die CIA vor 25 Jahren heimlich getan.\u201c<\/p>\n","protected":false},"excerpt":{"rendered":"<p>Autor: B.T. Bild: Wikipedia\/Niccol\u00f2 Caranti Lizenz: CC BY-SA 3.0 Auszeichnung f\u00fcr vom Ausland finanzierte Subversion&hellip;<\/p>\n","protected":false},"author":3,"featured_media":14544,"comment_status":"open","ping_status":"closed","sticky":false,"template":"","format":"standard","meta":{"footnotes":""},"categories":[51],"tags":[8264,460,8263,6134,1860,1964,614,1859,319],"class_list":["post-14543","post","type-post","status-publish","format-standard","has-post-thumbnail","hentry","category-feuilleton","tag-center-for-civil-liberties","tag-george-soros","tag-memorial","tag-national-endowment-for-democracy","tag-ned","tag-nobelpreis","tag-russland","tag-subversion","tag-ukraine"],"yoast_head":"<!-- This site is optimized with the Yoast SEO plugin v28.3 - https:\/\/yoast.com\/product\/yoast-seo-wordpress\/ -->\n<title>Friedensnobelpreis f\u00fcr Soros-finanzierte Organisationen - ZurZeit<\/title>\n<meta name=\"robots\" content=\"index, follow, max-snippet:-1, max-image-preview:large, max-video-preview:-1\" \/>\n<link rel=\"canonical\" href=\"https:\/\/zurzeit.at\/index.php\/friedensnobelpreis-fuer-soros-finanzierte-organisationen\/\" \/>\n<meta property=\"og:locale\" content=\"de_DE\" \/>\n<meta property=\"og:type\" content=\"article\" \/>\n<meta property=\"og:title\" content=\"Friedensnobelpreis f\u00fcr Soros-finanzierte Organisationen - ZurZeit\" \/>\n<meta property=\"og:description\" content=\"Autor: B.T. Bild: Wikipedia\/Niccol\u00f2 Caranti Lizenz: CC BY-SA 3.0 Auszeichnung f\u00fcr vom Ausland finanzierte Subversion&hellip;\" \/>\n<meta property=\"og:url\" content=\"https:\/\/zurzeit.at\/index.php\/friedensnobelpreis-fuer-soros-finanzierte-organisationen\/\" \/>\n<meta property=\"og:site_name\" content=\"ZurZeit\" \/>\n<meta property=\"article:publisher\" content=\"https:\/\/www.facebook.com\/wochenmagazinZurZeit\/\" \/>\n<meta property=\"article:published_time\" content=\"2022-10-07T10:51:32+00:00\" \/>\n<meta property=\"og:image\" content=\"https:\/\/zurzeit.at\/wp-content\/uploads\/2022\/10\/1280px-George_Soros_-_Festival_Economia_2012_01.jpg\" \/>\n\t<meta property=\"og:image:width\" content=\"1279\" \/>\n\t<meta property=\"og:image:height\" content=\"803\" \/>\n\t<meta property=\"og:image:type\" content=\"image\/jpeg\" \/>\n<meta name=\"author\" content=\"admin2\" \/>\n<meta name=\"twitter:card\" content=\"summary_large_image\" \/>\n<meta name=\"twitter:label1\" content=\"Verfasst von\" \/>\n\t<meta name=\"twitter:data1\" content=\"admin2\" \/>\n\t<meta name=\"twitter:label2\" content=\"Gesch\u00e4tzte Lesezeit\" \/>\n\t<meta name=\"twitter:data2\" content=\"2\u00a0Minuten\" \/>\n<script type=\"application\/ld+json\" class=\"yoast-schema-graph\">{\"@context\":\"https:\\\/\\\/schema.org\",\"@graph\":[{\"@type\":\"Article\",\"@id\":\"https:\\\/\\\/zurzeit.at\\\/index.php\\\/friedensnobelpreis-fuer-soros-finanzierte-organisationen\\\/#article\",\"isPartOf\":{\"@id\":\"https:\\\/\\\/zurzeit.at\\\/index.php\\\/friedensnobelpreis-fuer-soros-finanzierte-organisationen\\\/\"},\"author\":{\"name\":\"admin2\",\"@id\":\"https:\\\/\\\/zurzeit.at\\\/#\\\/schema\\\/person\\\/e6f4284c4ffdba25c26f295806088e37\"},\"headline\":\"Friedensnobelpreis f\u00fcr Soros-finanzierte Organisationen\",\"datePublished\":\"2022-10-07T10:51:32+00:00\",\"mainEntityOfPage\":{\"@id\":\"https:\\\/\\\/zurzeit.at\\\/index.php\\\/friedensnobelpreis-fuer-soros-finanzierte-organisationen\\\/\"},\"wordCount\":287,\"commentCount\":0,\"image\":{\"@id\":\"https:\\\/\\\/zurzeit.at\\\/index.php\\\/friedensnobelpreis-fuer-soros-finanzierte-organisationen\\\/#primaryimage\"},\"thumbnailUrl\":\"https:\\\/\\\/zurzeit.at\\\/wp-content\\\/uploads\\\/2022\\\/10\\\/1280px-George_Soros_-_Festival_Economia_2012_01.jpg\",\"keywords\":[\"Center for Civil Liberties\",\"George Soros\",\"Memorial\",\"National Endowment for Democracy\",\"NED\",\"Nobelpreis\",\"Russland\",\"Subversion\",\"Ukraine\"],\"articleSection\":[\"Feuilleton\"],\"inLanguage\":\"de\",\"potentialAction\":[{\"@type\":\"CommentAction\",\"name\":\"Comment\",\"target\":[\"https:\\\/\\\/zurzeit.at\\\/index.php\\\/friedensnobelpreis-fuer-soros-finanzierte-organisationen\\\/#respond\"]}]},{\"@type\":\"WebPage\",\"@id\":\"https:\\\/\\\/zurzeit.at\\\/index.php\\\/friedensnobelpreis-fuer-soros-finanzierte-organisationen\\\/\",\"url\":\"https:\\\/\\\/zurzeit.at\\\/index.php\\\/friedensnobelpreis-fuer-soros-finanzierte-organisationen\\\/\",\"name\":\"Friedensnobelpreis f\u00fcr Soros-finanzierte Organisationen - ZurZeit\",\"isPartOf\":{\"@id\":\"https:\\\/\\\/zurzeit.at\\\/#website\"},\"primaryImageOfPage\":{\"@id\":\"https:\\\/\\\/zurzeit.at\\\/index.php\\\/friedensnobelpreis-fuer-soros-finanzierte-organisationen\\\/#primaryimage\"},\"image\":{\"@id\":\"https:\\\/\\\/zurzeit.at\\\/index.php\\\/friedensnobelpreis-fuer-soros-finanzierte-organisationen\\\/#primaryimage\"},\"thumbnailUrl\":\"https:\\\/\\\/zurzeit.at\\\/wp-content\\\/uploads\\\/2022\\\/10\\\/1280px-George_Soros_-_Festival_Economia_2012_01.jpg\",\"datePublished\":\"2022-10-07T10:51:32+00:00\",\"author\":{\"@id\":\"https:\\\/\\\/zurzeit.at\\\/#\\\/schema\\\/person\\\/e6f4284c4ffdba25c26f295806088e37\"},\"breadcrumb\":{\"@id\":\"https:\\\/\\\/zurzeit.at\\\/index.php\\\/friedensnobelpreis-fuer-soros-finanzierte-organisationen\\\/#breadcrumb\"},\"inLanguage\":\"de\",\"potentialAction\":[{\"@type\":\"ReadAction\",\"target\":[\"https:\\\/\\\/zurzeit.at\\\/index.php\\\/friedensnobelpreis-fuer-soros-finanzierte-organisationen\\\/\"]}]},{\"@type\":\"ImageObject\",\"inLanguage\":\"de\",\"@id\":\"https:\\\/\\\/zurzeit.at\\\/index.php\\\/friedensnobelpreis-fuer-soros-finanzierte-organisationen\\\/#primaryimage\",\"url\":\"https:\\\/\\\/zurzeit.at\\\/wp-content\\\/uploads\\\/2022\\\/10\\\/1280px-George_Soros_-_Festival_Economia_2012_01.jpg\",\"contentUrl\":\"https:\\\/\\\/zurzeit.at\\\/wp-content\\\/uploads\\\/2022\\\/10\\\/1280px-George_Soros_-_Festival_Economia_2012_01.jpg\",\"width\":1279,\"height\":803},{\"@type\":\"BreadcrumbList\",\"@id\":\"https:\\\/\\\/zurzeit.at\\\/index.php\\\/friedensnobelpreis-fuer-soros-finanzierte-organisationen\\\/#breadcrumb\",\"itemListElement\":[{\"@type\":\"ListItem\",\"position\":1,\"name\":\"Startseite\",\"item\":\"https:\\\/\\\/zurzeit.at\\\/\"},{\"@type\":\"ListItem\",\"position\":2,\"name\":\"Friedensnobelpreis f\u00fcr Soros-finanzierte Organisationen\"}]},{\"@type\":\"WebSite\",\"@id\":\"https:\\\/\\\/zurzeit.at\\\/#website\",\"url\":\"https:\\\/\\\/zurzeit.at\\\/\",\"name\":\"ZurZeit\",\"description\":\"Internetseite des Wochenmagazins ZurZeit\",\"potentialAction\":[{\"@type\":\"SearchAction\",\"target\":{\"@type\":\"EntryPoint\",\"urlTemplate\":\"https:\\\/\\\/zurzeit.at\\\/?s={search_term_string}\"},\"query-input\":{\"@type\":\"PropertyValueSpecification\",\"valueRequired\":true,\"valueName\":\"search_term_string\"}}],\"inLanguage\":\"de\"},{\"@type\":\"Person\",\"@id\":\"https:\\\/\\\/zurzeit.at\\\/#\\\/schema\\\/person\\\/e6f4284c4ffdba25c26f295806088e37\",\"name\":\"admin2\",\"image\":{\"@type\":\"ImageObject\",\"inLanguage\":\"de\",\"@id\":\"https:\\\/\\\/secure.gravatar.com\\\/avatar\\\/6b01edb108b3f79fc8950358251ecf3b91c228e319139ad1beec43b6b1b16470?s=96&d=mm&r=g\",\"url\":\"https:\\\/\\\/secure.gravatar.com\\\/avatar\\\/6b01edb108b3f79fc8950358251ecf3b91c228e319139ad1beec43b6b1b16470?s=96&d=mm&r=g\",\"contentUrl\":\"https:\\\/\\\/secure.gravatar.com\\\/avatar\\\/6b01edb108b3f79fc8950358251ecf3b91c228e319139ad1beec43b6b1b16470?s=96&d=mm&r=g\",\"caption\":\"admin2\"},\"url\":\"https:\\\/\\\/zurzeit.at\\\/index.php\\\/author\\\/admin2\\\/\"}]}<\/script>\n<!-- \/ Yoast SEO plugin. -->","yoast_head_json":{"title":"Friedensnobelpreis f\u00fcr Soros-finanzierte Organisationen - ZurZeit","robots":{"index":"index","follow":"follow","max-snippet":"max-snippet:-1","max-image-preview":"max-image-preview:large","max-video-preview":"max-video-preview:-1"},"canonical":"https:\/\/zurzeit.at\/index.php\/friedensnobelpreis-fuer-soros-finanzierte-organisationen\/","og_locale":"de_DE","og_type":"article","og_title":"Friedensnobelpreis f\u00fcr Soros-finanzierte Organisationen - ZurZeit","og_description":"Autor: B.T. Bild: Wikipedia\/Niccol\u00f2 Caranti Lizenz: CC BY-SA 3.0 Auszeichnung f\u00fcr vom Ausland finanzierte Subversion&hellip;","og_url":"https:\/\/zurzeit.at\/index.php\/friedensnobelpreis-fuer-soros-finanzierte-organisationen\/","og_site_name":"ZurZeit","article_publisher":"https:\/\/www.facebook.com\/wochenmagazinZurZeit\/","article_published_time":"2022-10-07T10:51:32+00:00","og_image":[{"width":1279,"height":803,"url":"https:\/\/zurzeit.at\/wp-content\/uploads\/2022\/10\/1280px-George_Soros_-_Festival_Economia_2012_01.jpg","type":"image\/jpeg"}],"author":"admin2","twitter_card":"summary_large_image","twitter_misc":{"Verfasst von":"admin2","Gesch\u00e4tzte Lesezeit":"2\u00a0Minuten"},"schema":{"@context":"https:\/\/schema.org","@graph":[{"@type":"Article","@id":"https:\/\/zurzeit.at\/index.php\/friedensnobelpreis-fuer-soros-finanzierte-organisationen\/#article","isPartOf":{"@id":"https:\/\/zurzeit.at\/index.php\/friedensnobelpreis-fuer-soros-finanzierte-organisationen\/"},"author":{"name":"admin2","@id":"https:\/\/zurzeit.at\/#\/schema\/person\/e6f4284c4ffdba25c26f295806088e37"},"headline":"Friedensnobelpreis f\u00fcr Soros-finanzierte Organisationen","datePublished":"2022-10-07T10:51:32+00:00","mainEntityOfPage":{"@id":"https:\/\/zurzeit.at\/index.php\/friedensnobelpreis-fuer-soros-finanzierte-organisationen\/"},"wordCount":287,"commentCount":0,"image":{"@id":"https:\/\/zurzeit.at\/index.php\/friedensnobelpreis-fuer-soros-finanzierte-organisationen\/#primaryimage"},"thumbnailUrl":"https:\/\/zurzeit.at\/wp-content\/uploads\/2022\/10\/1280px-George_Soros_-_Festival_Economia_2012_01.jpg","keywords":["Center for Civil Liberties","George Soros","Memorial","National Endowment for Democracy","NED","Nobelpreis","Russland","Subversion","Ukraine"],"articleSection":["Feuilleton"],"inLanguage":"de","potentialAction":[{"@type":"CommentAction","name":"Comment","target":["https:\/\/zurzeit.at\/index.php\/friedensnobelpreis-fuer-soros-finanzierte-organisationen\/#respond"]}]},{"@type":"WebPage","@id":"https:\/\/zurzeit.at\/index.php\/friedensnobelpreis-fuer-soros-finanzierte-organisationen\/","url":"https:\/\/zurzeit.at\/index.php\/friedensnobelpreis-fuer-soros-finanzierte-organisationen\/","name":"Friedensnobelpreis f\u00fcr Soros-finanzierte Organisationen - ZurZeit","isPartOf":{"@id":"https:\/\/zurzeit.at\/#website"},"primaryImageOfPage":{"@id":"https:\/\/zurzeit.at\/index.php\/friedensnobelpreis-fuer-soros-finanzierte-organisationen\/#primaryimage"},"image":{"@id":"https:\/\/zurzeit.at\/index.php\/friedensnobelpreis-fuer-soros-finanzierte-organisationen\/#primaryimage"},"thumbnailUrl":"https:\/\/zurzeit.at\/wp-content\/uploads\/2022\/10\/1280px-George_Soros_-_Festival_Economia_2012_01.jpg","datePublished":"2022-10-07T10:51:32+00:00","author":{"@id":"https:\/\/zurzeit.at\/#\/schema\/person\/e6f4284c4ffdba25c26f295806088e37"},"breadcrumb":{"@id":"https:\/\/zurzeit.at\/index.php\/friedensnobelpreis-fuer-soros-finanzierte-organisationen\/#breadcrumb"},"inLanguage":"de","potentialAction":[{"@type":"ReadAction","target":["https:\/\/zurzeit.at\/index.php\/friedensnobelpreis-fuer-soros-finanzierte-organisationen\/"]}]},{"@type":"ImageObject","inLanguage":"de","@id":"https:\/\/zurzeit.at\/index.php\/friedensnobelpreis-fuer-soros-finanzierte-organisationen\/#primaryimage","url":"https:\/\/zurzeit.at\/wp-content\/uploads\/2022\/10\/1280px-George_Soros_-_Festival_Economia_2012_01.jpg","contentUrl":"https:\/\/zurzeit.at\/wp-content\/uploads\/2022\/10\/1280px-George_Soros_-_Festival_Economia_2012_01.jpg","width":1279,"height":803},{"@type":"BreadcrumbList","@id":"https:\/\/zurzeit.at\/index.php\/friedensnobelpreis-fuer-soros-finanzierte-organisationen\/#breadcrumb","itemListElement":[{"@type":"ListItem","position":1,"name":"Startseite","item":"https:\/\/zurzeit.at\/"},{"@type":"ListItem","position":2,"name":"Friedensnobelpreis f\u00fcr Soros-finanzierte Organisationen"}]},{"@type":"WebSite","@id":"https:\/\/zurzeit.at\/#website","url":"https:\/\/zurzeit.at\/","name":"ZurZeit","description":"Internetseite des Wochenmagazins ZurZeit","potentialAction":[{"@type":"SearchAction","target":{"@type":"EntryPoint","urlTemplate":"https:\/\/zurzeit.at\/?s={search_term_string}"},"query-input":{"@type":"PropertyValueSpecification","valueRequired":true,"valueName":"search_term_string"}}],"inLanguage":"de"},{"@type":"Person","@id":"https:\/\/zurzeit.at\/#\/schema\/person\/e6f4284c4ffdba25c26f295806088e37","name":"admin2","image":{"@type":"ImageObject","inLanguage":"de","@id":"https:\/\/secure.gravatar.com\/avatar\/6b01edb108b3f79fc8950358251ecf3b91c228e319139ad1beec43b6b1b16470?s=96&d=mm&r=g","url":"https:\/\/secure.gravatar.com\/avatar\/6b01edb108b3f79fc8950358251ecf3b91c228e319139ad1beec43b6b1b16470?s=96&d=mm&r=g","contentUrl":"https:\/\/secure.gravatar.com\/avatar\/6b01edb108b3f79fc8950358251ecf3b91c228e319139ad1beec43b6b1b16470?s=96&d=mm&r=g","caption":"admin2"},"url":"https:\/\/zurzeit.at\/index.php\/author\/admin2\/"}]}},"_links":{"self":[{"href":"https:\/\/zurzeit.at\/index.php\/wp-json\/wp\/v2\/posts\/14543","targetHints":{"allow":["GET"]}}],"collection":[{"href":"https:\/\/zurzeit.at\/index.php\/wp-json\/wp\/v2\/posts"}],"about":[{"href":"https:\/\/zurzeit.at\/index.php\/wp-json\/wp\/v2\/types\/post"}],"author":[{"embeddable":true,"href":"https:\/\/zurzeit.at\/index.php\/wp-json\/wp\/v2\/users\/3"}],"replies":[{"embeddable":true,"href":"https:\/\/zurzeit.at\/index.php\/wp-json\/wp\/v2\/comments?post=14543"}],"version-history":[{"count":1,"href":"https:\/\/zurzeit.at\/index.php\/wp-json\/wp\/v2\/posts\/14543\/revisions"}],"predecessor-version":[{"id":14545,"href":"https:\/\/zurzeit.at\/index.php\/wp-json\/wp\/v2\/posts\/14543\/revisions\/14545"}],"wp:featuredmedia":[{"embeddable":true,"href":"https:\/\/zurzeit.at\/index.php\/wp-json\/wp\/v2\/media\/14544"}],"wp:attachment":[{"href":"https:\/\/zurzeit.at\/index.php\/wp-json\/wp\/v2\/media?parent=14543"}],"wp:term":[{"taxonomy":"category","embeddable":true,"href":"https:\/\/zurzeit.at\/index.php\/wp-json\/wp\/v2\/categories?post=14543"},{"taxonomy":"post_tag","embeddable":true,"href":"https:\/\/zurzeit.at\/index.php\/wp-json\/wp\/v2\/tags?post=14543"}],"curies":[{"name":"wp","href":"https:\/\/api.w.org\/{rel}","templated":true}]}}