{"id":14998,"date":"2022-11-25T18:46:35","date_gmt":"2022-11-25T17:46:35","guid":{"rendered":"http:\/\/zurzeit.at\/?p=14998"},"modified":"2022-11-25T18:47:31","modified_gmt":"2022-11-25T17:47:31","slug":"politischer-moralismus-des-westens-bedroht-den-frieden","status":"publish","type":"post","link":"https:\/\/zurzeit.at\/index.php\/politischer-moralismus-des-westens-bedroht-den-frieden\/","title":{"rendered":"&#8222;Politischer Moralismus des Westens bedroht den Frieden&#8220;"},"content":{"rendered":"<p><span class=\"licensetpl_attr\">Autor: <a href=\"https:\/\/zurzeit.at\/index.php\/autoren\/\">&#8211;<\/a> <\/span>Bild: <a href=\"https:\/\/commons.wikimedia.org\/wiki\/File:Group_photo_of_the_G7_members_at_the_Scholss_Elmau_summit_%282%29.jpg\">Wikipedia\/kantei.go.jp<\/a> L<span class=\"licensetpl_attr\">izenz:<a href=\"https:\/\/creativecommons.org\/licenses\/by\/4.0\/deed.en\"> CC BY 4.0<\/a><br \/>\n<\/span><\/p>\n<hr \/>\n<h1>Der V\u00f6lkerrechter Anthony Carty \u00fcber Demokratie und V\u00f6lker, seine Einteilung in \u201egute Demokratien\u201c und \u201eschlechte Demokratien\u201c, das chinesische Modell der Meritokratie und wie China den \u00adWesten betrachtet.<\/h1>\n<p><em>Der Westen und insbesondere die USA stellen ihr Modell der Demokratie als Ma\u00dfstab f\u00fcr die gesamte Welt dar. Was aber sagt das V\u00f6lkerrecht zur Vielfalt politischer Systeme?<\/em><\/p>\n<p><a href=\"https:\/\/zurzeit.at\/index.php\/e-paper-weihnachtsaktion-2022\/\"><img loading=\"lazy\" decoding=\"async\" class=\"aligncenter wp-image-14787 size-full\" src=\"https:\/\/zurzeit.at\/wp-content\/uploads\/2022\/11\/Banner-Weihnachtsaktion-2022-schmal-Masche-scaled.jpg\" sizes=\"auto, (max-width: 2560px) 100vw, 2560px\" srcset=\"https:\/\/zurzeit.at\/wp-content\/uploads\/2022\/11\/Banner-Weihnachtsaktion-2022-schmal-Masche-scaled.jpg 2560w, https:\/\/zurzeit.at\/wp-content\/uploads\/2022\/11\/Banner-Weihnachtsaktion-2022-schmal-Masche-300x92.jpg 300w, https:\/\/zurzeit.at\/wp-content\/uploads\/2022\/11\/Banner-Weihnachtsaktion-2022-schmal-Masche-1024x315.jpg 1024w, https:\/\/zurzeit.at\/wp-content\/uploads\/2022\/11\/Banner-Weihnachtsaktion-2022-schmal-Masche-768x236.jpg 768w, https:\/\/zurzeit.at\/wp-content\/uploads\/2022\/11\/Banner-Weihnachtsaktion-2022-schmal-Masche-1536x473.jpg 1536w, https:\/\/zurzeit.at\/wp-content\/uploads\/2022\/11\/Banner-Weihnachtsaktion-2022-schmal-Masche-2048x631.jpg 2048w, https:\/\/zurzeit.at\/wp-content\/uploads\/2022\/11\/Banner-Weihnachtsaktion-2022-schmal-Masche-1170x360.jpg 1170w, https:\/\/zurzeit.at\/wp-content\/uploads\/2022\/11\/Banner-Weihnachtsaktion-2022-schmal-Masche-585x180.jpg 585w, https:\/\/zurzeit.at\/wp-content\/uploads\/2022\/11\/Banner-Weihnachtsaktion-2022-schmal-Masche-600x185.jpg 600w\" alt=\"\" width=\"2560\" height=\"788\" \/><\/a><\/p>\n<p><strong>Anthony Carty:<\/strong> Ein Grundsatz des V\u00f6lkerrechts ist seine Neutralit\u00e4t gegen\u00fcber den jeweiligen innenpolitischen Ordnungssystemen. Dieser Grundsatz, der dem Prinzip der Souver\u00e4nit\u00e4t entspringt, ist in Artikel\u00a07 der UN-Charta verankert. Daher ist es f\u00fcr ein Land unangemessen, die innere Ordnung eines anderen Landes zu kritisieren.<\/p>\n<div id=\"attachment_14999\" style=\"width: 310px\" class=\"wp-caption aligncenter\"><img loading=\"lazy\" decoding=\"async\" aria-describedby=\"caption-attachment-14999\" class=\"wp-image-14999 size-medium\" src=\"https:\/\/zurzeit.at\/wp-content\/uploads\/2022\/11\/A9xyqs41_a14wwl_efs-Kopie-300x283.jpg\" alt=\"\" width=\"300\" height=\"283\" srcset=\"https:\/\/zurzeit.at\/wp-content\/uploads\/2022\/11\/A9xyqs41_a14wwl_efs-Kopie-300x283.jpg 300w, https:\/\/zurzeit.at\/wp-content\/uploads\/2022\/11\/A9xyqs41_a14wwl_efs-Kopie-1024x965.jpg 1024w, https:\/\/zurzeit.at\/wp-content\/uploads\/2022\/11\/A9xyqs41_a14wwl_efs-Kopie-768x724.jpg 768w, https:\/\/zurzeit.at\/wp-content\/uploads\/2022\/11\/A9xyqs41_a14wwl_efs-Kopie-585x551.jpg 585w, https:\/\/zurzeit.at\/wp-content\/uploads\/2022\/11\/A9xyqs41_a14wwl_efs-Kopie-600x565.jpg 600w, https:\/\/zurzeit.at\/wp-content\/uploads\/2022\/11\/A9xyqs41_a14wwl_efs-Kopie.jpg 1078w\" sizes=\"auto, (max-width: 300px) 100vw, 300px\" \/><p id=\"caption-attachment-14999\" class=\"wp-caption-text\">Dr. Anthony Carty ist Professor f\u00fcr V\u00f6lkerrecht am Beijing Institute of Technology in Peking. Zudem hat Carty den Sir Y K Pao-Lehrstuhl f\u00fcr \u00f6ffentliches Recht an der Universit\u00e4t von Hongkong inne. Zuvor wirkte er als Professor f\u00fcr \u00d6ffentliches Recht an der Universit\u00e4t Aberdeen (\u00adSchottland).<\/p><\/div>\n<p><em>Die Vereinigten Staaten wollen Demokratie \u00fcberall auf der Welt f\u00f6rdern, und es gibt Aktivit\u00e4ten politischer Stiftungen wie dem National Endowment for Democracy, die in China sowie in verschiedenen afrikanischen und lateinamerikanischen Staaten aktiv sind. Stellen die Aktivit\u00e4ten dieser politischen Stiftungen einen Versto\u00df gegen das v\u00f6lkerrechtliche Prinzip der Nichteinmischung dar?<\/em><br \/>\n<strong>Carty:<\/strong> Ich denke, sie stellen einen Versto\u00df dar. Vor sechseinhalb Jahren hatte ich in Hongkong eine Professur f\u00fcr Menschenrechte, V\u00f6lkerrecht und \u00d6ffentliches Recht an der Universit\u00e4t Hongkong und dann sp\u00e4ter in Peking. Tatsache ist, dass es viele Organisationen wie das National Endowment for Democracy gibt, die in Hongkong aktiv sind und die wesentlich zur Vergr\u00f6\u00dferung der Spannungen in Hongkong beigetragen haben. Das ist ein Beispiel f\u00fcr die Ideologie des Liberalismus, als die Vereinigten Staaten entschieden, dass sie im Ersten Weltkrieg intervenieren sollten, um die Welt \u201esave for democracy\u201c, also sicher f\u00fcr die Demokratie zu machen.. Die \u00f6sterreichisch-ungarische und die deutsche Regierung waren autokratisch \u2013 offenkundig aber auch Russland, das an der Seite der sogenannten Demokratien stand. Die Problematik der Einmischung im Namen der Demokratie geht auf diese Zeit zur\u00fcck.<br \/>\nF\u00fcr die westlichen M\u00e4chte, angef\u00fchrt von den Vereinigten Staaten, spielt das V\u00f6lkerrecht, wie es in der UN-Charta verankert ist, eine immer geringere Rolle als die sogenannte regelbasierte internationale Ordnung, welche die Werte der liberalen Demokratie verk\u00f6rpert. Das provoziert eine Krise im internationalen System, wenn der Westen versucht, das V\u00f6lkerrecht durch die regelbasierte internationale Ordnung zu ersetzen. Und das ist auch ein Problem der Europ\u00e4ischen Union mit Ursula von der Leyen und in Deutschland mit Annalena Baerbock. Meiner Meinung nach stellen sie eine Bedrohung f\u00fcr internationalen Frieden und Ordnung dar.<\/p>\n<blockquote><p>Die Existenz westlicher Werte wird vom Westen als Symbol seiner \u00dcberlegenheit \u00fcber andere betrachtet.<\/p><\/blockquote>\n<p><em>Kann man es auch so sehen, dass der Westen versucht, die Demokratie als Waffe einzusetzen?<\/em><br \/>\n<strong>Carty:<\/strong> Ja, und ich denke, dass sie es insbesondere auf eine unintelligente Weise versuchen. In der westlichen politischen Theorie, die auf Aristoteles zur\u00fcckgeht, gibt es eine \u201egute Demokratie\u201c und eine \u201eschlechte Demokratie\u201c. In einer \u201eguten Demokratie\u201c sind die Leute moralisch davon \u00fcberzeugt, dass der Populismus eine ernsthafte Bedrohung f\u00fcr die Demokratie darstellt. Der konservative deutsche Philosoph Hermann L\u00fcbbe sagte, dass der politische Moralismus in Westeuropa und in den Vereinigten Staaten immer mehr um sich greift. Auf der anderen Seite gilt f\u00fcr den Westen die autorit\u00e4re Regierung Chinas als \u201emoralisch schlecht\u201c und als Autokratie.<\/p>\n<p><strong>Wie sehen Sie die neue Nationale Sicherheitsstrategie der USA? Hier ist die Rede von einem Wettbewerb zwischen Demokratien und Autokratien, womit mit Letzten unter anderem China gemeint ist. K\u00f6nnte das die Spannungen zwischen den USA und China vergr\u00f6\u00dfern?<\/strong><br \/>\n<em>Carty:<\/em> Die Existenz westlicher Werte wird vom Westen als Symbol der \u00dcberlegenheit betrachtet gegen\u00fcber jenen, die sich nicht teilen. Das ist gef\u00e4hrlicher Moralismus. In einem Artikel in einer deutschen Zeitung \u00fcber die wirtschaftlichen Verkn\u00fcpfungen zwischen dem Westen und China stand, dass China viel mehr als der Westen von einer Verschlechterung der wirtschaftlichen Beziehungen leiden w\u00fcrde. Ich denke, die Situation in Deutschland k\u00f6nnte ziemlich gef\u00e4hrlich werden, weil moralistische Politiker wie Annalena Baerbock die Natur der Unterschiede in den Beziehungen zwischen Russland und Europa oder China und Europa nicht wirklich verstehen. China ist gegen\u00fcber Sanktionen viel verwundbarer als Russland.<br \/>\nWie sch\u00e4tzen Sie das politische System \u00adChinas ein?<br \/>\nCarty: Aufgrund der Erfahrungen, die ich machte, als ich in China lebte, kann ich sagen, dass China eine Meritokratie ist. Auch wenn es nominell ein kommunistisches Regime bzw. ein Einparteienstaat ist, ist es tats\u00e4chlich eine Meritokratie, wo rund 90 Millionen Menschen (so viele Mitglieder hat die KP, Anm.) den Pr\u00e4sidenten ausw\u00e4hlen und die Minister, die das Land f\u00fchren. Das ist sehr \u00e4hnlich dem System in Deutschland unter den Hohenzollern im sp\u00e4ten 18. und fr\u00fchen 19.Jahrhundert. Es ist im Grunde genommen eine professionelle B\u00fcrokratie. Auch wenn China die Unzul\u00e4nglichkeiten einer B\u00fcrokratie hat wie Korruption, ist es im Grunde genommen ein kompetentes System. Ich mache mir aber Sorgen, wenn ich sehe, wenn in Deutschland oder in der EU Leute wie Baerbock oder von der Leyen in Spitzenpositionen kommen, f\u00fcr die sie nicht qualifiziert sind.<\/p>\n<p><strong>Wie sieht eigentlich China den Westen und die westliche Demokratie.<\/strong><br \/>\n<em>Carty:<\/em> China genie\u00dft eine Art Schadenfreude, indem es sich \u00fcber die Inkompetenz und die moralische Spaltung der westlichen Demokratie lustig macht. Die Chinesen beobachten sehr genau, was im Westen geschieht, sie sind sich der zunehmenden Spannungen und der zunehmenden Spaltungen im Westen bewusst. Die Chinesen sind sich sehr bewusst, dass die Vereinigten Staaten und die Europ\u00e4ische Union industrielle und milit\u00e4rische Interessen verfolgt und dass die Bev\u00f6lkerung insgesamt sehr wenig Ahnung hat, was vor sich geht und durch die Mainstream-Medien schlecht informiert ist.<\/p>\n<blockquote><p>Die konfuzianische Philosophie ist der vormodernen europ\u00e4ischen Philosophie n\u00e4her, als allgemein bekannt ist.<\/p><\/blockquote>\n<p><em>Sie sagten, dass China eine Meritokratie ist. H\u00e4ngt das damit zusammen, dass China eine andere geschichtliche und kulturelle Entwicklung nahm als der Westen und deshalb einen anderen kulturellen Hintergrund hat? Welche Rolle spielt der Konfuzianismus zum Verst\u00e4ndnis Chinas?<\/em><br \/>\n<strong>Carty:<\/strong> Ich denke, dass viele der Unterschiede zwischen China und dem Westen theologischer und politischer Natur sind, weil der Westen die Aufkl\u00e4rung hatte und im Westen dem Individuum und seinen Entscheidungen ein sehr hoher Stellenwert einger\u00e4umt wird. Die konfuzianische Philosophie ist hingegen der vormodernen europ\u00e4ischen Philosophie viel n\u00e4her als allgemein bekannt ist. Also n\u00e4her den christlichen Werten und der griechisch-r\u00f6mischen Kultur, der Vernunft, die darin enthalten ist.<br \/>\nIch beobachtete in China die Verhandlungen mit der r\u00f6misch-katholischen Kirche zur Erneuerung des Konkordats. Das chinesische Regime, obwohl es nominell kommunistisch ist, war sehr daran interessiert, den Vertrag zu erneuern. Es ging ihm vor allem um die Ernennung der Bisch\u00f6fe, bei der die Regierung ein Mitspracherecht haben sollte. Ansonsten ist die Religionsfreiheit in China ein unumstrittenes Thema.<br \/>\nDas Ergebnis dieser Verhandlungen war, dass die chinesischen Beh\u00f6rden mit dem Vatikan eine Ausstellung \u00fcber christliche Kunst und Kultur in China veranstalteten. Es gab Ausstellungen in chinesischen Universit\u00e4ten \u00fcber die Grenzenlosigkeit der griechischen Klassik und des Konfuzianismus.<br \/>\nIch denke, die westliche Moderne seit der Aufkl\u00e4rung, insbesondere seit dem Zweiten Weltkrieg, ist eine zivilisatorische Ebene, die in China als k\u00fcnstlich verstanden wird. Nat\u00fcrlich gibt es junge Chinesen, die daf\u00fcr Bewunderung haben, aber die offizielle Kultur versucht, eine alternative chinesische Sicht der Moderne zu pr\u00e4sentieren, die n\u00e4her an der westeurop\u00e4ischen kulturellen Tradition vor der Aufkl\u00e4rung angesiedelt ist.<\/p>\n<p>Das Gespr\u00e4ch f\u00fchrte <strong>Bernhard Tomaschitz<\/strong>.<\/p>\n","protected":false},"excerpt":{"rendered":"<p>Autor: &#8211; Bild: Wikipedia\/kantei.go.jp Lizenz: CC BY 4.0 Der V\u00f6lkerrechter Anthony Carty \u00fcber Demokratie und&hellip;<\/p>\n","protected":false},"author":3,"featured_media":15000,"comment_status":"open","ping_status":"closed","sticky":false,"template":"","format":"standard","meta":{"footnotes":""},"categories":[49,48],"tags":[5015,802,956,89,6635,5101],"class_list":["post-14998","post","type-post","status-publish","format-standard","has-post-thumbnail","hentry","category-ausland","category-europa","tag-asien","tag-china","tag-demokratie","tag-eu","tag-osten","tag-westen"],"yoast_head":"<!-- This site is optimized with the Yoast SEO plugin v28.3 - https:\/\/yoast.com\/product\/yoast-seo-wordpress\/ -->\n<title>&quot;Politischer Moralismus des Westens bedroht den Frieden&quot; - ZurZeit<\/title>\n<meta name=\"robots\" content=\"index, follow, max-snippet:-1, max-image-preview:large, max-video-preview:-1\" \/>\n<link rel=\"canonical\" href=\"https:\/\/zurzeit.at\/index.php\/politischer-moralismus-des-westens-bedroht-den-frieden\/\" \/>\n<meta property=\"og:locale\" content=\"de_DE\" \/>\n<meta property=\"og:type\" content=\"article\" \/>\n<meta property=\"og:title\" content=\"&quot;Politischer Moralismus des Westens bedroht den Frieden&quot; - ZurZeit\" \/>\n<meta property=\"og:description\" content=\"Autor: &#8211; Bild: Wikipedia\/kantei.go.jp Lizenz: CC BY 4.0 Der V\u00f6lkerrechter Anthony Carty \u00fcber Demokratie und&hellip;\" \/>\n<meta property=\"og:url\" content=\"https:\/\/zurzeit.at\/index.php\/politischer-moralismus-des-westens-bedroht-den-frieden\/\" \/>\n<meta property=\"og:site_name\" content=\"ZurZeit\" \/>\n<meta property=\"article:publisher\" content=\"https:\/\/www.facebook.com\/wochenmagazinZurZeit\/\" \/>\n<meta property=\"article:published_time\" content=\"2022-11-25T17:46:35+00:00\" \/>\n<meta property=\"article:modified_time\" content=\"2022-11-25T17:47:31+00:00\" \/>\n<meta property=\"og:image\" content=\"https:\/\/zurzeit.at\/wp-content\/uploads\/2022\/11\/Group_photo_of_the_G7_members_at_the_Scholss_Elmau_summit_2.jpg\" \/>\n\t<meta property=\"og:image:width\" content=\"1280\" \/>\n\t<meta property=\"og:image:height\" content=\"704\" \/>\n\t<meta property=\"og:image:type\" content=\"image\/jpeg\" \/>\n<meta name=\"author\" content=\"admin2\" \/>\n<meta name=\"twitter:card\" content=\"summary_large_image\" \/>\n<meta name=\"twitter:label1\" content=\"Verfasst von\" \/>\n\t<meta name=\"twitter:data1\" content=\"admin2\" \/>\n\t<meta name=\"twitter:label2\" content=\"Gesch\u00e4tzte Lesezeit\" \/>\n\t<meta name=\"twitter:data2\" content=\"6\u00a0Minuten\" \/>\n<script type=\"application\/ld+json\" class=\"yoast-schema-graph\">{\"@context\":\"https:\\\/\\\/schema.org\",\"@graph\":[{\"@type\":\"Article\",\"@id\":\"https:\\\/\\\/zurzeit.at\\\/index.php\\\/politischer-moralismus-des-westens-bedroht-den-frieden\\\/#article\",\"isPartOf\":{\"@id\":\"https:\\\/\\\/zurzeit.at\\\/index.php\\\/politischer-moralismus-des-westens-bedroht-den-frieden\\\/\"},\"author\":{\"name\":\"admin2\",\"@id\":\"https:\\\/\\\/zurzeit.at\\\/#\\\/schema\\\/person\\\/e6f4284c4ffdba25c26f295806088e37\"},\"headline\":\"&#8222;Politischer Moralismus des Westens bedroht den Frieden&#8220;\",\"datePublished\":\"2022-11-25T17:46:35+00:00\",\"dateModified\":\"2022-11-25T17:47:31+00:00\",\"mainEntityOfPage\":{\"@id\":\"https:\\\/\\\/zurzeit.at\\\/index.php\\\/politischer-moralismus-des-westens-bedroht-den-frieden\\\/\"},\"wordCount\":1283,\"commentCount\":1,\"image\":{\"@id\":\"https:\\\/\\\/zurzeit.at\\\/index.php\\\/politischer-moralismus-des-westens-bedroht-den-frieden\\\/#primaryimage\"},\"thumbnailUrl\":\"https:\\\/\\\/zurzeit.at\\\/wp-content\\\/uploads\\\/2022\\\/11\\\/Group_photo_of_the_G7_members_at_the_Scholss_Elmau_summit_2.jpg\",\"keywords\":[\"Asien\",\"China\",\"Demokratie\",\"EU\",\"Osten\",\"Westen\"],\"articleSection\":[\"Ausland\",\"Europa\"],\"inLanguage\":\"de\",\"potentialAction\":[{\"@type\":\"CommentAction\",\"name\":\"Comment\",\"target\":[\"https:\\\/\\\/zurzeit.at\\\/index.php\\\/politischer-moralismus-des-westens-bedroht-den-frieden\\\/#respond\"]}]},{\"@type\":\"WebPage\",\"@id\":\"https:\\\/\\\/zurzeit.at\\\/index.php\\\/politischer-moralismus-des-westens-bedroht-den-frieden\\\/\",\"url\":\"https:\\\/\\\/zurzeit.at\\\/index.php\\\/politischer-moralismus-des-westens-bedroht-den-frieden\\\/\",\"name\":\"\\\"Politischer Moralismus des Westens bedroht den Frieden\\\" - ZurZeit\",\"isPartOf\":{\"@id\":\"https:\\\/\\\/zurzeit.at\\\/#website\"},\"primaryImageOfPage\":{\"@id\":\"https:\\\/\\\/zurzeit.at\\\/index.php\\\/politischer-moralismus-des-westens-bedroht-den-frieden\\\/#primaryimage\"},\"image\":{\"@id\":\"https:\\\/\\\/zurzeit.at\\\/index.php\\\/politischer-moralismus-des-westens-bedroht-den-frieden\\\/#primaryimage\"},\"thumbnailUrl\":\"https:\\\/\\\/zurzeit.at\\\/wp-content\\\/uploads\\\/2022\\\/11\\\/Group_photo_of_the_G7_members_at_the_Scholss_Elmau_summit_2.jpg\",\"datePublished\":\"2022-11-25T17:46:35+00:00\",\"dateModified\":\"2022-11-25T17:47:31+00:00\",\"author\":{\"@id\":\"https:\\\/\\\/zurzeit.at\\\/#\\\/schema\\\/person\\\/e6f4284c4ffdba25c26f295806088e37\"},\"breadcrumb\":{\"@id\":\"https:\\\/\\\/zurzeit.at\\\/index.php\\\/politischer-moralismus-des-westens-bedroht-den-frieden\\\/#breadcrumb\"},\"inLanguage\":\"de\",\"potentialAction\":[{\"@type\":\"ReadAction\",\"target\":[\"https:\\\/\\\/zurzeit.at\\\/index.php\\\/politischer-moralismus-des-westens-bedroht-den-frieden\\\/\"]}]},{\"@type\":\"ImageObject\",\"inLanguage\":\"de\",\"@id\":\"https:\\\/\\\/zurzeit.at\\\/index.php\\\/politischer-moralismus-des-westens-bedroht-den-frieden\\\/#primaryimage\",\"url\":\"https:\\\/\\\/zurzeit.at\\\/wp-content\\\/uploads\\\/2022\\\/11\\\/Group_photo_of_the_G7_members_at_the_Scholss_Elmau_summit_2.jpg\",\"contentUrl\":\"https:\\\/\\\/zurzeit.at\\\/wp-content\\\/uploads\\\/2022\\\/11\\\/Group_photo_of_the_G7_members_at_the_Scholss_Elmau_summit_2.jpg\",\"width\":1280,\"height\":704},{\"@type\":\"BreadcrumbList\",\"@id\":\"https:\\\/\\\/zurzeit.at\\\/index.php\\\/politischer-moralismus-des-westens-bedroht-den-frieden\\\/#breadcrumb\",\"itemListElement\":[{\"@type\":\"ListItem\",\"position\":1,\"name\":\"Startseite\",\"item\":\"https:\\\/\\\/zurzeit.at\\\/\"},{\"@type\":\"ListItem\",\"position\":2,\"name\":\"&#8220;Politischer Moralismus des Westens bedroht den Frieden&#8221;\"}]},{\"@type\":\"WebSite\",\"@id\":\"https:\\\/\\\/zurzeit.at\\\/#website\",\"url\":\"https:\\\/\\\/zurzeit.at\\\/\",\"name\":\"ZurZeit\",\"description\":\"Internetseite des Wochenmagazins ZurZeit\",\"potentialAction\":[{\"@type\":\"SearchAction\",\"target\":{\"@type\":\"EntryPoint\",\"urlTemplate\":\"https:\\\/\\\/zurzeit.at\\\/?s={search_term_string}\"},\"query-input\":{\"@type\":\"PropertyValueSpecification\",\"valueRequired\":true,\"valueName\":\"search_term_string\"}}],\"inLanguage\":\"de\"},{\"@type\":\"Person\",\"@id\":\"https:\\\/\\\/zurzeit.at\\\/#\\\/schema\\\/person\\\/e6f4284c4ffdba25c26f295806088e37\",\"name\":\"admin2\",\"image\":{\"@type\":\"ImageObject\",\"inLanguage\":\"de\",\"@id\":\"https:\\\/\\\/secure.gravatar.com\\\/avatar\\\/6b01edb108b3f79fc8950358251ecf3b91c228e319139ad1beec43b6b1b16470?s=96&d=mm&r=g\",\"url\":\"https:\\\/\\\/secure.gravatar.com\\\/avatar\\\/6b01edb108b3f79fc8950358251ecf3b91c228e319139ad1beec43b6b1b16470?s=96&d=mm&r=g\",\"contentUrl\":\"https:\\\/\\\/secure.gravatar.com\\\/avatar\\\/6b01edb108b3f79fc8950358251ecf3b91c228e319139ad1beec43b6b1b16470?s=96&d=mm&r=g\",\"caption\":\"admin2\"},\"url\":\"https:\\\/\\\/zurzeit.at\\\/index.php\\\/author\\\/admin2\\\/\"}]}<\/script>\n<!-- \/ Yoast SEO plugin. -->","yoast_head_json":{"title":"\"Politischer Moralismus des Westens bedroht den Frieden\" - ZurZeit","robots":{"index":"index","follow":"follow","max-snippet":"max-snippet:-1","max-image-preview":"max-image-preview:large","max-video-preview":"max-video-preview:-1"},"canonical":"https:\/\/zurzeit.at\/index.php\/politischer-moralismus-des-westens-bedroht-den-frieden\/","og_locale":"de_DE","og_type":"article","og_title":"\"Politischer Moralismus des Westens bedroht den Frieden\" - ZurZeit","og_description":"Autor: &#8211; Bild: Wikipedia\/kantei.go.jp Lizenz: CC BY 4.0 Der V\u00f6lkerrechter Anthony Carty \u00fcber Demokratie und&hellip;","og_url":"https:\/\/zurzeit.at\/index.php\/politischer-moralismus-des-westens-bedroht-den-frieden\/","og_site_name":"ZurZeit","article_publisher":"https:\/\/www.facebook.com\/wochenmagazinZurZeit\/","article_published_time":"2022-11-25T17:46:35+00:00","article_modified_time":"2022-11-25T17:47:31+00:00","og_image":[{"width":1280,"height":704,"url":"https:\/\/zurzeit.at\/wp-content\/uploads\/2022\/11\/Group_photo_of_the_G7_members_at_the_Scholss_Elmau_summit_2.jpg","type":"image\/jpeg"}],"author":"admin2","twitter_card":"summary_large_image","twitter_misc":{"Verfasst von":"admin2","Gesch\u00e4tzte Lesezeit":"6\u00a0Minuten"},"schema":{"@context":"https:\/\/schema.org","@graph":[{"@type":"Article","@id":"https:\/\/zurzeit.at\/index.php\/politischer-moralismus-des-westens-bedroht-den-frieden\/#article","isPartOf":{"@id":"https:\/\/zurzeit.at\/index.php\/politischer-moralismus-des-westens-bedroht-den-frieden\/"},"author":{"name":"admin2","@id":"https:\/\/zurzeit.at\/#\/schema\/person\/e6f4284c4ffdba25c26f295806088e37"},"headline":"&#8222;Politischer Moralismus des Westens bedroht den Frieden&#8220;","datePublished":"2022-11-25T17:46:35+00:00","dateModified":"2022-11-25T17:47:31+00:00","mainEntityOfPage":{"@id":"https:\/\/zurzeit.at\/index.php\/politischer-moralismus-des-westens-bedroht-den-frieden\/"},"wordCount":1283,"commentCount":1,"image":{"@id":"https:\/\/zurzeit.at\/index.php\/politischer-moralismus-des-westens-bedroht-den-frieden\/#primaryimage"},"thumbnailUrl":"https:\/\/zurzeit.at\/wp-content\/uploads\/2022\/11\/Group_photo_of_the_G7_members_at_the_Scholss_Elmau_summit_2.jpg","keywords":["Asien","China","Demokratie","EU","Osten","Westen"],"articleSection":["Ausland","Europa"],"inLanguage":"de","potentialAction":[{"@type":"CommentAction","name":"Comment","target":["https:\/\/zurzeit.at\/index.php\/politischer-moralismus-des-westens-bedroht-den-frieden\/#respond"]}]},{"@type":"WebPage","@id":"https:\/\/zurzeit.at\/index.php\/politischer-moralismus-des-westens-bedroht-den-frieden\/","url":"https:\/\/zurzeit.at\/index.php\/politischer-moralismus-des-westens-bedroht-den-frieden\/","name":"\"Politischer Moralismus des Westens bedroht den Frieden\" - ZurZeit","isPartOf":{"@id":"https:\/\/zurzeit.at\/#website"},"primaryImageOfPage":{"@id":"https:\/\/zurzeit.at\/index.php\/politischer-moralismus-des-westens-bedroht-den-frieden\/#primaryimage"},"image":{"@id":"https:\/\/zurzeit.at\/index.php\/politischer-moralismus-des-westens-bedroht-den-frieden\/#primaryimage"},"thumbnailUrl":"https:\/\/zurzeit.at\/wp-content\/uploads\/2022\/11\/Group_photo_of_the_G7_members_at_the_Scholss_Elmau_summit_2.jpg","datePublished":"2022-11-25T17:46:35+00:00","dateModified":"2022-11-25T17:47:31+00:00","author":{"@id":"https:\/\/zurzeit.at\/#\/schema\/person\/e6f4284c4ffdba25c26f295806088e37"},"breadcrumb":{"@id":"https:\/\/zurzeit.at\/index.php\/politischer-moralismus-des-westens-bedroht-den-frieden\/#breadcrumb"},"inLanguage":"de","potentialAction":[{"@type":"ReadAction","target":["https:\/\/zurzeit.at\/index.php\/politischer-moralismus-des-westens-bedroht-den-frieden\/"]}]},{"@type":"ImageObject","inLanguage":"de","@id":"https:\/\/zurzeit.at\/index.php\/politischer-moralismus-des-westens-bedroht-den-frieden\/#primaryimage","url":"https:\/\/zurzeit.at\/wp-content\/uploads\/2022\/11\/Group_photo_of_the_G7_members_at_the_Scholss_Elmau_summit_2.jpg","contentUrl":"https:\/\/zurzeit.at\/wp-content\/uploads\/2022\/11\/Group_photo_of_the_G7_members_at_the_Scholss_Elmau_summit_2.jpg","width":1280,"height":704},{"@type":"BreadcrumbList","@id":"https:\/\/zurzeit.at\/index.php\/politischer-moralismus-des-westens-bedroht-den-frieden\/#breadcrumb","itemListElement":[{"@type":"ListItem","position":1,"name":"Startseite","item":"https:\/\/zurzeit.at\/"},{"@type":"ListItem","position":2,"name":"&#8220;Politischer Moralismus des Westens bedroht den Frieden&#8221;"}]},{"@type":"WebSite","@id":"https:\/\/zurzeit.at\/#website","url":"https:\/\/zurzeit.at\/","name":"ZurZeit","description":"Internetseite des Wochenmagazins ZurZeit","potentialAction":[{"@type":"SearchAction","target":{"@type":"EntryPoint","urlTemplate":"https:\/\/zurzeit.at\/?s={search_term_string}"},"query-input":{"@type":"PropertyValueSpecification","valueRequired":true,"valueName":"search_term_string"}}],"inLanguage":"de"},{"@type":"Person","@id":"https:\/\/zurzeit.at\/#\/schema\/person\/e6f4284c4ffdba25c26f295806088e37","name":"admin2","image":{"@type":"ImageObject","inLanguage":"de","@id":"https:\/\/secure.gravatar.com\/avatar\/6b01edb108b3f79fc8950358251ecf3b91c228e319139ad1beec43b6b1b16470?s=96&d=mm&r=g","url":"https:\/\/secure.gravatar.com\/avatar\/6b01edb108b3f79fc8950358251ecf3b91c228e319139ad1beec43b6b1b16470?s=96&d=mm&r=g","contentUrl":"https:\/\/secure.gravatar.com\/avatar\/6b01edb108b3f79fc8950358251ecf3b91c228e319139ad1beec43b6b1b16470?s=96&d=mm&r=g","caption":"admin2"},"url":"https:\/\/zurzeit.at\/index.php\/author\/admin2\/"}]}},"_links":{"self":[{"href":"https:\/\/zurzeit.at\/index.php\/wp-json\/wp\/v2\/posts\/14998","targetHints":{"allow":["GET"]}}],"collection":[{"href":"https:\/\/zurzeit.at\/index.php\/wp-json\/wp\/v2\/posts"}],"about":[{"href":"https:\/\/zurzeit.at\/index.php\/wp-json\/wp\/v2\/types\/post"}],"author":[{"embeddable":true,"href":"https:\/\/zurzeit.at\/index.php\/wp-json\/wp\/v2\/users\/3"}],"replies":[{"embeddable":true,"href":"https:\/\/zurzeit.at\/index.php\/wp-json\/wp\/v2\/comments?post=14998"}],"version-history":[{"count":2,"href":"https:\/\/zurzeit.at\/index.php\/wp-json\/wp\/v2\/posts\/14998\/revisions"}],"predecessor-version":[{"id":15002,"href":"https:\/\/zurzeit.at\/index.php\/wp-json\/wp\/v2\/posts\/14998\/revisions\/15002"}],"wp:featuredmedia":[{"embeddable":true,"href":"https:\/\/zurzeit.at\/index.php\/wp-json\/wp\/v2\/media\/15000"}],"wp:attachment":[{"href":"https:\/\/zurzeit.at\/index.php\/wp-json\/wp\/v2\/media?parent=14998"}],"wp:term":[{"taxonomy":"category","embeddable":true,"href":"https:\/\/zurzeit.at\/index.php\/wp-json\/wp\/v2\/categories?post=14998"},{"taxonomy":"post_tag","embeddable":true,"href":"https:\/\/zurzeit.at\/index.php\/wp-json\/wp\/v2\/tags?post=14998"}],"curies":[{"name":"wp","href":"https:\/\/api.w.org\/{rel}","templated":true}]}}