{"id":15627,"date":"2023-01-30T11:40:32","date_gmt":"2023-01-30T10:40:32","guid":{"rendered":"http:\/\/zurzeit.at\/?p=15627"},"modified":"2023-01-30T11:40:32","modified_gmt":"2023-01-30T10:40:32","slug":"muenster-wilhelm-der-ploetzliche-muss-weichen","status":"publish","type":"post","link":"https:\/\/zurzeit.at\/index.php\/muenster-wilhelm-der-ploetzliche-muss-weichen\/","title":{"rendered":"M\u00fcnster: Wilhelm der Pl\u00f6tzliche muss weichen"},"content":{"rendered":"<p><span class=\"licensetpl_attr\">Autor: <a href=\"https:\/\/zurzeit.at\/index.php\/autoren\/\">G.B.<\/a> <\/span>Bild: <a href=\"https:\/\/commons.wikimedia.org\/wiki\/File:Kaiser_Wilhelm_II_of_Germany_-_1902.jpg\">Wikipedia\/photographs<\/a> L<span class=\"licensetpl_attr\">izenz: <a class=\"extiw\" title=\"w:public domain\" href=\"https:\/\/en.wikipedia.org\/wiki\/public_domain\">publi<\/a><a class=\"extiw\" title=\"w:public domain\" href=\"https:\/\/en.wikipedia.org\/wiki\/public_domain\">c<\/a><a class=\"extiw\" title=\"w:public domain\" href=\"https:\/\/en.wikipedia.org\/wiki\/public_domain\"> domain<\/a><br \/>\n<\/span><\/p>\n<hr \/>\n<h1>Universit\u00e4tssenat einstimmig f\u00fcr Umbenennung. Diskussion \u00fcber Alternativen<\/h1>\n<p>Der Senat der Universit\u00e4t M\u00fcnster votierte einstimmig f\u00fcr die Umbenennung der Westf\u00e4lischen Wilhelms Universit\u00e4t, WWU in M\u00fcnster. Laut dem Historiker Olaf Blaschke sei erwiesen, dass Kaiser Wilhelm II. \u201e\u00fcberaus militaristisch und nationalistisch, antislawisch und geradezu obsessiv antisemitisch war.\u201c Die entscheidende Abstimmung folgt nunmehr im April. Was am Ausgang jedoch keinen Zweifel wecken soll. Der Ring Christdemokratischer Studenten, RCDS, bedauerte die Entscheidung des Senats, m\u00f6chte jedoch an zuk\u00fcnftigen Alternativen mitwirken. So wurde durch die konservative Studentenschaft Edith Stein als neue Namensgeberin nominiert.<\/p>\n<p>Stein war eine katholische Ordensschwester j\u00fcdischer Abstammung. Als solche wurde sie dennoch ein Opfer des Nationalsozialismus im KZ Auschwitz. Papst Johannes Paul II. sprach Edith Stein, welche auch als Philosophin wissenschaftlich t\u00e4tig gewesen ist, heilig. Sie gilt als M\u00e4rtyrerin der Kirche. Ebenfalls im Gespr\u00e4ch als neue Namensgeberin ist Hannah Arendt. Die deutsch-j\u00fcdische Philosophin, welche in die USA emigrieren musste und als eine der Vordenkerinnen der 68er-Schule gilt. Georges Clemenceau erkl\u00e4rte w\u00e4hrend der Verhandlungen zu den Pariser Vorortvertr\u00e4gen: \u201eWilson hat 14 Punkte. Gott hatte zehn Gebote. Wir werden sehen.\u201c<\/p>\n<p>Jedenfalls muss Wilhelm II., mit dem Beinamen Wilhelm der Pl\u00f6tzliche, ob seiner erratischen Au\u00dfenpolitik, weichen. Mildernde Gr\u00fcnde wurden dem Kaiser, der nach dem Platz an der Sonne sowie Poseidons Triton strebte, nicht zuerkannt. Im Unterschied zu dem Begr\u00fcnder bzw. dem F\u00f6rderer der Eberhard-Karls-Universit\u00e4t im w\u00fcrttembergischen T\u00fcbingen. Graf Eberhard stiftete die Universit\u00e4t im Jahre 1477. Im Laufe seiner Regentschaft verwehrte er j\u00fcdischen B\u00fcrgern die Verl\u00e4ngerung zur Genehmigung zum Aufenthalt. Der Namensgeber und F\u00f6rderer der Universit\u00e4t, Herzog Karl Eugen, verkaufte Landeskinder nach \u00dcbersee im Zuge des sogenannten Soldatenhandels. So k\u00e4mpften diese als Rotr\u00f6cke im Amerikanischen Unabh\u00e4ngigkeitskrieg. Schon seinerzeit kritisiert durch Friedrich den Gro\u00dfen und thematisiert in Friedrich Schillers \u201eKabale und Liebe.\u201c Die Historikerkommission sprach davon, dass die F\u00f6rderer der Universit\u00e4t nun einmal Kinder ihrer Zeit gewesen sind, mit allen menschlichen M\u00e4ngeln. Die Abstammung ging 16:15 f\u00fcr die Beibehaltung des Namens aus.<\/p>\n<p>Kein Gl\u00fcck hingegen hatte Ernst Moritz Arndt an der Universit\u00e4t Greifswald. Zu offenkundig nationalistisch und militaristisch waren seine Texte, wie man sich heute ausdr\u00fccken w\u00fcrde. Die Liste der Umbenennungen findet sicherlich noch eine Fortsetzung. Leider.<\/p>\n","protected":false},"excerpt":{"rendered":"<p>Autor: G.B. Bild: Wikipedia\/photographs Lizenz: public domain Universit\u00e4tssenat einstimmig f\u00fcr Umbenennung. Diskussion \u00fcber Alternativen Der&hellip;<\/p>\n","protected":false},"author":3,"featured_media":15628,"comment_status":"open","ping_status":"closed","sticky":false,"template":"","format":"standard","meta":{"footnotes":""},"categories":[47],"tags":[8784,8780,8788,8787,8782,8781,223,8778,370,8783,8785,8777,8779,8786],"class_list":["post-15627","post","type-post","status-publish","format-standard","has-post-thumbnail","hentry","category-deutschland","tag-eberhard-karls-universitaet","tag-edith-stein","tag-ernst-moritz-arndt","tag-greifswald","tag-hannah-arendt","tag-johannes-paul-ii","tag-kulturmarxismus","tag-muenster","tag-politische-korrektheit","tag-rcds","tag-tuebingen","tag-westfaelische-wilhems-universitaet","tag-wilhelm-ii","tag-wuerttemberg"],"yoast_head":"<!-- This site is optimized with the Yoast SEO plugin v28.3 - https:\/\/yoast.com\/product\/yoast-seo-wordpress\/ -->\n<title>M\u00fcnster: Wilhelm der Pl\u00f6tzliche muss weichen - ZurZeit<\/title>\n<meta name=\"robots\" content=\"index, follow, max-snippet:-1, max-image-preview:large, max-video-preview:-1\" \/>\n<link rel=\"canonical\" href=\"https:\/\/zurzeit.at\/index.php\/muenster-wilhelm-der-ploetzliche-muss-weichen\/\" \/>\n<meta property=\"og:locale\" content=\"de_DE\" \/>\n<meta property=\"og:type\" content=\"article\" \/>\n<meta property=\"og:title\" content=\"M\u00fcnster: Wilhelm der Pl\u00f6tzliche muss weichen - ZurZeit\" \/>\n<meta property=\"og:description\" content=\"Autor: G.B. Bild: Wikipedia\/photographs Lizenz: public domain Universit\u00e4tssenat einstimmig f\u00fcr Umbenennung. Diskussion \u00fcber Alternativen Der&hellip;\" \/>\n<meta property=\"og:url\" content=\"https:\/\/zurzeit.at\/index.php\/muenster-wilhelm-der-ploetzliche-muss-weichen\/\" \/>\n<meta property=\"og:site_name\" content=\"ZurZeit\" \/>\n<meta property=\"article:publisher\" content=\"https:\/\/www.facebook.com\/wochenmagazinZurZeit\/\" \/>\n<meta property=\"article:published_time\" content=\"2023-01-30T10:40:32+00:00\" \/>\n<meta property=\"og:image\" content=\"https:\/\/zurzeit.at\/wp-content\/uploads\/2023\/01\/709px-Kaiser_Wilhelm_II_of_Germany_-_1902.jpg\" \/>\n\t<meta property=\"og:image:width\" content=\"709\" \/>\n\t<meta property=\"og:image:height\" content=\"1023\" \/>\n\t<meta property=\"og:image:type\" content=\"image\/jpeg\" \/>\n<meta name=\"author\" content=\"admin2\" \/>\n<meta name=\"twitter:card\" content=\"summary_large_image\" \/>\n<meta name=\"twitter:label1\" content=\"Verfasst von\" \/>\n\t<meta name=\"twitter:data1\" content=\"admin2\" \/>\n\t<meta name=\"twitter:label2\" content=\"Gesch\u00e4tzte Lesezeit\" \/>\n\t<meta name=\"twitter:data2\" content=\"2\u00a0Minuten\" \/>\n<script type=\"application\/ld+json\" class=\"yoast-schema-graph\">{\"@context\":\"https:\\\/\\\/schema.org\",\"@graph\":[{\"@type\":\"Article\",\"@id\":\"https:\\\/\\\/zurzeit.at\\\/index.php\\\/muenster-wilhelm-der-ploetzliche-muss-weichen\\\/#article\",\"isPartOf\":{\"@id\":\"https:\\\/\\\/zurzeit.at\\\/index.php\\\/muenster-wilhelm-der-ploetzliche-muss-weichen\\\/\"},\"author\":{\"name\":\"admin2\",\"@id\":\"https:\\\/\\\/zurzeit.at\\\/#\\\/schema\\\/person\\\/e6f4284c4ffdba25c26f295806088e37\"},\"headline\":\"M\u00fcnster: Wilhelm der Pl\u00f6tzliche muss weichen\",\"datePublished\":\"2023-01-30T10:40:32+00:00\",\"mainEntityOfPage\":{\"@id\":\"https:\\\/\\\/zurzeit.at\\\/index.php\\\/muenster-wilhelm-der-ploetzliche-muss-weichen\\\/\"},\"wordCount\":409,\"commentCount\":0,\"image\":{\"@id\":\"https:\\\/\\\/zurzeit.at\\\/index.php\\\/muenster-wilhelm-der-ploetzliche-muss-weichen\\\/#primaryimage\"},\"thumbnailUrl\":\"https:\\\/\\\/zurzeit.at\\\/wp-content\\\/uploads\\\/2023\\\/01\\\/709px-Kaiser_Wilhelm_II_of_Germany_-_1902.jpg\",\"keywords\":[\"Eberhard-Karls-Universit\u00e4t\",\"Edith Stein\",\"Ernst Moritz Arndt\",\"Greifswald\",\"Hannah Arendt\",\"Johannes Paul II\",\"Kulturmarxismus\",\"M\u00fcnster\",\"politische Korrektheit\",\"RCDS\",\"T\u00fcbingen\",\"Westf\u00e4lische Wilhems Universit\u00e4t\",\"Wilhelm II\",\"W\u00fcrttemberg\"],\"articleSection\":[\"Deutschland\"],\"inLanguage\":\"de\",\"potentialAction\":[{\"@type\":\"CommentAction\",\"name\":\"Comment\",\"target\":[\"https:\\\/\\\/zurzeit.at\\\/index.php\\\/muenster-wilhelm-der-ploetzliche-muss-weichen\\\/#respond\"]}]},{\"@type\":\"WebPage\",\"@id\":\"https:\\\/\\\/zurzeit.at\\\/index.php\\\/muenster-wilhelm-der-ploetzliche-muss-weichen\\\/\",\"url\":\"https:\\\/\\\/zurzeit.at\\\/index.php\\\/muenster-wilhelm-der-ploetzliche-muss-weichen\\\/\",\"name\":\"M\u00fcnster: Wilhelm der Pl\u00f6tzliche muss weichen - ZurZeit\",\"isPartOf\":{\"@id\":\"https:\\\/\\\/zurzeit.at\\\/#website\"},\"primaryImageOfPage\":{\"@id\":\"https:\\\/\\\/zurzeit.at\\\/index.php\\\/muenster-wilhelm-der-ploetzliche-muss-weichen\\\/#primaryimage\"},\"image\":{\"@id\":\"https:\\\/\\\/zurzeit.at\\\/index.php\\\/muenster-wilhelm-der-ploetzliche-muss-weichen\\\/#primaryimage\"},\"thumbnailUrl\":\"https:\\\/\\\/zurzeit.at\\\/wp-content\\\/uploads\\\/2023\\\/01\\\/709px-Kaiser_Wilhelm_II_of_Germany_-_1902.jpg\",\"datePublished\":\"2023-01-30T10:40:32+00:00\",\"author\":{\"@id\":\"https:\\\/\\\/zurzeit.at\\\/#\\\/schema\\\/person\\\/e6f4284c4ffdba25c26f295806088e37\"},\"breadcrumb\":{\"@id\":\"https:\\\/\\\/zurzeit.at\\\/index.php\\\/muenster-wilhelm-der-ploetzliche-muss-weichen\\\/#breadcrumb\"},\"inLanguage\":\"de\",\"potentialAction\":[{\"@type\":\"ReadAction\",\"target\":[\"https:\\\/\\\/zurzeit.at\\\/index.php\\\/muenster-wilhelm-der-ploetzliche-muss-weichen\\\/\"]}]},{\"@type\":\"ImageObject\",\"inLanguage\":\"de\",\"@id\":\"https:\\\/\\\/zurzeit.at\\\/index.php\\\/muenster-wilhelm-der-ploetzliche-muss-weichen\\\/#primaryimage\",\"url\":\"https:\\\/\\\/zurzeit.at\\\/wp-content\\\/uploads\\\/2023\\\/01\\\/709px-Kaiser_Wilhelm_II_of_Germany_-_1902.jpg\",\"contentUrl\":\"https:\\\/\\\/zurzeit.at\\\/wp-content\\\/uploads\\\/2023\\\/01\\\/709px-Kaiser_Wilhelm_II_of_Germany_-_1902.jpg\",\"width\":709,\"height\":1023},{\"@type\":\"BreadcrumbList\",\"@id\":\"https:\\\/\\\/zurzeit.at\\\/index.php\\\/muenster-wilhelm-der-ploetzliche-muss-weichen\\\/#breadcrumb\",\"itemListElement\":[{\"@type\":\"ListItem\",\"position\":1,\"name\":\"Startseite\",\"item\":\"https:\\\/\\\/zurzeit.at\\\/\"},{\"@type\":\"ListItem\",\"position\":2,\"name\":\"M\u00fcnster: Wilhelm der Pl\u00f6tzliche muss weichen\"}]},{\"@type\":\"WebSite\",\"@id\":\"https:\\\/\\\/zurzeit.at\\\/#website\",\"url\":\"https:\\\/\\\/zurzeit.at\\\/\",\"name\":\"ZurZeit\",\"description\":\"Internetseite des Wochenmagazins ZurZeit\",\"potentialAction\":[{\"@type\":\"SearchAction\",\"target\":{\"@type\":\"EntryPoint\",\"urlTemplate\":\"https:\\\/\\\/zurzeit.at\\\/?s={search_term_string}\"},\"query-input\":{\"@type\":\"PropertyValueSpecification\",\"valueRequired\":true,\"valueName\":\"search_term_string\"}}],\"inLanguage\":\"de\"},{\"@type\":\"Person\",\"@id\":\"https:\\\/\\\/zurzeit.at\\\/#\\\/schema\\\/person\\\/e6f4284c4ffdba25c26f295806088e37\",\"name\":\"admin2\",\"image\":{\"@type\":\"ImageObject\",\"inLanguage\":\"de\",\"@id\":\"https:\\\/\\\/secure.gravatar.com\\\/avatar\\\/6b01edb108b3f79fc8950358251ecf3b91c228e319139ad1beec43b6b1b16470?s=96&d=mm&r=g\",\"url\":\"https:\\\/\\\/secure.gravatar.com\\\/avatar\\\/6b01edb108b3f79fc8950358251ecf3b91c228e319139ad1beec43b6b1b16470?s=96&d=mm&r=g\",\"contentUrl\":\"https:\\\/\\\/secure.gravatar.com\\\/avatar\\\/6b01edb108b3f79fc8950358251ecf3b91c228e319139ad1beec43b6b1b16470?s=96&d=mm&r=g\",\"caption\":\"admin2\"},\"url\":\"https:\\\/\\\/zurzeit.at\\\/index.php\\\/author\\\/admin2\\\/\"}]}<\/script>\n<!-- \/ Yoast SEO plugin. -->","yoast_head_json":{"title":"M\u00fcnster: Wilhelm der Pl\u00f6tzliche muss weichen - ZurZeit","robots":{"index":"index","follow":"follow","max-snippet":"max-snippet:-1","max-image-preview":"max-image-preview:large","max-video-preview":"max-video-preview:-1"},"canonical":"https:\/\/zurzeit.at\/index.php\/muenster-wilhelm-der-ploetzliche-muss-weichen\/","og_locale":"de_DE","og_type":"article","og_title":"M\u00fcnster: Wilhelm der Pl\u00f6tzliche muss weichen - ZurZeit","og_description":"Autor: G.B. Bild: Wikipedia\/photographs Lizenz: public domain Universit\u00e4tssenat einstimmig f\u00fcr Umbenennung. Diskussion \u00fcber Alternativen Der&hellip;","og_url":"https:\/\/zurzeit.at\/index.php\/muenster-wilhelm-der-ploetzliche-muss-weichen\/","og_site_name":"ZurZeit","article_publisher":"https:\/\/www.facebook.com\/wochenmagazinZurZeit\/","article_published_time":"2023-01-30T10:40:32+00:00","og_image":[{"width":709,"height":1023,"url":"https:\/\/zurzeit.at\/wp-content\/uploads\/2023\/01\/709px-Kaiser_Wilhelm_II_of_Germany_-_1902.jpg","type":"image\/jpeg"}],"author":"admin2","twitter_card":"summary_large_image","twitter_misc":{"Verfasst von":"admin2","Gesch\u00e4tzte Lesezeit":"2\u00a0Minuten"},"schema":{"@context":"https:\/\/schema.org","@graph":[{"@type":"Article","@id":"https:\/\/zurzeit.at\/index.php\/muenster-wilhelm-der-ploetzliche-muss-weichen\/#article","isPartOf":{"@id":"https:\/\/zurzeit.at\/index.php\/muenster-wilhelm-der-ploetzliche-muss-weichen\/"},"author":{"name":"admin2","@id":"https:\/\/zurzeit.at\/#\/schema\/person\/e6f4284c4ffdba25c26f295806088e37"},"headline":"M\u00fcnster: Wilhelm der Pl\u00f6tzliche muss weichen","datePublished":"2023-01-30T10:40:32+00:00","mainEntityOfPage":{"@id":"https:\/\/zurzeit.at\/index.php\/muenster-wilhelm-der-ploetzliche-muss-weichen\/"},"wordCount":409,"commentCount":0,"image":{"@id":"https:\/\/zurzeit.at\/index.php\/muenster-wilhelm-der-ploetzliche-muss-weichen\/#primaryimage"},"thumbnailUrl":"https:\/\/zurzeit.at\/wp-content\/uploads\/2023\/01\/709px-Kaiser_Wilhelm_II_of_Germany_-_1902.jpg","keywords":["Eberhard-Karls-Universit\u00e4t","Edith Stein","Ernst Moritz Arndt","Greifswald","Hannah Arendt","Johannes Paul II","Kulturmarxismus","M\u00fcnster","politische Korrektheit","RCDS","T\u00fcbingen","Westf\u00e4lische Wilhems Universit\u00e4t","Wilhelm II","W\u00fcrttemberg"],"articleSection":["Deutschland"],"inLanguage":"de","potentialAction":[{"@type":"CommentAction","name":"Comment","target":["https:\/\/zurzeit.at\/index.php\/muenster-wilhelm-der-ploetzliche-muss-weichen\/#respond"]}]},{"@type":"WebPage","@id":"https:\/\/zurzeit.at\/index.php\/muenster-wilhelm-der-ploetzliche-muss-weichen\/","url":"https:\/\/zurzeit.at\/index.php\/muenster-wilhelm-der-ploetzliche-muss-weichen\/","name":"M\u00fcnster: Wilhelm der Pl\u00f6tzliche muss weichen - ZurZeit","isPartOf":{"@id":"https:\/\/zurzeit.at\/#website"},"primaryImageOfPage":{"@id":"https:\/\/zurzeit.at\/index.php\/muenster-wilhelm-der-ploetzliche-muss-weichen\/#primaryimage"},"image":{"@id":"https:\/\/zurzeit.at\/index.php\/muenster-wilhelm-der-ploetzliche-muss-weichen\/#primaryimage"},"thumbnailUrl":"https:\/\/zurzeit.at\/wp-content\/uploads\/2023\/01\/709px-Kaiser_Wilhelm_II_of_Germany_-_1902.jpg","datePublished":"2023-01-30T10:40:32+00:00","author":{"@id":"https:\/\/zurzeit.at\/#\/schema\/person\/e6f4284c4ffdba25c26f295806088e37"},"breadcrumb":{"@id":"https:\/\/zurzeit.at\/index.php\/muenster-wilhelm-der-ploetzliche-muss-weichen\/#breadcrumb"},"inLanguage":"de","potentialAction":[{"@type":"ReadAction","target":["https:\/\/zurzeit.at\/index.php\/muenster-wilhelm-der-ploetzliche-muss-weichen\/"]}]},{"@type":"ImageObject","inLanguage":"de","@id":"https:\/\/zurzeit.at\/index.php\/muenster-wilhelm-der-ploetzliche-muss-weichen\/#primaryimage","url":"https:\/\/zurzeit.at\/wp-content\/uploads\/2023\/01\/709px-Kaiser_Wilhelm_II_of_Germany_-_1902.jpg","contentUrl":"https:\/\/zurzeit.at\/wp-content\/uploads\/2023\/01\/709px-Kaiser_Wilhelm_II_of_Germany_-_1902.jpg","width":709,"height":1023},{"@type":"BreadcrumbList","@id":"https:\/\/zurzeit.at\/index.php\/muenster-wilhelm-der-ploetzliche-muss-weichen\/#breadcrumb","itemListElement":[{"@type":"ListItem","position":1,"name":"Startseite","item":"https:\/\/zurzeit.at\/"},{"@type":"ListItem","position":2,"name":"M\u00fcnster: Wilhelm der Pl\u00f6tzliche muss weichen"}]},{"@type":"WebSite","@id":"https:\/\/zurzeit.at\/#website","url":"https:\/\/zurzeit.at\/","name":"ZurZeit","description":"Internetseite des Wochenmagazins ZurZeit","potentialAction":[{"@type":"SearchAction","target":{"@type":"EntryPoint","urlTemplate":"https:\/\/zurzeit.at\/?s={search_term_string}"},"query-input":{"@type":"PropertyValueSpecification","valueRequired":true,"valueName":"search_term_string"}}],"inLanguage":"de"},{"@type":"Person","@id":"https:\/\/zurzeit.at\/#\/schema\/person\/e6f4284c4ffdba25c26f295806088e37","name":"admin2","image":{"@type":"ImageObject","inLanguage":"de","@id":"https:\/\/secure.gravatar.com\/avatar\/6b01edb108b3f79fc8950358251ecf3b91c228e319139ad1beec43b6b1b16470?s=96&d=mm&r=g","url":"https:\/\/secure.gravatar.com\/avatar\/6b01edb108b3f79fc8950358251ecf3b91c228e319139ad1beec43b6b1b16470?s=96&d=mm&r=g","contentUrl":"https:\/\/secure.gravatar.com\/avatar\/6b01edb108b3f79fc8950358251ecf3b91c228e319139ad1beec43b6b1b16470?s=96&d=mm&r=g","caption":"admin2"},"url":"https:\/\/zurzeit.at\/index.php\/author\/admin2\/"}]}},"_links":{"self":[{"href":"https:\/\/zurzeit.at\/index.php\/wp-json\/wp\/v2\/posts\/15627","targetHints":{"allow":["GET"]}}],"collection":[{"href":"https:\/\/zurzeit.at\/index.php\/wp-json\/wp\/v2\/posts"}],"about":[{"href":"https:\/\/zurzeit.at\/index.php\/wp-json\/wp\/v2\/types\/post"}],"author":[{"embeddable":true,"href":"https:\/\/zurzeit.at\/index.php\/wp-json\/wp\/v2\/users\/3"}],"replies":[{"embeddable":true,"href":"https:\/\/zurzeit.at\/index.php\/wp-json\/wp\/v2\/comments?post=15627"}],"version-history":[{"count":1,"href":"https:\/\/zurzeit.at\/index.php\/wp-json\/wp\/v2\/posts\/15627\/revisions"}],"predecessor-version":[{"id":15629,"href":"https:\/\/zurzeit.at\/index.php\/wp-json\/wp\/v2\/posts\/15627\/revisions\/15629"}],"wp:featuredmedia":[{"embeddable":true,"href":"https:\/\/zurzeit.at\/index.php\/wp-json\/wp\/v2\/media\/15628"}],"wp:attachment":[{"href":"https:\/\/zurzeit.at\/index.php\/wp-json\/wp\/v2\/media?parent=15627"}],"wp:term":[{"taxonomy":"category","embeddable":true,"href":"https:\/\/zurzeit.at\/index.php\/wp-json\/wp\/v2\/categories?post=15627"},{"taxonomy":"post_tag","embeddable":true,"href":"https:\/\/zurzeit.at\/index.php\/wp-json\/wp\/v2\/tags?post=15627"}],"curies":[{"name":"wp","href":"https:\/\/api.w.org\/{rel}","templated":true}]}}