{"id":15749,"date":"2023-02-10T18:55:22","date_gmt":"2023-02-10T17:55:22","guid":{"rendered":"http:\/\/zurzeit.at\/?p=15749"},"modified":"2023-02-13T18:14:18","modified_gmt":"2023-02-13T17:14:18","slug":"eu-gipfl-und-willkommenspolitik","status":"publish","type":"post","link":"https:\/\/zurzeit.at\/index.php\/eu-gipfl-und-willkommenspolitik\/","title":{"rendered":"EU-Gipfel und Willkommenspolitik"},"content":{"rendered":"<p><span class=\"licensetpl_attr\">Autor: <a href=\"https:\/\/zurzeit.at\/index.php\/autoren\/\">A.R.<\/a> <\/span>Bild: <a href=\"https:\/\/de.m.wikipedia.org\/wiki\/Datei:Herbert_Kickl_-_Pressekonferenz_am_1._Sep._2020.JPG\">Wikipedia\/C.Stadler\/Bwag<\/a> L<span class=\"licensetpl_attr\">izenz: <a href=\"https:\/\/creativecommons.org\/licenses\/by-sa\/4.0\/deed.de\">CC BY-SA 4.0<\/a><br \/>\n<\/span><\/p>\n<hr \/>\n<h1>Die Freiheitliche Partei \u00d6sterreichs (FP\u00d6) hat heute scharfe Kritik an den Ergebnissen des EU-Gipfels im Bereich der illegalen Migration ge\u00e4u\u00dfert. FP\u00d6-Bundesparteiobmann Herbert Kickl bezeichnete die Leistungen von \u00d6VP-Kanzler Nehammer als &#8222;Nullergebnis&#8220; und einen &#8222;Bauchfleck&#8220;, der vor der EU und der illegalen Masseneinwanderung zum Schaden \u00d6sterreichs hingelegt wurde. Kickl kritisierte die Regierung daf\u00fcr, dass sie keine restriktiven Ma\u00dfnahmen gegen das Asylchaos setzt und die Verantwortung auf die EU schiebt, die Teil des Problems statt Teil der L\u00f6sung w\u00e4re.<\/h1>\n<p>Kickl fordert die Regierung auf, sofort die &#8222;neue V\u00f6lkerwanderung&#8220; an \u00d6sterreichs Grenzen zu stoppen und Grenzbarrieren an neuralgischen Punkten zu errichten. Er betont, dass die FP\u00d6 bereits mit ihrem 23-Ma\u00dfnahmen-Paket f\u00fcr einen sofortigen Asylstopp einen Plan auf den Tisch gelegt hat, der die illegale Massenzuwanderung in \u00d6sterreich stoppen kann. Dazu geh\u00f6ren unter anderem echter Grenzschutz, Wiederer\u00f6ffnung von Ausreisezentren und konsequente Abschiebungen.<\/p>\n<p>Laut Kickl bleibt &#8222;die Festung Europa&#8220; ein &#8222;blo\u00dfes Luftschloss&#8220;, deshalb sei die Errichtung einer &#8222;Festung \u00d6sterreich&#8220; dringender denn je. Er fordert ein Ende der &#8222;Willkommenspolitik&#8220;, deren Kosten auf die B\u00fcrger \u00fcbergehen w\u00fcrden, und betont, dass \u00d6sterreich als Zielland f\u00fcr illegale Einwanderer so unattraktiv wie m\u00f6glich gemacht werden m\u00fcsse.<\/p>\n","protected":false},"excerpt":{"rendered":"<p>Autor: A.R. Bild: Wikipedia\/C.Stadler\/Bwag Lizenz: CC BY-SA 4.0 Die Freiheitliche Partei \u00d6sterreichs (FP\u00d6) hat heute&hellip;<\/p>\n","protected":false},"author":3,"featured_media":15750,"comment_status":"open","ping_status":"closed","sticky":false,"template":"","format":"standard","meta":{"footnotes":""},"categories":[48,46],"tags":[89,93,1100,169,164,6582],"class_list":["post-15749","post","type-post","status-publish","format-standard","has-post-thumbnail","hentry","category-europa","category-oesterreich","tag-eu","tag-fpoe","tag-illegale-migration","tag-kickl","tag-oesterreich","tag-willkommenspolitik"],"yoast_head":"<!-- This site is optimized with the Yoast SEO plugin v28.3 - https:\/\/yoast.com\/product\/yoast-seo-wordpress\/ -->\n<title>EU-Gipfel und Willkommenspolitik - ZurZeit<\/title>\n<meta name=\"robots\" content=\"index, follow, max-snippet:-1, max-image-preview:large, max-video-preview:-1\" \/>\n<link rel=\"canonical\" href=\"https:\/\/zurzeit.at\/index.php\/eu-gipfl-und-willkommenspolitik\/\" \/>\n<meta property=\"og:locale\" content=\"de_DE\" \/>\n<meta property=\"og:type\" content=\"article\" \/>\n<meta property=\"og:title\" content=\"EU-Gipfel und Willkommenspolitik - ZurZeit\" \/>\n<meta property=\"og:description\" content=\"Autor: A.R. Bild: Wikipedia\/C.Stadler\/Bwag Lizenz: CC BY-SA 4.0 Die Freiheitliche Partei \u00d6sterreichs (FP\u00d6) hat heute&hellip;\" \/>\n<meta property=\"og:url\" content=\"https:\/\/zurzeit.at\/index.php\/eu-gipfl-und-willkommenspolitik\/\" \/>\n<meta property=\"og:site_name\" content=\"ZurZeit\" \/>\n<meta property=\"article:publisher\" content=\"https:\/\/www.facebook.com\/wochenmagazinZurZeit\/\" \/>\n<meta property=\"article:published_time\" content=\"2023-02-10T17:55:22+00:00\" \/>\n<meta property=\"article:modified_time\" content=\"2023-02-13T17:14:18+00:00\" \/>\n<meta property=\"og:image\" content=\"https:\/\/zurzeit.at\/wp-content\/uploads\/2023\/02\/Herbert_Kickl_-_Pressekonferenz_am_1._Sep._2020.jpg\" \/>\n\t<meta property=\"og:image:width\" content=\"768\" \/>\n\t<meta property=\"og:image:height\" content=\"1024\" \/>\n\t<meta property=\"og:image:type\" content=\"image\/jpeg\" \/>\n<meta name=\"author\" content=\"admin2\" \/>\n<meta name=\"twitter:card\" content=\"summary_large_image\" \/>\n<meta name=\"twitter:label1\" content=\"Verfasst von\" \/>\n\t<meta name=\"twitter:data1\" content=\"admin2\" \/>\n\t<meta name=\"twitter:label2\" content=\"Gesch\u00e4tzte Lesezeit\" \/>\n\t<meta name=\"twitter:data2\" content=\"1\u00a0Minute\" \/>\n<script type=\"application\/ld+json\" class=\"yoast-schema-graph\">{\"@context\":\"https:\\\/\\\/schema.org\",\"@graph\":[{\"@type\":\"Article\",\"@id\":\"https:\\\/\\\/zurzeit.at\\\/index.php\\\/eu-gipfl-und-willkommenspolitik\\\/#article\",\"isPartOf\":{\"@id\":\"https:\\\/\\\/zurzeit.at\\\/index.php\\\/eu-gipfl-und-willkommenspolitik\\\/\"},\"author\":{\"name\":\"admin2\",\"@id\":\"https:\\\/\\\/zurzeit.at\\\/#\\\/schema\\\/person\\\/e6f4284c4ffdba25c26f295806088e37\"},\"headline\":\"EU-Gipfel und Willkommenspolitik\",\"datePublished\":\"2023-02-10T17:55:22+00:00\",\"dateModified\":\"2023-02-13T17:14:18+00:00\",\"mainEntityOfPage\":{\"@id\":\"https:\\\/\\\/zurzeit.at\\\/index.php\\\/eu-gipfl-und-willkommenspolitik\\\/\"},\"wordCount\":218,\"commentCount\":0,\"image\":{\"@id\":\"https:\\\/\\\/zurzeit.at\\\/index.php\\\/eu-gipfl-und-willkommenspolitik\\\/#primaryimage\"},\"thumbnailUrl\":\"https:\\\/\\\/zurzeit.at\\\/wp-content\\\/uploads\\\/2023\\\/02\\\/Herbert_Kickl_-_Pressekonferenz_am_1._Sep._2020.jpg\",\"keywords\":[\"EU\",\"FP\u00d6\",\"illegale Migration\",\"Kickl\",\"\u00d6sterreich\",\"Willkommenspolitik\"],\"articleSection\":[\"Europa\",\"\u00d6sterreich\"],\"inLanguage\":\"de\",\"potentialAction\":[{\"@type\":\"CommentAction\",\"name\":\"Comment\",\"target\":[\"https:\\\/\\\/zurzeit.at\\\/index.php\\\/eu-gipfl-und-willkommenspolitik\\\/#respond\"]}]},{\"@type\":\"WebPage\",\"@id\":\"https:\\\/\\\/zurzeit.at\\\/index.php\\\/eu-gipfl-und-willkommenspolitik\\\/\",\"url\":\"https:\\\/\\\/zurzeit.at\\\/index.php\\\/eu-gipfl-und-willkommenspolitik\\\/\",\"name\":\"EU-Gipfel und Willkommenspolitik - ZurZeit\",\"isPartOf\":{\"@id\":\"https:\\\/\\\/zurzeit.at\\\/#website\"},\"primaryImageOfPage\":{\"@id\":\"https:\\\/\\\/zurzeit.at\\\/index.php\\\/eu-gipfl-und-willkommenspolitik\\\/#primaryimage\"},\"image\":{\"@id\":\"https:\\\/\\\/zurzeit.at\\\/index.php\\\/eu-gipfl-und-willkommenspolitik\\\/#primaryimage\"},\"thumbnailUrl\":\"https:\\\/\\\/zurzeit.at\\\/wp-content\\\/uploads\\\/2023\\\/02\\\/Herbert_Kickl_-_Pressekonferenz_am_1._Sep._2020.jpg\",\"datePublished\":\"2023-02-10T17:55:22+00:00\",\"dateModified\":\"2023-02-13T17:14:18+00:00\",\"author\":{\"@id\":\"https:\\\/\\\/zurzeit.at\\\/#\\\/schema\\\/person\\\/e6f4284c4ffdba25c26f295806088e37\"},\"breadcrumb\":{\"@id\":\"https:\\\/\\\/zurzeit.at\\\/index.php\\\/eu-gipfl-und-willkommenspolitik\\\/#breadcrumb\"},\"inLanguage\":\"de\",\"potentialAction\":[{\"@type\":\"ReadAction\",\"target\":[\"https:\\\/\\\/zurzeit.at\\\/index.php\\\/eu-gipfl-und-willkommenspolitik\\\/\"]}]},{\"@type\":\"ImageObject\",\"inLanguage\":\"de\",\"@id\":\"https:\\\/\\\/zurzeit.at\\\/index.php\\\/eu-gipfl-und-willkommenspolitik\\\/#primaryimage\",\"url\":\"https:\\\/\\\/zurzeit.at\\\/wp-content\\\/uploads\\\/2023\\\/02\\\/Herbert_Kickl_-_Pressekonferenz_am_1._Sep._2020.jpg\",\"contentUrl\":\"https:\\\/\\\/zurzeit.at\\\/wp-content\\\/uploads\\\/2023\\\/02\\\/Herbert_Kickl_-_Pressekonferenz_am_1._Sep._2020.jpg\",\"width\":768,\"height\":1024},{\"@type\":\"BreadcrumbList\",\"@id\":\"https:\\\/\\\/zurzeit.at\\\/index.php\\\/eu-gipfl-und-willkommenspolitik\\\/#breadcrumb\",\"itemListElement\":[{\"@type\":\"ListItem\",\"position\":1,\"name\":\"Startseite\",\"item\":\"https:\\\/\\\/zurzeit.at\\\/\"},{\"@type\":\"ListItem\",\"position\":2,\"name\":\"EU-Gipfel und Willkommenspolitik\"}]},{\"@type\":\"WebSite\",\"@id\":\"https:\\\/\\\/zurzeit.at\\\/#website\",\"url\":\"https:\\\/\\\/zurzeit.at\\\/\",\"name\":\"ZurZeit\",\"description\":\"Internetseite des Wochenmagazins ZurZeit\",\"potentialAction\":[{\"@type\":\"SearchAction\",\"target\":{\"@type\":\"EntryPoint\",\"urlTemplate\":\"https:\\\/\\\/zurzeit.at\\\/?s={search_term_string}\"},\"query-input\":{\"@type\":\"PropertyValueSpecification\",\"valueRequired\":true,\"valueName\":\"search_term_string\"}}],\"inLanguage\":\"de\"},{\"@type\":\"Person\",\"@id\":\"https:\\\/\\\/zurzeit.at\\\/#\\\/schema\\\/person\\\/e6f4284c4ffdba25c26f295806088e37\",\"name\":\"admin2\",\"image\":{\"@type\":\"ImageObject\",\"inLanguage\":\"de\",\"@id\":\"https:\\\/\\\/secure.gravatar.com\\\/avatar\\\/6b01edb108b3f79fc8950358251ecf3b91c228e319139ad1beec43b6b1b16470?s=96&d=mm&r=g\",\"url\":\"https:\\\/\\\/secure.gravatar.com\\\/avatar\\\/6b01edb108b3f79fc8950358251ecf3b91c228e319139ad1beec43b6b1b16470?s=96&d=mm&r=g\",\"contentUrl\":\"https:\\\/\\\/secure.gravatar.com\\\/avatar\\\/6b01edb108b3f79fc8950358251ecf3b91c228e319139ad1beec43b6b1b16470?s=96&d=mm&r=g\",\"caption\":\"admin2\"},\"url\":\"https:\\\/\\\/zurzeit.at\\\/index.php\\\/author\\\/admin2\\\/\"}]}<\/script>\n<!-- \/ Yoast SEO plugin. -->","yoast_head_json":{"title":"EU-Gipfel und Willkommenspolitik - ZurZeit","robots":{"index":"index","follow":"follow","max-snippet":"max-snippet:-1","max-image-preview":"max-image-preview:large","max-video-preview":"max-video-preview:-1"},"canonical":"https:\/\/zurzeit.at\/index.php\/eu-gipfl-und-willkommenspolitik\/","og_locale":"de_DE","og_type":"article","og_title":"EU-Gipfel und Willkommenspolitik - ZurZeit","og_description":"Autor: A.R. Bild: Wikipedia\/C.Stadler\/Bwag Lizenz: CC BY-SA 4.0 Die Freiheitliche Partei \u00d6sterreichs (FP\u00d6) hat heute&hellip;","og_url":"https:\/\/zurzeit.at\/index.php\/eu-gipfl-und-willkommenspolitik\/","og_site_name":"ZurZeit","article_publisher":"https:\/\/www.facebook.com\/wochenmagazinZurZeit\/","article_published_time":"2023-02-10T17:55:22+00:00","article_modified_time":"2023-02-13T17:14:18+00:00","og_image":[{"width":768,"height":1024,"url":"https:\/\/zurzeit.at\/wp-content\/uploads\/2023\/02\/Herbert_Kickl_-_Pressekonferenz_am_1._Sep._2020.jpg","type":"image\/jpeg"}],"author":"admin2","twitter_card":"summary_large_image","twitter_misc":{"Verfasst von":"admin2","Gesch\u00e4tzte Lesezeit":"1\u00a0Minute"},"schema":{"@context":"https:\/\/schema.org","@graph":[{"@type":"Article","@id":"https:\/\/zurzeit.at\/index.php\/eu-gipfl-und-willkommenspolitik\/#article","isPartOf":{"@id":"https:\/\/zurzeit.at\/index.php\/eu-gipfl-und-willkommenspolitik\/"},"author":{"name":"admin2","@id":"https:\/\/zurzeit.at\/#\/schema\/person\/e6f4284c4ffdba25c26f295806088e37"},"headline":"EU-Gipfel und Willkommenspolitik","datePublished":"2023-02-10T17:55:22+00:00","dateModified":"2023-02-13T17:14:18+00:00","mainEntityOfPage":{"@id":"https:\/\/zurzeit.at\/index.php\/eu-gipfl-und-willkommenspolitik\/"},"wordCount":218,"commentCount":0,"image":{"@id":"https:\/\/zurzeit.at\/index.php\/eu-gipfl-und-willkommenspolitik\/#primaryimage"},"thumbnailUrl":"https:\/\/zurzeit.at\/wp-content\/uploads\/2023\/02\/Herbert_Kickl_-_Pressekonferenz_am_1._Sep._2020.jpg","keywords":["EU","FP\u00d6","illegale Migration","Kickl","\u00d6sterreich","Willkommenspolitik"],"articleSection":["Europa","\u00d6sterreich"],"inLanguage":"de","potentialAction":[{"@type":"CommentAction","name":"Comment","target":["https:\/\/zurzeit.at\/index.php\/eu-gipfl-und-willkommenspolitik\/#respond"]}]},{"@type":"WebPage","@id":"https:\/\/zurzeit.at\/index.php\/eu-gipfl-und-willkommenspolitik\/","url":"https:\/\/zurzeit.at\/index.php\/eu-gipfl-und-willkommenspolitik\/","name":"EU-Gipfel und Willkommenspolitik - ZurZeit","isPartOf":{"@id":"https:\/\/zurzeit.at\/#website"},"primaryImageOfPage":{"@id":"https:\/\/zurzeit.at\/index.php\/eu-gipfl-und-willkommenspolitik\/#primaryimage"},"image":{"@id":"https:\/\/zurzeit.at\/index.php\/eu-gipfl-und-willkommenspolitik\/#primaryimage"},"thumbnailUrl":"https:\/\/zurzeit.at\/wp-content\/uploads\/2023\/02\/Herbert_Kickl_-_Pressekonferenz_am_1._Sep._2020.jpg","datePublished":"2023-02-10T17:55:22+00:00","dateModified":"2023-02-13T17:14:18+00:00","author":{"@id":"https:\/\/zurzeit.at\/#\/schema\/person\/e6f4284c4ffdba25c26f295806088e37"},"breadcrumb":{"@id":"https:\/\/zurzeit.at\/index.php\/eu-gipfl-und-willkommenspolitik\/#breadcrumb"},"inLanguage":"de","potentialAction":[{"@type":"ReadAction","target":["https:\/\/zurzeit.at\/index.php\/eu-gipfl-und-willkommenspolitik\/"]}]},{"@type":"ImageObject","inLanguage":"de","@id":"https:\/\/zurzeit.at\/index.php\/eu-gipfl-und-willkommenspolitik\/#primaryimage","url":"https:\/\/zurzeit.at\/wp-content\/uploads\/2023\/02\/Herbert_Kickl_-_Pressekonferenz_am_1._Sep._2020.jpg","contentUrl":"https:\/\/zurzeit.at\/wp-content\/uploads\/2023\/02\/Herbert_Kickl_-_Pressekonferenz_am_1._Sep._2020.jpg","width":768,"height":1024},{"@type":"BreadcrumbList","@id":"https:\/\/zurzeit.at\/index.php\/eu-gipfl-und-willkommenspolitik\/#breadcrumb","itemListElement":[{"@type":"ListItem","position":1,"name":"Startseite","item":"https:\/\/zurzeit.at\/"},{"@type":"ListItem","position":2,"name":"EU-Gipfel und Willkommenspolitik"}]},{"@type":"WebSite","@id":"https:\/\/zurzeit.at\/#website","url":"https:\/\/zurzeit.at\/","name":"ZurZeit","description":"Internetseite des Wochenmagazins ZurZeit","potentialAction":[{"@type":"SearchAction","target":{"@type":"EntryPoint","urlTemplate":"https:\/\/zurzeit.at\/?s={search_term_string}"},"query-input":{"@type":"PropertyValueSpecification","valueRequired":true,"valueName":"search_term_string"}}],"inLanguage":"de"},{"@type":"Person","@id":"https:\/\/zurzeit.at\/#\/schema\/person\/e6f4284c4ffdba25c26f295806088e37","name":"admin2","image":{"@type":"ImageObject","inLanguage":"de","@id":"https:\/\/secure.gravatar.com\/avatar\/6b01edb108b3f79fc8950358251ecf3b91c228e319139ad1beec43b6b1b16470?s=96&d=mm&r=g","url":"https:\/\/secure.gravatar.com\/avatar\/6b01edb108b3f79fc8950358251ecf3b91c228e319139ad1beec43b6b1b16470?s=96&d=mm&r=g","contentUrl":"https:\/\/secure.gravatar.com\/avatar\/6b01edb108b3f79fc8950358251ecf3b91c228e319139ad1beec43b6b1b16470?s=96&d=mm&r=g","caption":"admin2"},"url":"https:\/\/zurzeit.at\/index.php\/author\/admin2\/"}]}},"_links":{"self":[{"href":"https:\/\/zurzeit.at\/index.php\/wp-json\/wp\/v2\/posts\/15749","targetHints":{"allow":["GET"]}}],"collection":[{"href":"https:\/\/zurzeit.at\/index.php\/wp-json\/wp\/v2\/posts"}],"about":[{"href":"https:\/\/zurzeit.at\/index.php\/wp-json\/wp\/v2\/types\/post"}],"author":[{"embeddable":true,"href":"https:\/\/zurzeit.at\/index.php\/wp-json\/wp\/v2\/users\/3"}],"replies":[{"embeddable":true,"href":"https:\/\/zurzeit.at\/index.php\/wp-json\/wp\/v2\/comments?post=15749"}],"version-history":[{"count":2,"href":"https:\/\/zurzeit.at\/index.php\/wp-json\/wp\/v2\/posts\/15749\/revisions"}],"predecessor-version":[{"id":15754,"href":"https:\/\/zurzeit.at\/index.php\/wp-json\/wp\/v2\/posts\/15749\/revisions\/15754"}],"wp:featuredmedia":[{"embeddable":true,"href":"https:\/\/zurzeit.at\/index.php\/wp-json\/wp\/v2\/media\/15750"}],"wp:attachment":[{"href":"https:\/\/zurzeit.at\/index.php\/wp-json\/wp\/v2\/media?parent=15749"}],"wp:term":[{"taxonomy":"category","embeddable":true,"href":"https:\/\/zurzeit.at\/index.php\/wp-json\/wp\/v2\/categories?post=15749"},{"taxonomy":"post_tag","embeddable":true,"href":"https:\/\/zurzeit.at\/index.php\/wp-json\/wp\/v2\/tags?post=15749"}],"curies":[{"name":"wp","href":"https:\/\/api.w.org\/{rel}","templated":true}]}}