{"id":15942,"date":"2023-03-02T16:59:00","date_gmt":"2023-03-02T15:59:00","guid":{"rendered":"http:\/\/zurzeit.at\/?p=15942"},"modified":"2023-03-02T16:59:00","modified_gmt":"2023-03-02T15:59:00","slug":"greifswald-buerger-haben-von-migranten-wahnsinn-genug","status":"publish","type":"post","link":"https:\/\/zurzeit.at\/index.php\/greifswald-buerger-haben-von-migranten-wahnsinn-genug\/","title":{"rendered":"Greifswald: B\u00fcrger haben von Migranten-Wahnsinn genug"},"content":{"rendered":"<p><span class=\"licensetpl_attr\">Autor: <a href=\"https:\/\/zurzeit.at\/index.php\/autoren\/\">A.R.<\/a> <\/span>Bild: <a href=\"https:\/\/en.wikipedia.org\/wiki\/Greifswald#\/media\/File:Greifswald_-_Town_Hall.jpg\">Wikipedia\/<span class=\"mw-mmv-source-author\"><span class=\"mw-mmv-author\">Harald909<\/span><\/span><\/a> Lizenz: <a class=\"mw-mmv-license\" href=\"http:\/\/creativecommons.org\/licenses\/by-sa\/3.0\/\" target=\"_blank\" rel=\"noopener\">CC BY-SA 3.0<\/a><\/p>\n<hr \/>\n<h1>In der Mecklenburgischen Kreisstadt haben sich 500 Menschen gegen eine geplante Fl\u00fcchtlingsunterkunft versammelt und demonstriert. Der Oberb\u00fcrgermeister Stefan Fassbinder (Gr\u00fcne) geriet bei seiner Teilnahme an der Sitzung der Ortsteilvertretung im Ostseeviertel in eine \u201egef\u00e4hrliche\u201c Lage und musste von der Polizei besch\u00fctzt werden. Dies zeigt einmal mehr, dass die gesamte Fl\u00fcchtlingspolitik der Regierung ein totaler Reinfall ist und Konflikte in der Gesellschaft sch\u00fcrt.<\/h1>\n<p>Nicht lange dauerte es bis die Denunzierung den protestierenden B\u00fcrgern folgte. Unter den Demonstranten w\u00e4ren laut Polizei mindestens 20 Menschen gewesen, die der \u201crechtsextremen Szene\u201d zuzuordnen seien. Nat\u00fcrlich gab es auch eine Gegendemonstration von \u201cbesorgten Menschenrechtlern\u201d &#8211; wie die linksextremen Konsorten oft bezeichnet werden. Allerdings versammelten sich gerade einmal 30 Gutmenschen, die gegen Rassismus protestierten. Diese haben aber au\u00dfer dem angeblichen \u201cRechtsextremismus\u201d nichts zu bef\u00fcrchten: Der Landkreis Vorpommern-Greifswald bewilligte trotz der Proteste finanzielle Mittel f\u00fcr die geplante Unterkunft, die f\u00fcr etwa 500 Gefl\u00fcchtete vorgesehen ist.<\/p>\n<p>Und das, obwohl sich die Ortsteilvertretung einstimmig gegen die geplante Unterkunft aussprach. Diese kritisierte das Vorhaben vor allem deswegen, da der Standort in direkter Nachbarschaft einer Schule liegt &#8211; und offensichtliche Bedenken wegen vermeintlichen Problemen existieren. Abzuwarten bleibt, wie sehr das Thema Migration und Fl\u00fcchtlinge noch eskalieren muss, bis die Politik zur Vernunft gelangt. Zu bef\u00fcrchten ist jedenfalls, dass es nicht mehr lange dauert, bis es zu massiven, handfesten Eskalationen kommr, wenn das seitens der Beh\u00f6rden so gehandhabt wird.<\/p>\n","protected":false},"excerpt":{"rendered":"<p>Autor: A.R. Bild: Wikipedia\/Harald909 Lizenz: CC BY-SA 3.0 In der Mecklenburgischen Kreisstadt haben sich 500&hellip;<\/p>\n","protected":false},"author":3,"featured_media":15943,"comment_status":"open","ping_status":"closed","sticky":false,"template":"","format":"standard","meta":{"footnotes":""},"categories":[47],"tags":[5201,8787,8923,1609,63,580],"class_list":["post-15942","post","type-post","status-publish","format-standard","has-post-thumbnail","hentry","category-deutschland","tag-fluechtlingsunterkunft","tag-greifswald","tag-politische-kontroverse","tag-proteste","tag-rassismus","tag-rechtsextremismus"],"yoast_head":"<!-- This site is optimized with the Yoast SEO plugin v28.3 - https:\/\/yoast.com\/product\/yoast-seo-wordpress\/ -->\n<title>Greifswald: B\u00fcrger haben von Migranten-Wahnsinn genug - ZurZeit<\/title>\n<meta name=\"robots\" content=\"index, follow, max-snippet:-1, max-image-preview:large, max-video-preview:-1\" \/>\n<link rel=\"canonical\" href=\"https:\/\/zurzeit.at\/index.php\/greifswald-buerger-haben-von-migranten-wahnsinn-genug\/\" \/>\n<meta property=\"og:locale\" content=\"de_DE\" \/>\n<meta property=\"og:type\" content=\"article\" \/>\n<meta property=\"og:title\" content=\"Greifswald: B\u00fcrger haben von Migranten-Wahnsinn genug - ZurZeit\" \/>\n<meta property=\"og:description\" content=\"Autor: A.R. Bild: Wikipedia\/Harald909 Lizenz: CC BY-SA 3.0 In der Mecklenburgischen Kreisstadt haben sich 500&hellip;\" \/>\n<meta property=\"og:url\" content=\"https:\/\/zurzeit.at\/index.php\/greifswald-buerger-haben-von-migranten-wahnsinn-genug\/\" \/>\n<meta property=\"og:site_name\" content=\"ZurZeit\" \/>\n<meta property=\"article:publisher\" content=\"https:\/\/www.facebook.com\/wochenmagazinZurZeit\/\" \/>\n<meta property=\"article:published_time\" content=\"2023-03-02T15:59:00+00:00\" \/>\n<meta property=\"og:image\" content=\"https:\/\/zurzeit.at\/wp-content\/uploads\/2023\/03\/Greifswald_-_Town_Hall.jpeg\" \/>\n\t<meta property=\"og:image:width\" content=\"800\" \/>\n\t<meta property=\"og:image:height\" content=\"531\" \/>\n\t<meta property=\"og:image:type\" content=\"image\/jpeg\" \/>\n<meta name=\"author\" content=\"admin2\" \/>\n<meta name=\"twitter:card\" content=\"summary_large_image\" \/>\n<meta name=\"twitter:label1\" content=\"Verfasst von\" \/>\n\t<meta name=\"twitter:data1\" content=\"admin2\" \/>\n\t<meta name=\"twitter:label2\" content=\"Gesch\u00e4tzte Lesezeit\" \/>\n\t<meta name=\"twitter:data2\" content=\"2\u00a0Minuten\" \/>\n<script type=\"application\/ld+json\" class=\"yoast-schema-graph\">{\"@context\":\"https:\\\/\\\/schema.org\",\"@graph\":[{\"@type\":\"Article\",\"@id\":\"https:\\\/\\\/zurzeit.at\\\/index.php\\\/greifswald-buerger-haben-von-migranten-wahnsinn-genug\\\/#article\",\"isPartOf\":{\"@id\":\"https:\\\/\\\/zurzeit.at\\\/index.php\\\/greifswald-buerger-haben-von-migranten-wahnsinn-genug\\\/\"},\"author\":{\"name\":\"admin2\",\"@id\":\"https:\\\/\\\/zurzeit.at\\\/#\\\/schema\\\/person\\\/e6f4284c4ffdba25c26f295806088e37\"},\"headline\":\"Greifswald: B\u00fcrger haben von Migranten-Wahnsinn genug\",\"datePublished\":\"2023-03-02T15:59:00+00:00\",\"mainEntityOfPage\":{\"@id\":\"https:\\\/\\\/zurzeit.at\\\/index.php\\\/greifswald-buerger-haben-von-migranten-wahnsinn-genug\\\/\"},\"wordCount\":256,\"commentCount\":0,\"image\":{\"@id\":\"https:\\\/\\\/zurzeit.at\\\/index.php\\\/greifswald-buerger-haben-von-migranten-wahnsinn-genug\\\/#primaryimage\"},\"thumbnailUrl\":\"https:\\\/\\\/zurzeit.at\\\/wp-content\\\/uploads\\\/2023\\\/03\\\/Greifswald_-_Town_Hall.jpeg\",\"keywords\":[\"Fl\u00fcchtlingsunterkunft\",\"Greifswald\",\"Politische Kontroverse\",\"Proteste\",\"Rassismus\",\"Rechtsextremismus\"],\"articleSection\":[\"Deutschland\"],\"inLanguage\":\"de\",\"potentialAction\":[{\"@type\":\"CommentAction\",\"name\":\"Comment\",\"target\":[\"https:\\\/\\\/zurzeit.at\\\/index.php\\\/greifswald-buerger-haben-von-migranten-wahnsinn-genug\\\/#respond\"]}]},{\"@type\":\"WebPage\",\"@id\":\"https:\\\/\\\/zurzeit.at\\\/index.php\\\/greifswald-buerger-haben-von-migranten-wahnsinn-genug\\\/\",\"url\":\"https:\\\/\\\/zurzeit.at\\\/index.php\\\/greifswald-buerger-haben-von-migranten-wahnsinn-genug\\\/\",\"name\":\"Greifswald: B\u00fcrger haben von Migranten-Wahnsinn genug - ZurZeit\",\"isPartOf\":{\"@id\":\"https:\\\/\\\/zurzeit.at\\\/#website\"},\"primaryImageOfPage\":{\"@id\":\"https:\\\/\\\/zurzeit.at\\\/index.php\\\/greifswald-buerger-haben-von-migranten-wahnsinn-genug\\\/#primaryimage\"},\"image\":{\"@id\":\"https:\\\/\\\/zurzeit.at\\\/index.php\\\/greifswald-buerger-haben-von-migranten-wahnsinn-genug\\\/#primaryimage\"},\"thumbnailUrl\":\"https:\\\/\\\/zurzeit.at\\\/wp-content\\\/uploads\\\/2023\\\/03\\\/Greifswald_-_Town_Hall.jpeg\",\"datePublished\":\"2023-03-02T15:59:00+00:00\",\"author\":{\"@id\":\"https:\\\/\\\/zurzeit.at\\\/#\\\/schema\\\/person\\\/e6f4284c4ffdba25c26f295806088e37\"},\"breadcrumb\":{\"@id\":\"https:\\\/\\\/zurzeit.at\\\/index.php\\\/greifswald-buerger-haben-von-migranten-wahnsinn-genug\\\/#breadcrumb\"},\"inLanguage\":\"de\",\"potentialAction\":[{\"@type\":\"ReadAction\",\"target\":[\"https:\\\/\\\/zurzeit.at\\\/index.php\\\/greifswald-buerger-haben-von-migranten-wahnsinn-genug\\\/\"]}]},{\"@type\":\"ImageObject\",\"inLanguage\":\"de\",\"@id\":\"https:\\\/\\\/zurzeit.at\\\/index.php\\\/greifswald-buerger-haben-von-migranten-wahnsinn-genug\\\/#primaryimage\",\"url\":\"https:\\\/\\\/zurzeit.at\\\/wp-content\\\/uploads\\\/2023\\\/03\\\/Greifswald_-_Town_Hall.jpeg\",\"contentUrl\":\"https:\\\/\\\/zurzeit.at\\\/wp-content\\\/uploads\\\/2023\\\/03\\\/Greifswald_-_Town_Hall.jpeg\",\"width\":800,\"height\":531},{\"@type\":\"BreadcrumbList\",\"@id\":\"https:\\\/\\\/zurzeit.at\\\/index.php\\\/greifswald-buerger-haben-von-migranten-wahnsinn-genug\\\/#breadcrumb\",\"itemListElement\":[{\"@type\":\"ListItem\",\"position\":1,\"name\":\"Startseite\",\"item\":\"https:\\\/\\\/zurzeit.at\\\/\"},{\"@type\":\"ListItem\",\"position\":2,\"name\":\"Greifswald: B\u00fcrger haben von Migranten-Wahnsinn genug\"}]},{\"@type\":\"WebSite\",\"@id\":\"https:\\\/\\\/zurzeit.at\\\/#website\",\"url\":\"https:\\\/\\\/zurzeit.at\\\/\",\"name\":\"ZurZeit\",\"description\":\"Internetseite des Wochenmagazins ZurZeit\",\"potentialAction\":[{\"@type\":\"SearchAction\",\"target\":{\"@type\":\"EntryPoint\",\"urlTemplate\":\"https:\\\/\\\/zurzeit.at\\\/?s={search_term_string}\"},\"query-input\":{\"@type\":\"PropertyValueSpecification\",\"valueRequired\":true,\"valueName\":\"search_term_string\"}}],\"inLanguage\":\"de\"},{\"@type\":\"Person\",\"@id\":\"https:\\\/\\\/zurzeit.at\\\/#\\\/schema\\\/person\\\/e6f4284c4ffdba25c26f295806088e37\",\"name\":\"admin2\",\"image\":{\"@type\":\"ImageObject\",\"inLanguage\":\"de\",\"@id\":\"https:\\\/\\\/secure.gravatar.com\\\/avatar\\\/6b01edb108b3f79fc8950358251ecf3b91c228e319139ad1beec43b6b1b16470?s=96&d=mm&r=g\",\"url\":\"https:\\\/\\\/secure.gravatar.com\\\/avatar\\\/6b01edb108b3f79fc8950358251ecf3b91c228e319139ad1beec43b6b1b16470?s=96&d=mm&r=g\",\"contentUrl\":\"https:\\\/\\\/secure.gravatar.com\\\/avatar\\\/6b01edb108b3f79fc8950358251ecf3b91c228e319139ad1beec43b6b1b16470?s=96&d=mm&r=g\",\"caption\":\"admin2\"},\"url\":\"https:\\\/\\\/zurzeit.at\\\/index.php\\\/author\\\/admin2\\\/\"}]}<\/script>\n<!-- \/ Yoast SEO plugin. -->","yoast_head_json":{"title":"Greifswald: B\u00fcrger haben von Migranten-Wahnsinn genug - ZurZeit","robots":{"index":"index","follow":"follow","max-snippet":"max-snippet:-1","max-image-preview":"max-image-preview:large","max-video-preview":"max-video-preview:-1"},"canonical":"https:\/\/zurzeit.at\/index.php\/greifswald-buerger-haben-von-migranten-wahnsinn-genug\/","og_locale":"de_DE","og_type":"article","og_title":"Greifswald: B\u00fcrger haben von Migranten-Wahnsinn genug - ZurZeit","og_description":"Autor: A.R. Bild: Wikipedia\/Harald909 Lizenz: CC BY-SA 3.0 In der Mecklenburgischen Kreisstadt haben sich 500&hellip;","og_url":"https:\/\/zurzeit.at\/index.php\/greifswald-buerger-haben-von-migranten-wahnsinn-genug\/","og_site_name":"ZurZeit","article_publisher":"https:\/\/www.facebook.com\/wochenmagazinZurZeit\/","article_published_time":"2023-03-02T15:59:00+00:00","og_image":[{"width":800,"height":531,"url":"https:\/\/zurzeit.at\/wp-content\/uploads\/2023\/03\/Greifswald_-_Town_Hall.jpeg","type":"image\/jpeg"}],"author":"admin2","twitter_card":"summary_large_image","twitter_misc":{"Verfasst von":"admin2","Gesch\u00e4tzte Lesezeit":"2\u00a0Minuten"},"schema":{"@context":"https:\/\/schema.org","@graph":[{"@type":"Article","@id":"https:\/\/zurzeit.at\/index.php\/greifswald-buerger-haben-von-migranten-wahnsinn-genug\/#article","isPartOf":{"@id":"https:\/\/zurzeit.at\/index.php\/greifswald-buerger-haben-von-migranten-wahnsinn-genug\/"},"author":{"name":"admin2","@id":"https:\/\/zurzeit.at\/#\/schema\/person\/e6f4284c4ffdba25c26f295806088e37"},"headline":"Greifswald: B\u00fcrger haben von Migranten-Wahnsinn genug","datePublished":"2023-03-02T15:59:00+00:00","mainEntityOfPage":{"@id":"https:\/\/zurzeit.at\/index.php\/greifswald-buerger-haben-von-migranten-wahnsinn-genug\/"},"wordCount":256,"commentCount":0,"image":{"@id":"https:\/\/zurzeit.at\/index.php\/greifswald-buerger-haben-von-migranten-wahnsinn-genug\/#primaryimage"},"thumbnailUrl":"https:\/\/zurzeit.at\/wp-content\/uploads\/2023\/03\/Greifswald_-_Town_Hall.jpeg","keywords":["Fl\u00fcchtlingsunterkunft","Greifswald","Politische Kontroverse","Proteste","Rassismus","Rechtsextremismus"],"articleSection":["Deutschland"],"inLanguage":"de","potentialAction":[{"@type":"CommentAction","name":"Comment","target":["https:\/\/zurzeit.at\/index.php\/greifswald-buerger-haben-von-migranten-wahnsinn-genug\/#respond"]}]},{"@type":"WebPage","@id":"https:\/\/zurzeit.at\/index.php\/greifswald-buerger-haben-von-migranten-wahnsinn-genug\/","url":"https:\/\/zurzeit.at\/index.php\/greifswald-buerger-haben-von-migranten-wahnsinn-genug\/","name":"Greifswald: B\u00fcrger haben von Migranten-Wahnsinn genug - ZurZeit","isPartOf":{"@id":"https:\/\/zurzeit.at\/#website"},"primaryImageOfPage":{"@id":"https:\/\/zurzeit.at\/index.php\/greifswald-buerger-haben-von-migranten-wahnsinn-genug\/#primaryimage"},"image":{"@id":"https:\/\/zurzeit.at\/index.php\/greifswald-buerger-haben-von-migranten-wahnsinn-genug\/#primaryimage"},"thumbnailUrl":"https:\/\/zurzeit.at\/wp-content\/uploads\/2023\/03\/Greifswald_-_Town_Hall.jpeg","datePublished":"2023-03-02T15:59:00+00:00","author":{"@id":"https:\/\/zurzeit.at\/#\/schema\/person\/e6f4284c4ffdba25c26f295806088e37"},"breadcrumb":{"@id":"https:\/\/zurzeit.at\/index.php\/greifswald-buerger-haben-von-migranten-wahnsinn-genug\/#breadcrumb"},"inLanguage":"de","potentialAction":[{"@type":"ReadAction","target":["https:\/\/zurzeit.at\/index.php\/greifswald-buerger-haben-von-migranten-wahnsinn-genug\/"]}]},{"@type":"ImageObject","inLanguage":"de","@id":"https:\/\/zurzeit.at\/index.php\/greifswald-buerger-haben-von-migranten-wahnsinn-genug\/#primaryimage","url":"https:\/\/zurzeit.at\/wp-content\/uploads\/2023\/03\/Greifswald_-_Town_Hall.jpeg","contentUrl":"https:\/\/zurzeit.at\/wp-content\/uploads\/2023\/03\/Greifswald_-_Town_Hall.jpeg","width":800,"height":531},{"@type":"BreadcrumbList","@id":"https:\/\/zurzeit.at\/index.php\/greifswald-buerger-haben-von-migranten-wahnsinn-genug\/#breadcrumb","itemListElement":[{"@type":"ListItem","position":1,"name":"Startseite","item":"https:\/\/zurzeit.at\/"},{"@type":"ListItem","position":2,"name":"Greifswald: B\u00fcrger haben von Migranten-Wahnsinn genug"}]},{"@type":"WebSite","@id":"https:\/\/zurzeit.at\/#website","url":"https:\/\/zurzeit.at\/","name":"ZurZeit","description":"Internetseite des Wochenmagazins ZurZeit","potentialAction":[{"@type":"SearchAction","target":{"@type":"EntryPoint","urlTemplate":"https:\/\/zurzeit.at\/?s={search_term_string}"},"query-input":{"@type":"PropertyValueSpecification","valueRequired":true,"valueName":"search_term_string"}}],"inLanguage":"de"},{"@type":"Person","@id":"https:\/\/zurzeit.at\/#\/schema\/person\/e6f4284c4ffdba25c26f295806088e37","name":"admin2","image":{"@type":"ImageObject","inLanguage":"de","@id":"https:\/\/secure.gravatar.com\/avatar\/6b01edb108b3f79fc8950358251ecf3b91c228e319139ad1beec43b6b1b16470?s=96&d=mm&r=g","url":"https:\/\/secure.gravatar.com\/avatar\/6b01edb108b3f79fc8950358251ecf3b91c228e319139ad1beec43b6b1b16470?s=96&d=mm&r=g","contentUrl":"https:\/\/secure.gravatar.com\/avatar\/6b01edb108b3f79fc8950358251ecf3b91c228e319139ad1beec43b6b1b16470?s=96&d=mm&r=g","caption":"admin2"},"url":"https:\/\/zurzeit.at\/index.php\/author\/admin2\/"}]}},"_links":{"self":[{"href":"https:\/\/zurzeit.at\/index.php\/wp-json\/wp\/v2\/posts\/15942","targetHints":{"allow":["GET"]}}],"collection":[{"href":"https:\/\/zurzeit.at\/index.php\/wp-json\/wp\/v2\/posts"}],"about":[{"href":"https:\/\/zurzeit.at\/index.php\/wp-json\/wp\/v2\/types\/post"}],"author":[{"embeddable":true,"href":"https:\/\/zurzeit.at\/index.php\/wp-json\/wp\/v2\/users\/3"}],"replies":[{"embeddable":true,"href":"https:\/\/zurzeit.at\/index.php\/wp-json\/wp\/v2\/comments?post=15942"}],"version-history":[{"count":1,"href":"https:\/\/zurzeit.at\/index.php\/wp-json\/wp\/v2\/posts\/15942\/revisions"}],"predecessor-version":[{"id":15944,"href":"https:\/\/zurzeit.at\/index.php\/wp-json\/wp\/v2\/posts\/15942\/revisions\/15944"}],"wp:featuredmedia":[{"embeddable":true,"href":"https:\/\/zurzeit.at\/index.php\/wp-json\/wp\/v2\/media\/15943"}],"wp:attachment":[{"href":"https:\/\/zurzeit.at\/index.php\/wp-json\/wp\/v2\/media?parent=15942"}],"wp:term":[{"taxonomy":"category","embeddable":true,"href":"https:\/\/zurzeit.at\/index.php\/wp-json\/wp\/v2\/categories?post=15942"},{"taxonomy":"post_tag","embeddable":true,"href":"https:\/\/zurzeit.at\/index.php\/wp-json\/wp\/v2\/tags?post=15942"}],"curies":[{"name":"wp","href":"https:\/\/api.w.org\/{rel}","templated":true}]}}