{"id":16209,"date":"2023-03-20T11:32:34","date_gmt":"2023-03-20T10:32:34","guid":{"rendered":"http:\/\/zurzeit.at\/?p=16209"},"modified":"2023-03-20T11:35:43","modified_gmt":"2023-03-20T10:35:43","slug":"rendi-wagner-vs-doskozil-welcher-kandidat-ist-besser","status":"publish","type":"post","link":"https:\/\/zurzeit.at\/index.php\/rendi-wagner-vs-doskozil-welcher-kandidat-ist-besser\/","title":{"rendered":"Rendi-Wagner vs. Doskozil: Welcher Kandidat ist besser?"},"content":{"rendered":"<p>Autor: <a href=\"https:\/\/zurzeit.at\/index.php\/autoren\/\">A.R.<\/a> Bilder: <a href=\"https:\/\/commons.m.wikimedia.org\/wiki\/File:2017_Angelobung_von_Pamela_Rendi-Wagner_(33282934936).jpg\">Wikipedia\/SP\u00d6 Presse und Kommunikation<\/a> Lizenz: <a href=\"https:\/\/creativecommons.org\/licenses\/by-sa\/2.0\/deed.en\">CC BY-SA 2.0<\/a><\/p>\n<hr \/>\n<h1 class=\"normal\"><span lang=\"de\">In einer aktuellen Meinungsumfrage von Meinungsforscher Peter Hajek schneidet Burgenlands Landeshauptmann Hans Peter Doskozil besser ab als SP\u00d6-Chefin Pamela Rendi-Wagner, wenn es um politische Ideen und Konzepte geht. Allerdings ist Rendi-Wagner bei der eigenen W\u00e4hlerschaft st\u00e4rker vertreten.<\/span><\/h1>\n<p class=\"normal\"><span lang=\"de\">In der ATV-Sendung &#8222;ATV Aktuell: Die Woche&#8220; wurden die Ergebnisse einer Umfrage unter 500 \u00d6sterreichern pr\u00e4sentiert. Die Frage lautete: &#8222;Wer hat die besseren Ideen und Konzepte, Rendi-Wagner oder Doskozil?&#8220;<\/span><\/p>\n<p class=\"normal\"><span lang=\"de\">32 Prozent der Befragten, repr\u00e4sentativ f\u00fcr die \u00f6sterreichische Bev\u00f6lkerung, halten Hans Peter Doskozil f\u00fcr den besseren Ideengeber und Konzeptentwickler f\u00fcr \u00d6sterreichs Zukunft. Pamela Rendi-Wagner \u00fcberzeugt 24 Prozent der Befragten, w\u00e4hrend 44 Prozent unentschieden sind oder keine Meinung \u00e4u\u00dfern.<\/span><\/p>\n<p class=\"normal\"><span lang=\"de\">Die SP\u00d6-Vorsitzende erh\u00e4lt den gr\u00f6\u00dften Zuspruch von ihrer eigenen W\u00e4hlerschaft: 57 Prozent der SP\u00d6-W\u00e4hler sind der Meinung, Rendi-Wagner habe die besseren Ideen und Konzepte. Doskozil zieht hingegen nur bei 31 Prozent der SP\u00d6-W\u00e4hler den Vorzug.<\/span><\/p>\n<p class=\"normal\"><span lang=\"de\">Hans Peter Doskozil punktet besonders bei FP\u00d6- und \u00d6VP-W\u00e4hler, von denen 46 Prozent bzw. 35 Prozent ihm bessere Ideen und Konzepte f\u00fcr \u00d6sterreichs Zukunft zutrauen. Rendi-Wagner \u00fcberzeugt lediglich 8 Prozent der FP\u00d6- und 24 Prozent der \u00d6VP-W\u00e4hler.<\/span><\/p>\n<p class=\"normal\"><span lang=\"de\">Die Frage die sich nun stellt ist, wer die beste Ausgangslage f\u00fcr die n\u00e4chste Wahl bietet. <\/span><\/p>\n<p class=\"normal\"><span lang=\"de\">Nachdem Rendi-Wagner schon einige Zeit an der Spitze der Bundes-SP\u00d6 steht und ein klares R\u00e9sum\u00e9 \u00fcber ihre Zeit gezogen werden kann, gibt es eigentlich nur eine klare Antwort: Hans-Peter Doskozil. <\/span><\/p>\n<p class=\"normal\"><span lang=\"de\">Die SP\u00d6-Chefin musste in den vergangenen Tagen massive Kritik f\u00fcr ihr Verhalten, insbesondere in der Corona-Zeit sowie \u00fcber ihre Rolle in der SP\u00d6 selbst einstecken. Unreflektiert versucht sie nach wie vor hart zu bleiben, wobei das mehr Verbissenheit als Standhaftigkeit ist. Dabei kann sie mehr oder weniger in allen politischen Fragen ihren Kurs nicht rechtfertigen. <\/span><\/p>\n<p class=\"normal\"><span lang=\"de\">Nach den vergangenen Landtagswahlen schreit es nun nach einem Richtungswechsel in der Sozialdemokratie. Doskozil w\u00e4re der Kandidat um eine solche Kurs\u00e4nderung herbeizuf\u00fchren. Er war auch der einzige Landesparteichef, der ein deutliches Plus und eine gute Resonanz aus der Bev\u00f6lkerung verzeichnen konnte. Der Burgenl\u00e4nder tendiert eher zur FP\u00d6 als zu den Gr\u00fcnen, was zuk\u00fcnftig wohl eher der Trend sein wird, nachdem die Linksliberalen wohl eindeutig kl\u00e4glich gescheitert sind. Ergo: die SP\u00d6 muss sich besinnen und zu alten Werten zur\u00fcckfinden. Das bietet Doskozil. Rendi-Wagner hingegen bleibt, wie sie selbst sagt, sich und ihrem Kurs treu. <\/span><\/p>\n","protected":false},"excerpt":{"rendered":"<p>Autor: A.R. Bilder: Wikipedia\/SP\u00d6 Presse und Kommunikation Lizenz: CC BY-SA 2.0 In einer aktuellen Meinungsumfrage&hellip;<\/p>\n","protected":false},"author":3,"featured_media":16210,"comment_status":"open","ping_status":"closed","sticky":false,"template":"","format":"standard","meta":{"footnotes":""},"categories":[46],"tags":[837,93,142,9092,650,105],"class_list":["post-16209","post","type-post","status-publish","format-standard","has-post-thumbnail","hentry","category-oesterreich","tag-doskozil","tag-fpoe","tag-gruene","tag-meinungsumfrage","tag-rendi-wagner","tag-spoe"],"yoast_head":"<!-- This site is optimized with the Yoast SEO plugin v28.4 - https:\/\/yoast.com\/product\/yoast-seo-wordpress\/ -->\n<title>Rendi-Wagner vs. Doskozil: Welcher Kandidat ist besser? - ZurZeit<\/title>\n<meta name=\"robots\" content=\"index, follow, max-snippet:-1, max-image-preview:large, max-video-preview:-1\" \/>\n<link rel=\"canonical\" href=\"https:\/\/zurzeit.at\/index.php\/rendi-wagner-vs-doskozil-welcher-kandidat-ist-besser\/\" \/>\n<meta property=\"og:locale\" content=\"de_DE\" \/>\n<meta property=\"og:type\" content=\"article\" \/>\n<meta property=\"og:title\" content=\"Rendi-Wagner vs. Doskozil: Welcher Kandidat ist besser? - ZurZeit\" \/>\n<meta property=\"og:description\" content=\"Autor: A.R. Bilder: Wikipedia\/SP\u00d6 Presse und Kommunikation Lizenz: CC BY-SA 2.0 In einer aktuellen Meinungsumfrage&hellip;\" \/>\n<meta property=\"og:url\" content=\"https:\/\/zurzeit.at\/index.php\/rendi-wagner-vs-doskozil-welcher-kandidat-ist-besser\/\" \/>\n<meta property=\"og:site_name\" content=\"ZurZeit\" \/>\n<meta property=\"article:publisher\" content=\"https:\/\/www.facebook.com\/wochenmagazinZurZeit\/\" \/>\n<meta property=\"article:published_time\" content=\"2023-03-20T10:32:34+00:00\" \/>\n<meta property=\"article:modified_time\" content=\"2023-03-20T10:35:43+00:00\" \/>\n<meta property=\"og:image\" content=\"https:\/\/zurzeit.at\/wp-content\/uploads\/2023\/03\/2017_Angelobung_von_Pamela_Rendi-Wagner_33282934936.jpg\" \/>\n\t<meta property=\"og:image:width\" content=\"683\" \/>\n\t<meta property=\"og:image:height\" content=\"1024\" \/>\n\t<meta property=\"og:image:type\" content=\"image\/jpeg\" \/>\n<meta name=\"author\" content=\"admin2\" \/>\n<meta name=\"twitter:card\" content=\"summary_large_image\" \/>\n<meta name=\"twitter:label1\" content=\"Verfasst von\" \/>\n\t<meta name=\"twitter:data1\" content=\"admin2\" \/>\n\t<meta name=\"twitter:label2\" content=\"Gesch\u00e4tzte Lesezeit\" \/>\n\t<meta name=\"twitter:data2\" content=\"2\u00a0Minuten\" \/>\n<script type=\"application\/ld+json\" class=\"yoast-schema-graph\">{\"@context\":\"https:\\\/\\\/schema.org\",\"@graph\":[{\"@type\":\"Article\",\"@id\":\"https:\\\/\\\/zurzeit.at\\\/index.php\\\/rendi-wagner-vs-doskozil-welcher-kandidat-ist-besser\\\/#article\",\"isPartOf\":{\"@id\":\"https:\\\/\\\/zurzeit.at\\\/index.php\\\/rendi-wagner-vs-doskozil-welcher-kandidat-ist-besser\\\/\"},\"author\":{\"name\":\"admin2\",\"@id\":\"https:\\\/\\\/zurzeit.at\\\/#\\\/schema\\\/person\\\/e6f4284c4ffdba25c26f295806088e37\"},\"headline\":\"Rendi-Wagner vs. Doskozil: Welcher Kandidat ist besser?\",\"datePublished\":\"2023-03-20T10:32:34+00:00\",\"dateModified\":\"2023-03-20T10:35:43+00:00\",\"mainEntityOfPage\":{\"@id\":\"https:\\\/\\\/zurzeit.at\\\/index.php\\\/rendi-wagner-vs-doskozil-welcher-kandidat-ist-besser\\\/\"},\"wordCount\":417,\"commentCount\":0,\"image\":{\"@id\":\"https:\\\/\\\/zurzeit.at\\\/index.php\\\/rendi-wagner-vs-doskozil-welcher-kandidat-ist-besser\\\/#primaryimage\"},\"thumbnailUrl\":\"https:\\\/\\\/zurzeit.at\\\/wp-content\\\/uploads\\\/2023\\\/03\\\/2017_Angelobung_von_Pamela_Rendi-Wagner_33282934936.jpg\",\"keywords\":[\"Doskozil\",\"FP\u00d6\",\"Gr\u00fcne\",\"Meinungsumfrage\",\"Rendi-Wagner\",\"SP\u00d6\"],\"articleSection\":[\"\u00d6sterreich\"],\"inLanguage\":\"de\",\"potentialAction\":[{\"@type\":\"CommentAction\",\"name\":\"Comment\",\"target\":[\"https:\\\/\\\/zurzeit.at\\\/index.php\\\/rendi-wagner-vs-doskozil-welcher-kandidat-ist-besser\\\/#respond\"]}]},{\"@type\":\"WebPage\",\"@id\":\"https:\\\/\\\/zurzeit.at\\\/index.php\\\/rendi-wagner-vs-doskozil-welcher-kandidat-ist-besser\\\/\",\"url\":\"https:\\\/\\\/zurzeit.at\\\/index.php\\\/rendi-wagner-vs-doskozil-welcher-kandidat-ist-besser\\\/\",\"name\":\"Rendi-Wagner vs. Doskozil: Welcher Kandidat ist besser? - ZurZeit\",\"isPartOf\":{\"@id\":\"https:\\\/\\\/zurzeit.at\\\/#website\"},\"primaryImageOfPage\":{\"@id\":\"https:\\\/\\\/zurzeit.at\\\/index.php\\\/rendi-wagner-vs-doskozil-welcher-kandidat-ist-besser\\\/#primaryimage\"},\"image\":{\"@id\":\"https:\\\/\\\/zurzeit.at\\\/index.php\\\/rendi-wagner-vs-doskozil-welcher-kandidat-ist-besser\\\/#primaryimage\"},\"thumbnailUrl\":\"https:\\\/\\\/zurzeit.at\\\/wp-content\\\/uploads\\\/2023\\\/03\\\/2017_Angelobung_von_Pamela_Rendi-Wagner_33282934936.jpg\",\"datePublished\":\"2023-03-20T10:32:34+00:00\",\"dateModified\":\"2023-03-20T10:35:43+00:00\",\"author\":{\"@id\":\"https:\\\/\\\/zurzeit.at\\\/#\\\/schema\\\/person\\\/e6f4284c4ffdba25c26f295806088e37\"},\"breadcrumb\":{\"@id\":\"https:\\\/\\\/zurzeit.at\\\/index.php\\\/rendi-wagner-vs-doskozil-welcher-kandidat-ist-besser\\\/#breadcrumb\"},\"inLanguage\":\"de\",\"potentialAction\":[{\"@type\":\"ReadAction\",\"target\":[\"https:\\\/\\\/zurzeit.at\\\/index.php\\\/rendi-wagner-vs-doskozil-welcher-kandidat-ist-besser\\\/\"]}]},{\"@type\":\"ImageObject\",\"inLanguage\":\"de\",\"@id\":\"https:\\\/\\\/zurzeit.at\\\/index.php\\\/rendi-wagner-vs-doskozil-welcher-kandidat-ist-besser\\\/#primaryimage\",\"url\":\"https:\\\/\\\/zurzeit.at\\\/wp-content\\\/uploads\\\/2023\\\/03\\\/2017_Angelobung_von_Pamela_Rendi-Wagner_33282934936.jpg\",\"contentUrl\":\"https:\\\/\\\/zurzeit.at\\\/wp-content\\\/uploads\\\/2023\\\/03\\\/2017_Angelobung_von_Pamela_Rendi-Wagner_33282934936.jpg\",\"width\":683,\"height\":1024},{\"@type\":\"BreadcrumbList\",\"@id\":\"https:\\\/\\\/zurzeit.at\\\/index.php\\\/rendi-wagner-vs-doskozil-welcher-kandidat-ist-besser\\\/#breadcrumb\",\"itemListElement\":[{\"@type\":\"ListItem\",\"position\":1,\"name\":\"Startseite\",\"item\":\"https:\\\/\\\/zurzeit.at\\\/\"},{\"@type\":\"ListItem\",\"position\":2,\"name\":\"Rendi-Wagner vs. Doskozil: Welcher Kandidat ist besser?\"}]},{\"@type\":\"WebSite\",\"@id\":\"https:\\\/\\\/zurzeit.at\\\/#website\",\"url\":\"https:\\\/\\\/zurzeit.at\\\/\",\"name\":\"ZurZeit\",\"description\":\"Internetseite des Wochenmagazins ZurZeit\",\"potentialAction\":[{\"@type\":\"SearchAction\",\"target\":{\"@type\":\"EntryPoint\",\"urlTemplate\":\"https:\\\/\\\/zurzeit.at\\\/?s={search_term_string}\"},\"query-input\":{\"@type\":\"PropertyValueSpecification\",\"valueRequired\":true,\"valueName\":\"search_term_string\"}}],\"inLanguage\":\"de\"},{\"@type\":\"Person\",\"@id\":\"https:\\\/\\\/zurzeit.at\\\/#\\\/schema\\\/person\\\/e6f4284c4ffdba25c26f295806088e37\",\"name\":\"admin2\",\"image\":{\"@type\":\"ImageObject\",\"inLanguage\":\"de\",\"@id\":\"https:\\\/\\\/secure.gravatar.com\\\/avatar\\\/6b01edb108b3f79fc8950358251ecf3b91c228e319139ad1beec43b6b1b16470?s=96&d=mm&r=g\",\"url\":\"https:\\\/\\\/secure.gravatar.com\\\/avatar\\\/6b01edb108b3f79fc8950358251ecf3b91c228e319139ad1beec43b6b1b16470?s=96&d=mm&r=g\",\"contentUrl\":\"https:\\\/\\\/secure.gravatar.com\\\/avatar\\\/6b01edb108b3f79fc8950358251ecf3b91c228e319139ad1beec43b6b1b16470?s=96&d=mm&r=g\",\"caption\":\"admin2\"},\"url\":\"https:\\\/\\\/zurzeit.at\\\/index.php\\\/author\\\/admin2\\\/\"}]}<\/script>\n<!-- \/ Yoast SEO plugin. -->","yoast_head_json":{"title":"Rendi-Wagner vs. Doskozil: Welcher Kandidat ist besser? - ZurZeit","robots":{"index":"index","follow":"follow","max-snippet":"max-snippet:-1","max-image-preview":"max-image-preview:large","max-video-preview":"max-video-preview:-1"},"canonical":"https:\/\/zurzeit.at\/index.php\/rendi-wagner-vs-doskozil-welcher-kandidat-ist-besser\/","og_locale":"de_DE","og_type":"article","og_title":"Rendi-Wagner vs. Doskozil: Welcher Kandidat ist besser? - ZurZeit","og_description":"Autor: A.R. Bilder: Wikipedia\/SP\u00d6 Presse und Kommunikation Lizenz: CC BY-SA 2.0 In einer aktuellen Meinungsumfrage&hellip;","og_url":"https:\/\/zurzeit.at\/index.php\/rendi-wagner-vs-doskozil-welcher-kandidat-ist-besser\/","og_site_name":"ZurZeit","article_publisher":"https:\/\/www.facebook.com\/wochenmagazinZurZeit\/","article_published_time":"2023-03-20T10:32:34+00:00","article_modified_time":"2023-03-20T10:35:43+00:00","og_image":[{"width":683,"height":1024,"url":"https:\/\/zurzeit.at\/wp-content\/uploads\/2023\/03\/2017_Angelobung_von_Pamela_Rendi-Wagner_33282934936.jpg","type":"image\/jpeg"}],"author":"admin2","twitter_card":"summary_large_image","twitter_misc":{"Verfasst von":"admin2","Gesch\u00e4tzte Lesezeit":"2\u00a0Minuten"},"schema":{"@context":"https:\/\/schema.org","@graph":[{"@type":"Article","@id":"https:\/\/zurzeit.at\/index.php\/rendi-wagner-vs-doskozil-welcher-kandidat-ist-besser\/#article","isPartOf":{"@id":"https:\/\/zurzeit.at\/index.php\/rendi-wagner-vs-doskozil-welcher-kandidat-ist-besser\/"},"author":{"name":"admin2","@id":"https:\/\/zurzeit.at\/#\/schema\/person\/e6f4284c4ffdba25c26f295806088e37"},"headline":"Rendi-Wagner vs. Doskozil: Welcher Kandidat ist besser?","datePublished":"2023-03-20T10:32:34+00:00","dateModified":"2023-03-20T10:35:43+00:00","mainEntityOfPage":{"@id":"https:\/\/zurzeit.at\/index.php\/rendi-wagner-vs-doskozil-welcher-kandidat-ist-besser\/"},"wordCount":417,"commentCount":0,"image":{"@id":"https:\/\/zurzeit.at\/index.php\/rendi-wagner-vs-doskozil-welcher-kandidat-ist-besser\/#primaryimage"},"thumbnailUrl":"https:\/\/zurzeit.at\/wp-content\/uploads\/2023\/03\/2017_Angelobung_von_Pamela_Rendi-Wagner_33282934936.jpg","keywords":["Doskozil","FP\u00d6","Gr\u00fcne","Meinungsumfrage","Rendi-Wagner","SP\u00d6"],"articleSection":["\u00d6sterreich"],"inLanguage":"de","potentialAction":[{"@type":"CommentAction","name":"Comment","target":["https:\/\/zurzeit.at\/index.php\/rendi-wagner-vs-doskozil-welcher-kandidat-ist-besser\/#respond"]}]},{"@type":"WebPage","@id":"https:\/\/zurzeit.at\/index.php\/rendi-wagner-vs-doskozil-welcher-kandidat-ist-besser\/","url":"https:\/\/zurzeit.at\/index.php\/rendi-wagner-vs-doskozil-welcher-kandidat-ist-besser\/","name":"Rendi-Wagner vs. Doskozil: Welcher Kandidat ist besser? - ZurZeit","isPartOf":{"@id":"https:\/\/zurzeit.at\/#website"},"primaryImageOfPage":{"@id":"https:\/\/zurzeit.at\/index.php\/rendi-wagner-vs-doskozil-welcher-kandidat-ist-besser\/#primaryimage"},"image":{"@id":"https:\/\/zurzeit.at\/index.php\/rendi-wagner-vs-doskozil-welcher-kandidat-ist-besser\/#primaryimage"},"thumbnailUrl":"https:\/\/zurzeit.at\/wp-content\/uploads\/2023\/03\/2017_Angelobung_von_Pamela_Rendi-Wagner_33282934936.jpg","datePublished":"2023-03-20T10:32:34+00:00","dateModified":"2023-03-20T10:35:43+00:00","author":{"@id":"https:\/\/zurzeit.at\/#\/schema\/person\/e6f4284c4ffdba25c26f295806088e37"},"breadcrumb":{"@id":"https:\/\/zurzeit.at\/index.php\/rendi-wagner-vs-doskozil-welcher-kandidat-ist-besser\/#breadcrumb"},"inLanguage":"de","potentialAction":[{"@type":"ReadAction","target":["https:\/\/zurzeit.at\/index.php\/rendi-wagner-vs-doskozil-welcher-kandidat-ist-besser\/"]}]},{"@type":"ImageObject","inLanguage":"de","@id":"https:\/\/zurzeit.at\/index.php\/rendi-wagner-vs-doskozil-welcher-kandidat-ist-besser\/#primaryimage","url":"https:\/\/zurzeit.at\/wp-content\/uploads\/2023\/03\/2017_Angelobung_von_Pamela_Rendi-Wagner_33282934936.jpg","contentUrl":"https:\/\/zurzeit.at\/wp-content\/uploads\/2023\/03\/2017_Angelobung_von_Pamela_Rendi-Wagner_33282934936.jpg","width":683,"height":1024},{"@type":"BreadcrumbList","@id":"https:\/\/zurzeit.at\/index.php\/rendi-wagner-vs-doskozil-welcher-kandidat-ist-besser\/#breadcrumb","itemListElement":[{"@type":"ListItem","position":1,"name":"Startseite","item":"https:\/\/zurzeit.at\/"},{"@type":"ListItem","position":2,"name":"Rendi-Wagner vs. Doskozil: Welcher Kandidat ist besser?"}]},{"@type":"WebSite","@id":"https:\/\/zurzeit.at\/#website","url":"https:\/\/zurzeit.at\/","name":"ZurZeit","description":"Internetseite des Wochenmagazins ZurZeit","potentialAction":[{"@type":"SearchAction","target":{"@type":"EntryPoint","urlTemplate":"https:\/\/zurzeit.at\/?s={search_term_string}"},"query-input":{"@type":"PropertyValueSpecification","valueRequired":true,"valueName":"search_term_string"}}],"inLanguage":"de"},{"@type":"Person","@id":"https:\/\/zurzeit.at\/#\/schema\/person\/e6f4284c4ffdba25c26f295806088e37","name":"admin2","image":{"@type":"ImageObject","inLanguage":"de","@id":"https:\/\/secure.gravatar.com\/avatar\/6b01edb108b3f79fc8950358251ecf3b91c228e319139ad1beec43b6b1b16470?s=96&d=mm&r=g","url":"https:\/\/secure.gravatar.com\/avatar\/6b01edb108b3f79fc8950358251ecf3b91c228e319139ad1beec43b6b1b16470?s=96&d=mm&r=g","contentUrl":"https:\/\/secure.gravatar.com\/avatar\/6b01edb108b3f79fc8950358251ecf3b91c228e319139ad1beec43b6b1b16470?s=96&d=mm&r=g","caption":"admin2"},"url":"https:\/\/zurzeit.at\/index.php\/author\/admin2\/"}]}},"_links":{"self":[{"href":"https:\/\/zurzeit.at\/index.php\/wp-json\/wp\/v2\/posts\/16209","targetHints":{"allow":["GET"]}}],"collection":[{"href":"https:\/\/zurzeit.at\/index.php\/wp-json\/wp\/v2\/posts"}],"about":[{"href":"https:\/\/zurzeit.at\/index.php\/wp-json\/wp\/v2\/types\/post"}],"author":[{"embeddable":true,"href":"https:\/\/zurzeit.at\/index.php\/wp-json\/wp\/v2\/users\/3"}],"replies":[{"embeddable":true,"href":"https:\/\/zurzeit.at\/index.php\/wp-json\/wp\/v2\/comments?post=16209"}],"version-history":[{"count":3,"href":"https:\/\/zurzeit.at\/index.php\/wp-json\/wp\/v2\/posts\/16209\/revisions"}],"predecessor-version":[{"id":16217,"href":"https:\/\/zurzeit.at\/index.php\/wp-json\/wp\/v2\/posts\/16209\/revisions\/16217"}],"wp:featuredmedia":[{"embeddable":true,"href":"https:\/\/zurzeit.at\/index.php\/wp-json\/wp\/v2\/media\/16210"}],"wp:attachment":[{"href":"https:\/\/zurzeit.at\/index.php\/wp-json\/wp\/v2\/media?parent=16209"}],"wp:term":[{"taxonomy":"category","embeddable":true,"href":"https:\/\/zurzeit.at\/index.php\/wp-json\/wp\/v2\/categories?post=16209"},{"taxonomy":"post_tag","embeddable":true,"href":"https:\/\/zurzeit.at\/index.php\/wp-json\/wp\/v2\/tags?post=16209"}],"curies":[{"name":"wp","href":"https:\/\/api.w.org\/{rel}","templated":true}]}}