{"id":16212,"date":"2023-03-20T11:35:13","date_gmt":"2023-03-20T10:35:13","guid":{"rendered":"http:\/\/zurzeit.at\/?p=16212"},"modified":"2023-03-20T11:35:31","modified_gmt":"2023-03-20T10:35:31","slug":"trump-bald-im-gefaengnis","status":"publish","type":"post","link":"https:\/\/zurzeit.at\/index.php\/trump-bald-im-gefaengnis\/","title":{"rendered":"Trump bald im Gef\u00e4ngnis?"},"content":{"rendered":"<p>Autor: <a href=\"https:\/\/zurzeit.at\/index.php\/autoren\/\">A.R.<\/a> Bilder: <a href=\"https:\/\/commons.m.wikimedia.org\/wiki\/File:Donald_Trump_(29496131773).jpg\">Wikipedia\/Gage Skidmore<\/a> Lizenz: <a href=\"https:\/\/creativecommons.org\/licenses\/by-sa\/2.0\/deed.en\">CC BY-SA 2.0<\/a><\/p>\n<hr \/>\n<h1 class=\"normal\"><span lang=\"de\">Donald Trump behauptet, dass er am Dienstag verhaftet wird. Seine Festnahme soll im Zusammenhang mit einem Schweigegeldverfahren stehen. Der Ex-Pr\u00e4sident bezeichnet das als Hexenjagd und fordert seine Anh\u00e4nger auf, zu protestieren und &#8222;unsere Nation zur\u00fcckzuerobern&#8220;. <\/span><\/h1>\n<p class=\"normal\"><span lang=\"de\">Donald Trump behauptete dies am Samstag auf seiner Social-Media-Plattform \u201eTruth Social\u201c. Hintergrund dazu ist eine Anklage der Staatsanwaltschaft von Manhattan. Der Ex-Pr\u00e4sident geht deshalb davon aus, nachdem der Manhattan-Bezirksstaatsanwalt Alvin Bragg eine Grand Jury einberufen hatte, um Trumps Rolle in der Schweigegeldaff\u00e4re um Pornodarstellerin Stormy Daniels zu untersuchen. Die Untersuchung betrifft auch Zahlungen von Trumps Anwalt Michael Cohen an Daniels und Playboy-Model Karen McDougal.<\/span><\/p>\n<p class=\"normal\"><span lang=\"de\">Trump hat jegliches Fehlverhalten abgestritten und die Untersuchung als politische &#8222;Hexenjagd&#8220; bezeichnet. Die m\u00f6gliche Anklage gegen Trump, der als Spitzenkandidat f\u00fcr die republikanische Pr\u00e4sidentschaftskandidatur 2024 gehandelt wird, k\u00f6nnte seine Anh\u00e4nger unter der republikanischen Basis weiter anspornen.<\/span><\/p>\n<p class=\"normal\"><span lang=\"de\">Sollte Trump tats\u00e4chlich angeklagt werden, w\u00fcrden aber unsichere W\u00e4hler negativ beeinflusst werden. Die Situation bleibt deshalb ungewiss und k\u00f6nnte weiteren politische Spannungen bedeuten. Der Ex-Pr\u00e4sident konnte in den vergangenen Wochen einen deutlichen Aufschwung in Umfragewerten verzeichnen, sodass eine abermalige Attacke des Establishments nicht \u00fcberraschend w\u00e4re. Andererseits wei\u00df man nat\u00fcrlich nicht, was in dieser Causa tats\u00e4chlich passiert ist. Doch selbst wenn Trump Aff\u00e4ren gehabt haben soll, was hat das mit seiner Politik zu tun? Eines ist sicher: Trump bleibt kontrovers. <\/span><\/p>\n","protected":false},"excerpt":{"rendered":"<p>Autor: A.R. Bilder: Wikipedia\/Gage Skidmore Lizenz: CC BY-SA 2.0 Donald Trump behauptet, dass er am&hellip;<\/p>\n","protected":false},"author":3,"featured_media":16213,"comment_status":"open","ping_status":"closed","sticky":false,"template":"","format":"standard","meta":{"footnotes":""},"categories":[49],"tags":[6228,938,9095,9098,9096,1609,9093,505,9094,9097],"class_list":["post-16212","post","type-post","status-publish","format-standard","has-post-thumbnail","hentry","category-ausland","tag-anklage","tag-donald-trump","tag-karen-mcdougal","tag-manhattan","tag-michael-cohen","tag-proteste","tag-schweigegeld","tag-staatsanwaltschaft","tag-stormy-daniels","tag-us-kapitol"],"yoast_head":"<!-- This site is optimized with the Yoast SEO plugin v28.4 - https:\/\/yoast.com\/product\/yoast-seo-wordpress\/ -->\n<title>Trump bald im Gef\u00e4ngnis? - ZurZeit<\/title>\n<meta name=\"robots\" content=\"index, follow, max-snippet:-1, max-image-preview:large, max-video-preview:-1\" \/>\n<link rel=\"canonical\" href=\"https:\/\/zurzeit.at\/index.php\/trump-bald-im-gefaengnis\/\" \/>\n<meta property=\"og:locale\" content=\"de_DE\" \/>\n<meta property=\"og:type\" content=\"article\" \/>\n<meta property=\"og:title\" content=\"Trump bald im Gef\u00e4ngnis? - ZurZeit\" \/>\n<meta property=\"og:description\" content=\"Autor: A.R. Bilder: Wikipedia\/Gage Skidmore Lizenz: CC BY-SA 2.0 Donald Trump behauptet, dass er am&hellip;\" \/>\n<meta property=\"og:url\" content=\"https:\/\/zurzeit.at\/index.php\/trump-bald-im-gefaengnis\/\" \/>\n<meta property=\"og:site_name\" content=\"ZurZeit\" \/>\n<meta property=\"article:publisher\" content=\"https:\/\/www.facebook.com\/wochenmagazinZurZeit\/\" \/>\n<meta property=\"article:published_time\" content=\"2023-03-20T10:35:13+00:00\" \/>\n<meta property=\"article:modified_time\" content=\"2023-03-20T10:35:31+00:00\" \/>\n<meta property=\"og:image\" content=\"https:\/\/zurzeit.at\/wp-content\/uploads\/2023\/03\/Donald_Trump_29496131773.jpg\" \/>\n\t<meta property=\"og:image:width\" content=\"1280\" \/>\n\t<meta property=\"og:image:height\" content=\"854\" \/>\n\t<meta property=\"og:image:type\" content=\"image\/jpeg\" \/>\n<meta name=\"author\" content=\"admin2\" \/>\n<meta name=\"twitter:card\" content=\"summary_large_image\" \/>\n<meta name=\"twitter:label1\" content=\"Verfasst von\" \/>\n\t<meta name=\"twitter:data1\" content=\"admin2\" \/>\n\t<meta name=\"twitter:label2\" content=\"Gesch\u00e4tzte Lesezeit\" \/>\n\t<meta name=\"twitter:data2\" content=\"1\u00a0Minute\" \/>\n<script type=\"application\/ld+json\" class=\"yoast-schema-graph\">{\"@context\":\"https:\\\/\\\/schema.org\",\"@graph\":[{\"@type\":\"Article\",\"@id\":\"https:\\\/\\\/zurzeit.at\\\/index.php\\\/trump-bald-im-gefaengnis\\\/#article\",\"isPartOf\":{\"@id\":\"https:\\\/\\\/zurzeit.at\\\/index.php\\\/trump-bald-im-gefaengnis\\\/\"},\"author\":{\"name\":\"admin2\",\"@id\":\"https:\\\/\\\/zurzeit.at\\\/#\\\/schema\\\/person\\\/e6f4284c4ffdba25c26f295806088e37\"},\"headline\":\"Trump bald im Gef\u00e4ngnis?\",\"datePublished\":\"2023-03-20T10:35:13+00:00\",\"dateModified\":\"2023-03-20T10:35:31+00:00\",\"mainEntityOfPage\":{\"@id\":\"https:\\\/\\\/zurzeit.at\\\/index.php\\\/trump-bald-im-gefaengnis\\\/\"},\"wordCount\":247,\"commentCount\":0,\"image\":{\"@id\":\"https:\\\/\\\/zurzeit.at\\\/index.php\\\/trump-bald-im-gefaengnis\\\/#primaryimage\"},\"thumbnailUrl\":\"https:\\\/\\\/zurzeit.at\\\/wp-content\\\/uploads\\\/2023\\\/03\\\/Donald_Trump_29496131773.jpg\",\"keywords\":[\"Anklage\",\"Donald Trump\",\"Karen McDougal\",\"Manhattan\",\"Michael Cohen\",\"Proteste\",\"Schweigegeld\",\"Staatsanwaltschaft\",\"Stormy Daniels\",\"US-Kapitol\"],\"articleSection\":[\"Ausland\"],\"inLanguage\":\"de\",\"potentialAction\":[{\"@type\":\"CommentAction\",\"name\":\"Comment\",\"target\":[\"https:\\\/\\\/zurzeit.at\\\/index.php\\\/trump-bald-im-gefaengnis\\\/#respond\"]}]},{\"@type\":\"WebPage\",\"@id\":\"https:\\\/\\\/zurzeit.at\\\/index.php\\\/trump-bald-im-gefaengnis\\\/\",\"url\":\"https:\\\/\\\/zurzeit.at\\\/index.php\\\/trump-bald-im-gefaengnis\\\/\",\"name\":\"Trump bald im Gef\u00e4ngnis? - ZurZeit\",\"isPartOf\":{\"@id\":\"https:\\\/\\\/zurzeit.at\\\/#website\"},\"primaryImageOfPage\":{\"@id\":\"https:\\\/\\\/zurzeit.at\\\/index.php\\\/trump-bald-im-gefaengnis\\\/#primaryimage\"},\"image\":{\"@id\":\"https:\\\/\\\/zurzeit.at\\\/index.php\\\/trump-bald-im-gefaengnis\\\/#primaryimage\"},\"thumbnailUrl\":\"https:\\\/\\\/zurzeit.at\\\/wp-content\\\/uploads\\\/2023\\\/03\\\/Donald_Trump_29496131773.jpg\",\"datePublished\":\"2023-03-20T10:35:13+00:00\",\"dateModified\":\"2023-03-20T10:35:31+00:00\",\"author\":{\"@id\":\"https:\\\/\\\/zurzeit.at\\\/#\\\/schema\\\/person\\\/e6f4284c4ffdba25c26f295806088e37\"},\"breadcrumb\":{\"@id\":\"https:\\\/\\\/zurzeit.at\\\/index.php\\\/trump-bald-im-gefaengnis\\\/#breadcrumb\"},\"inLanguage\":\"de\",\"potentialAction\":[{\"@type\":\"ReadAction\",\"target\":[\"https:\\\/\\\/zurzeit.at\\\/index.php\\\/trump-bald-im-gefaengnis\\\/\"]}]},{\"@type\":\"ImageObject\",\"inLanguage\":\"de\",\"@id\":\"https:\\\/\\\/zurzeit.at\\\/index.php\\\/trump-bald-im-gefaengnis\\\/#primaryimage\",\"url\":\"https:\\\/\\\/zurzeit.at\\\/wp-content\\\/uploads\\\/2023\\\/03\\\/Donald_Trump_29496131773.jpg\",\"contentUrl\":\"https:\\\/\\\/zurzeit.at\\\/wp-content\\\/uploads\\\/2023\\\/03\\\/Donald_Trump_29496131773.jpg\",\"width\":1280,\"height\":854},{\"@type\":\"BreadcrumbList\",\"@id\":\"https:\\\/\\\/zurzeit.at\\\/index.php\\\/trump-bald-im-gefaengnis\\\/#breadcrumb\",\"itemListElement\":[{\"@type\":\"ListItem\",\"position\":1,\"name\":\"Startseite\",\"item\":\"https:\\\/\\\/zurzeit.at\\\/\"},{\"@type\":\"ListItem\",\"position\":2,\"name\":\"Trump bald im Gef\u00e4ngnis?\"}]},{\"@type\":\"WebSite\",\"@id\":\"https:\\\/\\\/zurzeit.at\\\/#website\",\"url\":\"https:\\\/\\\/zurzeit.at\\\/\",\"name\":\"ZurZeit\",\"description\":\"Internetseite des Wochenmagazins ZurZeit\",\"potentialAction\":[{\"@type\":\"SearchAction\",\"target\":{\"@type\":\"EntryPoint\",\"urlTemplate\":\"https:\\\/\\\/zurzeit.at\\\/?s={search_term_string}\"},\"query-input\":{\"@type\":\"PropertyValueSpecification\",\"valueRequired\":true,\"valueName\":\"search_term_string\"}}],\"inLanguage\":\"de\"},{\"@type\":\"Person\",\"@id\":\"https:\\\/\\\/zurzeit.at\\\/#\\\/schema\\\/person\\\/e6f4284c4ffdba25c26f295806088e37\",\"name\":\"admin2\",\"image\":{\"@type\":\"ImageObject\",\"inLanguage\":\"de\",\"@id\":\"https:\\\/\\\/secure.gravatar.com\\\/avatar\\\/6b01edb108b3f79fc8950358251ecf3b91c228e319139ad1beec43b6b1b16470?s=96&d=mm&r=g\",\"url\":\"https:\\\/\\\/secure.gravatar.com\\\/avatar\\\/6b01edb108b3f79fc8950358251ecf3b91c228e319139ad1beec43b6b1b16470?s=96&d=mm&r=g\",\"contentUrl\":\"https:\\\/\\\/secure.gravatar.com\\\/avatar\\\/6b01edb108b3f79fc8950358251ecf3b91c228e319139ad1beec43b6b1b16470?s=96&d=mm&r=g\",\"caption\":\"admin2\"},\"url\":\"https:\\\/\\\/zurzeit.at\\\/index.php\\\/author\\\/admin2\\\/\"}]}<\/script>\n<!-- \/ Yoast SEO plugin. -->","yoast_head_json":{"title":"Trump bald im Gef\u00e4ngnis? - ZurZeit","robots":{"index":"index","follow":"follow","max-snippet":"max-snippet:-1","max-image-preview":"max-image-preview:large","max-video-preview":"max-video-preview:-1"},"canonical":"https:\/\/zurzeit.at\/index.php\/trump-bald-im-gefaengnis\/","og_locale":"de_DE","og_type":"article","og_title":"Trump bald im Gef\u00e4ngnis? - ZurZeit","og_description":"Autor: A.R. Bilder: Wikipedia\/Gage Skidmore Lizenz: CC BY-SA 2.0 Donald Trump behauptet, dass er am&hellip;","og_url":"https:\/\/zurzeit.at\/index.php\/trump-bald-im-gefaengnis\/","og_site_name":"ZurZeit","article_publisher":"https:\/\/www.facebook.com\/wochenmagazinZurZeit\/","article_published_time":"2023-03-20T10:35:13+00:00","article_modified_time":"2023-03-20T10:35:31+00:00","og_image":[{"width":1280,"height":854,"url":"https:\/\/zurzeit.at\/wp-content\/uploads\/2023\/03\/Donald_Trump_29496131773.jpg","type":"image\/jpeg"}],"author":"admin2","twitter_card":"summary_large_image","twitter_misc":{"Verfasst von":"admin2","Gesch\u00e4tzte Lesezeit":"1\u00a0Minute"},"schema":{"@context":"https:\/\/schema.org","@graph":[{"@type":"Article","@id":"https:\/\/zurzeit.at\/index.php\/trump-bald-im-gefaengnis\/#article","isPartOf":{"@id":"https:\/\/zurzeit.at\/index.php\/trump-bald-im-gefaengnis\/"},"author":{"name":"admin2","@id":"https:\/\/zurzeit.at\/#\/schema\/person\/e6f4284c4ffdba25c26f295806088e37"},"headline":"Trump bald im Gef\u00e4ngnis?","datePublished":"2023-03-20T10:35:13+00:00","dateModified":"2023-03-20T10:35:31+00:00","mainEntityOfPage":{"@id":"https:\/\/zurzeit.at\/index.php\/trump-bald-im-gefaengnis\/"},"wordCount":247,"commentCount":0,"image":{"@id":"https:\/\/zurzeit.at\/index.php\/trump-bald-im-gefaengnis\/#primaryimage"},"thumbnailUrl":"https:\/\/zurzeit.at\/wp-content\/uploads\/2023\/03\/Donald_Trump_29496131773.jpg","keywords":["Anklage","Donald Trump","Karen McDougal","Manhattan","Michael Cohen","Proteste","Schweigegeld","Staatsanwaltschaft","Stormy Daniels","US-Kapitol"],"articleSection":["Ausland"],"inLanguage":"de","potentialAction":[{"@type":"CommentAction","name":"Comment","target":["https:\/\/zurzeit.at\/index.php\/trump-bald-im-gefaengnis\/#respond"]}]},{"@type":"WebPage","@id":"https:\/\/zurzeit.at\/index.php\/trump-bald-im-gefaengnis\/","url":"https:\/\/zurzeit.at\/index.php\/trump-bald-im-gefaengnis\/","name":"Trump bald im Gef\u00e4ngnis? - ZurZeit","isPartOf":{"@id":"https:\/\/zurzeit.at\/#website"},"primaryImageOfPage":{"@id":"https:\/\/zurzeit.at\/index.php\/trump-bald-im-gefaengnis\/#primaryimage"},"image":{"@id":"https:\/\/zurzeit.at\/index.php\/trump-bald-im-gefaengnis\/#primaryimage"},"thumbnailUrl":"https:\/\/zurzeit.at\/wp-content\/uploads\/2023\/03\/Donald_Trump_29496131773.jpg","datePublished":"2023-03-20T10:35:13+00:00","dateModified":"2023-03-20T10:35:31+00:00","author":{"@id":"https:\/\/zurzeit.at\/#\/schema\/person\/e6f4284c4ffdba25c26f295806088e37"},"breadcrumb":{"@id":"https:\/\/zurzeit.at\/index.php\/trump-bald-im-gefaengnis\/#breadcrumb"},"inLanguage":"de","potentialAction":[{"@type":"ReadAction","target":["https:\/\/zurzeit.at\/index.php\/trump-bald-im-gefaengnis\/"]}]},{"@type":"ImageObject","inLanguage":"de","@id":"https:\/\/zurzeit.at\/index.php\/trump-bald-im-gefaengnis\/#primaryimage","url":"https:\/\/zurzeit.at\/wp-content\/uploads\/2023\/03\/Donald_Trump_29496131773.jpg","contentUrl":"https:\/\/zurzeit.at\/wp-content\/uploads\/2023\/03\/Donald_Trump_29496131773.jpg","width":1280,"height":854},{"@type":"BreadcrumbList","@id":"https:\/\/zurzeit.at\/index.php\/trump-bald-im-gefaengnis\/#breadcrumb","itemListElement":[{"@type":"ListItem","position":1,"name":"Startseite","item":"https:\/\/zurzeit.at\/"},{"@type":"ListItem","position":2,"name":"Trump bald im Gef\u00e4ngnis?"}]},{"@type":"WebSite","@id":"https:\/\/zurzeit.at\/#website","url":"https:\/\/zurzeit.at\/","name":"ZurZeit","description":"Internetseite des Wochenmagazins ZurZeit","potentialAction":[{"@type":"SearchAction","target":{"@type":"EntryPoint","urlTemplate":"https:\/\/zurzeit.at\/?s={search_term_string}"},"query-input":{"@type":"PropertyValueSpecification","valueRequired":true,"valueName":"search_term_string"}}],"inLanguage":"de"},{"@type":"Person","@id":"https:\/\/zurzeit.at\/#\/schema\/person\/e6f4284c4ffdba25c26f295806088e37","name":"admin2","image":{"@type":"ImageObject","inLanguage":"de","@id":"https:\/\/secure.gravatar.com\/avatar\/6b01edb108b3f79fc8950358251ecf3b91c228e319139ad1beec43b6b1b16470?s=96&d=mm&r=g","url":"https:\/\/secure.gravatar.com\/avatar\/6b01edb108b3f79fc8950358251ecf3b91c228e319139ad1beec43b6b1b16470?s=96&d=mm&r=g","contentUrl":"https:\/\/secure.gravatar.com\/avatar\/6b01edb108b3f79fc8950358251ecf3b91c228e319139ad1beec43b6b1b16470?s=96&d=mm&r=g","caption":"admin2"},"url":"https:\/\/zurzeit.at\/index.php\/author\/admin2\/"}]}},"_links":{"self":[{"href":"https:\/\/zurzeit.at\/index.php\/wp-json\/wp\/v2\/posts\/16212","targetHints":{"allow":["GET"]}}],"collection":[{"href":"https:\/\/zurzeit.at\/index.php\/wp-json\/wp\/v2\/posts"}],"about":[{"href":"https:\/\/zurzeit.at\/index.php\/wp-json\/wp\/v2\/types\/post"}],"author":[{"embeddable":true,"href":"https:\/\/zurzeit.at\/index.php\/wp-json\/wp\/v2\/users\/3"}],"replies":[{"embeddable":true,"href":"https:\/\/zurzeit.at\/index.php\/wp-json\/wp\/v2\/comments?post=16212"}],"version-history":[{"count":2,"href":"https:\/\/zurzeit.at\/index.php\/wp-json\/wp\/v2\/posts\/16212\/revisions"}],"predecessor-version":[{"id":16215,"href":"https:\/\/zurzeit.at\/index.php\/wp-json\/wp\/v2\/posts\/16212\/revisions\/16215"}],"wp:featuredmedia":[{"embeddable":true,"href":"https:\/\/zurzeit.at\/index.php\/wp-json\/wp\/v2\/media\/16213"}],"wp:attachment":[{"href":"https:\/\/zurzeit.at\/index.php\/wp-json\/wp\/v2\/media?parent=16212"}],"wp:term":[{"taxonomy":"category","embeddable":true,"href":"https:\/\/zurzeit.at\/index.php\/wp-json\/wp\/v2\/categories?post=16212"},{"taxonomy":"post_tag","embeddable":true,"href":"https:\/\/zurzeit.at\/index.php\/wp-json\/wp\/v2\/tags?post=16212"}],"curies":[{"name":"wp","href":"https:\/\/api.w.org\/{rel}","templated":true}]}}