{"id":16337,"date":"2023-03-27T14:31:31","date_gmt":"2023-03-27T12:31:31","guid":{"rendered":"http:\/\/zurzeit.at\/?p=16337"},"modified":"2023-03-27T14:31:31","modified_gmt":"2023-03-27T12:31:31","slug":"die-crux-mit-rebellischen-herausforderern","status":"publish","type":"post","link":"https:\/\/zurzeit.at\/index.php\/die-crux-mit-rebellischen-herausforderern\/","title":{"rendered":"Die Crux mit rebellischen Herausforderern"},"content":{"rendered":"<p>Autor: <a href=\"https:\/\/zurzeit.at\/index.php\/autoren\/\">G.B.<\/a> Bilder: <a href=\"https:\/\/commons.wikimedia.org\/wiki\/File:Baustelle_vor_der_L%C3%B6welstra%C3%9Fe,_Vienna.jpg\">Wikipedia\/Herzi Pinki<\/a> Lizenz: <a href=\"https:\/\/creativecommons.org\/licenses\/by-sa\/4.0\/deed.en\">CC BY-SA 4.0<\/a><\/p>\n<hr \/>\n<h1>SP\u00d6: Babler mischt das Feld auf und macht das Rennen noch spannender<\/h1>\n<p>Gleich nachdem der Modus vivendi in Form einer SP\u00d6-Mitgliederbefragung gefunden worden ist, begann das Ringen um den Modus operandi. Das Misstrauen der burgenl\u00e4ndischen Landesgruppe gegen\u00fcber der von der Wiener Landesgruppe dominierten L\u00f6welstra\u00dfe war gro\u00df. Und ist es insgeheim wohl noch immer. Man erinnert sich der Mitgliederbefragung in der deutschen FDP, wo der unerm\u00fcdliche Frank Sch\u00e4ffler eine Basisentscheidung zugunsten eines kritischeren Euro-Rettungskurses durchsetzen wollte. Stimmen wurden nicht leise, dass der Partei-Apparat unter Christian Lindner zugunsten der Establishment-Linie eingegriffen habe.<\/p>\n<p>\u00c4hnlich verhielt es sich bei der Auseinandersetzung zwischen Hillary Clinton und Bernie Sanders bei den demokratischen Vorwahlen 2016. Sanders soll durch die Parteib\u00fcrokratie systematisch geschnitten und sabotiert worden sein. Letztendlich setzte sich Hillary Clinton durch, die wiederum Donald J. Trump unterlag.<\/p>\n<p>In beiden F\u00e4llen wurde der \u201erebellische\u201c Herausforderer durch das Establishment zurechtgestutzt. Den wirtschaftsliberalen Sch\u00e4ffler und den links-liberalen Sanders trennen ideologisch Welten. Jedoch haben beide den Finger in viele offene Wunden gelegt, welche sowohl die FDP-F\u00fchrung als auch die US-Demokraten nicht h\u00f6ren wollten. Viel wichtiger war der Zusammenhalt des Establishments in Form eines Machtkartells. Wo das Schattenboxen der Kandidaten Bestandteil der Demokratie-Folklore ist.<\/p>\n<p>Von der Z\u00e4hmung der Basis im Falle der FDP profitierte die AfD. Bei den Demokraten die Republikaner unter Trump. Viele entt\u00e4uschte Anh\u00e4nger von Sanders haben von einer Wahl Clintons abgesehen. Ein mitentscheidender Faktor in den Bundesstaaten Michigan, Ohio und Pennsylvania.<\/p>\n<p>Zur\u00fcck zur \u00f6sterreichischen Sozialdemokratie. Um die Partei-Neueintritte nicht vor den Kopf zu sto\u00dfen, wurde die Frist der M\u00f6glichkeit einer g\u00fcltigen Stimme bis zum 24. M\u00e4rz verl\u00e4ngert. Unter den Zur\u00fcckgekehrten sollen sich auch Robert Menasse und Rudolf Fu\u00dfi befinden. Die heimkehrenden verirrten Sch\u00e4fchen sind dem Papst die Liebsten.<\/p>\n<p>Im Hinblick auf die Kandidatenliste wurde das Feld ebenfalls m\u00f6glichst breit gehalten. Dies d\u00fcrfte wiederum ein Gegenzug des Lagers um Rendi-Wagner gewesen sein. Je mehr Kandidaten, umso st\u00e4rker die Aufsplitterung der Stimmen, die sich gegen die etablierte wie saturierte F\u00fchrung stemmen wollen. Potentielle \u201eAbweichler\u201c und Unzufriedene k\u00f6nnen sich nicht alleine um das Lager von Doskozil scharen.<\/p>\n<p>Vor allem der B\u00fcrgermeister von Traiskirchen Andreas Babler d\u00fcrfte das Feld geh\u00f6rig aufmischen. Angesichts seines respektablen Ergebnisses in seiner Heimatstadt bei den vergangenen Landtagswahlen ist sein Weggang vom Feld als Sieger nicht ausgeschlossen.Die Kommentatoren sehen durch Bablers Antreten Rendi-Wagner im Nachteil. M\u00f6glicherweise wird er aber zur indirekten Rettung der SP\u00d6-Chefin. Wie viele weitere Kandidaten.<\/p>\n<p>Jedenfalls sollte man der SP\u00d6 f\u00fcr ihre Mitgliederbefragung viel Gl\u00fcck w\u00fcnschen. K\u00f6nnte diese doch der Revitalisierung der \u00f6sterreichischen Demokratie dienen. Eine Verlagerung der Macht von den Parteiapparaten und dem Parteiadel hin zur Basis. Daher wird kein Versuch, sei es intern oder extern, ausgelassen werden diesen Prozess stolpern zu lassen, in Verruf zu bringen oder der L\u00e4cherlichkeit Preis zu geben.<\/p>\n","protected":false},"excerpt":{"rendered":"<p>Autor: G.B. Bilder: Wikipedia\/Herzi Pinki Lizenz: CC BY-SA 4.0 SP\u00d6: Babler mischt das Feld auf&hellip;<\/p>\n","protected":false},"author":3,"featured_media":16338,"comment_status":"open","ping_status":"closed","sticky":false,"template":"","format":"standard","meta":{"footnotes":""},"categories":[46],"tags":[9146,2384,637,837,344,9149,2546,7764,9148,3019,650,2917,9147,105],"class_list":["post-16337","post","type-post","status-publish","format-standard","has-post-thumbnail","hentry","category-oesterreich","tag-babler","tag-clinton","tag-demokraten","tag-doskozil","tag-fdp","tag-fussi","tag-lindner","tag-loewelstrasse","tag-menasse","tag-mitgliederbefragung","tag-rendi-wagner","tag-sanders","tag-schaeffler","tag-spoe"],"yoast_head":"<!-- This site is optimized with the Yoast SEO plugin v28.3 - https:\/\/yoast.com\/product\/yoast-seo-wordpress\/ -->\n<title>Die Crux mit rebellischen Herausforderern - ZurZeit<\/title>\n<meta name=\"robots\" content=\"index, follow, max-snippet:-1, max-image-preview:large, max-video-preview:-1\" \/>\n<link rel=\"canonical\" href=\"https:\/\/zurzeit.at\/index.php\/die-crux-mit-rebellischen-herausforderern\/\" \/>\n<meta property=\"og:locale\" content=\"de_DE\" \/>\n<meta property=\"og:type\" content=\"article\" \/>\n<meta property=\"og:title\" content=\"Die Crux mit rebellischen Herausforderern - ZurZeit\" \/>\n<meta property=\"og:description\" content=\"Autor: G.B. Bilder: Wikipedia\/Herzi Pinki Lizenz: CC BY-SA 4.0 SP\u00d6: Babler mischt das Feld auf&hellip;\" \/>\n<meta property=\"og:url\" content=\"https:\/\/zurzeit.at\/index.php\/die-crux-mit-rebellischen-herausforderern\/\" \/>\n<meta property=\"og:site_name\" content=\"ZurZeit\" \/>\n<meta property=\"article:publisher\" content=\"https:\/\/www.facebook.com\/wochenmagazinZurZeit\/\" \/>\n<meta property=\"article:published_time\" content=\"2023-03-27T12:31:31+00:00\" \/>\n<meta property=\"og:image\" content=\"https:\/\/zurzeit.at\/wp-content\/uploads\/2023\/03\/Baustelle_vor_der_Loewelstrasse_Vienna.jpg\" \/>\n\t<meta property=\"og:image:width\" content=\"832\" \/>\n\t<meta property=\"og:image:height\" content=\"1023\" \/>\n\t<meta property=\"og:image:type\" content=\"image\/jpeg\" \/>\n<meta name=\"author\" content=\"admin2\" \/>\n<meta name=\"twitter:card\" content=\"summary_large_image\" \/>\n<meta name=\"twitter:label1\" content=\"Verfasst von\" \/>\n\t<meta name=\"twitter:data1\" content=\"admin2\" \/>\n\t<meta name=\"twitter:label2\" content=\"Gesch\u00e4tzte Lesezeit\" \/>\n\t<meta name=\"twitter:data2\" content=\"3\u00a0Minuten\" \/>\n<script type=\"application\/ld+json\" class=\"yoast-schema-graph\">{\"@context\":\"https:\\\/\\\/schema.org\",\"@graph\":[{\"@type\":\"Article\",\"@id\":\"https:\\\/\\\/zurzeit.at\\\/index.php\\\/die-crux-mit-rebellischen-herausforderern\\\/#article\",\"isPartOf\":{\"@id\":\"https:\\\/\\\/zurzeit.at\\\/index.php\\\/die-crux-mit-rebellischen-herausforderern\\\/\"},\"author\":{\"name\":\"admin2\",\"@id\":\"https:\\\/\\\/zurzeit.at\\\/#\\\/schema\\\/person\\\/e6f4284c4ffdba25c26f295806088e37\"},\"headline\":\"Die Crux mit rebellischen Herausforderern\",\"datePublished\":\"2023-03-27T12:31:31+00:00\",\"mainEntityOfPage\":{\"@id\":\"https:\\\/\\\/zurzeit.at\\\/index.php\\\/die-crux-mit-rebellischen-herausforderern\\\/\"},\"wordCount\":502,\"commentCount\":0,\"image\":{\"@id\":\"https:\\\/\\\/zurzeit.at\\\/index.php\\\/die-crux-mit-rebellischen-herausforderern\\\/#primaryimage\"},\"thumbnailUrl\":\"https:\\\/\\\/zurzeit.at\\\/wp-content\\\/uploads\\\/2023\\\/03\\\/Baustelle_vor_der_Loewelstrasse_Vienna.jpg\",\"keywords\":[\"Babler\",\"Clinton\",\"Demokraten\",\"Doskozil\",\"FDP\",\"Fu\u00dfi\",\"Lindner\",\"L\u00f6welstra\u00dfe\",\"Menasse\",\"Mitgliederbefragung\",\"Rendi-Wagner\",\"Sanders\",\"Sch\u00e4ffler\",\"SP\u00d6\"],\"articleSection\":[\"\u00d6sterreich\"],\"inLanguage\":\"de\",\"potentialAction\":[{\"@type\":\"CommentAction\",\"name\":\"Comment\",\"target\":[\"https:\\\/\\\/zurzeit.at\\\/index.php\\\/die-crux-mit-rebellischen-herausforderern\\\/#respond\"]}]},{\"@type\":\"WebPage\",\"@id\":\"https:\\\/\\\/zurzeit.at\\\/index.php\\\/die-crux-mit-rebellischen-herausforderern\\\/\",\"url\":\"https:\\\/\\\/zurzeit.at\\\/index.php\\\/die-crux-mit-rebellischen-herausforderern\\\/\",\"name\":\"Die Crux mit rebellischen Herausforderern - ZurZeit\",\"isPartOf\":{\"@id\":\"https:\\\/\\\/zurzeit.at\\\/#website\"},\"primaryImageOfPage\":{\"@id\":\"https:\\\/\\\/zurzeit.at\\\/index.php\\\/die-crux-mit-rebellischen-herausforderern\\\/#primaryimage\"},\"image\":{\"@id\":\"https:\\\/\\\/zurzeit.at\\\/index.php\\\/die-crux-mit-rebellischen-herausforderern\\\/#primaryimage\"},\"thumbnailUrl\":\"https:\\\/\\\/zurzeit.at\\\/wp-content\\\/uploads\\\/2023\\\/03\\\/Baustelle_vor_der_Loewelstrasse_Vienna.jpg\",\"datePublished\":\"2023-03-27T12:31:31+00:00\",\"author\":{\"@id\":\"https:\\\/\\\/zurzeit.at\\\/#\\\/schema\\\/person\\\/e6f4284c4ffdba25c26f295806088e37\"},\"breadcrumb\":{\"@id\":\"https:\\\/\\\/zurzeit.at\\\/index.php\\\/die-crux-mit-rebellischen-herausforderern\\\/#breadcrumb\"},\"inLanguage\":\"de\",\"potentialAction\":[{\"@type\":\"ReadAction\",\"target\":[\"https:\\\/\\\/zurzeit.at\\\/index.php\\\/die-crux-mit-rebellischen-herausforderern\\\/\"]}]},{\"@type\":\"ImageObject\",\"inLanguage\":\"de\",\"@id\":\"https:\\\/\\\/zurzeit.at\\\/index.php\\\/die-crux-mit-rebellischen-herausforderern\\\/#primaryimage\",\"url\":\"https:\\\/\\\/zurzeit.at\\\/wp-content\\\/uploads\\\/2023\\\/03\\\/Baustelle_vor_der_Loewelstrasse_Vienna.jpg\",\"contentUrl\":\"https:\\\/\\\/zurzeit.at\\\/wp-content\\\/uploads\\\/2023\\\/03\\\/Baustelle_vor_der_Loewelstrasse_Vienna.jpg\",\"width\":832,\"height\":1023},{\"@type\":\"BreadcrumbList\",\"@id\":\"https:\\\/\\\/zurzeit.at\\\/index.php\\\/die-crux-mit-rebellischen-herausforderern\\\/#breadcrumb\",\"itemListElement\":[{\"@type\":\"ListItem\",\"position\":1,\"name\":\"Startseite\",\"item\":\"https:\\\/\\\/zurzeit.at\\\/\"},{\"@type\":\"ListItem\",\"position\":2,\"name\":\"Die Crux mit rebellischen Herausforderern\"}]},{\"@type\":\"WebSite\",\"@id\":\"https:\\\/\\\/zurzeit.at\\\/#website\",\"url\":\"https:\\\/\\\/zurzeit.at\\\/\",\"name\":\"ZurZeit\",\"description\":\"Internetseite des Wochenmagazins ZurZeit\",\"potentialAction\":[{\"@type\":\"SearchAction\",\"target\":{\"@type\":\"EntryPoint\",\"urlTemplate\":\"https:\\\/\\\/zurzeit.at\\\/?s={search_term_string}\"},\"query-input\":{\"@type\":\"PropertyValueSpecification\",\"valueRequired\":true,\"valueName\":\"search_term_string\"}}],\"inLanguage\":\"de\"},{\"@type\":\"Person\",\"@id\":\"https:\\\/\\\/zurzeit.at\\\/#\\\/schema\\\/person\\\/e6f4284c4ffdba25c26f295806088e37\",\"name\":\"admin2\",\"image\":{\"@type\":\"ImageObject\",\"inLanguage\":\"de\",\"@id\":\"https:\\\/\\\/secure.gravatar.com\\\/avatar\\\/6b01edb108b3f79fc8950358251ecf3b91c228e319139ad1beec43b6b1b16470?s=96&d=mm&r=g\",\"url\":\"https:\\\/\\\/secure.gravatar.com\\\/avatar\\\/6b01edb108b3f79fc8950358251ecf3b91c228e319139ad1beec43b6b1b16470?s=96&d=mm&r=g\",\"contentUrl\":\"https:\\\/\\\/secure.gravatar.com\\\/avatar\\\/6b01edb108b3f79fc8950358251ecf3b91c228e319139ad1beec43b6b1b16470?s=96&d=mm&r=g\",\"caption\":\"admin2\"},\"url\":\"https:\\\/\\\/zurzeit.at\\\/index.php\\\/author\\\/admin2\\\/\"}]}<\/script>\n<!-- \/ Yoast SEO plugin. -->","yoast_head_json":{"title":"Die Crux mit rebellischen Herausforderern - ZurZeit","robots":{"index":"index","follow":"follow","max-snippet":"max-snippet:-1","max-image-preview":"max-image-preview:large","max-video-preview":"max-video-preview:-1"},"canonical":"https:\/\/zurzeit.at\/index.php\/die-crux-mit-rebellischen-herausforderern\/","og_locale":"de_DE","og_type":"article","og_title":"Die Crux mit rebellischen Herausforderern - ZurZeit","og_description":"Autor: G.B. Bilder: Wikipedia\/Herzi Pinki Lizenz: CC BY-SA 4.0 SP\u00d6: Babler mischt das Feld auf&hellip;","og_url":"https:\/\/zurzeit.at\/index.php\/die-crux-mit-rebellischen-herausforderern\/","og_site_name":"ZurZeit","article_publisher":"https:\/\/www.facebook.com\/wochenmagazinZurZeit\/","article_published_time":"2023-03-27T12:31:31+00:00","og_image":[{"width":832,"height":1023,"url":"https:\/\/zurzeit.at\/wp-content\/uploads\/2023\/03\/Baustelle_vor_der_Loewelstrasse_Vienna.jpg","type":"image\/jpeg"}],"author":"admin2","twitter_card":"summary_large_image","twitter_misc":{"Verfasst von":"admin2","Gesch\u00e4tzte Lesezeit":"3\u00a0Minuten"},"schema":{"@context":"https:\/\/schema.org","@graph":[{"@type":"Article","@id":"https:\/\/zurzeit.at\/index.php\/die-crux-mit-rebellischen-herausforderern\/#article","isPartOf":{"@id":"https:\/\/zurzeit.at\/index.php\/die-crux-mit-rebellischen-herausforderern\/"},"author":{"name":"admin2","@id":"https:\/\/zurzeit.at\/#\/schema\/person\/e6f4284c4ffdba25c26f295806088e37"},"headline":"Die Crux mit rebellischen Herausforderern","datePublished":"2023-03-27T12:31:31+00:00","mainEntityOfPage":{"@id":"https:\/\/zurzeit.at\/index.php\/die-crux-mit-rebellischen-herausforderern\/"},"wordCount":502,"commentCount":0,"image":{"@id":"https:\/\/zurzeit.at\/index.php\/die-crux-mit-rebellischen-herausforderern\/#primaryimage"},"thumbnailUrl":"https:\/\/zurzeit.at\/wp-content\/uploads\/2023\/03\/Baustelle_vor_der_Loewelstrasse_Vienna.jpg","keywords":["Babler","Clinton","Demokraten","Doskozil","FDP","Fu\u00dfi","Lindner","L\u00f6welstra\u00dfe","Menasse","Mitgliederbefragung","Rendi-Wagner","Sanders","Sch\u00e4ffler","SP\u00d6"],"articleSection":["\u00d6sterreich"],"inLanguage":"de","potentialAction":[{"@type":"CommentAction","name":"Comment","target":["https:\/\/zurzeit.at\/index.php\/die-crux-mit-rebellischen-herausforderern\/#respond"]}]},{"@type":"WebPage","@id":"https:\/\/zurzeit.at\/index.php\/die-crux-mit-rebellischen-herausforderern\/","url":"https:\/\/zurzeit.at\/index.php\/die-crux-mit-rebellischen-herausforderern\/","name":"Die Crux mit rebellischen Herausforderern - ZurZeit","isPartOf":{"@id":"https:\/\/zurzeit.at\/#website"},"primaryImageOfPage":{"@id":"https:\/\/zurzeit.at\/index.php\/die-crux-mit-rebellischen-herausforderern\/#primaryimage"},"image":{"@id":"https:\/\/zurzeit.at\/index.php\/die-crux-mit-rebellischen-herausforderern\/#primaryimage"},"thumbnailUrl":"https:\/\/zurzeit.at\/wp-content\/uploads\/2023\/03\/Baustelle_vor_der_Loewelstrasse_Vienna.jpg","datePublished":"2023-03-27T12:31:31+00:00","author":{"@id":"https:\/\/zurzeit.at\/#\/schema\/person\/e6f4284c4ffdba25c26f295806088e37"},"breadcrumb":{"@id":"https:\/\/zurzeit.at\/index.php\/die-crux-mit-rebellischen-herausforderern\/#breadcrumb"},"inLanguage":"de","potentialAction":[{"@type":"ReadAction","target":["https:\/\/zurzeit.at\/index.php\/die-crux-mit-rebellischen-herausforderern\/"]}]},{"@type":"ImageObject","inLanguage":"de","@id":"https:\/\/zurzeit.at\/index.php\/die-crux-mit-rebellischen-herausforderern\/#primaryimage","url":"https:\/\/zurzeit.at\/wp-content\/uploads\/2023\/03\/Baustelle_vor_der_Loewelstrasse_Vienna.jpg","contentUrl":"https:\/\/zurzeit.at\/wp-content\/uploads\/2023\/03\/Baustelle_vor_der_Loewelstrasse_Vienna.jpg","width":832,"height":1023},{"@type":"BreadcrumbList","@id":"https:\/\/zurzeit.at\/index.php\/die-crux-mit-rebellischen-herausforderern\/#breadcrumb","itemListElement":[{"@type":"ListItem","position":1,"name":"Startseite","item":"https:\/\/zurzeit.at\/"},{"@type":"ListItem","position":2,"name":"Die Crux mit rebellischen Herausforderern"}]},{"@type":"WebSite","@id":"https:\/\/zurzeit.at\/#website","url":"https:\/\/zurzeit.at\/","name":"ZurZeit","description":"Internetseite des Wochenmagazins ZurZeit","potentialAction":[{"@type":"SearchAction","target":{"@type":"EntryPoint","urlTemplate":"https:\/\/zurzeit.at\/?s={search_term_string}"},"query-input":{"@type":"PropertyValueSpecification","valueRequired":true,"valueName":"search_term_string"}}],"inLanguage":"de"},{"@type":"Person","@id":"https:\/\/zurzeit.at\/#\/schema\/person\/e6f4284c4ffdba25c26f295806088e37","name":"admin2","image":{"@type":"ImageObject","inLanguage":"de","@id":"https:\/\/secure.gravatar.com\/avatar\/6b01edb108b3f79fc8950358251ecf3b91c228e319139ad1beec43b6b1b16470?s=96&d=mm&r=g","url":"https:\/\/secure.gravatar.com\/avatar\/6b01edb108b3f79fc8950358251ecf3b91c228e319139ad1beec43b6b1b16470?s=96&d=mm&r=g","contentUrl":"https:\/\/secure.gravatar.com\/avatar\/6b01edb108b3f79fc8950358251ecf3b91c228e319139ad1beec43b6b1b16470?s=96&d=mm&r=g","caption":"admin2"},"url":"https:\/\/zurzeit.at\/index.php\/author\/admin2\/"}]}},"_links":{"self":[{"href":"https:\/\/zurzeit.at\/index.php\/wp-json\/wp\/v2\/posts\/16337","targetHints":{"allow":["GET"]}}],"collection":[{"href":"https:\/\/zurzeit.at\/index.php\/wp-json\/wp\/v2\/posts"}],"about":[{"href":"https:\/\/zurzeit.at\/index.php\/wp-json\/wp\/v2\/types\/post"}],"author":[{"embeddable":true,"href":"https:\/\/zurzeit.at\/index.php\/wp-json\/wp\/v2\/users\/3"}],"replies":[{"embeddable":true,"href":"https:\/\/zurzeit.at\/index.php\/wp-json\/wp\/v2\/comments?post=16337"}],"version-history":[{"count":1,"href":"https:\/\/zurzeit.at\/index.php\/wp-json\/wp\/v2\/posts\/16337\/revisions"}],"predecessor-version":[{"id":16339,"href":"https:\/\/zurzeit.at\/index.php\/wp-json\/wp\/v2\/posts\/16337\/revisions\/16339"}],"wp:featuredmedia":[{"embeddable":true,"href":"https:\/\/zurzeit.at\/index.php\/wp-json\/wp\/v2\/media\/16338"}],"wp:attachment":[{"href":"https:\/\/zurzeit.at\/index.php\/wp-json\/wp\/v2\/media?parent=16337"}],"wp:term":[{"taxonomy":"category","embeddable":true,"href":"https:\/\/zurzeit.at\/index.php\/wp-json\/wp\/v2\/categories?post=16337"},{"taxonomy":"post_tag","embeddable":true,"href":"https:\/\/zurzeit.at\/index.php\/wp-json\/wp\/v2\/tags?post=16337"}],"curies":[{"name":"wp","href":"https:\/\/api.w.org\/{rel}","templated":true}]}}