{"id":17226,"date":"2023-07-03T10:28:51","date_gmt":"2023-07-03T08:28:51","guid":{"rendered":"http:\/\/zurzeit.at\/?p=17226"},"modified":"2023-07-03T10:28:51","modified_gmt":"2023-07-03T08:28:51","slug":"afd-waehler-seien-brauner-bodensatz","status":"publish","type":"post","link":"https:\/\/zurzeit.at\/index.php\/afd-waehler-seien-brauner-bodensatz\/","title":{"rendered":"AfD W\u00e4hler seien \u201ebrauner Bodensatz\u201c"},"content":{"rendered":"<p>Autor: <a href=\"https:\/\/zurzeit.at\/index.php\/autoren\/\">A.R.<\/a> Bilder:\u00a0<a href=\"https:\/\/commons.wikimedia.org\/wiki\/File:2021_Martin_Kocher_(50958944386)_(cropped)_(cropped).jpg#mw-jump-to-license\">Wikipedia\/Wolfram Schubert<\/a> Lizenz: <a class=\"mw-mmv-license\" href=\"https:\/\/commons.m.wikimedia.org\/wiki\/File:Stephan_J._Kramer_(2019).jpg\" target=\"_blank\" rel=\"noopener\">CC BY-SA 4.0<\/a><\/p>\n<hr \/>\n<h1>Der Pr\u00e4sident des Verfassungsschutzes in Th\u00fcringen, Stephan Kramer (SPD), ger\u00e4t aufgrund seiner \u00c4u\u00dferungen in die Kritik.<\/h1>\n<p>Kramer hatte jeden f\u00fcnften Deutschen als &#8222;braunen Bodensatz&#8220; bezeichnet. Erstmals gibt es nun auch Kritik, die nicht von der AfD stammt. Verfassungsrechtler Volker Boehme-Ne\u00dfler sieht in Kramers Aussagen eine Grenz\u00fcberschreitung und bezeichnet die Wortwahl als unangebracht f\u00fcr den Pr\u00e4sidenten einer Landesbeh\u00f6rde.<\/p>\n<p>Boehme-Ne\u00dfler kritisiert zudem den Trend zu politischem Aktivismus im Verfassungsschutz und sieht dies als besorgniserregend an. Der Verfassungsschutz und die Polizei sollten neutral bleiben und sich nicht in die politische Meinungsbildung einmischen. Diese Aufgabe liege bei der Politik und den B\u00fcrgern.<\/p>\n<p>Das Landesamt f\u00fcr Verfassungsschutz hat eine Anfrage der JUNGEN FREIHEIT, ob Kramers \u00c4u\u00dferungen eine offizielle Einsch\u00e4tzung des Verfassungsschutzes darstellen, unbeantwortet gelassen. Th\u00fcringens Innenminister Georg Maier (SPD) distanzierte sich von Kramers Worten und bezeichnete sie als \u201eungl\u00fccklich\u201c. Er betonte, dass in der Sprache Sachlichkeit bewahrt werden sollte und die AfD politisch gestellt werden solle.<\/p>\n<p>Der stellvertretende Bundestagspr\u00e4sident Wolfgang Kubicki (FDP) \u00e4u\u00dferte sich irritiert \u00fcber Kramers Aussagen und warnt vor pauschalen Ausgrenzungen von B\u00fcrgern. Solche \u00c4u\u00dferungen k\u00f6nnten der AfD in die H\u00e4nde spielen. Der AfD-Chef in Th\u00fcringen, Bj\u00f6rn H\u00f6cke, bezeichnete Kramer als &#8222;Linksextremisten&#8220; und wirft ihm vor, das M\u00e4\u00dfigungsgebot zu verletzen und Menschen zu entmenschlichen.<\/p>\n<p>Warum Kramer nach dieser \u00c4u\u00dferung noch im Amt ist, ist unerkl\u00e4rlich und unverzeihlich. Es ist unangebracht und inakzeptabel, dass ein Pr\u00e4sident einer Landesbeh\u00f6rde B\u00fcrger in einer derart polemischen und billigen Weise beschimpft. Insbesondere in einer Zeit, in der der gesellschaftliche Zusammenhalt und die politische Debatte ohnehin stark polarisiert sind, sollten Amtstr\u00e4ger eine besondere Verantwortung tragen, um einen konstruktiven Dialog zu f\u00f6rdern. Eine klare Trennung zwischen staatlichen Institutionen und politischen Auseinandersetzungen ist essentiell f\u00fcr eine funktionierende Demokratie.<\/p>\n<p>Allerdings ist es erfreulich, dass auch Politiker au\u00dferhalb der AfD die \u00c4u\u00dferungen von Kramer kritisieren. Auf dieser Basis der undemokratischen Beschimpfung und Ausgrenzung gew\u00e4hlter Parteien und deren W\u00e4hler werden die an der Regierung befindlichen Linksparteien, die Bev\u00f6lkerung nicht so schnell umdrehen, wie sie es gerne tun w\u00fcrden.<\/p>\n","protected":false},"excerpt":{"rendered":"<p>Autor: A.R. Bilder:\u00a0Wikipedia\/Wolfram Schubert Lizenz: CC BY-SA 4.0 Der Pr\u00e4sident des Verfassungsschutzes in Th\u00fcringen, Stephan&hellip;<\/p>\n","protected":false},"author":823,"featured_media":17227,"comment_status":"open","ping_status":"closed","sticky":false,"template":"","format":"standard","meta":{"footnotes":""},"categories":[1],"tags":[62,344,9552,1925,9551,1829,194,343,1380,1941],"class_list":["post-17226","post","type-post","status-publish","format-standard","has-post-thumbnail","hentry","category-allgemein","tag-afd","tag-fdp","tag-georg-maier","tag-hoecke","tag-kramer","tag-kubicki","tag-linksextremismus","tag-spd","tag-thueringen","tag-verfassungsschutz"],"yoast_head":"<!-- This site is optimized with the Yoast SEO plugin v28.3 - https:\/\/yoast.com\/product\/yoast-seo-wordpress\/ -->\n<title>AfD W\u00e4hler seien \u201ebrauner Bodensatz\u201c - ZurZeit<\/title>\n<meta name=\"robots\" content=\"index, follow, max-snippet:-1, max-image-preview:large, max-video-preview:-1\" \/>\n<link rel=\"canonical\" href=\"https:\/\/zurzeit.at\/index.php\/afd-waehler-seien-brauner-bodensatz\/\" \/>\n<meta property=\"og:locale\" content=\"de_DE\" \/>\n<meta property=\"og:type\" content=\"article\" \/>\n<meta property=\"og:title\" content=\"AfD W\u00e4hler seien \u201ebrauner Bodensatz\u201c - ZurZeit\" \/>\n<meta property=\"og:description\" content=\"Autor: A.R. Bilder:\u00a0Wikipedia\/Wolfram Schubert Lizenz: CC BY-SA 4.0 Der Pr\u00e4sident des Verfassungsschutzes in Th\u00fcringen, Stephan&hellip;\" \/>\n<meta property=\"og:url\" content=\"https:\/\/zurzeit.at\/index.php\/afd-waehler-seien-brauner-bodensatz\/\" \/>\n<meta property=\"og:site_name\" content=\"ZurZeit\" \/>\n<meta property=\"article:publisher\" content=\"https:\/\/www.facebook.com\/wochenmagazinZurZeit\/\" \/>\n<meta property=\"article:published_time\" content=\"2023-07-03T08:28:51+00:00\" \/>\n<meta property=\"og:image\" content=\"https:\/\/zurzeit.at\/wp-content\/uploads\/2023\/07\/1200px-Stephan_J._Kramer_2019.jpg\" \/>\n\t<meta property=\"og:image:width\" content=\"1200\" \/>\n\t<meta property=\"og:image:height\" content=\"800\" \/>\n\t<meta property=\"og:image:type\" content=\"image\/jpeg\" \/>\n<meta name=\"author\" content=\"John Tuscha\" \/>\n<meta name=\"twitter:card\" content=\"summary_large_image\" \/>\n<meta name=\"twitter:label1\" content=\"Verfasst von\" \/>\n\t<meta name=\"twitter:data1\" content=\"John Tuscha\" \/>\n\t<meta name=\"twitter:label2\" content=\"Gesch\u00e4tzte Lesezeit\" \/>\n\t<meta name=\"twitter:data2\" content=\"2\u00a0Minuten\" \/>\n<script type=\"application\/ld+json\" class=\"yoast-schema-graph\">{\"@context\":\"https:\\\/\\\/schema.org\",\"@graph\":[{\"@type\":\"Article\",\"@id\":\"https:\\\/\\\/zurzeit.at\\\/index.php\\\/afd-waehler-seien-brauner-bodensatz\\\/#article\",\"isPartOf\":{\"@id\":\"https:\\\/\\\/zurzeit.at\\\/index.php\\\/afd-waehler-seien-brauner-bodensatz\\\/\"},\"author\":{\"name\":\"John Tuscha\",\"@id\":\"https:\\\/\\\/zurzeit.at\\\/#\\\/schema\\\/person\\\/118c30f6ad7896ee06fc84c1365a4aca\"},\"headline\":\"AfD W\u00e4hler seien \u201ebrauner Bodensatz\u201c\",\"datePublished\":\"2023-07-03T08:28:51+00:00\",\"mainEntityOfPage\":{\"@id\":\"https:\\\/\\\/zurzeit.at\\\/index.php\\\/afd-waehler-seien-brauner-bodensatz\\\/\"},\"wordCount\":381,\"commentCount\":0,\"image\":{\"@id\":\"https:\\\/\\\/zurzeit.at\\\/index.php\\\/afd-waehler-seien-brauner-bodensatz\\\/#primaryimage\"},\"thumbnailUrl\":\"https:\\\/\\\/zurzeit.at\\\/wp-content\\\/uploads\\\/2023\\\/07\\\/1200px-Stephan_J._Kramer_2019.jpg\",\"keywords\":[\"AFD\",\"FDP\",\"Georg Maier\",\"H\u00f6cke\",\"Kramer\",\"Kubicki\",\"Linksextremismus\",\"SPD\",\"Th\u00fcringen\",\"Verfassungsschutz\"],\"inLanguage\":\"de\",\"potentialAction\":[{\"@type\":\"CommentAction\",\"name\":\"Comment\",\"target\":[\"https:\\\/\\\/zurzeit.at\\\/index.php\\\/afd-waehler-seien-brauner-bodensatz\\\/#respond\"]}]},{\"@type\":\"WebPage\",\"@id\":\"https:\\\/\\\/zurzeit.at\\\/index.php\\\/afd-waehler-seien-brauner-bodensatz\\\/\",\"url\":\"https:\\\/\\\/zurzeit.at\\\/index.php\\\/afd-waehler-seien-brauner-bodensatz\\\/\",\"name\":\"AfD W\u00e4hler seien \u201ebrauner Bodensatz\u201c - ZurZeit\",\"isPartOf\":{\"@id\":\"https:\\\/\\\/zurzeit.at\\\/#website\"},\"primaryImageOfPage\":{\"@id\":\"https:\\\/\\\/zurzeit.at\\\/index.php\\\/afd-waehler-seien-brauner-bodensatz\\\/#primaryimage\"},\"image\":{\"@id\":\"https:\\\/\\\/zurzeit.at\\\/index.php\\\/afd-waehler-seien-brauner-bodensatz\\\/#primaryimage\"},\"thumbnailUrl\":\"https:\\\/\\\/zurzeit.at\\\/wp-content\\\/uploads\\\/2023\\\/07\\\/1200px-Stephan_J._Kramer_2019.jpg\",\"datePublished\":\"2023-07-03T08:28:51+00:00\",\"author\":{\"@id\":\"https:\\\/\\\/zurzeit.at\\\/#\\\/schema\\\/person\\\/118c30f6ad7896ee06fc84c1365a4aca\"},\"breadcrumb\":{\"@id\":\"https:\\\/\\\/zurzeit.at\\\/index.php\\\/afd-waehler-seien-brauner-bodensatz\\\/#breadcrumb\"},\"inLanguage\":\"de\",\"potentialAction\":[{\"@type\":\"ReadAction\",\"target\":[\"https:\\\/\\\/zurzeit.at\\\/index.php\\\/afd-waehler-seien-brauner-bodensatz\\\/\"]}]},{\"@type\":\"ImageObject\",\"inLanguage\":\"de\",\"@id\":\"https:\\\/\\\/zurzeit.at\\\/index.php\\\/afd-waehler-seien-brauner-bodensatz\\\/#primaryimage\",\"url\":\"https:\\\/\\\/zurzeit.at\\\/wp-content\\\/uploads\\\/2023\\\/07\\\/1200px-Stephan_J._Kramer_2019.jpg\",\"contentUrl\":\"https:\\\/\\\/zurzeit.at\\\/wp-content\\\/uploads\\\/2023\\\/07\\\/1200px-Stephan_J._Kramer_2019.jpg\",\"width\":1200,\"height\":800},{\"@type\":\"BreadcrumbList\",\"@id\":\"https:\\\/\\\/zurzeit.at\\\/index.php\\\/afd-waehler-seien-brauner-bodensatz\\\/#breadcrumb\",\"itemListElement\":[{\"@type\":\"ListItem\",\"position\":1,\"name\":\"Startseite\",\"item\":\"https:\\\/\\\/zurzeit.at\\\/\"},{\"@type\":\"ListItem\",\"position\":2,\"name\":\"AfD W\u00e4hler seien \u201ebrauner Bodensatz\u201c\"}]},{\"@type\":\"WebSite\",\"@id\":\"https:\\\/\\\/zurzeit.at\\\/#website\",\"url\":\"https:\\\/\\\/zurzeit.at\\\/\",\"name\":\"ZurZeit\",\"description\":\"Internetseite des Wochenmagazins ZurZeit\",\"potentialAction\":[{\"@type\":\"SearchAction\",\"target\":{\"@type\":\"EntryPoint\",\"urlTemplate\":\"https:\\\/\\\/zurzeit.at\\\/?s={search_term_string}\"},\"query-input\":{\"@type\":\"PropertyValueSpecification\",\"valueRequired\":true,\"valueName\":\"search_term_string\"}}],\"inLanguage\":\"de\"},{\"@type\":\"Person\",\"@id\":\"https:\\\/\\\/zurzeit.at\\\/#\\\/schema\\\/person\\\/118c30f6ad7896ee06fc84c1365a4aca\",\"name\":\"John Tuscha\",\"image\":{\"@type\":\"ImageObject\",\"inLanguage\":\"de\",\"@id\":\"https:\\\/\\\/secure.gravatar.com\\\/avatar\\\/f3476f8af58f7d46f586c7c0be49af1b250a8b91bcdc90e8e37320ee2fecc2f1?s=96&d=mm&r=g\",\"url\":\"https:\\\/\\\/secure.gravatar.com\\\/avatar\\\/f3476f8af58f7d46f586c7c0be49af1b250a8b91bcdc90e8e37320ee2fecc2f1?s=96&d=mm&r=g\",\"contentUrl\":\"https:\\\/\\\/secure.gravatar.com\\\/avatar\\\/f3476f8af58f7d46f586c7c0be49af1b250a8b91bcdc90e8e37320ee2fecc2f1?s=96&d=mm&r=g\",\"caption\":\"John Tuscha\"},\"url\":\"https:\\\/\\\/zurzeit.at\\\/index.php\\\/author\\\/john-tuscha\\\/\"}]}<\/script>\n<!-- \/ Yoast SEO plugin. -->","yoast_head_json":{"title":"AfD W\u00e4hler seien \u201ebrauner Bodensatz\u201c - ZurZeit","robots":{"index":"index","follow":"follow","max-snippet":"max-snippet:-1","max-image-preview":"max-image-preview:large","max-video-preview":"max-video-preview:-1"},"canonical":"https:\/\/zurzeit.at\/index.php\/afd-waehler-seien-brauner-bodensatz\/","og_locale":"de_DE","og_type":"article","og_title":"AfD W\u00e4hler seien \u201ebrauner Bodensatz\u201c - ZurZeit","og_description":"Autor: A.R. Bilder:\u00a0Wikipedia\/Wolfram Schubert Lizenz: CC BY-SA 4.0 Der Pr\u00e4sident des Verfassungsschutzes in Th\u00fcringen, Stephan&hellip;","og_url":"https:\/\/zurzeit.at\/index.php\/afd-waehler-seien-brauner-bodensatz\/","og_site_name":"ZurZeit","article_publisher":"https:\/\/www.facebook.com\/wochenmagazinZurZeit\/","article_published_time":"2023-07-03T08:28:51+00:00","og_image":[{"width":1200,"height":800,"url":"https:\/\/zurzeit.at\/wp-content\/uploads\/2023\/07\/1200px-Stephan_J._Kramer_2019.jpg","type":"image\/jpeg"}],"author":"John Tuscha","twitter_card":"summary_large_image","twitter_misc":{"Verfasst von":"John Tuscha","Gesch\u00e4tzte Lesezeit":"2\u00a0Minuten"},"schema":{"@context":"https:\/\/schema.org","@graph":[{"@type":"Article","@id":"https:\/\/zurzeit.at\/index.php\/afd-waehler-seien-brauner-bodensatz\/#article","isPartOf":{"@id":"https:\/\/zurzeit.at\/index.php\/afd-waehler-seien-brauner-bodensatz\/"},"author":{"name":"John Tuscha","@id":"https:\/\/zurzeit.at\/#\/schema\/person\/118c30f6ad7896ee06fc84c1365a4aca"},"headline":"AfD W\u00e4hler seien \u201ebrauner Bodensatz\u201c","datePublished":"2023-07-03T08:28:51+00:00","mainEntityOfPage":{"@id":"https:\/\/zurzeit.at\/index.php\/afd-waehler-seien-brauner-bodensatz\/"},"wordCount":381,"commentCount":0,"image":{"@id":"https:\/\/zurzeit.at\/index.php\/afd-waehler-seien-brauner-bodensatz\/#primaryimage"},"thumbnailUrl":"https:\/\/zurzeit.at\/wp-content\/uploads\/2023\/07\/1200px-Stephan_J._Kramer_2019.jpg","keywords":["AFD","FDP","Georg Maier","H\u00f6cke","Kramer","Kubicki","Linksextremismus","SPD","Th\u00fcringen","Verfassungsschutz"],"inLanguage":"de","potentialAction":[{"@type":"CommentAction","name":"Comment","target":["https:\/\/zurzeit.at\/index.php\/afd-waehler-seien-brauner-bodensatz\/#respond"]}]},{"@type":"WebPage","@id":"https:\/\/zurzeit.at\/index.php\/afd-waehler-seien-brauner-bodensatz\/","url":"https:\/\/zurzeit.at\/index.php\/afd-waehler-seien-brauner-bodensatz\/","name":"AfD W\u00e4hler seien \u201ebrauner Bodensatz\u201c - ZurZeit","isPartOf":{"@id":"https:\/\/zurzeit.at\/#website"},"primaryImageOfPage":{"@id":"https:\/\/zurzeit.at\/index.php\/afd-waehler-seien-brauner-bodensatz\/#primaryimage"},"image":{"@id":"https:\/\/zurzeit.at\/index.php\/afd-waehler-seien-brauner-bodensatz\/#primaryimage"},"thumbnailUrl":"https:\/\/zurzeit.at\/wp-content\/uploads\/2023\/07\/1200px-Stephan_J._Kramer_2019.jpg","datePublished":"2023-07-03T08:28:51+00:00","author":{"@id":"https:\/\/zurzeit.at\/#\/schema\/person\/118c30f6ad7896ee06fc84c1365a4aca"},"breadcrumb":{"@id":"https:\/\/zurzeit.at\/index.php\/afd-waehler-seien-brauner-bodensatz\/#breadcrumb"},"inLanguage":"de","potentialAction":[{"@type":"ReadAction","target":["https:\/\/zurzeit.at\/index.php\/afd-waehler-seien-brauner-bodensatz\/"]}]},{"@type":"ImageObject","inLanguage":"de","@id":"https:\/\/zurzeit.at\/index.php\/afd-waehler-seien-brauner-bodensatz\/#primaryimage","url":"https:\/\/zurzeit.at\/wp-content\/uploads\/2023\/07\/1200px-Stephan_J._Kramer_2019.jpg","contentUrl":"https:\/\/zurzeit.at\/wp-content\/uploads\/2023\/07\/1200px-Stephan_J._Kramer_2019.jpg","width":1200,"height":800},{"@type":"BreadcrumbList","@id":"https:\/\/zurzeit.at\/index.php\/afd-waehler-seien-brauner-bodensatz\/#breadcrumb","itemListElement":[{"@type":"ListItem","position":1,"name":"Startseite","item":"https:\/\/zurzeit.at\/"},{"@type":"ListItem","position":2,"name":"AfD W\u00e4hler seien \u201ebrauner Bodensatz\u201c"}]},{"@type":"WebSite","@id":"https:\/\/zurzeit.at\/#website","url":"https:\/\/zurzeit.at\/","name":"ZurZeit","description":"Internetseite des Wochenmagazins ZurZeit","potentialAction":[{"@type":"SearchAction","target":{"@type":"EntryPoint","urlTemplate":"https:\/\/zurzeit.at\/?s={search_term_string}"},"query-input":{"@type":"PropertyValueSpecification","valueRequired":true,"valueName":"search_term_string"}}],"inLanguage":"de"},{"@type":"Person","@id":"https:\/\/zurzeit.at\/#\/schema\/person\/118c30f6ad7896ee06fc84c1365a4aca","name":"John Tuscha","image":{"@type":"ImageObject","inLanguage":"de","@id":"https:\/\/secure.gravatar.com\/avatar\/f3476f8af58f7d46f586c7c0be49af1b250a8b91bcdc90e8e37320ee2fecc2f1?s=96&d=mm&r=g","url":"https:\/\/secure.gravatar.com\/avatar\/f3476f8af58f7d46f586c7c0be49af1b250a8b91bcdc90e8e37320ee2fecc2f1?s=96&d=mm&r=g","contentUrl":"https:\/\/secure.gravatar.com\/avatar\/f3476f8af58f7d46f586c7c0be49af1b250a8b91bcdc90e8e37320ee2fecc2f1?s=96&d=mm&r=g","caption":"John Tuscha"},"url":"https:\/\/zurzeit.at\/index.php\/author\/john-tuscha\/"}]}},"_links":{"self":[{"href":"https:\/\/zurzeit.at\/index.php\/wp-json\/wp\/v2\/posts\/17226","targetHints":{"allow":["GET"]}}],"collection":[{"href":"https:\/\/zurzeit.at\/index.php\/wp-json\/wp\/v2\/posts"}],"about":[{"href":"https:\/\/zurzeit.at\/index.php\/wp-json\/wp\/v2\/types\/post"}],"author":[{"embeddable":true,"href":"https:\/\/zurzeit.at\/index.php\/wp-json\/wp\/v2\/users\/823"}],"replies":[{"embeddable":true,"href":"https:\/\/zurzeit.at\/index.php\/wp-json\/wp\/v2\/comments?post=17226"}],"version-history":[{"count":1,"href":"https:\/\/zurzeit.at\/index.php\/wp-json\/wp\/v2\/posts\/17226\/revisions"}],"predecessor-version":[{"id":17228,"href":"https:\/\/zurzeit.at\/index.php\/wp-json\/wp\/v2\/posts\/17226\/revisions\/17228"}],"wp:featuredmedia":[{"embeddable":true,"href":"https:\/\/zurzeit.at\/index.php\/wp-json\/wp\/v2\/media\/17227"}],"wp:attachment":[{"href":"https:\/\/zurzeit.at\/index.php\/wp-json\/wp\/v2\/media?parent=17226"}],"wp:term":[{"taxonomy":"category","embeddable":true,"href":"https:\/\/zurzeit.at\/index.php\/wp-json\/wp\/v2\/categories?post=17226"},{"taxonomy":"post_tag","embeddable":true,"href":"https:\/\/zurzeit.at\/index.php\/wp-json\/wp\/v2\/tags?post=17226"}],"curies":[{"name":"wp","href":"https:\/\/api.w.org\/{rel}","templated":true}]}}