{"id":17232,"date":"2023-07-03T11:22:07","date_gmt":"2023-07-03T09:22:07","guid":{"rendered":"http:\/\/zurzeit.at\/?p=17232"},"modified":"2023-07-03T11:22:07","modified_gmt":"2023-07-03T09:22:07","slug":"brics-staaten-ziemlich-beste-freunde-zz-nr-26-2","status":"publish","type":"post","link":"https:\/\/zurzeit.at\/index.php\/brics-staaten-ziemlich-beste-freunde-zz-nr-26-2\/","title":{"rendered":"BRICS-Staaten: Ziemlich beste Freunde- ZZ Nr. 26"},"content":{"rendered":"<p>Wie jede Woche d\u00fcrfen wir Ihnen unsere aktuelle Ausgabe des Wochenmagazin ZurZeit pr\u00e4sentieren. Diesmal mit folgendem Thema:<\/p>\n<h1>BRICS-Staaten: Ziemlich beste Freunde<\/h1>\n<ul>\n<li style=\"list-style-type: none;\">\n<ul>\n<li style=\"list-style-type: none;\">\n<ul>\n<li style=\"list-style-type: none;\">\n<ul>\n<li style=\"list-style-type: none;\">\n<ul>\n<li>Axel Kassegger im ZZ-Gespr\u00e4ch r \u00fcber den Aufstieg der BRICS-Gruppe, den \u00dcbergang zu einer<br \/>\nmultipolaren Weltordnung und wie sich \u00d6sterreich als neutraler Staat zwischen Machtbl\u00f6cken verhalten sollte Seite 18\u201320<\/li>\n<li><strong>Bernhard Tomaschitz<\/strong>: Kampfansage an den US-Imperialismus Seite 14\u201322<\/li>\n<li><strong>BRICS<\/strong>: Kontrolle \u00fcber Roh- stoffe und Energiequellen Seite 22\u201323<\/li>\n<\/ul>\n<\/li>\n<\/ul>\n<\/li>\n<\/ul>\n<\/li>\n<\/ul>\n<\/li>\n<\/ul>\n<h1>Gastkommentare und Interviews:<\/h1>\n<ul>\n<li style=\"list-style-type: none;\">\n<ul>\n<li style=\"list-style-type: none;\">\n<ul>\n<li style=\"list-style-type: none;\">\n<ul>\n<li style=\"list-style-type: none;\">\n<ul>\n<li><strong>Manfred Tisal <\/strong>\u00fcber den Anfang vom Ende Seite 10\u201311<\/li>\n<li><strong>Dominik Nepp<\/strong> \u00fcber Senkung der Strafm\u00fcndigkeit Seite 11<\/li>\n<li><strong>Albrecht Rothacher<\/strong> dar\u00fcber, dass Totgesagte l\u00e4nger leben Seite 14-16<\/li>\n<\/ul>\n<\/li>\n<\/ul>\n<\/li>\n<\/ul>\n<\/li>\n<\/ul>\n<\/li>\n<\/ul>\n<h1>Was gibt es sonst noch zu lesen?<\/h1>\n<p style=\"padding-left: 80px;\"><strong>Aktuell<\/strong><\/p>\n<ul>\n<li style=\"list-style-type: none;\">\n<ul>\n<li style=\"list-style-type: none;\">\n<ul>\n<li style=\"list-style-type: none;\">\n<ul>\n<li style=\"list-style-type: none;\">\n<ul>\n<li style=\"text-align: left;\">UNO: Digitale Identit\u00e4t mit Bankkonto verkn\u00fcpfen 4<\/li>\n<li>T\u00f6dliche Corona-Impfung 4<\/li>\n<li>Ampelregierung f\u00f6rdert Zensur 5<\/li>\n<li>Historischer AfD-Erfolg in Th\u00fcringen 5<\/li>\n<li>Staatliche Hitzepanik:<br \/>\nLauterbach warnt vor Sommer 5<\/li>\n<li>Editorial: Russland \u2013 eine Dystopie 6\u20137<\/li>\n<\/ul>\n<\/li>\n<\/ul>\n<\/li>\n<\/ul>\n<\/li>\n<\/ul>\n<\/li>\n<\/ul>\n<div class=\"layoutArea\">\n<div class=\"column\">\n<p style=\"padding-left: 80px;\"><strong>\u00d6sterreich<\/strong><\/p>\n<ul>\n<li style=\"list-style-type: none;\">\n<ul>\n<li style=\"list-style-type: none;\">\n<ul>\n<li style=\"list-style-type: none;\">\n<ul>\n<li style=\"list-style-type: none;\">\n<ul>\n<li>SP\u00d6-Babler: Nun auch Genossen im Klimawahn 8\u20139<\/li>\n<li>LQBT-Ideologie: Kommt \u201equeeres\u201c Jugendzentrum? 10\u201311<\/li>\n<\/ul>\n<\/li>\n<\/ul>\n<\/li>\n<\/ul>\n<\/li>\n<\/ul>\n<\/li>\n<\/ul>\n<p style=\"padding-left: 80px;\"><strong>Ausland<\/strong><\/p>\n<ul>\n<li style=\"list-style-type: none;\">\n<ul>\n<li style=\"list-style-type: none;\">\n<ul>\n<li style=\"list-style-type: none;\">\n<ul>\n<li style=\"list-style-type: none;\">\n<ul>\n<li>Russland: Meuterei oder Man\u00f6ver? 12\u201313<\/li>\n<\/ul>\n<\/li>\n<\/ul>\n<\/li>\n<\/ul>\n<\/li>\n<\/ul>\n<\/li>\n<\/ul>\n<p style=\"padding-left: 80px;\"><strong>Neu Denken<\/strong><\/p>\n<ul>\n<li style=\"list-style-type: none;\">\n<ul>\n<li style=\"list-style-type: none;\">\n<ul>\n<li style=\"list-style-type: none;\">\n<ul>\n<li style=\"list-style-type: none;\">\n<ul>\n<li>Andreas M\u00f6lzer: \u201eOne World\u201c mit tausend Br\u00fcchen 24\u201325<\/li>\n<\/ul>\n<\/li>\n<\/ul>\n<\/li>\n<\/ul>\n<\/li>\n<\/ul>\n<\/li>\n<\/ul>\n<div class=\"column\" style=\"padding-left: 80px;\">\n<div class=\"page\" title=\"Page 3\">\n<div class=\"layoutArea\">\n<div class=\"column\">\n<p><strong>Feuilleton<\/strong><\/p>\n<ul>\n<li>P\u00e4dophilenversteher: Kinder als Opfer linker Politik 26\u201329<\/li>\n<li>Neugelesen: Sturzwasser 28<\/li>\n<li>Solistin und Mentorin: Anne Sophie Mutter 28\u201329<\/li>\n<li>Vor 50 Jahren: Vollj\u00e4hrig 29<\/li>\n<\/ul>\n<p><strong>Gesellschaft<\/strong><\/p>\n<\/div>\n<div class=\"column\">\n<div class=\"page\" title=\"Page 3\">\n<div class=\"layoutArea\">\n<div class=\"column\">\n<ul>\n<li>Roter Faden: Meuterei 30<\/li>\n<li>Antifa-Angriff auf Historiker-Tagung 30\u201332<\/li>\n<li>EU-Beschwerde gegen ORF-Gesetz 32\u201333<\/li>\n<\/ul>\n<p>&nbsp;<\/p>\n<\/div>\n<\/div>\n<\/div>\n<\/div>\n<\/div>\n<\/div>\n<\/div>\n<\/div>\n<\/div>\n<ul>\n<li><strong>Und noch vieles mehr\u2026<\/strong><\/li>\n<li>Wir bieten w\u00f6chentlich freie und unabh\u00e4ngige Berichterstattung, mit einem politisch unkorrekten Zugang.<\/li>\n<\/ul>\n<table>\n<tbody>\n<tr>\n<td width=\"307\"><strong>Neugierig geworden, dann lesen Sie uns 4 Wochen, unverbindlich und kostenlos, mit dem\u00a0<a href=\"https:\/\/zurzeit.at\/index.php\/probeabo\/\">GRATIS-Probe-Abo<\/a>.<\/strong><a href=\"https:\/\/zurzeit.at\/index.php\/probeabo\/\"><img loading=\"lazy\" decoding=\"async\" class=\"alignnone wp-image-1990\" src=\"https:\/\/zurzeit.at\/wp-content\/uploads\/2019\/03\/fa66c028-6fff-4dec-ab9a-22f0631b81b1-1024x686.jpg\" sizes=\"auto, (max-width: 314px) 100vw, 314px\" srcset=\"https:\/\/zurzeit.at\/wp-content\/uploads\/2019\/03\/fa66c028-6fff-4dec-ab9a-22f0631b81b1-1024x686.jpg 1024w, https:\/\/zurzeit.at\/wp-content\/uploads\/2019\/03\/fa66c028-6fff-4dec-ab9a-22f0631b81b1-600x402.jpg 600w, https:\/\/zurzeit.at\/wp-content\/uploads\/2019\/03\/fa66c028-6fff-4dec-ab9a-22f0631b81b1-300x201.jpg 300w, https:\/\/zurzeit.at\/wp-content\/uploads\/2019\/03\/fa66c028-6fff-4dec-ab9a-22f0631b81b1-768x514.jpg 768w, https:\/\/zurzeit.at\/wp-content\/uploads\/2019\/03\/fa66c028-6fff-4dec-ab9a-22f0631b81b1-1170x784.jpg 1170w, https:\/\/zurzeit.at\/wp-content\/uploads\/2019\/03\/fa66c028-6fff-4dec-ab9a-22f0631b81b1-585x392.jpg 585w, https:\/\/zurzeit.at\/wp-content\/uploads\/2019\/03\/fa66c028-6fff-4dec-ab9a-22f0631b81b1-263x175.jpg 263w, https:\/\/zurzeit.at\/wp-content\/uploads\/2019\/03\/fa66c028-6fff-4dec-ab9a-22f0631b81b1.jpg 1493w\" alt=\"\" width=\"314\" height=\"210\" \/><\/a><\/td>\n<td width=\"307\">Wenn Sie bereits ein E-Paper-Abo haben, geht es hier zur<a href=\"https:\/\/zurzeit.at\/index.php\/asyl-krieg-armut-schicksalsjahr-2023-zurzeit-nr-1-2\">\u00a0aktuellen Ausgabe der ZurZeit<\/a>.<a href=\"https:\/\/zurzeit.at\/index.php\/jahrgang-2023\/\"><img loading=\"lazy\" decoding=\"async\" class=\"alignnone wp-image-2212\" src=\"https:\/\/zurzeit.at\/wp-content\/uploads\/2019\/04\/88027aed-62f9-408e-ad00-027043d6eeb0-1024x686.jpg\" sizes=\"auto, (max-width: 314px) 100vw, 314px\" srcset=\"https:\/\/zurzeit.at\/wp-content\/uploads\/2019\/04\/88027aed-62f9-408e-ad00-027043d6eeb0-1024x686.jpg 1024w, https:\/\/zurzeit.at\/wp-content\/uploads\/2019\/04\/88027aed-62f9-408e-ad00-027043d6eeb0-300x201.jpg 300w, https:\/\/zurzeit.at\/wp-content\/uploads\/2019\/04\/88027aed-62f9-408e-ad00-027043d6eeb0-768x514.jpg 768w, https:\/\/zurzeit.at\/wp-content\/uploads\/2019\/04\/88027aed-62f9-408e-ad00-027043d6eeb0-1170x784.jpg 1170w, https:\/\/zurzeit.at\/wp-content\/uploads\/2019\/04\/88027aed-62f9-408e-ad00-027043d6eeb0-585x392.jpg 585w, https:\/\/zurzeit.at\/wp-content\/uploads\/2019\/04\/88027aed-62f9-408e-ad00-027043d6eeb0-263x175.jpg 263w, https:\/\/zurzeit.at\/wp-content\/uploads\/2019\/04\/88027aed-62f9-408e-ad00-027043d6eeb0-600x402.jpg 600w, https:\/\/zurzeit.at\/wp-content\/uploads\/2019\/04\/88027aed-62f9-408e-ad00-027043d6eeb0.jpg 1493w\" alt=\"\" width=\"314\" height=\"210\" \/><\/a><\/td>\n<\/tr>\n<\/tbody>\n<\/table>\n<ul>\n<li><\/li>\n<\/ul>\n","protected":false},"excerpt":{"rendered":"<p>Wie jede Woche d\u00fcrfen wir Ihnen unsere aktuelle Ausgabe des Wochenmagazin ZurZeit pr\u00e4sentieren. Diesmal mit&hellip;<\/p>\n","protected":false},"author":823,"featured_media":17209,"comment_status":"open","ping_status":"closed","sticky":false,"template":"","format":"standard","meta":{"footnotes":""},"categories":[1],"tags":[],"class_list":["post-17232","post","type-post","status-publish","format-standard","has-post-thumbnail","hentry","category-allgemein"],"yoast_head":"<!-- This site is optimized with the Yoast SEO plugin v28.3 - https:\/\/yoast.com\/product\/yoast-seo-wordpress\/ -->\n<title>BRICS-Staaten: Ziemlich beste Freunde- ZZ Nr. 26 - ZurZeit<\/title>\n<meta name=\"robots\" content=\"index, follow, max-snippet:-1, max-image-preview:large, max-video-preview:-1\" \/>\n<link rel=\"canonical\" href=\"https:\/\/zurzeit.at\/index.php\/brics-staaten-ziemlich-beste-freunde-zz-nr-26-2\/\" \/>\n<meta property=\"og:locale\" content=\"de_DE\" \/>\n<meta property=\"og:type\" content=\"article\" \/>\n<meta property=\"og:title\" content=\"BRICS-Staaten: Ziemlich beste Freunde- ZZ Nr. 26 - ZurZeit\" \/>\n<meta property=\"og:description\" content=\"Wie jede Woche d\u00fcrfen wir Ihnen unsere aktuelle Ausgabe des Wochenmagazin ZurZeit pr\u00e4sentieren. Diesmal mit&hellip;\" \/>\n<meta property=\"og:url\" content=\"https:\/\/zurzeit.at\/index.php\/brics-staaten-ziemlich-beste-freunde-zz-nr-26-2\/\" \/>\n<meta property=\"og:site_name\" content=\"ZurZeit\" \/>\n<meta property=\"article:publisher\" content=\"https:\/\/www.facebook.com\/wochenmagazinZurZeit\/\" \/>\n<meta property=\"article:published_time\" content=\"2023-07-03T09:22:07+00:00\" \/>\n<meta property=\"og:image\" content=\"https:\/\/zurzeit.at\/wp-content\/uploads\/2023\/06\/Vorlage-EPaper-26.jpg\" \/>\n\t<meta property=\"og:image:width\" content=\"859\" \/>\n\t<meta property=\"og:image:height\" content=\"567\" \/>\n\t<meta property=\"og:image:type\" content=\"image\/jpeg\" \/>\n<meta name=\"author\" content=\"John Tuscha\" \/>\n<meta name=\"twitter:card\" content=\"summary_large_image\" \/>\n<meta name=\"twitter:label1\" content=\"Verfasst von\" \/>\n\t<meta name=\"twitter:data1\" content=\"John Tuscha\" \/>\n\t<meta name=\"twitter:label2\" content=\"Gesch\u00e4tzte Lesezeit\" \/>\n\t<meta name=\"twitter:data2\" content=\"2\u00a0Minuten\" \/>\n<script type=\"application\/ld+json\" class=\"yoast-schema-graph\">{\"@context\":\"https:\\\/\\\/schema.org\",\"@graph\":[{\"@type\":\"Article\",\"@id\":\"https:\\\/\\\/zurzeit.at\\\/index.php\\\/brics-staaten-ziemlich-beste-freunde-zz-nr-26-2\\\/#article\",\"isPartOf\":{\"@id\":\"https:\\\/\\\/zurzeit.at\\\/index.php\\\/brics-staaten-ziemlich-beste-freunde-zz-nr-26-2\\\/\"},\"author\":{\"name\":\"John Tuscha\",\"@id\":\"https:\\\/\\\/zurzeit.at\\\/#\\\/schema\\\/person\\\/118c30f6ad7896ee06fc84c1365a4aca\"},\"headline\":\"BRICS-Staaten: Ziemlich beste Freunde- ZZ Nr. 26\",\"datePublished\":\"2023-07-03T09:22:07+00:00\",\"mainEntityOfPage\":{\"@id\":\"https:\\\/\\\/zurzeit.at\\\/index.php\\\/brics-staaten-ziemlich-beste-freunde-zz-nr-26-2\\\/\"},\"wordCount\":247,\"commentCount\":0,\"image\":{\"@id\":\"https:\\\/\\\/zurzeit.at\\\/index.php\\\/brics-staaten-ziemlich-beste-freunde-zz-nr-26-2\\\/#primaryimage\"},\"thumbnailUrl\":\"https:\\\/\\\/zurzeit.at\\\/wp-content\\\/uploads\\\/2023\\\/06\\\/Vorlage-EPaper-26.jpg\",\"inLanguage\":\"de\",\"potentialAction\":[{\"@type\":\"CommentAction\",\"name\":\"Comment\",\"target\":[\"https:\\\/\\\/zurzeit.at\\\/index.php\\\/brics-staaten-ziemlich-beste-freunde-zz-nr-26-2\\\/#respond\"]}]},{\"@type\":\"WebPage\",\"@id\":\"https:\\\/\\\/zurzeit.at\\\/index.php\\\/brics-staaten-ziemlich-beste-freunde-zz-nr-26-2\\\/\",\"url\":\"https:\\\/\\\/zurzeit.at\\\/index.php\\\/brics-staaten-ziemlich-beste-freunde-zz-nr-26-2\\\/\",\"name\":\"BRICS-Staaten: Ziemlich beste Freunde- ZZ Nr. 26 - ZurZeit\",\"isPartOf\":{\"@id\":\"https:\\\/\\\/zurzeit.at\\\/#website\"},\"primaryImageOfPage\":{\"@id\":\"https:\\\/\\\/zurzeit.at\\\/index.php\\\/brics-staaten-ziemlich-beste-freunde-zz-nr-26-2\\\/#primaryimage\"},\"image\":{\"@id\":\"https:\\\/\\\/zurzeit.at\\\/index.php\\\/brics-staaten-ziemlich-beste-freunde-zz-nr-26-2\\\/#primaryimage\"},\"thumbnailUrl\":\"https:\\\/\\\/zurzeit.at\\\/wp-content\\\/uploads\\\/2023\\\/06\\\/Vorlage-EPaper-26.jpg\",\"datePublished\":\"2023-07-03T09:22:07+00:00\",\"author\":{\"@id\":\"https:\\\/\\\/zurzeit.at\\\/#\\\/schema\\\/person\\\/118c30f6ad7896ee06fc84c1365a4aca\"},\"breadcrumb\":{\"@id\":\"https:\\\/\\\/zurzeit.at\\\/index.php\\\/brics-staaten-ziemlich-beste-freunde-zz-nr-26-2\\\/#breadcrumb\"},\"inLanguage\":\"de\",\"potentialAction\":[{\"@type\":\"ReadAction\",\"target\":[\"https:\\\/\\\/zurzeit.at\\\/index.php\\\/brics-staaten-ziemlich-beste-freunde-zz-nr-26-2\\\/\"]}]},{\"@type\":\"ImageObject\",\"inLanguage\":\"de\",\"@id\":\"https:\\\/\\\/zurzeit.at\\\/index.php\\\/brics-staaten-ziemlich-beste-freunde-zz-nr-26-2\\\/#primaryimage\",\"url\":\"https:\\\/\\\/zurzeit.at\\\/wp-content\\\/uploads\\\/2023\\\/06\\\/Vorlage-EPaper-26.jpg\",\"contentUrl\":\"https:\\\/\\\/zurzeit.at\\\/wp-content\\\/uploads\\\/2023\\\/06\\\/Vorlage-EPaper-26.jpg\",\"width\":859,\"height\":567},{\"@type\":\"BreadcrumbList\",\"@id\":\"https:\\\/\\\/zurzeit.at\\\/index.php\\\/brics-staaten-ziemlich-beste-freunde-zz-nr-26-2\\\/#breadcrumb\",\"itemListElement\":[{\"@type\":\"ListItem\",\"position\":1,\"name\":\"Startseite\",\"item\":\"https:\\\/\\\/zurzeit.at\\\/\"},{\"@type\":\"ListItem\",\"position\":2,\"name\":\"BRICS-Staaten: Ziemlich beste Freunde- ZZ Nr. 26\"}]},{\"@type\":\"WebSite\",\"@id\":\"https:\\\/\\\/zurzeit.at\\\/#website\",\"url\":\"https:\\\/\\\/zurzeit.at\\\/\",\"name\":\"ZurZeit\",\"description\":\"Internetseite des Wochenmagazins ZurZeit\",\"potentialAction\":[{\"@type\":\"SearchAction\",\"target\":{\"@type\":\"EntryPoint\",\"urlTemplate\":\"https:\\\/\\\/zurzeit.at\\\/?s={search_term_string}\"},\"query-input\":{\"@type\":\"PropertyValueSpecification\",\"valueRequired\":true,\"valueName\":\"search_term_string\"}}],\"inLanguage\":\"de\"},{\"@type\":\"Person\",\"@id\":\"https:\\\/\\\/zurzeit.at\\\/#\\\/schema\\\/person\\\/118c30f6ad7896ee06fc84c1365a4aca\",\"name\":\"John Tuscha\",\"image\":{\"@type\":\"ImageObject\",\"inLanguage\":\"de\",\"@id\":\"https:\\\/\\\/secure.gravatar.com\\\/avatar\\\/f3476f8af58f7d46f586c7c0be49af1b250a8b91bcdc90e8e37320ee2fecc2f1?s=96&d=mm&r=g\",\"url\":\"https:\\\/\\\/secure.gravatar.com\\\/avatar\\\/f3476f8af58f7d46f586c7c0be49af1b250a8b91bcdc90e8e37320ee2fecc2f1?s=96&d=mm&r=g\",\"contentUrl\":\"https:\\\/\\\/secure.gravatar.com\\\/avatar\\\/f3476f8af58f7d46f586c7c0be49af1b250a8b91bcdc90e8e37320ee2fecc2f1?s=96&d=mm&r=g\",\"caption\":\"John Tuscha\"},\"url\":\"https:\\\/\\\/zurzeit.at\\\/index.php\\\/author\\\/john-tuscha\\\/\"}]}<\/script>\n<!-- \/ Yoast SEO plugin. -->","yoast_head_json":{"title":"BRICS-Staaten: Ziemlich beste Freunde- ZZ Nr. 26 - ZurZeit","robots":{"index":"index","follow":"follow","max-snippet":"max-snippet:-1","max-image-preview":"max-image-preview:large","max-video-preview":"max-video-preview:-1"},"canonical":"https:\/\/zurzeit.at\/index.php\/brics-staaten-ziemlich-beste-freunde-zz-nr-26-2\/","og_locale":"de_DE","og_type":"article","og_title":"BRICS-Staaten: Ziemlich beste Freunde- ZZ Nr. 26 - ZurZeit","og_description":"Wie jede Woche d\u00fcrfen wir Ihnen unsere aktuelle Ausgabe des Wochenmagazin ZurZeit pr\u00e4sentieren. Diesmal mit&hellip;","og_url":"https:\/\/zurzeit.at\/index.php\/brics-staaten-ziemlich-beste-freunde-zz-nr-26-2\/","og_site_name":"ZurZeit","article_publisher":"https:\/\/www.facebook.com\/wochenmagazinZurZeit\/","article_published_time":"2023-07-03T09:22:07+00:00","og_image":[{"width":859,"height":567,"url":"https:\/\/zurzeit.at\/wp-content\/uploads\/2023\/06\/Vorlage-EPaper-26.jpg","type":"image\/jpeg"}],"author":"John Tuscha","twitter_card":"summary_large_image","twitter_misc":{"Verfasst von":"John Tuscha","Gesch\u00e4tzte Lesezeit":"2\u00a0Minuten"},"schema":{"@context":"https:\/\/schema.org","@graph":[{"@type":"Article","@id":"https:\/\/zurzeit.at\/index.php\/brics-staaten-ziemlich-beste-freunde-zz-nr-26-2\/#article","isPartOf":{"@id":"https:\/\/zurzeit.at\/index.php\/brics-staaten-ziemlich-beste-freunde-zz-nr-26-2\/"},"author":{"name":"John Tuscha","@id":"https:\/\/zurzeit.at\/#\/schema\/person\/118c30f6ad7896ee06fc84c1365a4aca"},"headline":"BRICS-Staaten: Ziemlich beste Freunde- ZZ Nr. 26","datePublished":"2023-07-03T09:22:07+00:00","mainEntityOfPage":{"@id":"https:\/\/zurzeit.at\/index.php\/brics-staaten-ziemlich-beste-freunde-zz-nr-26-2\/"},"wordCount":247,"commentCount":0,"image":{"@id":"https:\/\/zurzeit.at\/index.php\/brics-staaten-ziemlich-beste-freunde-zz-nr-26-2\/#primaryimage"},"thumbnailUrl":"https:\/\/zurzeit.at\/wp-content\/uploads\/2023\/06\/Vorlage-EPaper-26.jpg","inLanguage":"de","potentialAction":[{"@type":"CommentAction","name":"Comment","target":["https:\/\/zurzeit.at\/index.php\/brics-staaten-ziemlich-beste-freunde-zz-nr-26-2\/#respond"]}]},{"@type":"WebPage","@id":"https:\/\/zurzeit.at\/index.php\/brics-staaten-ziemlich-beste-freunde-zz-nr-26-2\/","url":"https:\/\/zurzeit.at\/index.php\/brics-staaten-ziemlich-beste-freunde-zz-nr-26-2\/","name":"BRICS-Staaten: Ziemlich beste Freunde- ZZ Nr. 26 - ZurZeit","isPartOf":{"@id":"https:\/\/zurzeit.at\/#website"},"primaryImageOfPage":{"@id":"https:\/\/zurzeit.at\/index.php\/brics-staaten-ziemlich-beste-freunde-zz-nr-26-2\/#primaryimage"},"image":{"@id":"https:\/\/zurzeit.at\/index.php\/brics-staaten-ziemlich-beste-freunde-zz-nr-26-2\/#primaryimage"},"thumbnailUrl":"https:\/\/zurzeit.at\/wp-content\/uploads\/2023\/06\/Vorlage-EPaper-26.jpg","datePublished":"2023-07-03T09:22:07+00:00","author":{"@id":"https:\/\/zurzeit.at\/#\/schema\/person\/118c30f6ad7896ee06fc84c1365a4aca"},"breadcrumb":{"@id":"https:\/\/zurzeit.at\/index.php\/brics-staaten-ziemlich-beste-freunde-zz-nr-26-2\/#breadcrumb"},"inLanguage":"de","potentialAction":[{"@type":"ReadAction","target":["https:\/\/zurzeit.at\/index.php\/brics-staaten-ziemlich-beste-freunde-zz-nr-26-2\/"]}]},{"@type":"ImageObject","inLanguage":"de","@id":"https:\/\/zurzeit.at\/index.php\/brics-staaten-ziemlich-beste-freunde-zz-nr-26-2\/#primaryimage","url":"https:\/\/zurzeit.at\/wp-content\/uploads\/2023\/06\/Vorlage-EPaper-26.jpg","contentUrl":"https:\/\/zurzeit.at\/wp-content\/uploads\/2023\/06\/Vorlage-EPaper-26.jpg","width":859,"height":567},{"@type":"BreadcrumbList","@id":"https:\/\/zurzeit.at\/index.php\/brics-staaten-ziemlich-beste-freunde-zz-nr-26-2\/#breadcrumb","itemListElement":[{"@type":"ListItem","position":1,"name":"Startseite","item":"https:\/\/zurzeit.at\/"},{"@type":"ListItem","position":2,"name":"BRICS-Staaten: Ziemlich beste Freunde- ZZ Nr. 26"}]},{"@type":"WebSite","@id":"https:\/\/zurzeit.at\/#website","url":"https:\/\/zurzeit.at\/","name":"ZurZeit","description":"Internetseite des Wochenmagazins ZurZeit","potentialAction":[{"@type":"SearchAction","target":{"@type":"EntryPoint","urlTemplate":"https:\/\/zurzeit.at\/?s={search_term_string}"},"query-input":{"@type":"PropertyValueSpecification","valueRequired":true,"valueName":"search_term_string"}}],"inLanguage":"de"},{"@type":"Person","@id":"https:\/\/zurzeit.at\/#\/schema\/person\/118c30f6ad7896ee06fc84c1365a4aca","name":"John Tuscha","image":{"@type":"ImageObject","inLanguage":"de","@id":"https:\/\/secure.gravatar.com\/avatar\/f3476f8af58f7d46f586c7c0be49af1b250a8b91bcdc90e8e37320ee2fecc2f1?s=96&d=mm&r=g","url":"https:\/\/secure.gravatar.com\/avatar\/f3476f8af58f7d46f586c7c0be49af1b250a8b91bcdc90e8e37320ee2fecc2f1?s=96&d=mm&r=g","contentUrl":"https:\/\/secure.gravatar.com\/avatar\/f3476f8af58f7d46f586c7c0be49af1b250a8b91bcdc90e8e37320ee2fecc2f1?s=96&d=mm&r=g","caption":"John Tuscha"},"url":"https:\/\/zurzeit.at\/index.php\/author\/john-tuscha\/"}]}},"_links":{"self":[{"href":"https:\/\/zurzeit.at\/index.php\/wp-json\/wp\/v2\/posts\/17232","targetHints":{"allow":["GET"]}}],"collection":[{"href":"https:\/\/zurzeit.at\/index.php\/wp-json\/wp\/v2\/posts"}],"about":[{"href":"https:\/\/zurzeit.at\/index.php\/wp-json\/wp\/v2\/types\/post"}],"author":[{"embeddable":true,"href":"https:\/\/zurzeit.at\/index.php\/wp-json\/wp\/v2\/users\/823"}],"replies":[{"embeddable":true,"href":"https:\/\/zurzeit.at\/index.php\/wp-json\/wp\/v2\/comments?post=17232"}],"version-history":[{"count":1,"href":"https:\/\/zurzeit.at\/index.php\/wp-json\/wp\/v2\/posts\/17232\/revisions"}],"predecessor-version":[{"id":17233,"href":"https:\/\/zurzeit.at\/index.php\/wp-json\/wp\/v2\/posts\/17232\/revisions\/17233"}],"wp:featuredmedia":[{"embeddable":true,"href":"https:\/\/zurzeit.at\/index.php\/wp-json\/wp\/v2\/media\/17209"}],"wp:attachment":[{"href":"https:\/\/zurzeit.at\/index.php\/wp-json\/wp\/v2\/media?parent=17232"}],"wp:term":[{"taxonomy":"category","embeddable":true,"href":"https:\/\/zurzeit.at\/index.php\/wp-json\/wp\/v2\/categories?post=17232"},{"taxonomy":"post_tag","embeddable":true,"href":"https:\/\/zurzeit.at\/index.php\/wp-json\/wp\/v2\/tags?post=17232"}],"curies":[{"name":"wp","href":"https:\/\/api.w.org\/{rel}","templated":true}]}}