{"id":17419,"date":"2023-08-21T09:15:07","date_gmt":"2023-08-21T07:15:07","guid":{"rendered":"http:\/\/zurzeit.at\/?p=17419"},"modified":"2023-08-21T09:15:07","modified_gmt":"2023-08-21T07:15:07","slug":"72-000-euro-fuer-ein-schlichtes-schwarzes-klavier","status":"publish","type":"post","link":"https:\/\/zurzeit.at\/index.php\/72-000-euro-fuer-ein-schlichtes-schwarzes-klavier\/","title":{"rendered":"72.000 Euro f\u00fcr ein \u201eschlichtes, schwarzes Klavier\u201c"},"content":{"rendered":"<p>Autor: <a href=\"https:\/\/zurzeit.at\/index.php\/autoren\/\">B.T.<\/a> Bilder:\u00a0<a href=\"https:\/\/commons.wikimedia.org\/wiki\/File:Wolfgang_Sobotka_BHO-0072.jpg\">Wikipedia\/Bernhard Holub<\/a> Lizenz: <a class=\"mw-mmv-license\" href=\"https:\/\/creativecommons.org\/licenses\/by-sa\/4.0\" target=\"_blank\" rel=\"noopener\">CC BY-SA 4.0<\/a><\/p>\n<hr \/>\n<h1>Der lockere Umgang von \u00d6VP-Nationalratspr\u00e4sident Sobotka mit Steuergeld<\/h1>\n<p>Nationalratspr\u00e4sident Wolfgang Sobotka pflegt offenkundig einen lockeren Umgang mit Steuergeld.<br \/>\nSo lie\u00df der \u00d6VP-Politiker f\u00fcr das Parlament ein Klavier anmieten, dessen Innenseite vergoldet ist.<br \/>\nKostenpunkt: 3.000 Euro pro Monat. Sobotka begr\u00fcndete die s\u00fcndteure Anmietung des B\u00f6sendorfer-<br \/>\nFl\u00fcgels damit, dass \u201eKunst und Kultur haben in \u00d6sterreich einen sehr hohen Stellenwert haben\u201c.<br \/>\nNach Kritik an den hohen Kosten lie\u00df Sobotka den Mietvertrag mit Juni auslaufen und k\u00fcndigte im<br \/>\nJuni die Anschaffung eines \u201eschlichten, schwarzen Klaviers\u201c an.<\/p>\n<p>Und die Anschaffung dieses \u201eschlichten, schwarzen Klaviers\u201c kommt die Steuerzahler ebenfalls teuer<br \/>\nzu stehen. In der Beantwortung einer schriftlichen Anfrage des freiheitlichen Kultursprechers Thomas<br \/>\nSpalt teilt Sobotka mit, dass sich die Anschaffungskosten des B\u00f6sendorfer Grand Piano 200 \u2013 1241<br \/>\n(mit der Ausstattung Konzertrollen, zweier Klavierb\u00e4nke sowie einer Klavierdecke) belaufen sich auf<br \/>\n71.880 Euro belaufen. Und f\u00fcr die sechsmonatige Miete des vergoldeten Klaviers fielen Kosten in<br \/>\nH\u00f6he von 18.000 Euro an.<\/p>\n<p>Eine Ausschreibung f\u00fcr den Kauf des \u201eschlichten, schwarzen Klaviers\u201c erfolgte \u00fcbrigens nicht, da die<br \/>\nAuftragswertsch\u00e4tzung unter der Grenze von 100.000 Euro lag.<br \/>\nFP\u00d6-Kultursprecher Spalt \u00fcbt an der Vorgehensweise von Sobotka heftige Kritik. So regiere der<br \/>\nNationalratspr\u00e4sident \u201edas Hohe Haus weiterhin in Gutsherrenart\u201c. Spalt st\u00f6\u00dft auch sauer auf, dass<br \/>\nkeine Ausschreibung erfolgte und der Auftrag B\u00f6sendorfer \u201ezugeschanzt\u201c wurde. Denn auch wenn<br \/>\nB\u00f6sendorfer ein traditionsreiches \u00f6sterreichisches Unternehmen sei, \u201ew\u00e4re es jedenfalls ein Zeichen<br \/>\nvon Transparenz und Anstand gewesen, auch andere Firmen zur Angebotslegung einzuladen\u201c.<\/p>\n","protected":false},"excerpt":{"rendered":"<p>Autor: B.T. Bilder:\u00a0Wikipedia\/Bernhard Holub Lizenz: CC BY-SA 4.0 Der lockere Umgang von \u00d6VP-Nationalratspr\u00e4sident Sobotka mit&hellip;<\/p>\n","protected":false},"author":823,"featured_media":17420,"comment_status":"open","ping_status":"closed","sticky":false,"template":"","format":"standard","meta":{"footnotes":""},"categories":[46],"tags":[9606,9610,93,9609,97,2009,3040,9608,9213,9607],"class_list":["post-17419","post","type-post","status-publish","format-standard","has-post-thumbnail","hentry","category-oesterreich","tag-beschlagwortung-oesterreich","tag-boesendorfer","tag-fpoe","tag-klavier","tag-oevp","tag-parlament","tag-steuergeld","tag-thomas-spalt","tag-transparenz","tag-wolfgang-sobotka"],"yoast_head":"<!-- This site is optimized with the Yoast SEO plugin v28.3 - https:\/\/yoast.com\/product\/yoast-seo-wordpress\/ -->\n<title>72.000 Euro f\u00fcr ein \u201eschlichtes, schwarzes Klavier\u201c - ZurZeit<\/title>\n<meta name=\"robots\" content=\"index, follow, max-snippet:-1, max-image-preview:large, max-video-preview:-1\" \/>\n<link rel=\"canonical\" href=\"https:\/\/zurzeit.at\/index.php\/72-000-euro-fuer-ein-schlichtes-schwarzes-klavier\/\" \/>\n<meta property=\"og:locale\" content=\"de_DE\" \/>\n<meta property=\"og:type\" content=\"article\" \/>\n<meta property=\"og:title\" content=\"72.000 Euro f\u00fcr ein \u201eschlichtes, schwarzes Klavier\u201c - ZurZeit\" \/>\n<meta property=\"og:description\" content=\"Autor: B.T. Bilder:\u00a0Wikipedia\/Bernhard Holub Lizenz: CC BY-SA 4.0 Der lockere Umgang von \u00d6VP-Nationalratspr\u00e4sident Sobotka mit&hellip;\" \/>\n<meta property=\"og:url\" content=\"https:\/\/zurzeit.at\/index.php\/72-000-euro-fuer-ein-schlichtes-schwarzes-klavier\/\" \/>\n<meta property=\"og:site_name\" content=\"ZurZeit\" \/>\n<meta property=\"article:publisher\" content=\"https:\/\/www.facebook.com\/wochenmagazinZurZeit\/\" \/>\n<meta property=\"article:published_time\" content=\"2023-08-21T07:15:07+00:00\" \/>\n<meta property=\"og:image\" content=\"https:\/\/zurzeit.at\/wp-content\/uploads\/2023\/08\/Wolfgang_Sobotka_BHO-0072.jpg\" \/>\n\t<meta property=\"og:image:width\" content=\"800\" \/>\n\t<meta property=\"og:image:height\" content=\"533\" \/>\n\t<meta property=\"og:image:type\" content=\"image\/jpeg\" \/>\n<meta name=\"author\" content=\"John Tuscha\" \/>\n<meta name=\"twitter:card\" content=\"summary_large_image\" \/>\n<meta name=\"twitter:label1\" content=\"Verfasst von\" \/>\n\t<meta name=\"twitter:data1\" content=\"John Tuscha\" \/>\n\t<meta name=\"twitter:label2\" content=\"Gesch\u00e4tzte Lesezeit\" \/>\n\t<meta name=\"twitter:data2\" content=\"2\u00a0Minuten\" \/>\n<script type=\"application\/ld+json\" class=\"yoast-schema-graph\">{\"@context\":\"https:\\\/\\\/schema.org\",\"@graph\":[{\"@type\":\"Article\",\"@id\":\"https:\\\/\\\/zurzeit.at\\\/index.php\\\/72-000-euro-fuer-ein-schlichtes-schwarzes-klavier\\\/#article\",\"isPartOf\":{\"@id\":\"https:\\\/\\\/zurzeit.at\\\/index.php\\\/72-000-euro-fuer-ein-schlichtes-schwarzes-klavier\\\/\"},\"author\":{\"name\":\"John Tuscha\",\"@id\":\"https:\\\/\\\/zurzeit.at\\\/#\\\/schema\\\/person\\\/118c30f6ad7896ee06fc84c1365a4aca\"},\"headline\":\"72.000 Euro f\u00fcr ein \u201eschlichtes, schwarzes Klavier\u201c\",\"datePublished\":\"2023-08-21T07:15:07+00:00\",\"mainEntityOfPage\":{\"@id\":\"https:\\\/\\\/zurzeit.at\\\/index.php\\\/72-000-euro-fuer-ein-schlichtes-schwarzes-klavier\\\/\"},\"wordCount\":264,\"commentCount\":0,\"image\":{\"@id\":\"https:\\\/\\\/zurzeit.at\\\/index.php\\\/72-000-euro-fuer-ein-schlichtes-schwarzes-klavier\\\/#primaryimage\"},\"thumbnailUrl\":\"https:\\\/\\\/zurzeit.at\\\/wp-content\\\/uploads\\\/2023\\\/08\\\/Wolfgang_Sobotka_BHO-0072.jpg\",\"keywords\":[\"Beschlagwortung: \u00d6sterreich\",\"B\u00f6sendorfer\",\"FP\u00d6\",\"Klavier\",\"\u00d6VP\",\"Parlament\",\"Steuergeld\",\"Thomas Spalt\",\"Transparenz\",\"Wolfgang Sobotka\"],\"articleSection\":[\"\u00d6sterreich\"],\"inLanguage\":\"de\",\"potentialAction\":[{\"@type\":\"CommentAction\",\"name\":\"Comment\",\"target\":[\"https:\\\/\\\/zurzeit.at\\\/index.php\\\/72-000-euro-fuer-ein-schlichtes-schwarzes-klavier\\\/#respond\"]}]},{\"@type\":\"WebPage\",\"@id\":\"https:\\\/\\\/zurzeit.at\\\/index.php\\\/72-000-euro-fuer-ein-schlichtes-schwarzes-klavier\\\/\",\"url\":\"https:\\\/\\\/zurzeit.at\\\/index.php\\\/72-000-euro-fuer-ein-schlichtes-schwarzes-klavier\\\/\",\"name\":\"72.000 Euro f\u00fcr ein \u201eschlichtes, schwarzes Klavier\u201c - ZurZeit\",\"isPartOf\":{\"@id\":\"https:\\\/\\\/zurzeit.at\\\/#website\"},\"primaryImageOfPage\":{\"@id\":\"https:\\\/\\\/zurzeit.at\\\/index.php\\\/72-000-euro-fuer-ein-schlichtes-schwarzes-klavier\\\/#primaryimage\"},\"image\":{\"@id\":\"https:\\\/\\\/zurzeit.at\\\/index.php\\\/72-000-euro-fuer-ein-schlichtes-schwarzes-klavier\\\/#primaryimage\"},\"thumbnailUrl\":\"https:\\\/\\\/zurzeit.at\\\/wp-content\\\/uploads\\\/2023\\\/08\\\/Wolfgang_Sobotka_BHO-0072.jpg\",\"datePublished\":\"2023-08-21T07:15:07+00:00\",\"author\":{\"@id\":\"https:\\\/\\\/zurzeit.at\\\/#\\\/schema\\\/person\\\/118c30f6ad7896ee06fc84c1365a4aca\"},\"breadcrumb\":{\"@id\":\"https:\\\/\\\/zurzeit.at\\\/index.php\\\/72-000-euro-fuer-ein-schlichtes-schwarzes-klavier\\\/#breadcrumb\"},\"inLanguage\":\"de\",\"potentialAction\":[{\"@type\":\"ReadAction\",\"target\":[\"https:\\\/\\\/zurzeit.at\\\/index.php\\\/72-000-euro-fuer-ein-schlichtes-schwarzes-klavier\\\/\"]}]},{\"@type\":\"ImageObject\",\"inLanguage\":\"de\",\"@id\":\"https:\\\/\\\/zurzeit.at\\\/index.php\\\/72-000-euro-fuer-ein-schlichtes-schwarzes-klavier\\\/#primaryimage\",\"url\":\"https:\\\/\\\/zurzeit.at\\\/wp-content\\\/uploads\\\/2023\\\/08\\\/Wolfgang_Sobotka_BHO-0072.jpg\",\"contentUrl\":\"https:\\\/\\\/zurzeit.at\\\/wp-content\\\/uploads\\\/2023\\\/08\\\/Wolfgang_Sobotka_BHO-0072.jpg\",\"width\":800,\"height\":533},{\"@type\":\"BreadcrumbList\",\"@id\":\"https:\\\/\\\/zurzeit.at\\\/index.php\\\/72-000-euro-fuer-ein-schlichtes-schwarzes-klavier\\\/#breadcrumb\",\"itemListElement\":[{\"@type\":\"ListItem\",\"position\":1,\"name\":\"Startseite\",\"item\":\"https:\\\/\\\/zurzeit.at\\\/\"},{\"@type\":\"ListItem\",\"position\":2,\"name\":\"72.000 Euro f\u00fcr ein \u201eschlichtes, schwarzes Klavier\u201c\"}]},{\"@type\":\"WebSite\",\"@id\":\"https:\\\/\\\/zurzeit.at\\\/#website\",\"url\":\"https:\\\/\\\/zurzeit.at\\\/\",\"name\":\"ZurZeit\",\"description\":\"Internetseite des Wochenmagazins ZurZeit\",\"potentialAction\":[{\"@type\":\"SearchAction\",\"target\":{\"@type\":\"EntryPoint\",\"urlTemplate\":\"https:\\\/\\\/zurzeit.at\\\/?s={search_term_string}\"},\"query-input\":{\"@type\":\"PropertyValueSpecification\",\"valueRequired\":true,\"valueName\":\"search_term_string\"}}],\"inLanguage\":\"de\"},{\"@type\":\"Person\",\"@id\":\"https:\\\/\\\/zurzeit.at\\\/#\\\/schema\\\/person\\\/118c30f6ad7896ee06fc84c1365a4aca\",\"name\":\"John Tuscha\",\"image\":{\"@type\":\"ImageObject\",\"inLanguage\":\"de\",\"@id\":\"https:\\\/\\\/secure.gravatar.com\\\/avatar\\\/f3476f8af58f7d46f586c7c0be49af1b250a8b91bcdc90e8e37320ee2fecc2f1?s=96&d=mm&r=g\",\"url\":\"https:\\\/\\\/secure.gravatar.com\\\/avatar\\\/f3476f8af58f7d46f586c7c0be49af1b250a8b91bcdc90e8e37320ee2fecc2f1?s=96&d=mm&r=g\",\"contentUrl\":\"https:\\\/\\\/secure.gravatar.com\\\/avatar\\\/f3476f8af58f7d46f586c7c0be49af1b250a8b91bcdc90e8e37320ee2fecc2f1?s=96&d=mm&r=g\",\"caption\":\"John Tuscha\"},\"url\":\"https:\\\/\\\/zurzeit.at\\\/index.php\\\/author\\\/john-tuscha\\\/\"}]}<\/script>\n<!-- \/ Yoast SEO plugin. -->","yoast_head_json":{"title":"72.000 Euro f\u00fcr ein \u201eschlichtes, schwarzes Klavier\u201c - ZurZeit","robots":{"index":"index","follow":"follow","max-snippet":"max-snippet:-1","max-image-preview":"max-image-preview:large","max-video-preview":"max-video-preview:-1"},"canonical":"https:\/\/zurzeit.at\/index.php\/72-000-euro-fuer-ein-schlichtes-schwarzes-klavier\/","og_locale":"de_DE","og_type":"article","og_title":"72.000 Euro f\u00fcr ein \u201eschlichtes, schwarzes Klavier\u201c - ZurZeit","og_description":"Autor: B.T. Bilder:\u00a0Wikipedia\/Bernhard Holub Lizenz: CC BY-SA 4.0 Der lockere Umgang von \u00d6VP-Nationalratspr\u00e4sident Sobotka mit&hellip;","og_url":"https:\/\/zurzeit.at\/index.php\/72-000-euro-fuer-ein-schlichtes-schwarzes-klavier\/","og_site_name":"ZurZeit","article_publisher":"https:\/\/www.facebook.com\/wochenmagazinZurZeit\/","article_published_time":"2023-08-21T07:15:07+00:00","og_image":[{"width":800,"height":533,"url":"https:\/\/zurzeit.at\/wp-content\/uploads\/2023\/08\/Wolfgang_Sobotka_BHO-0072.jpg","type":"image\/jpeg"}],"author":"John Tuscha","twitter_card":"summary_large_image","twitter_misc":{"Verfasst von":"John Tuscha","Gesch\u00e4tzte Lesezeit":"2\u00a0Minuten"},"schema":{"@context":"https:\/\/schema.org","@graph":[{"@type":"Article","@id":"https:\/\/zurzeit.at\/index.php\/72-000-euro-fuer-ein-schlichtes-schwarzes-klavier\/#article","isPartOf":{"@id":"https:\/\/zurzeit.at\/index.php\/72-000-euro-fuer-ein-schlichtes-schwarzes-klavier\/"},"author":{"name":"John Tuscha","@id":"https:\/\/zurzeit.at\/#\/schema\/person\/118c30f6ad7896ee06fc84c1365a4aca"},"headline":"72.000 Euro f\u00fcr ein \u201eschlichtes, schwarzes Klavier\u201c","datePublished":"2023-08-21T07:15:07+00:00","mainEntityOfPage":{"@id":"https:\/\/zurzeit.at\/index.php\/72-000-euro-fuer-ein-schlichtes-schwarzes-klavier\/"},"wordCount":264,"commentCount":0,"image":{"@id":"https:\/\/zurzeit.at\/index.php\/72-000-euro-fuer-ein-schlichtes-schwarzes-klavier\/#primaryimage"},"thumbnailUrl":"https:\/\/zurzeit.at\/wp-content\/uploads\/2023\/08\/Wolfgang_Sobotka_BHO-0072.jpg","keywords":["Beschlagwortung: \u00d6sterreich","B\u00f6sendorfer","FP\u00d6","Klavier","\u00d6VP","Parlament","Steuergeld","Thomas Spalt","Transparenz","Wolfgang Sobotka"],"articleSection":["\u00d6sterreich"],"inLanguage":"de","potentialAction":[{"@type":"CommentAction","name":"Comment","target":["https:\/\/zurzeit.at\/index.php\/72-000-euro-fuer-ein-schlichtes-schwarzes-klavier\/#respond"]}]},{"@type":"WebPage","@id":"https:\/\/zurzeit.at\/index.php\/72-000-euro-fuer-ein-schlichtes-schwarzes-klavier\/","url":"https:\/\/zurzeit.at\/index.php\/72-000-euro-fuer-ein-schlichtes-schwarzes-klavier\/","name":"72.000 Euro f\u00fcr ein \u201eschlichtes, schwarzes Klavier\u201c - ZurZeit","isPartOf":{"@id":"https:\/\/zurzeit.at\/#website"},"primaryImageOfPage":{"@id":"https:\/\/zurzeit.at\/index.php\/72-000-euro-fuer-ein-schlichtes-schwarzes-klavier\/#primaryimage"},"image":{"@id":"https:\/\/zurzeit.at\/index.php\/72-000-euro-fuer-ein-schlichtes-schwarzes-klavier\/#primaryimage"},"thumbnailUrl":"https:\/\/zurzeit.at\/wp-content\/uploads\/2023\/08\/Wolfgang_Sobotka_BHO-0072.jpg","datePublished":"2023-08-21T07:15:07+00:00","author":{"@id":"https:\/\/zurzeit.at\/#\/schema\/person\/118c30f6ad7896ee06fc84c1365a4aca"},"breadcrumb":{"@id":"https:\/\/zurzeit.at\/index.php\/72-000-euro-fuer-ein-schlichtes-schwarzes-klavier\/#breadcrumb"},"inLanguage":"de","potentialAction":[{"@type":"ReadAction","target":["https:\/\/zurzeit.at\/index.php\/72-000-euro-fuer-ein-schlichtes-schwarzes-klavier\/"]}]},{"@type":"ImageObject","inLanguage":"de","@id":"https:\/\/zurzeit.at\/index.php\/72-000-euro-fuer-ein-schlichtes-schwarzes-klavier\/#primaryimage","url":"https:\/\/zurzeit.at\/wp-content\/uploads\/2023\/08\/Wolfgang_Sobotka_BHO-0072.jpg","contentUrl":"https:\/\/zurzeit.at\/wp-content\/uploads\/2023\/08\/Wolfgang_Sobotka_BHO-0072.jpg","width":800,"height":533},{"@type":"BreadcrumbList","@id":"https:\/\/zurzeit.at\/index.php\/72-000-euro-fuer-ein-schlichtes-schwarzes-klavier\/#breadcrumb","itemListElement":[{"@type":"ListItem","position":1,"name":"Startseite","item":"https:\/\/zurzeit.at\/"},{"@type":"ListItem","position":2,"name":"72.000 Euro f\u00fcr ein \u201eschlichtes, schwarzes Klavier\u201c"}]},{"@type":"WebSite","@id":"https:\/\/zurzeit.at\/#website","url":"https:\/\/zurzeit.at\/","name":"ZurZeit","description":"Internetseite des Wochenmagazins ZurZeit","potentialAction":[{"@type":"SearchAction","target":{"@type":"EntryPoint","urlTemplate":"https:\/\/zurzeit.at\/?s={search_term_string}"},"query-input":{"@type":"PropertyValueSpecification","valueRequired":true,"valueName":"search_term_string"}}],"inLanguage":"de"},{"@type":"Person","@id":"https:\/\/zurzeit.at\/#\/schema\/person\/118c30f6ad7896ee06fc84c1365a4aca","name":"John Tuscha","image":{"@type":"ImageObject","inLanguage":"de","@id":"https:\/\/secure.gravatar.com\/avatar\/f3476f8af58f7d46f586c7c0be49af1b250a8b91bcdc90e8e37320ee2fecc2f1?s=96&d=mm&r=g","url":"https:\/\/secure.gravatar.com\/avatar\/f3476f8af58f7d46f586c7c0be49af1b250a8b91bcdc90e8e37320ee2fecc2f1?s=96&d=mm&r=g","contentUrl":"https:\/\/secure.gravatar.com\/avatar\/f3476f8af58f7d46f586c7c0be49af1b250a8b91bcdc90e8e37320ee2fecc2f1?s=96&d=mm&r=g","caption":"John Tuscha"},"url":"https:\/\/zurzeit.at\/index.php\/author\/john-tuscha\/"}]}},"_links":{"self":[{"href":"https:\/\/zurzeit.at\/index.php\/wp-json\/wp\/v2\/posts\/17419","targetHints":{"allow":["GET"]}}],"collection":[{"href":"https:\/\/zurzeit.at\/index.php\/wp-json\/wp\/v2\/posts"}],"about":[{"href":"https:\/\/zurzeit.at\/index.php\/wp-json\/wp\/v2\/types\/post"}],"author":[{"embeddable":true,"href":"https:\/\/zurzeit.at\/index.php\/wp-json\/wp\/v2\/users\/823"}],"replies":[{"embeddable":true,"href":"https:\/\/zurzeit.at\/index.php\/wp-json\/wp\/v2\/comments?post=17419"}],"version-history":[{"count":1,"href":"https:\/\/zurzeit.at\/index.php\/wp-json\/wp\/v2\/posts\/17419\/revisions"}],"predecessor-version":[{"id":17421,"href":"https:\/\/zurzeit.at\/index.php\/wp-json\/wp\/v2\/posts\/17419\/revisions\/17421"}],"wp:featuredmedia":[{"embeddable":true,"href":"https:\/\/zurzeit.at\/index.php\/wp-json\/wp\/v2\/media\/17420"}],"wp:attachment":[{"href":"https:\/\/zurzeit.at\/index.php\/wp-json\/wp\/v2\/media?parent=17419"}],"wp:term":[{"taxonomy":"category","embeddable":true,"href":"https:\/\/zurzeit.at\/index.php\/wp-json\/wp\/v2\/categories?post=17419"},{"taxonomy":"post_tag","embeddable":true,"href":"https:\/\/zurzeit.at\/index.php\/wp-json\/wp\/v2\/tags?post=17419"}],"curies":[{"name":"wp","href":"https:\/\/api.w.org\/{rel}","templated":true}]}}