{"id":17435,"date":"2023-08-21T16:21:39","date_gmt":"2023-08-21T14:21:39","guid":{"rendered":"http:\/\/zurzeit.at\/?p=17435"},"modified":"2023-08-21T16:21:39","modified_gmt":"2023-08-21T14:21:39","slug":"wiederkehr-des-vernaderertums","status":"publish","type":"post","link":"https:\/\/zurzeit.at\/index.php\/wiederkehr-des-vernaderertums\/","title":{"rendered":"Wiederkehr des Vernaderertums"},"content":{"rendered":"<p>Autor: <a href=\"https:\/\/zurzeit.at\/index.php\/autoren\/\">E.K.-L.<\/a> Bilder:\u00a0<a href=\"https:\/\/de.wikipedia.org\/wiki\/Datei:Venedig_BW_1.JPG\">Wikipedia\/Berthold Werner<\/a> Lizenz: <a class=\"mw-mmv-license\" href=\"https:\/\/creativecommons.org\/licenses\/by-sa\/4.0\" target=\"_blank\" rel=\"noopener\">CC BY-SA 4.0<\/a><\/p>\n<hr \/>\n<h1>Gesetzlicher Zwang zur Errichtung von betrieblichen Meldestellen<\/h1>\n<p>In \u00d6sterreich wurde die EU-Richtlinie 2019\/1937 (bekannt als EU-Whistleblowing-Richtline) mit der hierzulande unterw\u00fcrfigen Ergebenheit gegen\u00fcber den Herrschaften in Br\u00fcssel und selbstredend brav gegendert mit dem HinweisgeberInnenschutzgesetz; BGBl. I Nr. 6\/2023) umgesetzt und mit 25. Februar 2023 in Kraft gesetzt. Ziel sind Unternehmen ab f\u00fcnfzig Mitarbeitern.<\/p>\n<p>Dies mit besonderen Bestimmungen zum Schutz der Whistleblower (Denunzianten); zum Beispiel im \u00a7 23: In gerichtlichen oder verwaltungsbeh\u00f6rdlichen Verfahren, in denen eine Hinweisgeberin oder ein Hinweisgeber geltend macht, durch eine der im \u00a7 20 genannten Ma\u00dfnahmen als Folge eines Hinweises benachteiligt worden zu sein, ist glaubhaft zu machen, dass die Ma\u00dfnahme als Vergeltung f\u00fcr den Hinweis erfolgte. Der Denunziant braucht also keineswegs zu beweisen, dass zum Beispiel die K\u00fcndigung des Arbeitgebers wegen seines Verhaltens erfolgt ist, sondern muss das blo\u00df glaubhaft machen. Das geht in Richtung Beweislastumkehr, wie bereits in Vorarlberg verwirklicht.<\/p>\n<p>Dort peitschen die schwarz-gr\u00fcnen Machthaber bereits im Vorjahr ein entsprechendes Gesetz durch den Bregenzer Landtag (LGBl. Nr. 37\/2022); in jenem \u201eGesetz \u00fcber den Schutz bei Meldungen von Rechtsverst\u00f6\u00dfen\u201c hei\u00dft es im \u00a7 16 Absatz 4 (gerafft): \u201eIn verwaltungsbeh\u00f6rdlichen oder gerichtlichen Verfahren, in denen die hinweisgebende Person \u2026 geltend macht, durch eine Ma\u00dfnahme als Reaktion auf eine Meldung \u2026 benachteiligt worden zu sein, wird vermutet, dass die Benachteiligung eine Repressalie f\u00fcr eine solche Meldung oder Offenlegung war. Der Person, der die ergriffene Ma\u00dfnahme zuzurechnen ist, obliegt es zu beweisen, dass die Ma\u00dfnahme durch hinreichende Gr\u00fcnde gerechtfertigt war.\u201c<\/p>\n<p>Mit anderen Worten: Beweislastumkehr zu Lasten des Arbeitgebers. Ein besonders perfides Instrument. Denn seit der Antike gilt der Rechtsgrundsatz, dass derjenige, der etwas behauptet, dies auch unter Beweis stellen muss. Soweit zur Lage in \u00d6sterreich.<\/p>\n<p>In der Bundesrepublik ist die Ampel-Koalition etwas sp\u00e4ter dran, das entsprechende nationale Gesetz gilt ab Juli dieses Jahres. W\u00e4hrend bei uns seitens der Regime-Medien praktisch keine Kritik an der Wiederbelebung des Denunziantentums ge\u00fcbt wird, r\u00fchrt sich bei unserem deutschen Nachbarn Widerstand, zum Beispiel in der Berliner Tageszeitung \u201eDie Welt\u201c. In der genannten Zeitung ist am 19. August unter der \u00dcberschrift Die R\u00fcckkehr des Denunziantentums (Autor Hubertus Knabe) unter anderem zu lesen:<\/p>\n<p>\u201eIn Deutschland wird derzeit ein neues Meldesystem f\u00fcr Straftaten aufgebaut. Rund 90.000 Unternehmen und Tausende \u00f6ffentliche Einrichtungen m\u00fcssen seit Juli sogenannte Meldestellen einrichten. Wer dies vers\u00e4umt, dem droht eine Geldbu\u00dfe von bis zu 20.000 Euro. Hinzukommen sogenannte externe Meldestellen, die Bund und L\u00e4nder \u00fcbergreifend betreiben. Die genannten Stellen sollen nicht nur Meldungen entgegennehmen, sondern auch Untersuchungen durchf\u00fchren. Weitgehend unbemerkt von der \u00d6ffentlichkeit, entsteht auf diese Weise ein neuer, riesiger Ermittlungsapparat, der weder im Grundgesetz noch in den Verfassungen der L\u00e4nder vorgesehen ist.\u201c<\/p>\n<p>F\u00fcr Informanten (volkst\u00fcmlich: Vernaderer) werde das Gesch\u00e4ftsgeheimnis, das Steuergeheimnis und das Sozialgeheimnis (recte Privatsph\u00e4re) au\u00dfer Kraft gesetzt, zudem genie\u00dfen sie, so Knabe \u201eeinen weitgehenden K\u00fcndigungsschutz. Behauptet n\u00e4mlich ein Besch\u00e4ftigter, dass seine Benachteiligung im Beruf aufgrund einer Meldung erfolgte, muss ihm der Arbeitgeber das Gegenteil beweisen. Von K\u00fcndigung oder Abstieg bedrohte Arbeitnehmer k\u00f6nnten deshalb versucht sein, rasch eine Meldung einzureichen &#8211; und dann zu behaupten, diese sei die Ursache der Ma\u00dfnahme. Das neue Gesetz stellt den vorl\u00e4ufigen H\u00f6hepunkt einer schon l\u00e4nger anhaltenden Entwicklung dar: Immer h\u00e4ufiger animiert der deutsche Staat seine B\u00fcrger, andere Mitb\u00fcrger anzuschw\u00e4rzen. W\u00e4hrend das Strafgesetzbuch aus gutem Grund ausschlie\u00dflich verlangt, geplante schwere Straftaten anzuzeigen, damit sie noch verhindert werden k\u00f6nnen, hat sich in Deutschland mittlerweile eine regelrechte Meldestellen-Industrie entwickelt.\u201c<\/p>\n<p>Knabe, ein Historiker, warnt vor einer Vergiftung des sozialen Klimas, wie man sie von Unrechtsstaaten kennt. Wen der Autor da im Auge hat, ist leicht zu erraten: Es ist ein Hinweis auf das Spitzelsystem der \u201eDDR\u201c-Stasi (Staatssicherheit; Geheimdienst des bolschewistischen Systems in Mitteldeutschland) mit ihren Hunderttausenden Mitarbeitern (IM), die meist f\u00fcr Geld ihre Mitb\u00fcrger ausspionieren.<\/p>\n","protected":false},"excerpt":{"rendered":"<p>Autor: E.K.-L. Bilder:\u00a0Wikipedia\/Berthold Werner Lizenz: CC BY-SA 4.0 Gesetzlicher Zwang zur Errichtung von betrieblichen Meldestellen&hellip;<\/p>\n","protected":false},"author":823,"featured_media":17436,"comment_status":"open","ping_status":"closed","sticky":false,"template":"","format":"standard","meta":{"footnotes":""},"categories":[46],"tags":[1795,9616,60,9614,9615,9617,164],"class_list":["post-17435","post","type-post","status-publish","format-standard","has-post-thumbnail","hentry","category-oesterreich","tag-beweislastumkehr","tag-denunzianten","tag-deutschland","tag-eu-whistleblowing-richtlinie","tag-hinweisgeberinnenschutzgesetz","tag-hubertus-knabe","tag-oesterreich"],"yoast_head":"<!-- This site is optimized with the Yoast SEO plugin v28.3 - https:\/\/yoast.com\/product\/yoast-seo-wordpress\/ -->\n<title>Wiederkehr des Vernaderertums - ZurZeit<\/title>\n<meta name=\"robots\" content=\"index, follow, max-snippet:-1, max-image-preview:large, max-video-preview:-1\" \/>\n<link rel=\"canonical\" href=\"https:\/\/zurzeit.at\/index.php\/wiederkehr-des-vernaderertums\/\" \/>\n<meta property=\"og:locale\" content=\"de_DE\" \/>\n<meta property=\"og:type\" content=\"article\" \/>\n<meta property=\"og:title\" content=\"Wiederkehr des Vernaderertums - ZurZeit\" \/>\n<meta property=\"og:description\" content=\"Autor: E.K.-L. Bilder:\u00a0Wikipedia\/Berthold Werner Lizenz: CC BY-SA 4.0 Gesetzlicher Zwang zur Errichtung von betrieblichen Meldestellen&hellip;\" \/>\n<meta property=\"og:url\" content=\"https:\/\/zurzeit.at\/index.php\/wiederkehr-des-vernaderertums\/\" \/>\n<meta property=\"og:site_name\" content=\"ZurZeit\" \/>\n<meta property=\"article:publisher\" content=\"https:\/\/www.facebook.com\/wochenmagazinZurZeit\/\" \/>\n<meta property=\"article:published_time\" content=\"2023-08-21T14:21:39+00:00\" \/>\n<meta property=\"og:image\" content=\"https:\/\/zurzeit.at\/wp-content\/uploads\/2023\/08\/Venedig_BW_1.jpg\" \/>\n\t<meta property=\"og:image:width\" content=\"770\" \/>\n\t<meta property=\"og:image:height\" content=\"899\" \/>\n\t<meta property=\"og:image:type\" content=\"image\/jpeg\" \/>\n<meta name=\"author\" content=\"John Tuscha\" \/>\n<meta name=\"twitter:card\" content=\"summary_large_image\" \/>\n<meta name=\"twitter:label1\" content=\"Verfasst von\" \/>\n\t<meta name=\"twitter:data1\" content=\"John Tuscha\" \/>\n\t<meta name=\"twitter:label2\" content=\"Gesch\u00e4tzte Lesezeit\" \/>\n\t<meta name=\"twitter:data2\" content=\"3\u00a0Minuten\" \/>\n<script type=\"application\/ld+json\" class=\"yoast-schema-graph\">{\"@context\":\"https:\\\/\\\/schema.org\",\"@graph\":[{\"@type\":\"Article\",\"@id\":\"https:\\\/\\\/zurzeit.at\\\/index.php\\\/wiederkehr-des-vernaderertums\\\/#article\",\"isPartOf\":{\"@id\":\"https:\\\/\\\/zurzeit.at\\\/index.php\\\/wiederkehr-des-vernaderertums\\\/\"},\"author\":{\"name\":\"John Tuscha\",\"@id\":\"https:\\\/\\\/zurzeit.at\\\/#\\\/schema\\\/person\\\/118c30f6ad7896ee06fc84c1365a4aca\"},\"headline\":\"Wiederkehr des Vernaderertums\",\"datePublished\":\"2023-08-21T14:21:39+00:00\",\"mainEntityOfPage\":{\"@id\":\"https:\\\/\\\/zurzeit.at\\\/index.php\\\/wiederkehr-des-vernaderertums\\\/\"},\"wordCount\":656,\"commentCount\":0,\"image\":{\"@id\":\"https:\\\/\\\/zurzeit.at\\\/index.php\\\/wiederkehr-des-vernaderertums\\\/#primaryimage\"},\"thumbnailUrl\":\"https:\\\/\\\/zurzeit.at\\\/wp-content\\\/uploads\\\/2023\\\/08\\\/Venedig_BW_1.jpg\",\"keywords\":[\"Beweislastumkehr\",\"Denunzianten\",\"Deutschland\",\"EU-Whistleblowing-Richtlinie\",\"HinweisgeberInnenschutzgesetz\",\"Hubertus Knabe\",\"\u00d6sterreich\"],\"articleSection\":[\"\u00d6sterreich\"],\"inLanguage\":\"de\",\"potentialAction\":[{\"@type\":\"CommentAction\",\"name\":\"Comment\",\"target\":[\"https:\\\/\\\/zurzeit.at\\\/index.php\\\/wiederkehr-des-vernaderertums\\\/#respond\"]}]},{\"@type\":\"WebPage\",\"@id\":\"https:\\\/\\\/zurzeit.at\\\/index.php\\\/wiederkehr-des-vernaderertums\\\/\",\"url\":\"https:\\\/\\\/zurzeit.at\\\/index.php\\\/wiederkehr-des-vernaderertums\\\/\",\"name\":\"Wiederkehr des Vernaderertums - ZurZeit\",\"isPartOf\":{\"@id\":\"https:\\\/\\\/zurzeit.at\\\/#website\"},\"primaryImageOfPage\":{\"@id\":\"https:\\\/\\\/zurzeit.at\\\/index.php\\\/wiederkehr-des-vernaderertums\\\/#primaryimage\"},\"image\":{\"@id\":\"https:\\\/\\\/zurzeit.at\\\/index.php\\\/wiederkehr-des-vernaderertums\\\/#primaryimage\"},\"thumbnailUrl\":\"https:\\\/\\\/zurzeit.at\\\/wp-content\\\/uploads\\\/2023\\\/08\\\/Venedig_BW_1.jpg\",\"datePublished\":\"2023-08-21T14:21:39+00:00\",\"author\":{\"@id\":\"https:\\\/\\\/zurzeit.at\\\/#\\\/schema\\\/person\\\/118c30f6ad7896ee06fc84c1365a4aca\"},\"breadcrumb\":{\"@id\":\"https:\\\/\\\/zurzeit.at\\\/index.php\\\/wiederkehr-des-vernaderertums\\\/#breadcrumb\"},\"inLanguage\":\"de\",\"potentialAction\":[{\"@type\":\"ReadAction\",\"target\":[\"https:\\\/\\\/zurzeit.at\\\/index.php\\\/wiederkehr-des-vernaderertums\\\/\"]}]},{\"@type\":\"ImageObject\",\"inLanguage\":\"de\",\"@id\":\"https:\\\/\\\/zurzeit.at\\\/index.php\\\/wiederkehr-des-vernaderertums\\\/#primaryimage\",\"url\":\"https:\\\/\\\/zurzeit.at\\\/wp-content\\\/uploads\\\/2023\\\/08\\\/Venedig_BW_1.jpg\",\"contentUrl\":\"https:\\\/\\\/zurzeit.at\\\/wp-content\\\/uploads\\\/2023\\\/08\\\/Venedig_BW_1.jpg\",\"width\":770,\"height\":899},{\"@type\":\"BreadcrumbList\",\"@id\":\"https:\\\/\\\/zurzeit.at\\\/index.php\\\/wiederkehr-des-vernaderertums\\\/#breadcrumb\",\"itemListElement\":[{\"@type\":\"ListItem\",\"position\":1,\"name\":\"Startseite\",\"item\":\"https:\\\/\\\/zurzeit.at\\\/\"},{\"@type\":\"ListItem\",\"position\":2,\"name\":\"Wiederkehr des Vernaderertums\"}]},{\"@type\":\"WebSite\",\"@id\":\"https:\\\/\\\/zurzeit.at\\\/#website\",\"url\":\"https:\\\/\\\/zurzeit.at\\\/\",\"name\":\"ZurZeit\",\"description\":\"Internetseite des Wochenmagazins ZurZeit\",\"potentialAction\":[{\"@type\":\"SearchAction\",\"target\":{\"@type\":\"EntryPoint\",\"urlTemplate\":\"https:\\\/\\\/zurzeit.at\\\/?s={search_term_string}\"},\"query-input\":{\"@type\":\"PropertyValueSpecification\",\"valueRequired\":true,\"valueName\":\"search_term_string\"}}],\"inLanguage\":\"de\"},{\"@type\":\"Person\",\"@id\":\"https:\\\/\\\/zurzeit.at\\\/#\\\/schema\\\/person\\\/118c30f6ad7896ee06fc84c1365a4aca\",\"name\":\"John Tuscha\",\"image\":{\"@type\":\"ImageObject\",\"inLanguage\":\"de\",\"@id\":\"https:\\\/\\\/secure.gravatar.com\\\/avatar\\\/f3476f8af58f7d46f586c7c0be49af1b250a8b91bcdc90e8e37320ee2fecc2f1?s=96&d=mm&r=g\",\"url\":\"https:\\\/\\\/secure.gravatar.com\\\/avatar\\\/f3476f8af58f7d46f586c7c0be49af1b250a8b91bcdc90e8e37320ee2fecc2f1?s=96&d=mm&r=g\",\"contentUrl\":\"https:\\\/\\\/secure.gravatar.com\\\/avatar\\\/f3476f8af58f7d46f586c7c0be49af1b250a8b91bcdc90e8e37320ee2fecc2f1?s=96&d=mm&r=g\",\"caption\":\"John Tuscha\"},\"url\":\"https:\\\/\\\/zurzeit.at\\\/index.php\\\/author\\\/john-tuscha\\\/\"}]}<\/script>\n<!-- \/ Yoast SEO plugin. -->","yoast_head_json":{"title":"Wiederkehr des Vernaderertums - ZurZeit","robots":{"index":"index","follow":"follow","max-snippet":"max-snippet:-1","max-image-preview":"max-image-preview:large","max-video-preview":"max-video-preview:-1"},"canonical":"https:\/\/zurzeit.at\/index.php\/wiederkehr-des-vernaderertums\/","og_locale":"de_DE","og_type":"article","og_title":"Wiederkehr des Vernaderertums - ZurZeit","og_description":"Autor: E.K.-L. Bilder:\u00a0Wikipedia\/Berthold Werner Lizenz: CC BY-SA 4.0 Gesetzlicher Zwang zur Errichtung von betrieblichen Meldestellen&hellip;","og_url":"https:\/\/zurzeit.at\/index.php\/wiederkehr-des-vernaderertums\/","og_site_name":"ZurZeit","article_publisher":"https:\/\/www.facebook.com\/wochenmagazinZurZeit\/","article_published_time":"2023-08-21T14:21:39+00:00","og_image":[{"width":770,"height":899,"url":"https:\/\/zurzeit.at\/wp-content\/uploads\/2023\/08\/Venedig_BW_1.jpg","type":"image\/jpeg"}],"author":"John Tuscha","twitter_card":"summary_large_image","twitter_misc":{"Verfasst von":"John Tuscha","Gesch\u00e4tzte Lesezeit":"3\u00a0Minuten"},"schema":{"@context":"https:\/\/schema.org","@graph":[{"@type":"Article","@id":"https:\/\/zurzeit.at\/index.php\/wiederkehr-des-vernaderertums\/#article","isPartOf":{"@id":"https:\/\/zurzeit.at\/index.php\/wiederkehr-des-vernaderertums\/"},"author":{"name":"John Tuscha","@id":"https:\/\/zurzeit.at\/#\/schema\/person\/118c30f6ad7896ee06fc84c1365a4aca"},"headline":"Wiederkehr des Vernaderertums","datePublished":"2023-08-21T14:21:39+00:00","mainEntityOfPage":{"@id":"https:\/\/zurzeit.at\/index.php\/wiederkehr-des-vernaderertums\/"},"wordCount":656,"commentCount":0,"image":{"@id":"https:\/\/zurzeit.at\/index.php\/wiederkehr-des-vernaderertums\/#primaryimage"},"thumbnailUrl":"https:\/\/zurzeit.at\/wp-content\/uploads\/2023\/08\/Venedig_BW_1.jpg","keywords":["Beweislastumkehr","Denunzianten","Deutschland","EU-Whistleblowing-Richtlinie","HinweisgeberInnenschutzgesetz","Hubertus Knabe","\u00d6sterreich"],"articleSection":["\u00d6sterreich"],"inLanguage":"de","potentialAction":[{"@type":"CommentAction","name":"Comment","target":["https:\/\/zurzeit.at\/index.php\/wiederkehr-des-vernaderertums\/#respond"]}]},{"@type":"WebPage","@id":"https:\/\/zurzeit.at\/index.php\/wiederkehr-des-vernaderertums\/","url":"https:\/\/zurzeit.at\/index.php\/wiederkehr-des-vernaderertums\/","name":"Wiederkehr des Vernaderertums - ZurZeit","isPartOf":{"@id":"https:\/\/zurzeit.at\/#website"},"primaryImageOfPage":{"@id":"https:\/\/zurzeit.at\/index.php\/wiederkehr-des-vernaderertums\/#primaryimage"},"image":{"@id":"https:\/\/zurzeit.at\/index.php\/wiederkehr-des-vernaderertums\/#primaryimage"},"thumbnailUrl":"https:\/\/zurzeit.at\/wp-content\/uploads\/2023\/08\/Venedig_BW_1.jpg","datePublished":"2023-08-21T14:21:39+00:00","author":{"@id":"https:\/\/zurzeit.at\/#\/schema\/person\/118c30f6ad7896ee06fc84c1365a4aca"},"breadcrumb":{"@id":"https:\/\/zurzeit.at\/index.php\/wiederkehr-des-vernaderertums\/#breadcrumb"},"inLanguage":"de","potentialAction":[{"@type":"ReadAction","target":["https:\/\/zurzeit.at\/index.php\/wiederkehr-des-vernaderertums\/"]}]},{"@type":"ImageObject","inLanguage":"de","@id":"https:\/\/zurzeit.at\/index.php\/wiederkehr-des-vernaderertums\/#primaryimage","url":"https:\/\/zurzeit.at\/wp-content\/uploads\/2023\/08\/Venedig_BW_1.jpg","contentUrl":"https:\/\/zurzeit.at\/wp-content\/uploads\/2023\/08\/Venedig_BW_1.jpg","width":770,"height":899},{"@type":"BreadcrumbList","@id":"https:\/\/zurzeit.at\/index.php\/wiederkehr-des-vernaderertums\/#breadcrumb","itemListElement":[{"@type":"ListItem","position":1,"name":"Startseite","item":"https:\/\/zurzeit.at\/"},{"@type":"ListItem","position":2,"name":"Wiederkehr des Vernaderertums"}]},{"@type":"WebSite","@id":"https:\/\/zurzeit.at\/#website","url":"https:\/\/zurzeit.at\/","name":"ZurZeit","description":"Internetseite des Wochenmagazins ZurZeit","potentialAction":[{"@type":"SearchAction","target":{"@type":"EntryPoint","urlTemplate":"https:\/\/zurzeit.at\/?s={search_term_string}"},"query-input":{"@type":"PropertyValueSpecification","valueRequired":true,"valueName":"search_term_string"}}],"inLanguage":"de"},{"@type":"Person","@id":"https:\/\/zurzeit.at\/#\/schema\/person\/118c30f6ad7896ee06fc84c1365a4aca","name":"John Tuscha","image":{"@type":"ImageObject","inLanguage":"de","@id":"https:\/\/secure.gravatar.com\/avatar\/f3476f8af58f7d46f586c7c0be49af1b250a8b91bcdc90e8e37320ee2fecc2f1?s=96&d=mm&r=g","url":"https:\/\/secure.gravatar.com\/avatar\/f3476f8af58f7d46f586c7c0be49af1b250a8b91bcdc90e8e37320ee2fecc2f1?s=96&d=mm&r=g","contentUrl":"https:\/\/secure.gravatar.com\/avatar\/f3476f8af58f7d46f586c7c0be49af1b250a8b91bcdc90e8e37320ee2fecc2f1?s=96&d=mm&r=g","caption":"John Tuscha"},"url":"https:\/\/zurzeit.at\/index.php\/author\/john-tuscha\/"}]}},"_links":{"self":[{"href":"https:\/\/zurzeit.at\/index.php\/wp-json\/wp\/v2\/posts\/17435","targetHints":{"allow":["GET"]}}],"collection":[{"href":"https:\/\/zurzeit.at\/index.php\/wp-json\/wp\/v2\/posts"}],"about":[{"href":"https:\/\/zurzeit.at\/index.php\/wp-json\/wp\/v2\/types\/post"}],"author":[{"embeddable":true,"href":"https:\/\/zurzeit.at\/index.php\/wp-json\/wp\/v2\/users\/823"}],"replies":[{"embeddable":true,"href":"https:\/\/zurzeit.at\/index.php\/wp-json\/wp\/v2\/comments?post=17435"}],"version-history":[{"count":1,"href":"https:\/\/zurzeit.at\/index.php\/wp-json\/wp\/v2\/posts\/17435\/revisions"}],"predecessor-version":[{"id":17437,"href":"https:\/\/zurzeit.at\/index.php\/wp-json\/wp\/v2\/posts\/17435\/revisions\/17437"}],"wp:featuredmedia":[{"embeddable":true,"href":"https:\/\/zurzeit.at\/index.php\/wp-json\/wp\/v2\/media\/17436"}],"wp:attachment":[{"href":"https:\/\/zurzeit.at\/index.php\/wp-json\/wp\/v2\/media?parent=17435"}],"wp:term":[{"taxonomy":"category","embeddable":true,"href":"https:\/\/zurzeit.at\/index.php\/wp-json\/wp\/v2\/categories?post=17435"},{"taxonomy":"post_tag","embeddable":true,"href":"https:\/\/zurzeit.at\/index.php\/wp-json\/wp\/v2\/tags?post=17435"}],"curies":[{"name":"wp","href":"https:\/\/api.w.org\/{rel}","templated":true}]}}