{"id":17438,"date":"2023-08-23T14:39:05","date_gmt":"2023-08-23T12:39:05","guid":{"rendered":"http:\/\/zurzeit.at\/?p=17438"},"modified":"2023-08-23T14:39:05","modified_gmt":"2023-08-23T12:39:05","slug":"kickl-sobotka-und-das-stasi-verhoerzimmer","status":"publish","type":"post","link":"https:\/\/zurzeit.at\/index.php\/kickl-sobotka-und-das-stasi-verhoerzimmer\/","title":{"rendered":"Kickl, Sobotka und das \u201eStasi-Verh\u00f6rzimmer\u201c"},"content":{"rendered":"<p>Autor: <a href=\"https:\/\/zurzeit.at\/index.php\/autoren\/\">B.T.<\/a> Bilder: FP\u00d6\u00a0Lizenz: <a class=\"mw-mmv-license\" href=\"https:\/\/creativecommons.org\/licenses\/by-sa\/4.0\" target=\"_blank\" rel=\"noopener\">CC BY-SA 4.0<\/a><\/p>\n<hr \/>\n<h1>Nicht FP\u00d6-Chef, sondern Nationalratspr\u00e4sident hat das Ma\u00df verloren<\/h1>\n<p>Zahlreiche Zuschauer der \u201eSommergespr\u00e4che\u201c des ORF werden sich gewundert haben, was den Staatssender zur Wahl des diesj\u00e4hrigen Austragungsortes bewogen hat: ein fensterloses, holzvert\u00e4feltes K\u00e4mmerlein, das \u00fcberdies schlecht beleuchtet war und Gruselstimmung vermittelte. Hinzu kommt, dass das altehrw\u00fcrdige Hohe Haus an der Wiener Ringstra\u00dfe nach seiner umfassenden Renovierung weitaus sch\u00f6nere R\u00e4umlichkeiten f\u00fcr die \u201eSommergespr\u00e4che\u201c bietet als das d\u00fcstere K\u00e4mmerlein.<\/p>\n<p>FP\u00d6-Bundesobmann Herbert Kickl sprach somit bei seinem \u201eSommergespr\u00e4ch\u201c mit dem ORF aus, was sich viele gedacht haben: Das Abgeordneten-Sprechzimmer biete \u201enicht das beste Ambiente\u201c und habe \u201eden herben Charme eines Stasi-Verh\u00f6rzimmers\u201c.<\/p>\n<p>Kickls Aussagen bringen nun Nationalratspr\u00e4sident Wolfgang Sobotka in Rage. Der \u00d6VP-Politiker spricht von einem \u201everst\u00f6renden Vergleich\u201c, der auch ein Ausdruck dessen sei, \u201edass man wirklich das Ma\u00df verloren hat\u201c.<br \/>\nWenn Sobotka davon spricht, \u201edass man wirklich das Ma\u00df verloren hat\u201c, ist jedoch an den Nationalratspr\u00e4sidenten selbst zu denken. So z\u00e4hlt FP\u00d6-Generalsekret\u00e4r Christian Hafenecker die fragw\u00fcrdige Amtsf\u00fchrung des zweith\u00f6chsten Vertreters der Republik auf: \u201eWenn sich Sobotka emp\u00f6rt und verst\u00f6rt zeigt, dann d\u00fcrfte er wohl seine eigenen mehr als skurrilen Aktionen vergessen haben. Der Auftritt des Pr\u00e4sidenten eines kriegf\u00fchrenden Landes im Parlament unseres neutralen \u00d6sterreichs, die Vereinnahmung des Parlamentes f\u00fcr ein Minderheitenprogramm der LGBTQ-Gemeinde, der Affentanz rund um den goldenen Fl\u00fcgel und die Absicht, die Wahrheitspflicht in Untersuchungsaussch\u00fcssen abzuschaffen, sind nur wenige Beispiele, welche die Welt Sobotkas, auch Sobotanien genannt, beschreiben.\u201c<\/p>\n","protected":false},"excerpt":{"rendered":"<p>Autor: B.T. Bilder: FP\u00d6\u00a0Lizenz: CC BY-SA 4.0 Nicht FP\u00d6-Chef, sondern Nationalratspr\u00e4sident hat das Ma\u00df verloren&hellip;<\/p>\n","protected":false},"author":823,"featured_media":17439,"comment_status":"open","ping_status":"closed","sticky":false,"template":"","format":"standard","meta":{"footnotes":""},"categories":[46],"tags":[5126,93,92,185,97,2009,8051,9618,9607],"class_list":["post-17438","post","type-post","status-publish","format-standard","has-post-thumbnail","hentry","category-oesterreich","tag-christian-hafenecker","tag-fpoe","tag-herbert-kickl","tag-orf","tag-oevp","tag-parlament","tag-sommergespraech","tag-stasi-verhoerzimmer","tag-wolfgang-sobotka"],"yoast_head":"<!-- This site is optimized with the Yoast SEO plugin v28.3 - https:\/\/yoast.com\/product\/yoast-seo-wordpress\/ -->\n<title>Kickl, Sobotka und das \u201eStasi-Verh\u00f6rzimmer\u201c - ZurZeit<\/title>\n<meta name=\"robots\" content=\"index, follow, max-snippet:-1, max-image-preview:large, max-video-preview:-1\" \/>\n<link rel=\"canonical\" href=\"https:\/\/zurzeit.at\/index.php\/kickl-sobotka-und-das-stasi-verhoerzimmer\/\" \/>\n<meta property=\"og:locale\" content=\"de_DE\" \/>\n<meta property=\"og:type\" content=\"article\" \/>\n<meta property=\"og:title\" content=\"Kickl, Sobotka und das \u201eStasi-Verh\u00f6rzimmer\u201c - ZurZeit\" \/>\n<meta property=\"og:description\" content=\"Autor: B.T. Bilder: FP\u00d6\u00a0Lizenz: CC BY-SA 4.0 Nicht FP\u00d6-Chef, sondern Nationalratspr\u00e4sident hat das Ma\u00df verloren&hellip;\" \/>\n<meta property=\"og:url\" content=\"https:\/\/zurzeit.at\/index.php\/kickl-sobotka-und-das-stasi-verhoerzimmer\/\" \/>\n<meta property=\"og:site_name\" content=\"ZurZeit\" \/>\n<meta property=\"article:publisher\" content=\"https:\/\/www.facebook.com\/wochenmagazinZurZeit\/\" \/>\n<meta property=\"article:published_time\" content=\"2023-08-23T12:39:05+00:00\" \/>\n<meta property=\"og:image\" content=\"https:\/\/zurzeit.at\/wp-content\/uploads\/2023\/08\/PHOTO-2023-08-23-11-46-51.jpg\" \/>\n\t<meta property=\"og:image:width\" content=\"576\" \/>\n\t<meta property=\"og:image:height\" content=\"1024\" \/>\n\t<meta property=\"og:image:type\" content=\"image\/jpeg\" \/>\n<meta name=\"author\" content=\"John Tuscha\" \/>\n<meta name=\"twitter:card\" content=\"summary_large_image\" \/>\n<meta name=\"twitter:label1\" content=\"Verfasst von\" \/>\n\t<meta name=\"twitter:data1\" content=\"John Tuscha\" \/>\n\t<meta name=\"twitter:label2\" content=\"Gesch\u00e4tzte Lesezeit\" \/>\n\t<meta name=\"twitter:data2\" content=\"2\u00a0Minuten\" \/>\n<script type=\"application\/ld+json\" class=\"yoast-schema-graph\">{\"@context\":\"https:\\\/\\\/schema.org\",\"@graph\":[{\"@type\":\"Article\",\"@id\":\"https:\\\/\\\/zurzeit.at\\\/index.php\\\/kickl-sobotka-und-das-stasi-verhoerzimmer\\\/#article\",\"isPartOf\":{\"@id\":\"https:\\\/\\\/zurzeit.at\\\/index.php\\\/kickl-sobotka-und-das-stasi-verhoerzimmer\\\/\"},\"author\":{\"name\":\"John Tuscha\",\"@id\":\"https:\\\/\\\/zurzeit.at\\\/#\\\/schema\\\/person\\\/118c30f6ad7896ee06fc84c1365a4aca\"},\"headline\":\"Kickl, Sobotka und das \u201eStasi-Verh\u00f6rzimmer\u201c\",\"datePublished\":\"2023-08-23T12:39:05+00:00\",\"mainEntityOfPage\":{\"@id\":\"https:\\\/\\\/zurzeit.at\\\/index.php\\\/kickl-sobotka-und-das-stasi-verhoerzimmer\\\/\"},\"wordCount\":274,\"commentCount\":0,\"image\":{\"@id\":\"https:\\\/\\\/zurzeit.at\\\/index.php\\\/kickl-sobotka-und-das-stasi-verhoerzimmer\\\/#primaryimage\"},\"thumbnailUrl\":\"https:\\\/\\\/zurzeit.at\\\/wp-content\\\/uploads\\\/2023\\\/08\\\/PHOTO-2023-08-23-11-46-51.jpg\",\"keywords\":[\"Christian Hafenecker\",\"FP\u00d6\",\"Herbert Kickl\",\"ORF\",\"\u00d6VP\",\"Parlament\",\"Sommergespr\u00e4ch\",\"Stasi-Verh\u00f6rzimmer\",\"Wolfgang Sobotka\"],\"articleSection\":[\"\u00d6sterreich\"],\"inLanguage\":\"de\",\"potentialAction\":[{\"@type\":\"CommentAction\",\"name\":\"Comment\",\"target\":[\"https:\\\/\\\/zurzeit.at\\\/index.php\\\/kickl-sobotka-und-das-stasi-verhoerzimmer\\\/#respond\"]}]},{\"@type\":\"WebPage\",\"@id\":\"https:\\\/\\\/zurzeit.at\\\/index.php\\\/kickl-sobotka-und-das-stasi-verhoerzimmer\\\/\",\"url\":\"https:\\\/\\\/zurzeit.at\\\/index.php\\\/kickl-sobotka-und-das-stasi-verhoerzimmer\\\/\",\"name\":\"Kickl, Sobotka und das \u201eStasi-Verh\u00f6rzimmer\u201c - ZurZeit\",\"isPartOf\":{\"@id\":\"https:\\\/\\\/zurzeit.at\\\/#website\"},\"primaryImageOfPage\":{\"@id\":\"https:\\\/\\\/zurzeit.at\\\/index.php\\\/kickl-sobotka-und-das-stasi-verhoerzimmer\\\/#primaryimage\"},\"image\":{\"@id\":\"https:\\\/\\\/zurzeit.at\\\/index.php\\\/kickl-sobotka-und-das-stasi-verhoerzimmer\\\/#primaryimage\"},\"thumbnailUrl\":\"https:\\\/\\\/zurzeit.at\\\/wp-content\\\/uploads\\\/2023\\\/08\\\/PHOTO-2023-08-23-11-46-51.jpg\",\"datePublished\":\"2023-08-23T12:39:05+00:00\",\"author\":{\"@id\":\"https:\\\/\\\/zurzeit.at\\\/#\\\/schema\\\/person\\\/118c30f6ad7896ee06fc84c1365a4aca\"},\"breadcrumb\":{\"@id\":\"https:\\\/\\\/zurzeit.at\\\/index.php\\\/kickl-sobotka-und-das-stasi-verhoerzimmer\\\/#breadcrumb\"},\"inLanguage\":\"de\",\"potentialAction\":[{\"@type\":\"ReadAction\",\"target\":[\"https:\\\/\\\/zurzeit.at\\\/index.php\\\/kickl-sobotka-und-das-stasi-verhoerzimmer\\\/\"]}]},{\"@type\":\"ImageObject\",\"inLanguage\":\"de\",\"@id\":\"https:\\\/\\\/zurzeit.at\\\/index.php\\\/kickl-sobotka-und-das-stasi-verhoerzimmer\\\/#primaryimage\",\"url\":\"https:\\\/\\\/zurzeit.at\\\/wp-content\\\/uploads\\\/2023\\\/08\\\/PHOTO-2023-08-23-11-46-51.jpg\",\"contentUrl\":\"https:\\\/\\\/zurzeit.at\\\/wp-content\\\/uploads\\\/2023\\\/08\\\/PHOTO-2023-08-23-11-46-51.jpg\",\"width\":576,\"height\":1024},{\"@type\":\"BreadcrumbList\",\"@id\":\"https:\\\/\\\/zurzeit.at\\\/index.php\\\/kickl-sobotka-und-das-stasi-verhoerzimmer\\\/#breadcrumb\",\"itemListElement\":[{\"@type\":\"ListItem\",\"position\":1,\"name\":\"Startseite\",\"item\":\"https:\\\/\\\/zurzeit.at\\\/\"},{\"@type\":\"ListItem\",\"position\":2,\"name\":\"Kickl, Sobotka und das \u201eStasi-Verh\u00f6rzimmer\u201c\"}]},{\"@type\":\"WebSite\",\"@id\":\"https:\\\/\\\/zurzeit.at\\\/#website\",\"url\":\"https:\\\/\\\/zurzeit.at\\\/\",\"name\":\"ZurZeit\",\"description\":\"Internetseite des Wochenmagazins ZurZeit\",\"potentialAction\":[{\"@type\":\"SearchAction\",\"target\":{\"@type\":\"EntryPoint\",\"urlTemplate\":\"https:\\\/\\\/zurzeit.at\\\/?s={search_term_string}\"},\"query-input\":{\"@type\":\"PropertyValueSpecification\",\"valueRequired\":true,\"valueName\":\"search_term_string\"}}],\"inLanguage\":\"de\"},{\"@type\":\"Person\",\"@id\":\"https:\\\/\\\/zurzeit.at\\\/#\\\/schema\\\/person\\\/118c30f6ad7896ee06fc84c1365a4aca\",\"name\":\"John Tuscha\",\"image\":{\"@type\":\"ImageObject\",\"inLanguage\":\"de\",\"@id\":\"https:\\\/\\\/secure.gravatar.com\\\/avatar\\\/f3476f8af58f7d46f586c7c0be49af1b250a8b91bcdc90e8e37320ee2fecc2f1?s=96&d=mm&r=g\",\"url\":\"https:\\\/\\\/secure.gravatar.com\\\/avatar\\\/f3476f8af58f7d46f586c7c0be49af1b250a8b91bcdc90e8e37320ee2fecc2f1?s=96&d=mm&r=g\",\"contentUrl\":\"https:\\\/\\\/secure.gravatar.com\\\/avatar\\\/f3476f8af58f7d46f586c7c0be49af1b250a8b91bcdc90e8e37320ee2fecc2f1?s=96&d=mm&r=g\",\"caption\":\"John Tuscha\"},\"url\":\"https:\\\/\\\/zurzeit.at\\\/index.php\\\/author\\\/john-tuscha\\\/\"}]}<\/script>\n<!-- \/ Yoast SEO plugin. -->","yoast_head_json":{"title":"Kickl, Sobotka und das \u201eStasi-Verh\u00f6rzimmer\u201c - ZurZeit","robots":{"index":"index","follow":"follow","max-snippet":"max-snippet:-1","max-image-preview":"max-image-preview:large","max-video-preview":"max-video-preview:-1"},"canonical":"https:\/\/zurzeit.at\/index.php\/kickl-sobotka-und-das-stasi-verhoerzimmer\/","og_locale":"de_DE","og_type":"article","og_title":"Kickl, Sobotka und das \u201eStasi-Verh\u00f6rzimmer\u201c - ZurZeit","og_description":"Autor: B.T. Bilder: FP\u00d6\u00a0Lizenz: CC BY-SA 4.0 Nicht FP\u00d6-Chef, sondern Nationalratspr\u00e4sident hat das Ma\u00df verloren&hellip;","og_url":"https:\/\/zurzeit.at\/index.php\/kickl-sobotka-und-das-stasi-verhoerzimmer\/","og_site_name":"ZurZeit","article_publisher":"https:\/\/www.facebook.com\/wochenmagazinZurZeit\/","article_published_time":"2023-08-23T12:39:05+00:00","og_image":[{"width":576,"height":1024,"url":"https:\/\/zurzeit.at\/wp-content\/uploads\/2023\/08\/PHOTO-2023-08-23-11-46-51.jpg","type":"image\/jpeg"}],"author":"John Tuscha","twitter_card":"summary_large_image","twitter_misc":{"Verfasst von":"John Tuscha","Gesch\u00e4tzte Lesezeit":"2\u00a0Minuten"},"schema":{"@context":"https:\/\/schema.org","@graph":[{"@type":"Article","@id":"https:\/\/zurzeit.at\/index.php\/kickl-sobotka-und-das-stasi-verhoerzimmer\/#article","isPartOf":{"@id":"https:\/\/zurzeit.at\/index.php\/kickl-sobotka-und-das-stasi-verhoerzimmer\/"},"author":{"name":"John Tuscha","@id":"https:\/\/zurzeit.at\/#\/schema\/person\/118c30f6ad7896ee06fc84c1365a4aca"},"headline":"Kickl, Sobotka und das \u201eStasi-Verh\u00f6rzimmer\u201c","datePublished":"2023-08-23T12:39:05+00:00","mainEntityOfPage":{"@id":"https:\/\/zurzeit.at\/index.php\/kickl-sobotka-und-das-stasi-verhoerzimmer\/"},"wordCount":274,"commentCount":0,"image":{"@id":"https:\/\/zurzeit.at\/index.php\/kickl-sobotka-und-das-stasi-verhoerzimmer\/#primaryimage"},"thumbnailUrl":"https:\/\/zurzeit.at\/wp-content\/uploads\/2023\/08\/PHOTO-2023-08-23-11-46-51.jpg","keywords":["Christian Hafenecker","FP\u00d6","Herbert Kickl","ORF","\u00d6VP","Parlament","Sommergespr\u00e4ch","Stasi-Verh\u00f6rzimmer","Wolfgang Sobotka"],"articleSection":["\u00d6sterreich"],"inLanguage":"de","potentialAction":[{"@type":"CommentAction","name":"Comment","target":["https:\/\/zurzeit.at\/index.php\/kickl-sobotka-und-das-stasi-verhoerzimmer\/#respond"]}]},{"@type":"WebPage","@id":"https:\/\/zurzeit.at\/index.php\/kickl-sobotka-und-das-stasi-verhoerzimmer\/","url":"https:\/\/zurzeit.at\/index.php\/kickl-sobotka-und-das-stasi-verhoerzimmer\/","name":"Kickl, Sobotka und das \u201eStasi-Verh\u00f6rzimmer\u201c - ZurZeit","isPartOf":{"@id":"https:\/\/zurzeit.at\/#website"},"primaryImageOfPage":{"@id":"https:\/\/zurzeit.at\/index.php\/kickl-sobotka-und-das-stasi-verhoerzimmer\/#primaryimage"},"image":{"@id":"https:\/\/zurzeit.at\/index.php\/kickl-sobotka-und-das-stasi-verhoerzimmer\/#primaryimage"},"thumbnailUrl":"https:\/\/zurzeit.at\/wp-content\/uploads\/2023\/08\/PHOTO-2023-08-23-11-46-51.jpg","datePublished":"2023-08-23T12:39:05+00:00","author":{"@id":"https:\/\/zurzeit.at\/#\/schema\/person\/118c30f6ad7896ee06fc84c1365a4aca"},"breadcrumb":{"@id":"https:\/\/zurzeit.at\/index.php\/kickl-sobotka-und-das-stasi-verhoerzimmer\/#breadcrumb"},"inLanguage":"de","potentialAction":[{"@type":"ReadAction","target":["https:\/\/zurzeit.at\/index.php\/kickl-sobotka-und-das-stasi-verhoerzimmer\/"]}]},{"@type":"ImageObject","inLanguage":"de","@id":"https:\/\/zurzeit.at\/index.php\/kickl-sobotka-und-das-stasi-verhoerzimmer\/#primaryimage","url":"https:\/\/zurzeit.at\/wp-content\/uploads\/2023\/08\/PHOTO-2023-08-23-11-46-51.jpg","contentUrl":"https:\/\/zurzeit.at\/wp-content\/uploads\/2023\/08\/PHOTO-2023-08-23-11-46-51.jpg","width":576,"height":1024},{"@type":"BreadcrumbList","@id":"https:\/\/zurzeit.at\/index.php\/kickl-sobotka-und-das-stasi-verhoerzimmer\/#breadcrumb","itemListElement":[{"@type":"ListItem","position":1,"name":"Startseite","item":"https:\/\/zurzeit.at\/"},{"@type":"ListItem","position":2,"name":"Kickl, Sobotka und das \u201eStasi-Verh\u00f6rzimmer\u201c"}]},{"@type":"WebSite","@id":"https:\/\/zurzeit.at\/#website","url":"https:\/\/zurzeit.at\/","name":"ZurZeit","description":"Internetseite des Wochenmagazins ZurZeit","potentialAction":[{"@type":"SearchAction","target":{"@type":"EntryPoint","urlTemplate":"https:\/\/zurzeit.at\/?s={search_term_string}"},"query-input":{"@type":"PropertyValueSpecification","valueRequired":true,"valueName":"search_term_string"}}],"inLanguage":"de"},{"@type":"Person","@id":"https:\/\/zurzeit.at\/#\/schema\/person\/118c30f6ad7896ee06fc84c1365a4aca","name":"John Tuscha","image":{"@type":"ImageObject","inLanguage":"de","@id":"https:\/\/secure.gravatar.com\/avatar\/f3476f8af58f7d46f586c7c0be49af1b250a8b91bcdc90e8e37320ee2fecc2f1?s=96&d=mm&r=g","url":"https:\/\/secure.gravatar.com\/avatar\/f3476f8af58f7d46f586c7c0be49af1b250a8b91bcdc90e8e37320ee2fecc2f1?s=96&d=mm&r=g","contentUrl":"https:\/\/secure.gravatar.com\/avatar\/f3476f8af58f7d46f586c7c0be49af1b250a8b91bcdc90e8e37320ee2fecc2f1?s=96&d=mm&r=g","caption":"John Tuscha"},"url":"https:\/\/zurzeit.at\/index.php\/author\/john-tuscha\/"}]}},"_links":{"self":[{"href":"https:\/\/zurzeit.at\/index.php\/wp-json\/wp\/v2\/posts\/17438","targetHints":{"allow":["GET"]}}],"collection":[{"href":"https:\/\/zurzeit.at\/index.php\/wp-json\/wp\/v2\/posts"}],"about":[{"href":"https:\/\/zurzeit.at\/index.php\/wp-json\/wp\/v2\/types\/post"}],"author":[{"embeddable":true,"href":"https:\/\/zurzeit.at\/index.php\/wp-json\/wp\/v2\/users\/823"}],"replies":[{"embeddable":true,"href":"https:\/\/zurzeit.at\/index.php\/wp-json\/wp\/v2\/comments?post=17438"}],"version-history":[{"count":1,"href":"https:\/\/zurzeit.at\/index.php\/wp-json\/wp\/v2\/posts\/17438\/revisions"}],"predecessor-version":[{"id":17440,"href":"https:\/\/zurzeit.at\/index.php\/wp-json\/wp\/v2\/posts\/17438\/revisions\/17440"}],"wp:featuredmedia":[{"embeddable":true,"href":"https:\/\/zurzeit.at\/index.php\/wp-json\/wp\/v2\/media\/17439"}],"wp:attachment":[{"href":"https:\/\/zurzeit.at\/index.php\/wp-json\/wp\/v2\/media?parent=17438"}],"wp:term":[{"taxonomy":"category","embeddable":true,"href":"https:\/\/zurzeit.at\/index.php\/wp-json\/wp\/v2\/categories?post=17438"},{"taxonomy":"post_tag","embeddable":true,"href":"https:\/\/zurzeit.at\/index.php\/wp-json\/wp\/v2\/tags?post=17438"}],"curies":[{"name":"wp","href":"https:\/\/api.w.org\/{rel}","templated":true}]}}