{"id":17871,"date":"2023-11-22T09:21:36","date_gmt":"2023-11-22T08:21:36","guid":{"rendered":"http:\/\/zurzeit.at\/?p=17871"},"modified":"2023-11-22T09:21:36","modified_gmt":"2023-11-22T08:21:36","slug":"argentiniens-wende-die-praesidentschaft-milei-beginnt","status":"publish","type":"post","link":"https:\/\/zurzeit.at\/index.php\/argentiniens-wende-die-praesidentschaft-milei-beginnt\/","title":{"rendered":"Argentiniens Wende: Die Pr\u00e4sidentschaft Milei beginnt"},"content":{"rendered":"<p>Autor: <a href=\"https:\/\/zurzeit.at\/index.php\/autoren\/\">A. R.<\/a> Bilder: <a href=\"https:\/\/commons.m.wikimedia.org\/wiki\/File:Javier_Milei_in_2022.jpg\">Wikipedia\/Vox Espa\u00f1a<\/a> Lizenz: <a href=\"https:\/\/creativecommons.org\/licenses\/by-sa\/1.0\/deed.en\">CC BY-SA 1.0 DEED<\/a><\/p>\n<hr \/>\n<h1>In einem bemerkenswerten politischen Wandel hat Javier Milei, ein selbsternannter Anarchokapitalist, das Pr\u00e4sidentenamt in Argentinien \u00fcbernommen. Sein Versprechen einer freiheitlichen Revolution weckt Hoffnung &#8211; nicht nur f\u00fcr Argentinien.<\/h1>\n<p><span style=\"font-weight: 400;\">Argentinien erlebt ein Polit-Erdbeben. Javier Milei, ein politischer Au\u00dfenseiter, hat das h\u00f6chste Amt erklommen. Bekannt f\u00fcr seine radikalen Ansichten und Gesten, wie die Verlosung seines Abgeordnetengehalts, verspricht Milei, die argentinische Politik grundlegend zu ver\u00e4ndern.<\/span><\/p>\n<p><span style=\"font-weight: 400;\">Argentinien steht vor gro\u00dfen Herausforderungen: eine hohe Inflation, ein \u00fcberdimensionierter Staatsapparat und eine immense Schuldenlast. Mileis libert\u00e4re Agenda sieht vor, den Staatshaushalt zu straffen, die Zentralbank abzuschaffen, und den US-Dollar als offizielle W\u00e4hrung einzuf\u00fchren. Diese Vorschl\u00e4ge, obschon unkonventionell, k\u00f6nnten eine Antwort auf die wirtschaftlichen Turbulenzen des Landes sein.<\/span><\/p>\n<p><span style=\"font-weight: 400;\">Mileis Positionen zu anderen Themen, wie Abtreibung und Klimawandel, sowie seine restriktive Einwanderungspolitik, zeichnen ein Bild eines radikalen Konservativen \u2013 noch extremer als das von Donald Trump oder Jair Bolsonaro. Seine Pl\u00e4ne k\u00f6nnten, falls erfolgreich, weit \u00fcber die Grenzen Argentiniens hinaus Bedeutung erlangen und zeigen, dass ein starker R\u00fcckzug des Staates zu mehr Wohlstand und Freiheit f\u00fchren kann.<\/span><\/p>\n<p><span style=\"font-weight: 400;\">Mileis Triumph k\u00f6nnte auch ein Weckruf f\u00fcr Europa, Deutschland und \u00d6sterreich sein. Die aktuelle politische und wirtschaftliche Lage, gekennzeichnet durch steigende Staatsschulden und eine zunehmend selbstgerechte politische F\u00fchrung, weist Parallelen zu Argentinien auf. Die Bereitschaft f\u00fcr einen radikalen politischen Wandel k\u00f6nnte auch bei uns weiterwachsen, und eine Wende mit einer Regentschaft der FP\u00d6 Kickls k\u00f6nnte auch hierzulande m\u00f6glich sein.<\/span><\/p>\n","protected":false},"excerpt":{"rendered":"<p>Autor: A. R. Bilder: Wikipedia\/Vox Espa\u00f1a Lizenz: CC BY-SA 1.0 DEED In einem bemerkenswerten politischen&hellip;<\/p>\n","protected":false},"author":823,"featured_media":17872,"comment_status":"open","ping_status":"closed","sticky":false,"template":"","format":"standard","meta":{"footnotes":""},"categories":[49],"tags":[9744,2207,9743,9746,9745,3335],"class_list":["post-17871","post","type-post","status-publish","format-standard","has-post-thumbnail","hentry","category-ausland","tag-anarchokapitalismus","tag-argentinien","tag-javier-milei","tag-kickl-fpoe","tag-politischer-wandel","tag-wirtschaftskrise"],"yoast_head":"<!-- This site is optimized with the Yoast SEO plugin v28.3 - https:\/\/yoast.com\/product\/yoast-seo-wordpress\/ -->\n<title>Argentiniens Wende: Die Pr\u00e4sidentschaft Milei beginnt - ZurZeit<\/title>\n<meta name=\"robots\" content=\"index, follow, max-snippet:-1, max-image-preview:large, max-video-preview:-1\" \/>\n<link rel=\"canonical\" href=\"https:\/\/zurzeit.at\/index.php\/argentiniens-wende-die-praesidentschaft-milei-beginnt\/\" \/>\n<meta property=\"og:locale\" content=\"de_DE\" \/>\n<meta property=\"og:type\" content=\"article\" \/>\n<meta property=\"og:title\" content=\"Argentiniens Wende: Die Pr\u00e4sidentschaft Milei beginnt - ZurZeit\" \/>\n<meta property=\"og:description\" content=\"Autor: A. R. Bilder: Wikipedia\/Vox Espa\u00f1a Lizenz: CC BY-SA 1.0 DEED In einem bemerkenswerten politischen&hellip;\" \/>\n<meta property=\"og:url\" content=\"https:\/\/zurzeit.at\/index.php\/argentiniens-wende-die-praesidentschaft-milei-beginnt\/\" \/>\n<meta property=\"og:site_name\" content=\"ZurZeit\" \/>\n<meta property=\"article:publisher\" content=\"https:\/\/www.facebook.com\/wochenmagazinZurZeit\/\" \/>\n<meta property=\"article:published_time\" content=\"2023-11-22T08:21:36+00:00\" \/>\n<meta property=\"og:image\" content=\"https:\/\/zurzeit.at\/wp-content\/uploads\/2023\/11\/Javier_Milei_in_2022.jpg\" \/>\n\t<meta property=\"og:image:width\" content=\"674\" \/>\n\t<meta property=\"og:image:height\" content=\"899\" \/>\n\t<meta property=\"og:image:type\" content=\"image\/jpeg\" \/>\n<meta name=\"author\" content=\"John Tuscha\" \/>\n<meta name=\"twitter:card\" content=\"summary_large_image\" \/>\n<meta name=\"twitter:label1\" content=\"Verfasst von\" \/>\n\t<meta name=\"twitter:data1\" content=\"John Tuscha\" \/>\n\t<meta name=\"twitter:label2\" content=\"Gesch\u00e4tzte Lesezeit\" \/>\n\t<meta name=\"twitter:data2\" content=\"2\u00a0Minuten\" \/>\n<script type=\"application\/ld+json\" class=\"yoast-schema-graph\">{\"@context\":\"https:\\\/\\\/schema.org\",\"@graph\":[{\"@type\":\"Article\",\"@id\":\"https:\\\/\\\/zurzeit.at\\\/index.php\\\/argentiniens-wende-die-praesidentschaft-milei-beginnt\\\/#article\",\"isPartOf\":{\"@id\":\"https:\\\/\\\/zurzeit.at\\\/index.php\\\/argentiniens-wende-die-praesidentschaft-milei-beginnt\\\/\"},\"author\":{\"name\":\"John Tuscha\",\"@id\":\"https:\\\/\\\/zurzeit.at\\\/#\\\/schema\\\/person\\\/118c30f6ad7896ee06fc84c1365a4aca\"},\"headline\":\"Argentiniens Wende: Die Pr\u00e4sidentschaft Milei beginnt\",\"datePublished\":\"2023-11-22T08:21:36+00:00\",\"mainEntityOfPage\":{\"@id\":\"https:\\\/\\\/zurzeit.at\\\/index.php\\\/argentiniens-wende-die-praesidentschaft-milei-beginnt\\\/\"},\"wordCount\":268,\"commentCount\":0,\"image\":{\"@id\":\"https:\\\/\\\/zurzeit.at\\\/index.php\\\/argentiniens-wende-die-praesidentschaft-milei-beginnt\\\/#primaryimage\"},\"thumbnailUrl\":\"https:\\\/\\\/zurzeit.at\\\/wp-content\\\/uploads\\\/2023\\\/11\\\/Javier_Milei_in_2022.jpg\",\"keywords\":[\"Anarchokapitalismus\",\"Argentinien\",\"Javier Milei\",\"Kickl. FP\u00d6\",\"politischer Wandel\",\"Wirtschaftskrise\"],\"articleSection\":[\"Ausland\"],\"inLanguage\":\"de\",\"potentialAction\":[{\"@type\":\"CommentAction\",\"name\":\"Comment\",\"target\":[\"https:\\\/\\\/zurzeit.at\\\/index.php\\\/argentiniens-wende-die-praesidentschaft-milei-beginnt\\\/#respond\"]}]},{\"@type\":\"WebPage\",\"@id\":\"https:\\\/\\\/zurzeit.at\\\/index.php\\\/argentiniens-wende-die-praesidentschaft-milei-beginnt\\\/\",\"url\":\"https:\\\/\\\/zurzeit.at\\\/index.php\\\/argentiniens-wende-die-praesidentschaft-milei-beginnt\\\/\",\"name\":\"Argentiniens Wende: Die Pr\u00e4sidentschaft Milei beginnt - ZurZeit\",\"isPartOf\":{\"@id\":\"https:\\\/\\\/zurzeit.at\\\/#website\"},\"primaryImageOfPage\":{\"@id\":\"https:\\\/\\\/zurzeit.at\\\/index.php\\\/argentiniens-wende-die-praesidentschaft-milei-beginnt\\\/#primaryimage\"},\"image\":{\"@id\":\"https:\\\/\\\/zurzeit.at\\\/index.php\\\/argentiniens-wende-die-praesidentschaft-milei-beginnt\\\/#primaryimage\"},\"thumbnailUrl\":\"https:\\\/\\\/zurzeit.at\\\/wp-content\\\/uploads\\\/2023\\\/11\\\/Javier_Milei_in_2022.jpg\",\"datePublished\":\"2023-11-22T08:21:36+00:00\",\"author\":{\"@id\":\"https:\\\/\\\/zurzeit.at\\\/#\\\/schema\\\/person\\\/118c30f6ad7896ee06fc84c1365a4aca\"},\"breadcrumb\":{\"@id\":\"https:\\\/\\\/zurzeit.at\\\/index.php\\\/argentiniens-wende-die-praesidentschaft-milei-beginnt\\\/#breadcrumb\"},\"inLanguage\":\"de\",\"potentialAction\":[{\"@type\":\"ReadAction\",\"target\":[\"https:\\\/\\\/zurzeit.at\\\/index.php\\\/argentiniens-wende-die-praesidentschaft-milei-beginnt\\\/\"]}]},{\"@type\":\"ImageObject\",\"inLanguage\":\"de\",\"@id\":\"https:\\\/\\\/zurzeit.at\\\/index.php\\\/argentiniens-wende-die-praesidentschaft-milei-beginnt\\\/#primaryimage\",\"url\":\"https:\\\/\\\/zurzeit.at\\\/wp-content\\\/uploads\\\/2023\\\/11\\\/Javier_Milei_in_2022.jpg\",\"contentUrl\":\"https:\\\/\\\/zurzeit.at\\\/wp-content\\\/uploads\\\/2023\\\/11\\\/Javier_Milei_in_2022.jpg\",\"width\":674,\"height\":899},{\"@type\":\"BreadcrumbList\",\"@id\":\"https:\\\/\\\/zurzeit.at\\\/index.php\\\/argentiniens-wende-die-praesidentschaft-milei-beginnt\\\/#breadcrumb\",\"itemListElement\":[{\"@type\":\"ListItem\",\"position\":1,\"name\":\"Startseite\",\"item\":\"https:\\\/\\\/zurzeit.at\\\/\"},{\"@type\":\"ListItem\",\"position\":2,\"name\":\"Argentiniens Wende: Die Pr\u00e4sidentschaft Milei beginnt\"}]},{\"@type\":\"WebSite\",\"@id\":\"https:\\\/\\\/zurzeit.at\\\/#website\",\"url\":\"https:\\\/\\\/zurzeit.at\\\/\",\"name\":\"ZurZeit\",\"description\":\"Internetseite des Wochenmagazins ZurZeit\",\"potentialAction\":[{\"@type\":\"SearchAction\",\"target\":{\"@type\":\"EntryPoint\",\"urlTemplate\":\"https:\\\/\\\/zurzeit.at\\\/?s={search_term_string}\"},\"query-input\":{\"@type\":\"PropertyValueSpecification\",\"valueRequired\":true,\"valueName\":\"search_term_string\"}}],\"inLanguage\":\"de\"},{\"@type\":\"Person\",\"@id\":\"https:\\\/\\\/zurzeit.at\\\/#\\\/schema\\\/person\\\/118c30f6ad7896ee06fc84c1365a4aca\",\"name\":\"John Tuscha\",\"image\":{\"@type\":\"ImageObject\",\"inLanguage\":\"de\",\"@id\":\"https:\\\/\\\/secure.gravatar.com\\\/avatar\\\/f3476f8af58f7d46f586c7c0be49af1b250a8b91bcdc90e8e37320ee2fecc2f1?s=96&d=mm&r=g\",\"url\":\"https:\\\/\\\/secure.gravatar.com\\\/avatar\\\/f3476f8af58f7d46f586c7c0be49af1b250a8b91bcdc90e8e37320ee2fecc2f1?s=96&d=mm&r=g\",\"contentUrl\":\"https:\\\/\\\/secure.gravatar.com\\\/avatar\\\/f3476f8af58f7d46f586c7c0be49af1b250a8b91bcdc90e8e37320ee2fecc2f1?s=96&d=mm&r=g\",\"caption\":\"John Tuscha\"},\"url\":\"https:\\\/\\\/zurzeit.at\\\/index.php\\\/author\\\/john-tuscha\\\/\"}]}<\/script>\n<!-- \/ Yoast SEO plugin. -->","yoast_head_json":{"title":"Argentiniens Wende: Die Pr\u00e4sidentschaft Milei beginnt - ZurZeit","robots":{"index":"index","follow":"follow","max-snippet":"max-snippet:-1","max-image-preview":"max-image-preview:large","max-video-preview":"max-video-preview:-1"},"canonical":"https:\/\/zurzeit.at\/index.php\/argentiniens-wende-die-praesidentschaft-milei-beginnt\/","og_locale":"de_DE","og_type":"article","og_title":"Argentiniens Wende: Die Pr\u00e4sidentschaft Milei beginnt - ZurZeit","og_description":"Autor: A. R. Bilder: Wikipedia\/Vox Espa\u00f1a Lizenz: CC BY-SA 1.0 DEED In einem bemerkenswerten politischen&hellip;","og_url":"https:\/\/zurzeit.at\/index.php\/argentiniens-wende-die-praesidentschaft-milei-beginnt\/","og_site_name":"ZurZeit","article_publisher":"https:\/\/www.facebook.com\/wochenmagazinZurZeit\/","article_published_time":"2023-11-22T08:21:36+00:00","og_image":[{"width":674,"height":899,"url":"https:\/\/zurzeit.at\/wp-content\/uploads\/2023\/11\/Javier_Milei_in_2022.jpg","type":"image\/jpeg"}],"author":"John Tuscha","twitter_card":"summary_large_image","twitter_misc":{"Verfasst von":"John Tuscha","Gesch\u00e4tzte Lesezeit":"2\u00a0Minuten"},"schema":{"@context":"https:\/\/schema.org","@graph":[{"@type":"Article","@id":"https:\/\/zurzeit.at\/index.php\/argentiniens-wende-die-praesidentschaft-milei-beginnt\/#article","isPartOf":{"@id":"https:\/\/zurzeit.at\/index.php\/argentiniens-wende-die-praesidentschaft-milei-beginnt\/"},"author":{"name":"John Tuscha","@id":"https:\/\/zurzeit.at\/#\/schema\/person\/118c30f6ad7896ee06fc84c1365a4aca"},"headline":"Argentiniens Wende: Die Pr\u00e4sidentschaft Milei beginnt","datePublished":"2023-11-22T08:21:36+00:00","mainEntityOfPage":{"@id":"https:\/\/zurzeit.at\/index.php\/argentiniens-wende-die-praesidentschaft-milei-beginnt\/"},"wordCount":268,"commentCount":0,"image":{"@id":"https:\/\/zurzeit.at\/index.php\/argentiniens-wende-die-praesidentschaft-milei-beginnt\/#primaryimage"},"thumbnailUrl":"https:\/\/zurzeit.at\/wp-content\/uploads\/2023\/11\/Javier_Milei_in_2022.jpg","keywords":["Anarchokapitalismus","Argentinien","Javier Milei","Kickl. FP\u00d6","politischer Wandel","Wirtschaftskrise"],"articleSection":["Ausland"],"inLanguage":"de","potentialAction":[{"@type":"CommentAction","name":"Comment","target":["https:\/\/zurzeit.at\/index.php\/argentiniens-wende-die-praesidentschaft-milei-beginnt\/#respond"]}]},{"@type":"WebPage","@id":"https:\/\/zurzeit.at\/index.php\/argentiniens-wende-die-praesidentschaft-milei-beginnt\/","url":"https:\/\/zurzeit.at\/index.php\/argentiniens-wende-die-praesidentschaft-milei-beginnt\/","name":"Argentiniens Wende: Die Pr\u00e4sidentschaft Milei beginnt - ZurZeit","isPartOf":{"@id":"https:\/\/zurzeit.at\/#website"},"primaryImageOfPage":{"@id":"https:\/\/zurzeit.at\/index.php\/argentiniens-wende-die-praesidentschaft-milei-beginnt\/#primaryimage"},"image":{"@id":"https:\/\/zurzeit.at\/index.php\/argentiniens-wende-die-praesidentschaft-milei-beginnt\/#primaryimage"},"thumbnailUrl":"https:\/\/zurzeit.at\/wp-content\/uploads\/2023\/11\/Javier_Milei_in_2022.jpg","datePublished":"2023-11-22T08:21:36+00:00","author":{"@id":"https:\/\/zurzeit.at\/#\/schema\/person\/118c30f6ad7896ee06fc84c1365a4aca"},"breadcrumb":{"@id":"https:\/\/zurzeit.at\/index.php\/argentiniens-wende-die-praesidentschaft-milei-beginnt\/#breadcrumb"},"inLanguage":"de","potentialAction":[{"@type":"ReadAction","target":["https:\/\/zurzeit.at\/index.php\/argentiniens-wende-die-praesidentschaft-milei-beginnt\/"]}]},{"@type":"ImageObject","inLanguage":"de","@id":"https:\/\/zurzeit.at\/index.php\/argentiniens-wende-die-praesidentschaft-milei-beginnt\/#primaryimage","url":"https:\/\/zurzeit.at\/wp-content\/uploads\/2023\/11\/Javier_Milei_in_2022.jpg","contentUrl":"https:\/\/zurzeit.at\/wp-content\/uploads\/2023\/11\/Javier_Milei_in_2022.jpg","width":674,"height":899},{"@type":"BreadcrumbList","@id":"https:\/\/zurzeit.at\/index.php\/argentiniens-wende-die-praesidentschaft-milei-beginnt\/#breadcrumb","itemListElement":[{"@type":"ListItem","position":1,"name":"Startseite","item":"https:\/\/zurzeit.at\/"},{"@type":"ListItem","position":2,"name":"Argentiniens Wende: Die Pr\u00e4sidentschaft Milei beginnt"}]},{"@type":"WebSite","@id":"https:\/\/zurzeit.at\/#website","url":"https:\/\/zurzeit.at\/","name":"ZurZeit","description":"Internetseite des Wochenmagazins ZurZeit","potentialAction":[{"@type":"SearchAction","target":{"@type":"EntryPoint","urlTemplate":"https:\/\/zurzeit.at\/?s={search_term_string}"},"query-input":{"@type":"PropertyValueSpecification","valueRequired":true,"valueName":"search_term_string"}}],"inLanguage":"de"},{"@type":"Person","@id":"https:\/\/zurzeit.at\/#\/schema\/person\/118c30f6ad7896ee06fc84c1365a4aca","name":"John Tuscha","image":{"@type":"ImageObject","inLanguage":"de","@id":"https:\/\/secure.gravatar.com\/avatar\/f3476f8af58f7d46f586c7c0be49af1b250a8b91bcdc90e8e37320ee2fecc2f1?s=96&d=mm&r=g","url":"https:\/\/secure.gravatar.com\/avatar\/f3476f8af58f7d46f586c7c0be49af1b250a8b91bcdc90e8e37320ee2fecc2f1?s=96&d=mm&r=g","contentUrl":"https:\/\/secure.gravatar.com\/avatar\/f3476f8af58f7d46f586c7c0be49af1b250a8b91bcdc90e8e37320ee2fecc2f1?s=96&d=mm&r=g","caption":"John Tuscha"},"url":"https:\/\/zurzeit.at\/index.php\/author\/john-tuscha\/"}]}},"_links":{"self":[{"href":"https:\/\/zurzeit.at\/index.php\/wp-json\/wp\/v2\/posts\/17871","targetHints":{"allow":["GET"]}}],"collection":[{"href":"https:\/\/zurzeit.at\/index.php\/wp-json\/wp\/v2\/posts"}],"about":[{"href":"https:\/\/zurzeit.at\/index.php\/wp-json\/wp\/v2\/types\/post"}],"author":[{"embeddable":true,"href":"https:\/\/zurzeit.at\/index.php\/wp-json\/wp\/v2\/users\/823"}],"replies":[{"embeddable":true,"href":"https:\/\/zurzeit.at\/index.php\/wp-json\/wp\/v2\/comments?post=17871"}],"version-history":[{"count":1,"href":"https:\/\/zurzeit.at\/index.php\/wp-json\/wp\/v2\/posts\/17871\/revisions"}],"predecessor-version":[{"id":17873,"href":"https:\/\/zurzeit.at\/index.php\/wp-json\/wp\/v2\/posts\/17871\/revisions\/17873"}],"wp:featuredmedia":[{"embeddable":true,"href":"https:\/\/zurzeit.at\/index.php\/wp-json\/wp\/v2\/media\/17872"}],"wp:attachment":[{"href":"https:\/\/zurzeit.at\/index.php\/wp-json\/wp\/v2\/media?parent=17871"}],"wp:term":[{"taxonomy":"category","embeddable":true,"href":"https:\/\/zurzeit.at\/index.php\/wp-json\/wp\/v2\/categories?post=17871"},{"taxonomy":"post_tag","embeddable":true,"href":"https:\/\/zurzeit.at\/index.php\/wp-json\/wp\/v2\/tags?post=17871"}],"curies":[{"name":"wp","href":"https:\/\/api.w.org\/{rel}","templated":true}]}}