{"id":18086,"date":"2024-01-10T14:27:26","date_gmt":"2024-01-10T13:27:26","guid":{"rendered":"http:\/\/zurzeit.at\/?p=18086"},"modified":"2024-01-10T14:27:26","modified_gmt":"2024-01-10T13:27:26","slug":"doew-kummerl-treffen-im-wiener-rathaus","status":"publish","type":"post","link":"https:\/\/zurzeit.at\/index.php\/doew-kummerl-treffen-im-wiener-rathaus\/","title":{"rendered":"D\u00d6W: Kummerl-Treffen im Wiener Rathaus?"},"content":{"rendered":"<p>Autor:\u00a0<a href=\"https:\/\/zurzeit.at\/index.php\/autoren\/\">E. K.-L.<\/a> Bild: <a href=\"https:\/\/www.doew.at\/\">D\u00d6W<\/a> Lizenz: <a href=\"https:\/\/creativecommons.org\/licenses\/by-sa\/1.0\/deed.en\">CC BY-SA 1.0 DEED<\/a><\/p>\n<hr \/>\n<h1>60 Jahre \u201ekommunistische Tarnorganisation\u201c<\/h1>\n<p>Am Abend des 10. J\u00e4nner 2024 geht es hoch her im Wiener Rathaus. Ein f\u00fcr \u00d6sterreich enorm wichtiger Verein namens \u201eDokumentationsarchiv des \u00f6sterreichischen Widerstandes\u201c feiert sein 60-j\u00e4hriges Bestehen. Und vielleicht auch den Umstand, dass dieser Verein nach wie vor fette Subventionen aus dem Steuertopf erh\u00e4lt. Beim Festakt im Rittersaal des Rathauses wird das p. t. Publikum, das wahrscheinlich schon im Gedanken beim erlesenen Buffet ist, durch Wortspenden dreier Pers\u00f6nlichkeiten erfreut.<\/p>\n<p>Das Trio besteht aus dem roten B\u00fcrgermeister Michael Ludwig (\u201eSchnitzelgesicht\u201c, \u00a9 Gery Keszler), dem Bildungsminister Martin Polaschek (er hat unl\u00e4ngst zum Entsetzen vieler B\u00fcrger angek\u00fcndigt, er wolle der n\u00e4chsten Regierung nicht mehr angeh\u00f6ren) sowie \u2013 erraten! \u2013 dem Herrn Alexander Van der Bellen, seines Zeichens eingeb\u00fcrgerter Reichsdeutscher und bekennender W\u00e4hler der Kommunistischen Partei \u00d6sterreichs (KP\u00d6).<\/p>\n<p>Wie hei\u00dft es so sch\u00f6n: Gleich und gleich gesellt sich gern. Deswegen wird sich der sympathische Herr Van der Bellen im Kreise des D\u00d6W sicherlich wohlf\u00fchlen. Darf man doch diesen Verein laut rechtskr\u00e4ftigem Urteil des Oberlandesgerichts Wien vom 4. Mai 1998 als \u201ekommunistische Tarnorganisation\u201c bezeichnen (Quelle: OTS-Meldung vom 30. Juli 1998).<\/p>\n<p>F\u00fcr die lachsfarbene Tageszeitung \u201eDer Standard\u201c ist das Jubil\u00e4um Anlass f\u00fcr einen Beitrag in der Ausgabe vom 10. J\u00e4nner. Der Titel des von der woken Edelfeder Hans Rauscher verfassten Textes lautet \u201eDie Aufkl\u00e4rung \u00fcber Rechtsextremismus h\u00f6rt nie auf\u201c (und hoffentlich auch nicht, so denkt man wahrscheinlich im D\u00d6W, der Subventionsfluss aus Steuermitteln). Rauscher l\u00e4uft darin zur H\u00f6chstform auf, adelt den Verein mit warmen Worten:<\/p>\n<p>\u201eDas D\u00d6W ist die wichtigste Instanz f\u00fcr die Dokumentation und wissenschaftlich-publizistische Aufarbeitung und Vermittlung der NS-Zeit; aber ebenso f\u00fcr die Beobachtung des aktuellen Rechtsextremismus und Neonazismus in \u00d6sterreich.\u201c Na, da schau\u2018 her! Eigentlich sollte man das D\u00d6W in der Bundesverfassung verankern, so wichtig scheint es in Rauschers Augen zu sein.<\/p>\n<p>Rauscher referiert weiter: \u201eDas D\u00d6W war eine Gr\u00fcndung von Widerstandsk\u00e4mpfern und Verfolgten des NS-Regimes. Da der Widerstand in \u00d6sterreich zu einem guten Teil von Kommunisten getragen wurde, waren in den Anfangsjahren auch solche t\u00e4tig.\u201c Er vergisst leider hinzuzuf\u00fcgen, dass die Kummerl erst nach dem Ende des Hitler-Stalin-Pakts per 22. Juni 1941 so richtig aktiv werden und in erster Linie f\u00fcr die Einf\u00fchrung eines kommunistischen Systems in \u00d6sterreich k\u00e4mpfen. F\u00fcr Demokratie w\u00e4re da erfahrungsgem\u00e4\u00df eher wenig Platz.<\/p>\n<p>Nachdem Herrn Van der Bellen sein Kreuz bei der KP\u00d6 gemacht hat, darf vermutet werden: Der Hofburg-Mann wollte mit seiner Stimmabgabe, dass unsere Heimat Teil des \u201eFriedenslagers\u201c wird, also hinter dem Eisernen Vorhang verschwindet. Sozusagen als kleines Dankesch\u00f6n f\u00fcr die Einb\u00fcrgerung.<\/p>\n<p>Genossen Van der Bellen sei sohin, nach den stillen Tagen im kaiserlichen Jagdschl\u00f6\u00dfl zu M\u00fcrzsteg, ein gem\u00fctlicher Abend verg\u00f6nnt.<\/p>\n<p>&nbsp;<\/p>\n","protected":false},"excerpt":{"rendered":"<p>Autor:\u00a0E. K.-L. Bild: D\u00d6W Lizenz: CC BY-SA 1.0 DEED 60 Jahre \u201ekommunistische Tarnorganisation\u201c Am Abend&hellip;<\/p>\n","protected":false},"author":823,"featured_media":18087,"comment_status":"open","ping_status":"closed","sticky":false,"template":"","format":"standard","meta":{"footnotes":""},"categories":[46],"tags":[140,476,713,5302,152,580],"class_list":["post-18086","post","type-post","status-publish","format-standard","has-post-thumbnail","hentry","category-oesterreich","tag-alexander-van-der-bellen","tag-doew","tag-kommunismus","tag-martin-polaschek","tag-michael-ludwig","tag-rechtsextremismus"],"yoast_head":"<!-- This site is optimized with the Yoast SEO plugin v28.3 - https:\/\/yoast.com\/product\/yoast-seo-wordpress\/ -->\n<title>D\u00d6W: Kummerl-Treffen im Wiener Rathaus? - ZurZeit<\/title>\n<meta name=\"robots\" content=\"index, follow, max-snippet:-1, max-image-preview:large, max-video-preview:-1\" \/>\n<link rel=\"canonical\" href=\"https:\/\/zurzeit.at\/index.php\/doew-kummerl-treffen-im-wiener-rathaus\/\" \/>\n<meta property=\"og:locale\" content=\"de_DE\" \/>\n<meta property=\"og:type\" content=\"article\" \/>\n<meta property=\"og:title\" content=\"D\u00d6W: Kummerl-Treffen im Wiener Rathaus? - ZurZeit\" \/>\n<meta property=\"og:description\" content=\"Autor:\u00a0E. K.-L. Bild: D\u00d6W Lizenz: CC BY-SA 1.0 DEED 60 Jahre \u201ekommunistische Tarnorganisation\u201c Am Abend&hellip;\" \/>\n<meta property=\"og:url\" content=\"https:\/\/zurzeit.at\/index.php\/doew-kummerl-treffen-im-wiener-rathaus\/\" \/>\n<meta property=\"og:site_name\" content=\"ZurZeit\" \/>\n<meta property=\"article:publisher\" content=\"https:\/\/www.facebook.com\/wochenmagazinZurZeit\/\" \/>\n<meta property=\"article:published_time\" content=\"2024-01-10T13:27:26+00:00\" \/>\n<meta property=\"og:image\" content=\"https:\/\/zurzeit.at\/wp-content\/uploads\/2024\/01\/PHOTO-2024-01-10-13-13-15.jpg\" \/>\n\t<meta property=\"og:image:width\" content=\"1371\" \/>\n\t<meta property=\"og:image:height\" content=\"648\" \/>\n\t<meta property=\"og:image:type\" content=\"image\/jpeg\" \/>\n<meta name=\"author\" content=\"John Tuscha\" \/>\n<meta name=\"twitter:card\" content=\"summary_large_image\" \/>\n<meta name=\"twitter:label1\" content=\"Verfasst von\" \/>\n\t<meta name=\"twitter:data1\" content=\"John Tuscha\" \/>\n\t<meta name=\"twitter:label2\" content=\"Gesch\u00e4tzte Lesezeit\" \/>\n\t<meta name=\"twitter:data2\" content=\"2\u00a0Minuten\" \/>\n<script type=\"application\/ld+json\" class=\"yoast-schema-graph\">{\"@context\":\"https:\\\/\\\/schema.org\",\"@graph\":[{\"@type\":\"Article\",\"@id\":\"https:\\\/\\\/zurzeit.at\\\/index.php\\\/doew-kummerl-treffen-im-wiener-rathaus\\\/#article\",\"isPartOf\":{\"@id\":\"https:\\\/\\\/zurzeit.at\\\/index.php\\\/doew-kummerl-treffen-im-wiener-rathaus\\\/\"},\"author\":{\"name\":\"John Tuscha\",\"@id\":\"https:\\\/\\\/zurzeit.at\\\/#\\\/schema\\\/person\\\/118c30f6ad7896ee06fc84c1365a4aca\"},\"headline\":\"D\u00d6W: Kummerl-Treffen im Wiener Rathaus?\",\"datePublished\":\"2024-01-10T13:27:26+00:00\",\"mainEntityOfPage\":{\"@id\":\"https:\\\/\\\/zurzeit.at\\\/index.php\\\/doew-kummerl-treffen-im-wiener-rathaus\\\/\"},\"wordCount\":483,\"commentCount\":0,\"image\":{\"@id\":\"https:\\\/\\\/zurzeit.at\\\/index.php\\\/doew-kummerl-treffen-im-wiener-rathaus\\\/#primaryimage\"},\"thumbnailUrl\":\"https:\\\/\\\/zurzeit.at\\\/wp-content\\\/uploads\\\/2024\\\/01\\\/PHOTO-2024-01-10-13-13-15.jpg\",\"keywords\":[\"Alexander van der Bellen\",\"D\u00d6W\",\"Kommunismus\",\"Martin Polaschek\",\"Michael Ludwig\",\"Rechtsextremismus\"],\"articleSection\":[\"\u00d6sterreich\"],\"inLanguage\":\"de\",\"potentialAction\":[{\"@type\":\"CommentAction\",\"name\":\"Comment\",\"target\":[\"https:\\\/\\\/zurzeit.at\\\/index.php\\\/doew-kummerl-treffen-im-wiener-rathaus\\\/#respond\"]}]},{\"@type\":\"WebPage\",\"@id\":\"https:\\\/\\\/zurzeit.at\\\/index.php\\\/doew-kummerl-treffen-im-wiener-rathaus\\\/\",\"url\":\"https:\\\/\\\/zurzeit.at\\\/index.php\\\/doew-kummerl-treffen-im-wiener-rathaus\\\/\",\"name\":\"D\u00d6W: Kummerl-Treffen im Wiener Rathaus? - ZurZeit\",\"isPartOf\":{\"@id\":\"https:\\\/\\\/zurzeit.at\\\/#website\"},\"primaryImageOfPage\":{\"@id\":\"https:\\\/\\\/zurzeit.at\\\/index.php\\\/doew-kummerl-treffen-im-wiener-rathaus\\\/#primaryimage\"},\"image\":{\"@id\":\"https:\\\/\\\/zurzeit.at\\\/index.php\\\/doew-kummerl-treffen-im-wiener-rathaus\\\/#primaryimage\"},\"thumbnailUrl\":\"https:\\\/\\\/zurzeit.at\\\/wp-content\\\/uploads\\\/2024\\\/01\\\/PHOTO-2024-01-10-13-13-15.jpg\",\"datePublished\":\"2024-01-10T13:27:26+00:00\",\"author\":{\"@id\":\"https:\\\/\\\/zurzeit.at\\\/#\\\/schema\\\/person\\\/118c30f6ad7896ee06fc84c1365a4aca\"},\"breadcrumb\":{\"@id\":\"https:\\\/\\\/zurzeit.at\\\/index.php\\\/doew-kummerl-treffen-im-wiener-rathaus\\\/#breadcrumb\"},\"inLanguage\":\"de\",\"potentialAction\":[{\"@type\":\"ReadAction\",\"target\":[\"https:\\\/\\\/zurzeit.at\\\/index.php\\\/doew-kummerl-treffen-im-wiener-rathaus\\\/\"]}]},{\"@type\":\"ImageObject\",\"inLanguage\":\"de\",\"@id\":\"https:\\\/\\\/zurzeit.at\\\/index.php\\\/doew-kummerl-treffen-im-wiener-rathaus\\\/#primaryimage\",\"url\":\"https:\\\/\\\/zurzeit.at\\\/wp-content\\\/uploads\\\/2024\\\/01\\\/PHOTO-2024-01-10-13-13-15.jpg\",\"contentUrl\":\"https:\\\/\\\/zurzeit.at\\\/wp-content\\\/uploads\\\/2024\\\/01\\\/PHOTO-2024-01-10-13-13-15.jpg\",\"width\":1371,\"height\":648},{\"@type\":\"BreadcrumbList\",\"@id\":\"https:\\\/\\\/zurzeit.at\\\/index.php\\\/doew-kummerl-treffen-im-wiener-rathaus\\\/#breadcrumb\",\"itemListElement\":[{\"@type\":\"ListItem\",\"position\":1,\"name\":\"Startseite\",\"item\":\"https:\\\/\\\/zurzeit.at\\\/\"},{\"@type\":\"ListItem\",\"position\":2,\"name\":\"D\u00d6W: Kummerl-Treffen im Wiener Rathaus?\"}]},{\"@type\":\"WebSite\",\"@id\":\"https:\\\/\\\/zurzeit.at\\\/#website\",\"url\":\"https:\\\/\\\/zurzeit.at\\\/\",\"name\":\"ZurZeit\",\"description\":\"Internetseite des Wochenmagazins ZurZeit\",\"potentialAction\":[{\"@type\":\"SearchAction\",\"target\":{\"@type\":\"EntryPoint\",\"urlTemplate\":\"https:\\\/\\\/zurzeit.at\\\/?s={search_term_string}\"},\"query-input\":{\"@type\":\"PropertyValueSpecification\",\"valueRequired\":true,\"valueName\":\"search_term_string\"}}],\"inLanguage\":\"de\"},{\"@type\":\"Person\",\"@id\":\"https:\\\/\\\/zurzeit.at\\\/#\\\/schema\\\/person\\\/118c30f6ad7896ee06fc84c1365a4aca\",\"name\":\"John Tuscha\",\"image\":{\"@type\":\"ImageObject\",\"inLanguage\":\"de\",\"@id\":\"https:\\\/\\\/secure.gravatar.com\\\/avatar\\\/f3476f8af58f7d46f586c7c0be49af1b250a8b91bcdc90e8e37320ee2fecc2f1?s=96&d=mm&r=g\",\"url\":\"https:\\\/\\\/secure.gravatar.com\\\/avatar\\\/f3476f8af58f7d46f586c7c0be49af1b250a8b91bcdc90e8e37320ee2fecc2f1?s=96&d=mm&r=g\",\"contentUrl\":\"https:\\\/\\\/secure.gravatar.com\\\/avatar\\\/f3476f8af58f7d46f586c7c0be49af1b250a8b91bcdc90e8e37320ee2fecc2f1?s=96&d=mm&r=g\",\"caption\":\"John Tuscha\"},\"url\":\"https:\\\/\\\/zurzeit.at\\\/index.php\\\/author\\\/john-tuscha\\\/\"}]}<\/script>\n<!-- \/ Yoast SEO plugin. -->","yoast_head_json":{"title":"D\u00d6W: Kummerl-Treffen im Wiener Rathaus? - ZurZeit","robots":{"index":"index","follow":"follow","max-snippet":"max-snippet:-1","max-image-preview":"max-image-preview:large","max-video-preview":"max-video-preview:-1"},"canonical":"https:\/\/zurzeit.at\/index.php\/doew-kummerl-treffen-im-wiener-rathaus\/","og_locale":"de_DE","og_type":"article","og_title":"D\u00d6W: Kummerl-Treffen im Wiener Rathaus? - ZurZeit","og_description":"Autor:\u00a0E. K.-L. Bild: D\u00d6W Lizenz: CC BY-SA 1.0 DEED 60 Jahre \u201ekommunistische Tarnorganisation\u201c Am Abend&hellip;","og_url":"https:\/\/zurzeit.at\/index.php\/doew-kummerl-treffen-im-wiener-rathaus\/","og_site_name":"ZurZeit","article_publisher":"https:\/\/www.facebook.com\/wochenmagazinZurZeit\/","article_published_time":"2024-01-10T13:27:26+00:00","og_image":[{"width":1371,"height":648,"url":"https:\/\/zurzeit.at\/wp-content\/uploads\/2024\/01\/PHOTO-2024-01-10-13-13-15.jpg","type":"image\/jpeg"}],"author":"John Tuscha","twitter_card":"summary_large_image","twitter_misc":{"Verfasst von":"John Tuscha","Gesch\u00e4tzte Lesezeit":"2\u00a0Minuten"},"schema":{"@context":"https:\/\/schema.org","@graph":[{"@type":"Article","@id":"https:\/\/zurzeit.at\/index.php\/doew-kummerl-treffen-im-wiener-rathaus\/#article","isPartOf":{"@id":"https:\/\/zurzeit.at\/index.php\/doew-kummerl-treffen-im-wiener-rathaus\/"},"author":{"name":"John Tuscha","@id":"https:\/\/zurzeit.at\/#\/schema\/person\/118c30f6ad7896ee06fc84c1365a4aca"},"headline":"D\u00d6W: Kummerl-Treffen im Wiener Rathaus?","datePublished":"2024-01-10T13:27:26+00:00","mainEntityOfPage":{"@id":"https:\/\/zurzeit.at\/index.php\/doew-kummerl-treffen-im-wiener-rathaus\/"},"wordCount":483,"commentCount":0,"image":{"@id":"https:\/\/zurzeit.at\/index.php\/doew-kummerl-treffen-im-wiener-rathaus\/#primaryimage"},"thumbnailUrl":"https:\/\/zurzeit.at\/wp-content\/uploads\/2024\/01\/PHOTO-2024-01-10-13-13-15.jpg","keywords":["Alexander van der Bellen","D\u00d6W","Kommunismus","Martin Polaschek","Michael Ludwig","Rechtsextremismus"],"articleSection":["\u00d6sterreich"],"inLanguage":"de","potentialAction":[{"@type":"CommentAction","name":"Comment","target":["https:\/\/zurzeit.at\/index.php\/doew-kummerl-treffen-im-wiener-rathaus\/#respond"]}]},{"@type":"WebPage","@id":"https:\/\/zurzeit.at\/index.php\/doew-kummerl-treffen-im-wiener-rathaus\/","url":"https:\/\/zurzeit.at\/index.php\/doew-kummerl-treffen-im-wiener-rathaus\/","name":"D\u00d6W: Kummerl-Treffen im Wiener Rathaus? - ZurZeit","isPartOf":{"@id":"https:\/\/zurzeit.at\/#website"},"primaryImageOfPage":{"@id":"https:\/\/zurzeit.at\/index.php\/doew-kummerl-treffen-im-wiener-rathaus\/#primaryimage"},"image":{"@id":"https:\/\/zurzeit.at\/index.php\/doew-kummerl-treffen-im-wiener-rathaus\/#primaryimage"},"thumbnailUrl":"https:\/\/zurzeit.at\/wp-content\/uploads\/2024\/01\/PHOTO-2024-01-10-13-13-15.jpg","datePublished":"2024-01-10T13:27:26+00:00","author":{"@id":"https:\/\/zurzeit.at\/#\/schema\/person\/118c30f6ad7896ee06fc84c1365a4aca"},"breadcrumb":{"@id":"https:\/\/zurzeit.at\/index.php\/doew-kummerl-treffen-im-wiener-rathaus\/#breadcrumb"},"inLanguage":"de","potentialAction":[{"@type":"ReadAction","target":["https:\/\/zurzeit.at\/index.php\/doew-kummerl-treffen-im-wiener-rathaus\/"]}]},{"@type":"ImageObject","inLanguage":"de","@id":"https:\/\/zurzeit.at\/index.php\/doew-kummerl-treffen-im-wiener-rathaus\/#primaryimage","url":"https:\/\/zurzeit.at\/wp-content\/uploads\/2024\/01\/PHOTO-2024-01-10-13-13-15.jpg","contentUrl":"https:\/\/zurzeit.at\/wp-content\/uploads\/2024\/01\/PHOTO-2024-01-10-13-13-15.jpg","width":1371,"height":648},{"@type":"BreadcrumbList","@id":"https:\/\/zurzeit.at\/index.php\/doew-kummerl-treffen-im-wiener-rathaus\/#breadcrumb","itemListElement":[{"@type":"ListItem","position":1,"name":"Startseite","item":"https:\/\/zurzeit.at\/"},{"@type":"ListItem","position":2,"name":"D\u00d6W: Kummerl-Treffen im Wiener Rathaus?"}]},{"@type":"WebSite","@id":"https:\/\/zurzeit.at\/#website","url":"https:\/\/zurzeit.at\/","name":"ZurZeit","description":"Internetseite des Wochenmagazins ZurZeit","potentialAction":[{"@type":"SearchAction","target":{"@type":"EntryPoint","urlTemplate":"https:\/\/zurzeit.at\/?s={search_term_string}"},"query-input":{"@type":"PropertyValueSpecification","valueRequired":true,"valueName":"search_term_string"}}],"inLanguage":"de"},{"@type":"Person","@id":"https:\/\/zurzeit.at\/#\/schema\/person\/118c30f6ad7896ee06fc84c1365a4aca","name":"John Tuscha","image":{"@type":"ImageObject","inLanguage":"de","@id":"https:\/\/secure.gravatar.com\/avatar\/f3476f8af58f7d46f586c7c0be49af1b250a8b91bcdc90e8e37320ee2fecc2f1?s=96&d=mm&r=g","url":"https:\/\/secure.gravatar.com\/avatar\/f3476f8af58f7d46f586c7c0be49af1b250a8b91bcdc90e8e37320ee2fecc2f1?s=96&d=mm&r=g","contentUrl":"https:\/\/secure.gravatar.com\/avatar\/f3476f8af58f7d46f586c7c0be49af1b250a8b91bcdc90e8e37320ee2fecc2f1?s=96&d=mm&r=g","caption":"John Tuscha"},"url":"https:\/\/zurzeit.at\/index.php\/author\/john-tuscha\/"}]}},"_links":{"self":[{"href":"https:\/\/zurzeit.at\/index.php\/wp-json\/wp\/v2\/posts\/18086","targetHints":{"allow":["GET"]}}],"collection":[{"href":"https:\/\/zurzeit.at\/index.php\/wp-json\/wp\/v2\/posts"}],"about":[{"href":"https:\/\/zurzeit.at\/index.php\/wp-json\/wp\/v2\/types\/post"}],"author":[{"embeddable":true,"href":"https:\/\/zurzeit.at\/index.php\/wp-json\/wp\/v2\/users\/823"}],"replies":[{"embeddable":true,"href":"https:\/\/zurzeit.at\/index.php\/wp-json\/wp\/v2\/comments?post=18086"}],"version-history":[{"count":1,"href":"https:\/\/zurzeit.at\/index.php\/wp-json\/wp\/v2\/posts\/18086\/revisions"}],"predecessor-version":[{"id":18088,"href":"https:\/\/zurzeit.at\/index.php\/wp-json\/wp\/v2\/posts\/18086\/revisions\/18088"}],"wp:featuredmedia":[{"embeddable":true,"href":"https:\/\/zurzeit.at\/index.php\/wp-json\/wp\/v2\/media\/18087"}],"wp:attachment":[{"href":"https:\/\/zurzeit.at\/index.php\/wp-json\/wp\/v2\/media?parent=18086"}],"wp:term":[{"taxonomy":"category","embeddable":true,"href":"https:\/\/zurzeit.at\/index.php\/wp-json\/wp\/v2\/categories?post=18086"},{"taxonomy":"post_tag","embeddable":true,"href":"https:\/\/zurzeit.at\/index.php\/wp-json\/wp\/v2\/tags?post=18086"}],"curies":[{"name":"wp","href":"https:\/\/api.w.org\/{rel}","templated":true}]}}