{"id":19650,"date":"2024-12-18T12:19:10","date_gmt":"2024-12-18T11:19:10","guid":{"rendered":"https:\/\/zurzeit.at\/?p=19650"},"modified":"2024-12-18T12:19:10","modified_gmt":"2024-12-18T11:19:10","slug":"fpoe-druck-wirkt-stalin-gedenktafel-koennte-abmontiert-werden","status":"publish","type":"post","link":"https:\/\/zurzeit.at\/index.php\/fpoe-druck-wirkt-stalin-gedenktafel-koennte-abmontiert-werden\/","title":{"rendered":"FP\u00d6-Druck wirkt: Stalin-Gedenktafel k\u00f6nnte abmontiert werden"},"content":{"rendered":"<p>Autor:\u00a0<a href=\"https:\/\/zurzeit.at\/index.php\/autoren\/\">B.T.<\/a>\u00a0<span class=\"licensetpl_attr\"><span class=\"plainlinks noprint\">Bild:\u00a0<a href=\"https:\/\/de.wikipedia.org\/wiki\/Datei:Wien_-_Stalin-Gedenktafel_mit_Zusatztafel.JPG\">Wikipedia\/C.Stadler\/Bwag<\/a> L<\/span><\/span><span class=\"licensetpl_attr\"><span class=\"plainlinks noprint\">izenz: <a href=\"https:\/\/creativecommons.org\/licenses\/by-sa\/4.0\/deed.de\">CC-BY-SA-4.0<\/a><br \/>\n<\/span><\/span><\/p>\n<hr \/>\n<p>Man kann es kaum glauben. In Wien gibt es eine Gedenktafel die Josef Stalin huldigt. Angebracht an der Fassade des Hauses Sch\u00f6nbrunner Schlo\u00dfstra\u00dfe 30 im 12. Wiener Gemeindebezirk ist darauf zu lesen, dass im J\u00e4nner 1913 in diesem Haus der kommunistische Massenm\u00f6rder wohnte und hier das \u201ebedeutende Werk Marxismus und nationale Frage\u201c schrieb. Welche \u201eBedeutung\u201c dieses Werk hat, kann vielleicht SP\u00d6-Chef Andreas Babler erkl\u00e4ren.<\/p>\n<p>Die Wiener Freiheitlichen k\u00e4mpfen sch\u00f6n seit l\u00e4ngerer Zeit f\u00fcr die Entfernung dieser Tafel, die eine Verh\u00f6hnung der Millionen Opfer des kommunistischen Diktators darstellt. Daran kann auch der Umstand nichts \u00e4ndern, dass unterhalb der Gedenktafel eine kleine Tafel angebracht wurde, mit der auf die Verbrechen Stalins hingewiesen wird. Jedenfalls stellte die FP\u00d6 in der Meidlinger Bezirksvertretung einen Antrag auf Entfernung der Stalin-Gedenktafel, der von SP\u00d6, Gr\u00fcnen und KP\u00d6 abgelehnt wurde.<\/p>\n<p>Im Wiener Gemeinderat brachten die Regierungsparteien SP\u00d6 und NEOS einen Antrag ein, in welchem es um die \u201e\u00dcberpr\u00fcfung der Handlungsm\u00f6glichkeiten hinsichtlich der Stalin Gedenktafel in der Sch\u00f6nbrunner Schlossstra\u00dfe 30\u201c geht. Maximilian Krauss, Klubobmann der FP\u00d6 Wien, fragt sich, was es vor einer Demontage noch zu pr\u00fcfen gibt: \u201eDiese Gedenktafel an einen Massenm\u00f6rder muss trotz viel zitierter \u201ahistorischer Kontextualisierung\u2018 umgehend entfernt werden. Wir wollen hier keine halben L\u00f6sungen, sondern fordern umgehendes Handeln!\u201c<\/p>\n<p>Dennoch zeigt sich Krauss zufrieden, weil der Druck der Wiener Freiheitlichen auf die rot-pinke Stadtregierung Wirkung zeigte: \u201eFreiheitliche Politik wirkt. Nun m\u00fcssen die Genossen Farbe bekennen, in wie weit der Stalinismus in der Sozialdemokratie tats\u00e4chlich verankert ist. Schlie\u00dflich haben die Roten in der Bezirksvertretungssitzung in Meidling vergangene Woche keinen Grund f\u00fcr eine Entfernung gesehen und sich f\u00fcr den Erhalt der Tafel ausgesprochen.\u201c<\/p>\n","protected":false},"excerpt":{"rendered":"<p>Autor:\u00a0B.T.\u00a0Bild:\u00a0Wikipedia\/C.Stadler\/Bwag Lizenz: CC-BY-SA-4.0 Man kann es kaum glauben. In Wien gibt es eine Gedenktafel die&hellip;<\/p>\n","protected":false},"author":3,"featured_media":19651,"comment_status":"open","ping_status":"closed","sticky":false,"template":"","format":"standard","meta":{"footnotes":""},"categories":[46],"tags":[93,10574,367,3411,713,10576,4546,105,10575,146],"class_list":["post-19650","post","type-post","status-publish","format-standard","has-post-thumbnail","hentry","category-oesterreich","tag-fpoe","tag-gedenktafel","tag-geschichte","tag-josef-stalin","tag-kommunismus","tag-massenmord","tag-maximilian-krauss","tag-spoe","tag-stalinismus","tag-wien"],"yoast_head":"<!-- This site is optimized with the Yoast SEO plugin v28.3 - https:\/\/yoast.com\/product\/yoast-seo-wordpress\/ -->\n<title>FP\u00d6-Druck wirkt: Stalin-Gedenktafel k\u00f6nnte abmontiert werden - ZurZeit<\/title>\n<meta name=\"robots\" content=\"index, follow, max-snippet:-1, max-image-preview:large, max-video-preview:-1\" \/>\n<link rel=\"canonical\" href=\"https:\/\/zurzeit.at\/index.php\/fpoe-druck-wirkt-stalin-gedenktafel-koennte-abmontiert-werden\/\" \/>\n<meta property=\"og:locale\" content=\"de_DE\" \/>\n<meta property=\"og:type\" content=\"article\" \/>\n<meta property=\"og:title\" content=\"FP\u00d6-Druck wirkt: Stalin-Gedenktafel k\u00f6nnte abmontiert werden - ZurZeit\" \/>\n<meta property=\"og:description\" content=\"Autor:\u00a0B.T.\u00a0Bild:\u00a0Wikipedia\/C.Stadler\/Bwag Lizenz: CC-BY-SA-4.0 Man kann es kaum glauben. In Wien gibt es eine Gedenktafel die&hellip;\" \/>\n<meta property=\"og:url\" content=\"https:\/\/zurzeit.at\/index.php\/fpoe-druck-wirkt-stalin-gedenktafel-koennte-abmontiert-werden\/\" \/>\n<meta property=\"og:site_name\" content=\"ZurZeit\" \/>\n<meta property=\"article:publisher\" content=\"https:\/\/www.facebook.com\/wochenmagazinZurZeit\/\" \/>\n<meta property=\"article:published_time\" content=\"2024-12-18T11:19:10+00:00\" \/>\n<meta property=\"og:image\" content=\"https:\/\/zurzeit.at\/wp-content\/uploads\/2024\/12\/Wien_-_Stalin-Gedenktafel_mit_Zusatztafel.jpg\" \/>\n\t<meta property=\"og:image:width\" content=\"683\" \/>\n\t<meta property=\"og:image:height\" content=\"1024\" \/>\n\t<meta property=\"og:image:type\" content=\"image\/jpeg\" \/>\n<meta name=\"author\" content=\"admin2\" \/>\n<meta name=\"twitter:card\" content=\"summary_large_image\" \/>\n<meta name=\"twitter:label1\" content=\"Verfasst von\" \/>\n\t<meta name=\"twitter:data1\" content=\"admin2\" \/>\n\t<meta name=\"twitter:label2\" content=\"Gesch\u00e4tzte Lesezeit\" \/>\n\t<meta name=\"twitter:data2\" content=\"2\u00a0Minuten\" \/>\n<script type=\"application\/ld+json\" class=\"yoast-schema-graph\">{\"@context\":\"https:\\\/\\\/schema.org\",\"@graph\":[{\"@type\":\"Article\",\"@id\":\"https:\\\/\\\/zurzeit.at\\\/index.php\\\/fpoe-druck-wirkt-stalin-gedenktafel-koennte-abmontiert-werden\\\/#article\",\"isPartOf\":{\"@id\":\"https:\\\/\\\/zurzeit.at\\\/index.php\\\/fpoe-druck-wirkt-stalin-gedenktafel-koennte-abmontiert-werden\\\/\"},\"author\":{\"name\":\"admin2\",\"@id\":\"https:\\\/\\\/zurzeit.at\\\/#\\\/schema\\\/person\\\/e6f4284c4ffdba25c26f295806088e37\"},\"headline\":\"FP\u00d6-Druck wirkt: Stalin-Gedenktafel k\u00f6nnte abmontiert werden\",\"datePublished\":\"2024-12-18T11:19:10+00:00\",\"mainEntityOfPage\":{\"@id\":\"https:\\\/\\\/zurzeit.at\\\/index.php\\\/fpoe-druck-wirkt-stalin-gedenktafel-koennte-abmontiert-werden\\\/\"},\"wordCount\":306,\"commentCount\":0,\"image\":{\"@id\":\"https:\\\/\\\/zurzeit.at\\\/index.php\\\/fpoe-druck-wirkt-stalin-gedenktafel-koennte-abmontiert-werden\\\/#primaryimage\"},\"thumbnailUrl\":\"https:\\\/\\\/zurzeit.at\\\/wp-content\\\/uploads\\\/2024\\\/12\\\/Wien_-_Stalin-Gedenktafel_mit_Zusatztafel.jpg\",\"keywords\":[\"FP\u00d6\",\"Gedenktafel\",\"Geschichte\",\"Josef Stalin\",\"Kommunismus\",\"Massenmord\",\"Maximilian Krauss\",\"SP\u00d6\",\"Stalinismus\",\"Wien\"],\"articleSection\":[\"\u00d6sterreich\"],\"inLanguage\":\"de\",\"potentialAction\":[{\"@type\":\"CommentAction\",\"name\":\"Comment\",\"target\":[\"https:\\\/\\\/zurzeit.at\\\/index.php\\\/fpoe-druck-wirkt-stalin-gedenktafel-koennte-abmontiert-werden\\\/#respond\"]}]},{\"@type\":\"WebPage\",\"@id\":\"https:\\\/\\\/zurzeit.at\\\/index.php\\\/fpoe-druck-wirkt-stalin-gedenktafel-koennte-abmontiert-werden\\\/\",\"url\":\"https:\\\/\\\/zurzeit.at\\\/index.php\\\/fpoe-druck-wirkt-stalin-gedenktafel-koennte-abmontiert-werden\\\/\",\"name\":\"FP\u00d6-Druck wirkt: Stalin-Gedenktafel k\u00f6nnte abmontiert werden - ZurZeit\",\"isPartOf\":{\"@id\":\"https:\\\/\\\/zurzeit.at\\\/#website\"},\"primaryImageOfPage\":{\"@id\":\"https:\\\/\\\/zurzeit.at\\\/index.php\\\/fpoe-druck-wirkt-stalin-gedenktafel-koennte-abmontiert-werden\\\/#primaryimage\"},\"image\":{\"@id\":\"https:\\\/\\\/zurzeit.at\\\/index.php\\\/fpoe-druck-wirkt-stalin-gedenktafel-koennte-abmontiert-werden\\\/#primaryimage\"},\"thumbnailUrl\":\"https:\\\/\\\/zurzeit.at\\\/wp-content\\\/uploads\\\/2024\\\/12\\\/Wien_-_Stalin-Gedenktafel_mit_Zusatztafel.jpg\",\"datePublished\":\"2024-12-18T11:19:10+00:00\",\"author\":{\"@id\":\"https:\\\/\\\/zurzeit.at\\\/#\\\/schema\\\/person\\\/e6f4284c4ffdba25c26f295806088e37\"},\"breadcrumb\":{\"@id\":\"https:\\\/\\\/zurzeit.at\\\/index.php\\\/fpoe-druck-wirkt-stalin-gedenktafel-koennte-abmontiert-werden\\\/#breadcrumb\"},\"inLanguage\":\"de\",\"potentialAction\":[{\"@type\":\"ReadAction\",\"target\":[\"https:\\\/\\\/zurzeit.at\\\/index.php\\\/fpoe-druck-wirkt-stalin-gedenktafel-koennte-abmontiert-werden\\\/\"]}]},{\"@type\":\"ImageObject\",\"inLanguage\":\"de\",\"@id\":\"https:\\\/\\\/zurzeit.at\\\/index.php\\\/fpoe-druck-wirkt-stalin-gedenktafel-koennte-abmontiert-werden\\\/#primaryimage\",\"url\":\"https:\\\/\\\/zurzeit.at\\\/wp-content\\\/uploads\\\/2024\\\/12\\\/Wien_-_Stalin-Gedenktafel_mit_Zusatztafel.jpg\",\"contentUrl\":\"https:\\\/\\\/zurzeit.at\\\/wp-content\\\/uploads\\\/2024\\\/12\\\/Wien_-_Stalin-Gedenktafel_mit_Zusatztafel.jpg\",\"width\":683,\"height\":1024},{\"@type\":\"BreadcrumbList\",\"@id\":\"https:\\\/\\\/zurzeit.at\\\/index.php\\\/fpoe-druck-wirkt-stalin-gedenktafel-koennte-abmontiert-werden\\\/#breadcrumb\",\"itemListElement\":[{\"@type\":\"ListItem\",\"position\":1,\"name\":\"Startseite\",\"item\":\"https:\\\/\\\/zurzeit.at\\\/\"},{\"@type\":\"ListItem\",\"position\":2,\"name\":\"FP\u00d6-Druck wirkt: Stalin-Gedenktafel k\u00f6nnte abmontiert werden\"}]},{\"@type\":\"WebSite\",\"@id\":\"https:\\\/\\\/zurzeit.at\\\/#website\",\"url\":\"https:\\\/\\\/zurzeit.at\\\/\",\"name\":\"ZurZeit\",\"description\":\"Internetseite des Wochenmagazins ZurZeit\",\"potentialAction\":[{\"@type\":\"SearchAction\",\"target\":{\"@type\":\"EntryPoint\",\"urlTemplate\":\"https:\\\/\\\/zurzeit.at\\\/?s={search_term_string}\"},\"query-input\":{\"@type\":\"PropertyValueSpecification\",\"valueRequired\":true,\"valueName\":\"search_term_string\"}}],\"inLanguage\":\"de\"},{\"@type\":\"Person\",\"@id\":\"https:\\\/\\\/zurzeit.at\\\/#\\\/schema\\\/person\\\/e6f4284c4ffdba25c26f295806088e37\",\"name\":\"admin2\",\"image\":{\"@type\":\"ImageObject\",\"inLanguage\":\"de\",\"@id\":\"https:\\\/\\\/secure.gravatar.com\\\/avatar\\\/6b01edb108b3f79fc8950358251ecf3b91c228e319139ad1beec43b6b1b16470?s=96&d=mm&r=g\",\"url\":\"https:\\\/\\\/secure.gravatar.com\\\/avatar\\\/6b01edb108b3f79fc8950358251ecf3b91c228e319139ad1beec43b6b1b16470?s=96&d=mm&r=g\",\"contentUrl\":\"https:\\\/\\\/secure.gravatar.com\\\/avatar\\\/6b01edb108b3f79fc8950358251ecf3b91c228e319139ad1beec43b6b1b16470?s=96&d=mm&r=g\",\"caption\":\"admin2\"},\"url\":\"https:\\\/\\\/zurzeit.at\\\/index.php\\\/author\\\/admin2\\\/\"}]}<\/script>\n<!-- \/ Yoast SEO plugin. -->","yoast_head_json":{"title":"FP\u00d6-Druck wirkt: Stalin-Gedenktafel k\u00f6nnte abmontiert werden - ZurZeit","robots":{"index":"index","follow":"follow","max-snippet":"max-snippet:-1","max-image-preview":"max-image-preview:large","max-video-preview":"max-video-preview:-1"},"canonical":"https:\/\/zurzeit.at\/index.php\/fpoe-druck-wirkt-stalin-gedenktafel-koennte-abmontiert-werden\/","og_locale":"de_DE","og_type":"article","og_title":"FP\u00d6-Druck wirkt: Stalin-Gedenktafel k\u00f6nnte abmontiert werden - ZurZeit","og_description":"Autor:\u00a0B.T.\u00a0Bild:\u00a0Wikipedia\/C.Stadler\/Bwag Lizenz: CC-BY-SA-4.0 Man kann es kaum glauben. In Wien gibt es eine Gedenktafel die&hellip;","og_url":"https:\/\/zurzeit.at\/index.php\/fpoe-druck-wirkt-stalin-gedenktafel-koennte-abmontiert-werden\/","og_site_name":"ZurZeit","article_publisher":"https:\/\/www.facebook.com\/wochenmagazinZurZeit\/","article_published_time":"2024-12-18T11:19:10+00:00","og_image":[{"width":683,"height":1024,"url":"https:\/\/zurzeit.at\/wp-content\/uploads\/2024\/12\/Wien_-_Stalin-Gedenktafel_mit_Zusatztafel.jpg","type":"image\/jpeg"}],"author":"admin2","twitter_card":"summary_large_image","twitter_misc":{"Verfasst von":"admin2","Gesch\u00e4tzte Lesezeit":"2\u00a0Minuten"},"schema":{"@context":"https:\/\/schema.org","@graph":[{"@type":"Article","@id":"https:\/\/zurzeit.at\/index.php\/fpoe-druck-wirkt-stalin-gedenktafel-koennte-abmontiert-werden\/#article","isPartOf":{"@id":"https:\/\/zurzeit.at\/index.php\/fpoe-druck-wirkt-stalin-gedenktafel-koennte-abmontiert-werden\/"},"author":{"name":"admin2","@id":"https:\/\/zurzeit.at\/#\/schema\/person\/e6f4284c4ffdba25c26f295806088e37"},"headline":"FP\u00d6-Druck wirkt: Stalin-Gedenktafel k\u00f6nnte abmontiert werden","datePublished":"2024-12-18T11:19:10+00:00","mainEntityOfPage":{"@id":"https:\/\/zurzeit.at\/index.php\/fpoe-druck-wirkt-stalin-gedenktafel-koennte-abmontiert-werden\/"},"wordCount":306,"commentCount":0,"image":{"@id":"https:\/\/zurzeit.at\/index.php\/fpoe-druck-wirkt-stalin-gedenktafel-koennte-abmontiert-werden\/#primaryimage"},"thumbnailUrl":"https:\/\/zurzeit.at\/wp-content\/uploads\/2024\/12\/Wien_-_Stalin-Gedenktafel_mit_Zusatztafel.jpg","keywords":["FP\u00d6","Gedenktafel","Geschichte","Josef Stalin","Kommunismus","Massenmord","Maximilian Krauss","SP\u00d6","Stalinismus","Wien"],"articleSection":["\u00d6sterreich"],"inLanguage":"de","potentialAction":[{"@type":"CommentAction","name":"Comment","target":["https:\/\/zurzeit.at\/index.php\/fpoe-druck-wirkt-stalin-gedenktafel-koennte-abmontiert-werden\/#respond"]}]},{"@type":"WebPage","@id":"https:\/\/zurzeit.at\/index.php\/fpoe-druck-wirkt-stalin-gedenktafel-koennte-abmontiert-werden\/","url":"https:\/\/zurzeit.at\/index.php\/fpoe-druck-wirkt-stalin-gedenktafel-koennte-abmontiert-werden\/","name":"FP\u00d6-Druck wirkt: Stalin-Gedenktafel k\u00f6nnte abmontiert werden - ZurZeit","isPartOf":{"@id":"https:\/\/zurzeit.at\/#website"},"primaryImageOfPage":{"@id":"https:\/\/zurzeit.at\/index.php\/fpoe-druck-wirkt-stalin-gedenktafel-koennte-abmontiert-werden\/#primaryimage"},"image":{"@id":"https:\/\/zurzeit.at\/index.php\/fpoe-druck-wirkt-stalin-gedenktafel-koennte-abmontiert-werden\/#primaryimage"},"thumbnailUrl":"https:\/\/zurzeit.at\/wp-content\/uploads\/2024\/12\/Wien_-_Stalin-Gedenktafel_mit_Zusatztafel.jpg","datePublished":"2024-12-18T11:19:10+00:00","author":{"@id":"https:\/\/zurzeit.at\/#\/schema\/person\/e6f4284c4ffdba25c26f295806088e37"},"breadcrumb":{"@id":"https:\/\/zurzeit.at\/index.php\/fpoe-druck-wirkt-stalin-gedenktafel-koennte-abmontiert-werden\/#breadcrumb"},"inLanguage":"de","potentialAction":[{"@type":"ReadAction","target":["https:\/\/zurzeit.at\/index.php\/fpoe-druck-wirkt-stalin-gedenktafel-koennte-abmontiert-werden\/"]}]},{"@type":"ImageObject","inLanguage":"de","@id":"https:\/\/zurzeit.at\/index.php\/fpoe-druck-wirkt-stalin-gedenktafel-koennte-abmontiert-werden\/#primaryimage","url":"https:\/\/zurzeit.at\/wp-content\/uploads\/2024\/12\/Wien_-_Stalin-Gedenktafel_mit_Zusatztafel.jpg","contentUrl":"https:\/\/zurzeit.at\/wp-content\/uploads\/2024\/12\/Wien_-_Stalin-Gedenktafel_mit_Zusatztafel.jpg","width":683,"height":1024},{"@type":"BreadcrumbList","@id":"https:\/\/zurzeit.at\/index.php\/fpoe-druck-wirkt-stalin-gedenktafel-koennte-abmontiert-werden\/#breadcrumb","itemListElement":[{"@type":"ListItem","position":1,"name":"Startseite","item":"https:\/\/zurzeit.at\/"},{"@type":"ListItem","position":2,"name":"FP\u00d6-Druck wirkt: Stalin-Gedenktafel k\u00f6nnte abmontiert werden"}]},{"@type":"WebSite","@id":"https:\/\/zurzeit.at\/#website","url":"https:\/\/zurzeit.at\/","name":"ZurZeit","description":"Internetseite des Wochenmagazins ZurZeit","potentialAction":[{"@type":"SearchAction","target":{"@type":"EntryPoint","urlTemplate":"https:\/\/zurzeit.at\/?s={search_term_string}"},"query-input":{"@type":"PropertyValueSpecification","valueRequired":true,"valueName":"search_term_string"}}],"inLanguage":"de"},{"@type":"Person","@id":"https:\/\/zurzeit.at\/#\/schema\/person\/e6f4284c4ffdba25c26f295806088e37","name":"admin2","image":{"@type":"ImageObject","inLanguage":"de","@id":"https:\/\/secure.gravatar.com\/avatar\/6b01edb108b3f79fc8950358251ecf3b91c228e319139ad1beec43b6b1b16470?s=96&d=mm&r=g","url":"https:\/\/secure.gravatar.com\/avatar\/6b01edb108b3f79fc8950358251ecf3b91c228e319139ad1beec43b6b1b16470?s=96&d=mm&r=g","contentUrl":"https:\/\/secure.gravatar.com\/avatar\/6b01edb108b3f79fc8950358251ecf3b91c228e319139ad1beec43b6b1b16470?s=96&d=mm&r=g","caption":"admin2"},"url":"https:\/\/zurzeit.at\/index.php\/author\/admin2\/"}]}},"_links":{"self":[{"href":"https:\/\/zurzeit.at\/index.php\/wp-json\/wp\/v2\/posts\/19650","targetHints":{"allow":["GET"]}}],"collection":[{"href":"https:\/\/zurzeit.at\/index.php\/wp-json\/wp\/v2\/posts"}],"about":[{"href":"https:\/\/zurzeit.at\/index.php\/wp-json\/wp\/v2\/types\/post"}],"author":[{"embeddable":true,"href":"https:\/\/zurzeit.at\/index.php\/wp-json\/wp\/v2\/users\/3"}],"replies":[{"embeddable":true,"href":"https:\/\/zurzeit.at\/index.php\/wp-json\/wp\/v2\/comments?post=19650"}],"version-history":[{"count":1,"href":"https:\/\/zurzeit.at\/index.php\/wp-json\/wp\/v2\/posts\/19650\/revisions"}],"predecessor-version":[{"id":19652,"href":"https:\/\/zurzeit.at\/index.php\/wp-json\/wp\/v2\/posts\/19650\/revisions\/19652"}],"wp:featuredmedia":[{"embeddable":true,"href":"https:\/\/zurzeit.at\/index.php\/wp-json\/wp\/v2\/media\/19651"}],"wp:attachment":[{"href":"https:\/\/zurzeit.at\/index.php\/wp-json\/wp\/v2\/media?parent=19650"}],"wp:term":[{"taxonomy":"category","embeddable":true,"href":"https:\/\/zurzeit.at\/index.php\/wp-json\/wp\/v2\/categories?post=19650"},{"taxonomy":"post_tag","embeddable":true,"href":"https:\/\/zurzeit.at\/index.php\/wp-json\/wp\/v2\/tags?post=19650"}],"curies":[{"name":"wp","href":"https:\/\/api.w.org\/{rel}","templated":true}]}}