{"id":19686,"date":"2025-01-08T20:35:23","date_gmt":"2025-01-08T19:35:23","guid":{"rendered":"https:\/\/zurzeit.at\/?p=19686"},"modified":"2025-01-08T20:35:23","modified_gmt":"2025-01-08T19:35:23","slug":"kickl-will-als-bundeskanzler-ehrlich-regieren","status":"publish","type":"post","link":"https:\/\/zurzeit.at\/index.php\/kickl-will-als-bundeskanzler-ehrlich-regieren\/","title":{"rendered":"Kickl will als Bundeskanzler \u201eehrlich regieren\u201c"},"content":{"rendered":"<p>Autor:\u00a0<a href=\"https:\/\/zurzeit.at\/index.php\/autoren\/\">B.T.<\/a>\u00a0<span class=\"licensetpl_attr\"><span class=\"plainlinks noprint\">Bild: <a href=\"https:\/\/www.fpoe.at\/artikel\/wir-werden-auch-2025-an-der-seite-der-bevoelkerung-arbeiten\/\">FP\u00d6<\/a> L<\/span><\/span><span class=\"licensetpl_attr\"><span class=\"plainlinks noprint\">izenz: &#8211;<br \/>\n<\/span><\/span><\/p>\n<hr \/>\n<p>Nach dem Scheitern der Gespr\u00e4che zur Bildung einer aus \u00d6VP, SP\u00d6 und NEOS bestehenden \u201eZuckerlkoalition\u201c und dem R\u00fccktritt von \u00d6VP-Chef und Bundeskanzler Karl Nehammer geht es nun Schlag auf Schlag. Zuerst erteilte der gr\u00fcne Bundespr\u00e4sident Alexander Van der Bellen FP\u00d6-Bundesparteiobmann Herbert Kickl den Auftrag zur Bildung einer Bundesregierung, und Dienstagabend hat das FP\u00d6-Bundesparteipr\u00e4sidium einstimmig die Aufnahme von Verhandlungen mit der \u00d6VP zur Bildung einer Bundesregierung beschlossen.<\/p>\n<p>Zuvor hatte Kickl in einer Presseerkl\u00e4rung beton, er wolle als Bundeskanzler \u201eehrlich regieren\u201c, was wiederum ehrliche Verhandlungen voraussetze. In Richtung \u00d6VP sagte der Wahlsieger der Nationalratswahl vom 29. September, \u201eunsere Hand ist also wieder oder weiter ausgestreckt, wenn Sie so wollen. Aber sie geht einher mit einer klaren Erwartungshaltung, dass n\u00e4mlich diese Ehrlichkeit und dieses Vertrauen mit Ehrlichkeit und mit Vertrauen erwidert wird. Dem ehrlichen Regieren geht also ein ehrliches Verhandeln voraus\u201c.<\/p>\n<p>Kickl warnte die Volkspartei vor Spielchen, Tricks, Sabotage, Quertreiberei und Politik um des Machterhalts Willen. Stattdessen brauche es eine Politik f\u00fcr echte Ver\u00e4nderung, f\u00fcr einen Wiederaufbau und den Beginn einer neuen \u00c4ra.<\/p>\n<p>Und konkret sagte der FP\u00d6-Chef in Richtung \u00d6VP: \u201eEs braucht einen Partner als Verhandlungsgegen\u00fcber, der geschlossen und homogen und stabil ist und eine eindeutige, einheitliche Position vertritt, es braucht ein Verhandlungsgegen\u00fcber mit konsequenten konstanten Ansprechpartnern, die auch die tats\u00e4chlichen Entscheider sind und wo nicht unterschiedliche Akteure unterschiedliche Ziele verfolgen und nicht dann alle paar Monate irgendjemand anderer im Kommandostand eine andere Richtung einschl\u00e4gt.\u201c<\/p>\n","protected":false},"excerpt":{"rendered":"<p>Autor:\u00a0B.T.\u00a0Bild: FP\u00d6 Lizenz: &#8211; Nach dem Scheitern der Gespr\u00e4che zur Bildung einer aus \u00d6VP, SP\u00d6&hellip;<\/p>\n","protected":false},"author":3,"featured_media":19687,"comment_status":"open","ping_status":"closed","sticky":false,"template":"","format":"standard","meta":{"footnotes":""},"categories":[46],"tags":[93,92,597,164,97,2249],"class_list":["post-19686","post","type-post","status-publish","format-standard","has-post-thumbnail","hentry","category-oesterreich","tag-fpoe","tag-herbert-kickl","tag-koalition","tag-oesterreich","tag-oevp","tag-verhandlungen"],"yoast_head":"<!-- This site is optimized with the Yoast SEO plugin v28.3 - https:\/\/yoast.com\/product\/yoast-seo-wordpress\/ -->\n<title>Kickl will als Bundeskanzler \u201eehrlich regieren\u201c - ZurZeit<\/title>\n<meta name=\"robots\" content=\"index, follow, max-snippet:-1, max-image-preview:large, max-video-preview:-1\" \/>\n<link rel=\"canonical\" href=\"https:\/\/zurzeit.at\/index.php\/kickl-will-als-bundeskanzler-ehrlich-regieren\/\" \/>\n<meta property=\"og:locale\" content=\"de_DE\" \/>\n<meta property=\"og:type\" content=\"article\" \/>\n<meta property=\"og:title\" content=\"Kickl will als Bundeskanzler \u201eehrlich regieren\u201c - ZurZeit\" \/>\n<meta property=\"og:description\" content=\"Autor:\u00a0B.T.\u00a0Bild: FP\u00d6 Lizenz: &#8211; Nach dem Scheitern der Gespr\u00e4che zur Bildung einer aus \u00d6VP, SP\u00d6&hellip;\" \/>\n<meta property=\"og:url\" content=\"https:\/\/zurzeit.at\/index.php\/kickl-will-als-bundeskanzler-ehrlich-regieren\/\" \/>\n<meta property=\"og:site_name\" content=\"ZurZeit\" \/>\n<meta property=\"article:publisher\" content=\"https:\/\/www.facebook.com\/wochenmagazinZurZeit\/\" \/>\n<meta property=\"article:published_time\" content=\"2025-01-08T19:35:23+00:00\" \/>\n<meta property=\"og:image\" content=\"https:\/\/zurzeit.at\/wp-content\/uploads\/2025\/01\/Kickl_tirol2024.jpg\" \/>\n\t<meta property=\"og:image:width\" content=\"647\" \/>\n\t<meta property=\"og:image:height\" content=\"400\" \/>\n\t<meta property=\"og:image:type\" content=\"image\/jpeg\" \/>\n<meta name=\"author\" content=\"admin2\" \/>\n<meta name=\"twitter:card\" content=\"summary_large_image\" \/>\n<meta name=\"twitter:label1\" content=\"Verfasst von\" \/>\n\t<meta name=\"twitter:data1\" content=\"admin2\" \/>\n\t<meta name=\"twitter:label2\" content=\"Gesch\u00e4tzte Lesezeit\" \/>\n\t<meta name=\"twitter:data2\" content=\"2\u00a0Minuten\" \/>\n<script type=\"application\/ld+json\" class=\"yoast-schema-graph\">{\"@context\":\"https:\\\/\\\/schema.org\",\"@graph\":[{\"@type\":\"Article\",\"@id\":\"https:\\\/\\\/zurzeit.at\\\/index.php\\\/kickl-will-als-bundeskanzler-ehrlich-regieren\\\/#article\",\"isPartOf\":{\"@id\":\"https:\\\/\\\/zurzeit.at\\\/index.php\\\/kickl-will-als-bundeskanzler-ehrlich-regieren\\\/\"},\"author\":{\"name\":\"admin2\",\"@id\":\"https:\\\/\\\/zurzeit.at\\\/#\\\/schema\\\/person\\\/e6f4284c4ffdba25c26f295806088e37\"},\"headline\":\"Kickl will als Bundeskanzler \u201eehrlich regieren\u201c\",\"datePublished\":\"2025-01-08T19:35:23+00:00\",\"mainEntityOfPage\":{\"@id\":\"https:\\\/\\\/zurzeit.at\\\/index.php\\\/kickl-will-als-bundeskanzler-ehrlich-regieren\\\/\"},\"wordCount\":263,\"commentCount\":0,\"image\":{\"@id\":\"https:\\\/\\\/zurzeit.at\\\/index.php\\\/kickl-will-als-bundeskanzler-ehrlich-regieren\\\/#primaryimage\"},\"thumbnailUrl\":\"https:\\\/\\\/zurzeit.at\\\/wp-content\\\/uploads\\\/2025\\\/01\\\/Kickl_tirol2024.jpg\",\"keywords\":[\"FP\u00d6\",\"Herbert Kickl\",\"Koalition\",\"\u00d6sterreich\",\"\u00d6VP\",\"Verhandlungen\"],\"articleSection\":[\"\u00d6sterreich\"],\"inLanguage\":\"de\",\"potentialAction\":[{\"@type\":\"CommentAction\",\"name\":\"Comment\",\"target\":[\"https:\\\/\\\/zurzeit.at\\\/index.php\\\/kickl-will-als-bundeskanzler-ehrlich-regieren\\\/#respond\"]}]},{\"@type\":\"WebPage\",\"@id\":\"https:\\\/\\\/zurzeit.at\\\/index.php\\\/kickl-will-als-bundeskanzler-ehrlich-regieren\\\/\",\"url\":\"https:\\\/\\\/zurzeit.at\\\/index.php\\\/kickl-will-als-bundeskanzler-ehrlich-regieren\\\/\",\"name\":\"Kickl will als Bundeskanzler \u201eehrlich regieren\u201c - ZurZeit\",\"isPartOf\":{\"@id\":\"https:\\\/\\\/zurzeit.at\\\/#website\"},\"primaryImageOfPage\":{\"@id\":\"https:\\\/\\\/zurzeit.at\\\/index.php\\\/kickl-will-als-bundeskanzler-ehrlich-regieren\\\/#primaryimage\"},\"image\":{\"@id\":\"https:\\\/\\\/zurzeit.at\\\/index.php\\\/kickl-will-als-bundeskanzler-ehrlich-regieren\\\/#primaryimage\"},\"thumbnailUrl\":\"https:\\\/\\\/zurzeit.at\\\/wp-content\\\/uploads\\\/2025\\\/01\\\/Kickl_tirol2024.jpg\",\"datePublished\":\"2025-01-08T19:35:23+00:00\",\"author\":{\"@id\":\"https:\\\/\\\/zurzeit.at\\\/#\\\/schema\\\/person\\\/e6f4284c4ffdba25c26f295806088e37\"},\"breadcrumb\":{\"@id\":\"https:\\\/\\\/zurzeit.at\\\/index.php\\\/kickl-will-als-bundeskanzler-ehrlich-regieren\\\/#breadcrumb\"},\"inLanguage\":\"de\",\"potentialAction\":[{\"@type\":\"ReadAction\",\"target\":[\"https:\\\/\\\/zurzeit.at\\\/index.php\\\/kickl-will-als-bundeskanzler-ehrlich-regieren\\\/\"]}]},{\"@type\":\"ImageObject\",\"inLanguage\":\"de\",\"@id\":\"https:\\\/\\\/zurzeit.at\\\/index.php\\\/kickl-will-als-bundeskanzler-ehrlich-regieren\\\/#primaryimage\",\"url\":\"https:\\\/\\\/zurzeit.at\\\/wp-content\\\/uploads\\\/2025\\\/01\\\/Kickl_tirol2024.jpg\",\"contentUrl\":\"https:\\\/\\\/zurzeit.at\\\/wp-content\\\/uploads\\\/2025\\\/01\\\/Kickl_tirol2024.jpg\",\"width\":647,\"height\":400},{\"@type\":\"BreadcrumbList\",\"@id\":\"https:\\\/\\\/zurzeit.at\\\/index.php\\\/kickl-will-als-bundeskanzler-ehrlich-regieren\\\/#breadcrumb\",\"itemListElement\":[{\"@type\":\"ListItem\",\"position\":1,\"name\":\"Startseite\",\"item\":\"https:\\\/\\\/zurzeit.at\\\/\"},{\"@type\":\"ListItem\",\"position\":2,\"name\":\"Kickl will als Bundeskanzler \u201eehrlich regieren\u201c\"}]},{\"@type\":\"WebSite\",\"@id\":\"https:\\\/\\\/zurzeit.at\\\/#website\",\"url\":\"https:\\\/\\\/zurzeit.at\\\/\",\"name\":\"ZurZeit\",\"description\":\"Internetseite des Wochenmagazins ZurZeit\",\"potentialAction\":[{\"@type\":\"SearchAction\",\"target\":{\"@type\":\"EntryPoint\",\"urlTemplate\":\"https:\\\/\\\/zurzeit.at\\\/?s={search_term_string}\"},\"query-input\":{\"@type\":\"PropertyValueSpecification\",\"valueRequired\":true,\"valueName\":\"search_term_string\"}}],\"inLanguage\":\"de\"},{\"@type\":\"Person\",\"@id\":\"https:\\\/\\\/zurzeit.at\\\/#\\\/schema\\\/person\\\/e6f4284c4ffdba25c26f295806088e37\",\"name\":\"admin2\",\"image\":{\"@type\":\"ImageObject\",\"inLanguage\":\"de\",\"@id\":\"https:\\\/\\\/secure.gravatar.com\\\/avatar\\\/6b01edb108b3f79fc8950358251ecf3b91c228e319139ad1beec43b6b1b16470?s=96&d=mm&r=g\",\"url\":\"https:\\\/\\\/secure.gravatar.com\\\/avatar\\\/6b01edb108b3f79fc8950358251ecf3b91c228e319139ad1beec43b6b1b16470?s=96&d=mm&r=g\",\"contentUrl\":\"https:\\\/\\\/secure.gravatar.com\\\/avatar\\\/6b01edb108b3f79fc8950358251ecf3b91c228e319139ad1beec43b6b1b16470?s=96&d=mm&r=g\",\"caption\":\"admin2\"},\"url\":\"https:\\\/\\\/zurzeit.at\\\/index.php\\\/author\\\/admin2\\\/\"}]}<\/script>\n<!-- \/ Yoast SEO plugin. -->","yoast_head_json":{"title":"Kickl will als Bundeskanzler \u201eehrlich regieren\u201c - ZurZeit","robots":{"index":"index","follow":"follow","max-snippet":"max-snippet:-1","max-image-preview":"max-image-preview:large","max-video-preview":"max-video-preview:-1"},"canonical":"https:\/\/zurzeit.at\/index.php\/kickl-will-als-bundeskanzler-ehrlich-regieren\/","og_locale":"de_DE","og_type":"article","og_title":"Kickl will als Bundeskanzler \u201eehrlich regieren\u201c - ZurZeit","og_description":"Autor:\u00a0B.T.\u00a0Bild: FP\u00d6 Lizenz: &#8211; Nach dem Scheitern der Gespr\u00e4che zur Bildung einer aus \u00d6VP, SP\u00d6&hellip;","og_url":"https:\/\/zurzeit.at\/index.php\/kickl-will-als-bundeskanzler-ehrlich-regieren\/","og_site_name":"ZurZeit","article_publisher":"https:\/\/www.facebook.com\/wochenmagazinZurZeit\/","article_published_time":"2025-01-08T19:35:23+00:00","og_image":[{"width":647,"height":400,"url":"https:\/\/zurzeit.at\/wp-content\/uploads\/2025\/01\/Kickl_tirol2024.jpg","type":"image\/jpeg"}],"author":"admin2","twitter_card":"summary_large_image","twitter_misc":{"Verfasst von":"admin2","Gesch\u00e4tzte Lesezeit":"2\u00a0Minuten"},"schema":{"@context":"https:\/\/schema.org","@graph":[{"@type":"Article","@id":"https:\/\/zurzeit.at\/index.php\/kickl-will-als-bundeskanzler-ehrlich-regieren\/#article","isPartOf":{"@id":"https:\/\/zurzeit.at\/index.php\/kickl-will-als-bundeskanzler-ehrlich-regieren\/"},"author":{"name":"admin2","@id":"https:\/\/zurzeit.at\/#\/schema\/person\/e6f4284c4ffdba25c26f295806088e37"},"headline":"Kickl will als Bundeskanzler \u201eehrlich regieren\u201c","datePublished":"2025-01-08T19:35:23+00:00","mainEntityOfPage":{"@id":"https:\/\/zurzeit.at\/index.php\/kickl-will-als-bundeskanzler-ehrlich-regieren\/"},"wordCount":263,"commentCount":0,"image":{"@id":"https:\/\/zurzeit.at\/index.php\/kickl-will-als-bundeskanzler-ehrlich-regieren\/#primaryimage"},"thumbnailUrl":"https:\/\/zurzeit.at\/wp-content\/uploads\/2025\/01\/Kickl_tirol2024.jpg","keywords":["FP\u00d6","Herbert Kickl","Koalition","\u00d6sterreich","\u00d6VP","Verhandlungen"],"articleSection":["\u00d6sterreich"],"inLanguage":"de","potentialAction":[{"@type":"CommentAction","name":"Comment","target":["https:\/\/zurzeit.at\/index.php\/kickl-will-als-bundeskanzler-ehrlich-regieren\/#respond"]}]},{"@type":"WebPage","@id":"https:\/\/zurzeit.at\/index.php\/kickl-will-als-bundeskanzler-ehrlich-regieren\/","url":"https:\/\/zurzeit.at\/index.php\/kickl-will-als-bundeskanzler-ehrlich-regieren\/","name":"Kickl will als Bundeskanzler \u201eehrlich regieren\u201c - ZurZeit","isPartOf":{"@id":"https:\/\/zurzeit.at\/#website"},"primaryImageOfPage":{"@id":"https:\/\/zurzeit.at\/index.php\/kickl-will-als-bundeskanzler-ehrlich-regieren\/#primaryimage"},"image":{"@id":"https:\/\/zurzeit.at\/index.php\/kickl-will-als-bundeskanzler-ehrlich-regieren\/#primaryimage"},"thumbnailUrl":"https:\/\/zurzeit.at\/wp-content\/uploads\/2025\/01\/Kickl_tirol2024.jpg","datePublished":"2025-01-08T19:35:23+00:00","author":{"@id":"https:\/\/zurzeit.at\/#\/schema\/person\/e6f4284c4ffdba25c26f295806088e37"},"breadcrumb":{"@id":"https:\/\/zurzeit.at\/index.php\/kickl-will-als-bundeskanzler-ehrlich-regieren\/#breadcrumb"},"inLanguage":"de","potentialAction":[{"@type":"ReadAction","target":["https:\/\/zurzeit.at\/index.php\/kickl-will-als-bundeskanzler-ehrlich-regieren\/"]}]},{"@type":"ImageObject","inLanguage":"de","@id":"https:\/\/zurzeit.at\/index.php\/kickl-will-als-bundeskanzler-ehrlich-regieren\/#primaryimage","url":"https:\/\/zurzeit.at\/wp-content\/uploads\/2025\/01\/Kickl_tirol2024.jpg","contentUrl":"https:\/\/zurzeit.at\/wp-content\/uploads\/2025\/01\/Kickl_tirol2024.jpg","width":647,"height":400},{"@type":"BreadcrumbList","@id":"https:\/\/zurzeit.at\/index.php\/kickl-will-als-bundeskanzler-ehrlich-regieren\/#breadcrumb","itemListElement":[{"@type":"ListItem","position":1,"name":"Startseite","item":"https:\/\/zurzeit.at\/"},{"@type":"ListItem","position":2,"name":"Kickl will als Bundeskanzler \u201eehrlich regieren\u201c"}]},{"@type":"WebSite","@id":"https:\/\/zurzeit.at\/#website","url":"https:\/\/zurzeit.at\/","name":"ZurZeit","description":"Internetseite des Wochenmagazins ZurZeit","potentialAction":[{"@type":"SearchAction","target":{"@type":"EntryPoint","urlTemplate":"https:\/\/zurzeit.at\/?s={search_term_string}"},"query-input":{"@type":"PropertyValueSpecification","valueRequired":true,"valueName":"search_term_string"}}],"inLanguage":"de"},{"@type":"Person","@id":"https:\/\/zurzeit.at\/#\/schema\/person\/e6f4284c4ffdba25c26f295806088e37","name":"admin2","image":{"@type":"ImageObject","inLanguage":"de","@id":"https:\/\/secure.gravatar.com\/avatar\/6b01edb108b3f79fc8950358251ecf3b91c228e319139ad1beec43b6b1b16470?s=96&d=mm&r=g","url":"https:\/\/secure.gravatar.com\/avatar\/6b01edb108b3f79fc8950358251ecf3b91c228e319139ad1beec43b6b1b16470?s=96&d=mm&r=g","contentUrl":"https:\/\/secure.gravatar.com\/avatar\/6b01edb108b3f79fc8950358251ecf3b91c228e319139ad1beec43b6b1b16470?s=96&d=mm&r=g","caption":"admin2"},"url":"https:\/\/zurzeit.at\/index.php\/author\/admin2\/"}]}},"_links":{"self":[{"href":"https:\/\/zurzeit.at\/index.php\/wp-json\/wp\/v2\/posts\/19686","targetHints":{"allow":["GET"]}}],"collection":[{"href":"https:\/\/zurzeit.at\/index.php\/wp-json\/wp\/v2\/posts"}],"about":[{"href":"https:\/\/zurzeit.at\/index.php\/wp-json\/wp\/v2\/types\/post"}],"author":[{"embeddable":true,"href":"https:\/\/zurzeit.at\/index.php\/wp-json\/wp\/v2\/users\/3"}],"replies":[{"embeddable":true,"href":"https:\/\/zurzeit.at\/index.php\/wp-json\/wp\/v2\/comments?post=19686"}],"version-history":[{"count":1,"href":"https:\/\/zurzeit.at\/index.php\/wp-json\/wp\/v2\/posts\/19686\/revisions"}],"predecessor-version":[{"id":19688,"href":"https:\/\/zurzeit.at\/index.php\/wp-json\/wp\/v2\/posts\/19686\/revisions\/19688"}],"wp:featuredmedia":[{"embeddable":true,"href":"https:\/\/zurzeit.at\/index.php\/wp-json\/wp\/v2\/media\/19687"}],"wp:attachment":[{"href":"https:\/\/zurzeit.at\/index.php\/wp-json\/wp\/v2\/media?parent=19686"}],"wp:term":[{"taxonomy":"category","embeddable":true,"href":"https:\/\/zurzeit.at\/index.php\/wp-json\/wp\/v2\/categories?post=19686"},{"taxonomy":"post_tag","embeddable":true,"href":"https:\/\/zurzeit.at\/index.php\/wp-json\/wp\/v2\/tags?post=19686"}],"curies":[{"name":"wp","href":"https:\/\/api.w.org\/{rel}","templated":true}]}}