{"id":19840,"date":"2025-01-30T11:57:51","date_gmt":"2025-01-30T10:57:51","guid":{"rendered":"https:\/\/zurzeit.at\/?p=19840"},"modified":"2025-01-30T11:57:51","modified_gmt":"2025-01-30T10:57:51","slug":"donald-trump-staerkt-kinder-und-jugendschutz","status":"publish","type":"post","link":"https:\/\/zurzeit.at\/index.php\/donald-trump-staerkt-kinder-und-jugendschutz\/","title":{"rendered":"Donald Trump st\u00e4rkt Kinder- und Jugendschutz"},"content":{"rendered":"<p>Autor:\u00a0<a href=\"https:\/\/zurzeit.at\/index.php\/autoren\/\">B.T.<\/a> Bild: <a href=\"https:\/\/commons.wikimedia.org\/wiki\/File:President_Donald_Trump_signing_executive_orders_(01).jpg\">Wikipedia\/The Trump White House <\/a>Lizenz: <a class=\"extiw\" title=\"w:public domain\" href=\"https:\/\/en.wikipedia.org\/wiki\/public_domain\">public<\/a><a class=\"extiw\" title=\"w:public domain\" href=\"https:\/\/en.wikipedia.org\/wiki\/public_domain\"> domain<\/a><span class=\"licensetpl_attr\"><span class=\"plainlinks noprint\"><br \/>\n<\/span><\/span><\/p>\n<hr \/>\n<p>US-Pr\u00e4sident Donald Trump r\u00e4umt mit den links-woken Umtrieben in den Vereinigten Staaten auf. Als eine seiner ersten Amtshandlungen unterzeichnete er eine Verf\u00fcgung, mit welcher in den Bundesbeh\u00f6rden die von der linken Biden-Vorg\u00e4ngerregierung gef\u00f6rderten \u201eDEI\u201c-Programme\u201c gestoppt werden. Das K\u00fcrzel DEI bedeutet \u201ediversity, equity, and inclusion\u201c (Vielfalt, Gleichheit, Inklusion) und zielt auf die Bevorzugung von Minderheiten und Randgruppen ab.<\/p>\n<p>Nun unterzeichnete Trump eine Pr\u00e4sidentenverf\u00fcgung zur St\u00e4rkung des Kinder- und Jugendschutzes. Konkret geht es um die Streichung staatlicher Unterst\u00fctzung f\u00fcr sogenannte Geschlechtsumwandlungen bei Personen unter 19 Jahren. Er forderte den Minister f\u00fcr Gesundheit und Soziales auf, \u201ealle geeigneten Ma\u00dfnahmen zu ergreifen, um die chemische und chirurgische Verst\u00fcmmelung von Kindern zu beenden\u201c. Die Anordnung bezieht sich auf Behandlungen wie Pubert\u00e4tsblocker, Hormone wie \u00d6strogen oder Testosteron sowie auf chirurgische Eingriffe.<\/p>\n<p>Die Anordnung weist die staatlichen Versicherungsprogramme an, Behandlungen im Zusammenhang mit der Geschlechtsumwandlung bei Minderj\u00e4hrigen von der Deckung auszuschlie\u00dfen. Au\u00dferdem soll verhindert werden, dass medizinische Einrichtungen, die Bundeszusch\u00fcsse erhalten, solche Behandlungen anbieten.<\/p>\n<p>Mehr als 26 US-Bundesstaaten haben bereits Beschr\u00e4nkungen f\u00fcr geschlechtsspezifische Behandlungen von Kindern und Jugendlichen eingef\u00fchrt.<\/p>\n","protected":false},"excerpt":{"rendered":"<p>Autor:\u00a0B.T. Bild: Wikipedia\/The Trump White House Lizenz: public domain US-Pr\u00e4sident Donald Trump r\u00e4umt mit den&hellip;<\/p>\n","protected":false},"author":3,"featured_media":19841,"comment_status":"open","ping_status":"closed","sticky":false,"template":"","format":"standard","meta":{"footnotes":""},"categories":[49],"tags":[8997,938,4849,3726,819,366,242,6828],"class_list":["post-19840","post","type-post","status-publish","format-standard","has-post-thumbnail","hentry","category-ausland","tag-dei","tag-donald-trump","tag-geschlechtsumwandlung","tag-jugendschutz","tag-kinderschutz","tag-transgender","tag-usa","tag-wokeness"],"yoast_head":"<!-- This site is optimized with the Yoast SEO plugin v28.3 - https:\/\/yoast.com\/product\/yoast-seo-wordpress\/ -->\n<title>Donald Trump st\u00e4rkt Kinder- und Jugendschutz - ZurZeit<\/title>\n<meta name=\"robots\" content=\"index, follow, max-snippet:-1, max-image-preview:large, max-video-preview:-1\" \/>\n<link rel=\"canonical\" href=\"https:\/\/zurzeit.at\/index.php\/donald-trump-staerkt-kinder-und-jugendschutz\/\" \/>\n<meta property=\"og:locale\" content=\"de_DE\" \/>\n<meta property=\"og:type\" content=\"article\" \/>\n<meta property=\"og:title\" content=\"Donald Trump st\u00e4rkt Kinder- und Jugendschutz - ZurZeit\" \/>\n<meta property=\"og:description\" content=\"Autor:\u00a0B.T. Bild: Wikipedia\/The Trump White House Lizenz: public domain US-Pr\u00e4sident Donald Trump r\u00e4umt mit den&hellip;\" \/>\n<meta property=\"og:url\" content=\"https:\/\/zurzeit.at\/index.php\/donald-trump-staerkt-kinder-und-jugendschutz\/\" \/>\n<meta property=\"og:site_name\" content=\"ZurZeit\" \/>\n<meta property=\"article:publisher\" content=\"https:\/\/www.facebook.com\/wochenmagazinZurZeit\/\" \/>\n<meta property=\"article:published_time\" content=\"2025-01-30T10:57:51+00:00\" \/>\n<meta property=\"og:image\" content=\"https:\/\/zurzeit.at\/wp-content\/uploads\/2025\/01\/President_Donald_Trump_signing_executive_orders_01.jpg\" \/>\n\t<meta property=\"og:image:width\" content=\"1280\" \/>\n\t<meta property=\"og:image:height\" content=\"853\" \/>\n\t<meta property=\"og:image:type\" content=\"image\/jpeg\" \/>\n<meta name=\"author\" content=\"admin2\" \/>\n<meta name=\"twitter:card\" content=\"summary_large_image\" \/>\n<meta name=\"twitter:label1\" content=\"Verfasst von\" \/>\n\t<meta name=\"twitter:data1\" content=\"admin2\" \/>\n\t<meta name=\"twitter:label2\" content=\"Gesch\u00e4tzte Lesezeit\" \/>\n\t<meta name=\"twitter:data2\" content=\"2\u00a0Minuten\" \/>\n<script type=\"application\/ld+json\" class=\"yoast-schema-graph\">{\"@context\":\"https:\\\/\\\/schema.org\",\"@graph\":[{\"@type\":\"Article\",\"@id\":\"https:\\\/\\\/zurzeit.at\\\/index.php\\\/donald-trump-staerkt-kinder-und-jugendschutz\\\/#article\",\"isPartOf\":{\"@id\":\"https:\\\/\\\/zurzeit.at\\\/index.php\\\/donald-trump-staerkt-kinder-und-jugendschutz\\\/\"},\"author\":{\"name\":\"admin2\",\"@id\":\"https:\\\/\\\/zurzeit.at\\\/#\\\/schema\\\/person\\\/e6f4284c4ffdba25c26f295806088e37\"},\"headline\":\"Donald Trump st\u00e4rkt Kinder- und Jugendschutz\",\"datePublished\":\"2025-01-30T10:57:51+00:00\",\"mainEntityOfPage\":{\"@id\":\"https:\\\/\\\/zurzeit.at\\\/index.php\\\/donald-trump-staerkt-kinder-und-jugendschutz\\\/\"},\"wordCount\":213,\"commentCount\":0,\"image\":{\"@id\":\"https:\\\/\\\/zurzeit.at\\\/index.php\\\/donald-trump-staerkt-kinder-und-jugendschutz\\\/#primaryimage\"},\"thumbnailUrl\":\"https:\\\/\\\/zurzeit.at\\\/wp-content\\\/uploads\\\/2025\\\/01\\\/President_Donald_Trump_signing_executive_orders_01.jpg\",\"keywords\":[\"DEI\",\"Donald Trump\",\"Geschlechtsumwandlung\",\"Jugendschutz\",\"Kinderschutz\",\"Transgender\",\"USA\",\"Wokeness\"],\"articleSection\":[\"Ausland\"],\"inLanguage\":\"de\",\"potentialAction\":[{\"@type\":\"CommentAction\",\"name\":\"Comment\",\"target\":[\"https:\\\/\\\/zurzeit.at\\\/index.php\\\/donald-trump-staerkt-kinder-und-jugendschutz\\\/#respond\"]}]},{\"@type\":\"WebPage\",\"@id\":\"https:\\\/\\\/zurzeit.at\\\/index.php\\\/donald-trump-staerkt-kinder-und-jugendschutz\\\/\",\"url\":\"https:\\\/\\\/zurzeit.at\\\/index.php\\\/donald-trump-staerkt-kinder-und-jugendschutz\\\/\",\"name\":\"Donald Trump st\u00e4rkt Kinder- und Jugendschutz - ZurZeit\",\"isPartOf\":{\"@id\":\"https:\\\/\\\/zurzeit.at\\\/#website\"},\"primaryImageOfPage\":{\"@id\":\"https:\\\/\\\/zurzeit.at\\\/index.php\\\/donald-trump-staerkt-kinder-und-jugendschutz\\\/#primaryimage\"},\"image\":{\"@id\":\"https:\\\/\\\/zurzeit.at\\\/index.php\\\/donald-trump-staerkt-kinder-und-jugendschutz\\\/#primaryimage\"},\"thumbnailUrl\":\"https:\\\/\\\/zurzeit.at\\\/wp-content\\\/uploads\\\/2025\\\/01\\\/President_Donald_Trump_signing_executive_orders_01.jpg\",\"datePublished\":\"2025-01-30T10:57:51+00:00\",\"author\":{\"@id\":\"https:\\\/\\\/zurzeit.at\\\/#\\\/schema\\\/person\\\/e6f4284c4ffdba25c26f295806088e37\"},\"breadcrumb\":{\"@id\":\"https:\\\/\\\/zurzeit.at\\\/index.php\\\/donald-trump-staerkt-kinder-und-jugendschutz\\\/#breadcrumb\"},\"inLanguage\":\"de\",\"potentialAction\":[{\"@type\":\"ReadAction\",\"target\":[\"https:\\\/\\\/zurzeit.at\\\/index.php\\\/donald-trump-staerkt-kinder-und-jugendschutz\\\/\"]}]},{\"@type\":\"ImageObject\",\"inLanguage\":\"de\",\"@id\":\"https:\\\/\\\/zurzeit.at\\\/index.php\\\/donald-trump-staerkt-kinder-und-jugendschutz\\\/#primaryimage\",\"url\":\"https:\\\/\\\/zurzeit.at\\\/wp-content\\\/uploads\\\/2025\\\/01\\\/President_Donald_Trump_signing_executive_orders_01.jpg\",\"contentUrl\":\"https:\\\/\\\/zurzeit.at\\\/wp-content\\\/uploads\\\/2025\\\/01\\\/President_Donald_Trump_signing_executive_orders_01.jpg\",\"width\":1280,\"height\":853},{\"@type\":\"BreadcrumbList\",\"@id\":\"https:\\\/\\\/zurzeit.at\\\/index.php\\\/donald-trump-staerkt-kinder-und-jugendschutz\\\/#breadcrumb\",\"itemListElement\":[{\"@type\":\"ListItem\",\"position\":1,\"name\":\"Startseite\",\"item\":\"https:\\\/\\\/zurzeit.at\\\/\"},{\"@type\":\"ListItem\",\"position\":2,\"name\":\"Donald Trump st\u00e4rkt Kinder- und Jugendschutz\"}]},{\"@type\":\"WebSite\",\"@id\":\"https:\\\/\\\/zurzeit.at\\\/#website\",\"url\":\"https:\\\/\\\/zurzeit.at\\\/\",\"name\":\"ZurZeit\",\"description\":\"Internetseite des Wochenmagazins ZurZeit\",\"potentialAction\":[{\"@type\":\"SearchAction\",\"target\":{\"@type\":\"EntryPoint\",\"urlTemplate\":\"https:\\\/\\\/zurzeit.at\\\/?s={search_term_string}\"},\"query-input\":{\"@type\":\"PropertyValueSpecification\",\"valueRequired\":true,\"valueName\":\"search_term_string\"}}],\"inLanguage\":\"de\"},{\"@type\":\"Person\",\"@id\":\"https:\\\/\\\/zurzeit.at\\\/#\\\/schema\\\/person\\\/e6f4284c4ffdba25c26f295806088e37\",\"name\":\"admin2\",\"image\":{\"@type\":\"ImageObject\",\"inLanguage\":\"de\",\"@id\":\"https:\\\/\\\/secure.gravatar.com\\\/avatar\\\/6b01edb108b3f79fc8950358251ecf3b91c228e319139ad1beec43b6b1b16470?s=96&d=mm&r=g\",\"url\":\"https:\\\/\\\/secure.gravatar.com\\\/avatar\\\/6b01edb108b3f79fc8950358251ecf3b91c228e319139ad1beec43b6b1b16470?s=96&d=mm&r=g\",\"contentUrl\":\"https:\\\/\\\/secure.gravatar.com\\\/avatar\\\/6b01edb108b3f79fc8950358251ecf3b91c228e319139ad1beec43b6b1b16470?s=96&d=mm&r=g\",\"caption\":\"admin2\"},\"url\":\"https:\\\/\\\/zurzeit.at\\\/index.php\\\/author\\\/admin2\\\/\"}]}<\/script>\n<!-- \/ Yoast SEO plugin. -->","yoast_head_json":{"title":"Donald Trump st\u00e4rkt Kinder- und Jugendschutz - ZurZeit","robots":{"index":"index","follow":"follow","max-snippet":"max-snippet:-1","max-image-preview":"max-image-preview:large","max-video-preview":"max-video-preview:-1"},"canonical":"https:\/\/zurzeit.at\/index.php\/donald-trump-staerkt-kinder-und-jugendschutz\/","og_locale":"de_DE","og_type":"article","og_title":"Donald Trump st\u00e4rkt Kinder- und Jugendschutz - ZurZeit","og_description":"Autor:\u00a0B.T. Bild: Wikipedia\/The Trump White House Lizenz: public domain US-Pr\u00e4sident Donald Trump r\u00e4umt mit den&hellip;","og_url":"https:\/\/zurzeit.at\/index.php\/donald-trump-staerkt-kinder-und-jugendschutz\/","og_site_name":"ZurZeit","article_publisher":"https:\/\/www.facebook.com\/wochenmagazinZurZeit\/","article_published_time":"2025-01-30T10:57:51+00:00","og_image":[{"width":1280,"height":853,"url":"https:\/\/zurzeit.at\/wp-content\/uploads\/2025\/01\/President_Donald_Trump_signing_executive_orders_01.jpg","type":"image\/jpeg"}],"author":"admin2","twitter_card":"summary_large_image","twitter_misc":{"Verfasst von":"admin2","Gesch\u00e4tzte Lesezeit":"2\u00a0Minuten"},"schema":{"@context":"https:\/\/schema.org","@graph":[{"@type":"Article","@id":"https:\/\/zurzeit.at\/index.php\/donald-trump-staerkt-kinder-und-jugendschutz\/#article","isPartOf":{"@id":"https:\/\/zurzeit.at\/index.php\/donald-trump-staerkt-kinder-und-jugendschutz\/"},"author":{"name":"admin2","@id":"https:\/\/zurzeit.at\/#\/schema\/person\/e6f4284c4ffdba25c26f295806088e37"},"headline":"Donald Trump st\u00e4rkt Kinder- und Jugendschutz","datePublished":"2025-01-30T10:57:51+00:00","mainEntityOfPage":{"@id":"https:\/\/zurzeit.at\/index.php\/donald-trump-staerkt-kinder-und-jugendschutz\/"},"wordCount":213,"commentCount":0,"image":{"@id":"https:\/\/zurzeit.at\/index.php\/donald-trump-staerkt-kinder-und-jugendschutz\/#primaryimage"},"thumbnailUrl":"https:\/\/zurzeit.at\/wp-content\/uploads\/2025\/01\/President_Donald_Trump_signing_executive_orders_01.jpg","keywords":["DEI","Donald Trump","Geschlechtsumwandlung","Jugendschutz","Kinderschutz","Transgender","USA","Wokeness"],"articleSection":["Ausland"],"inLanguage":"de","potentialAction":[{"@type":"CommentAction","name":"Comment","target":["https:\/\/zurzeit.at\/index.php\/donald-trump-staerkt-kinder-und-jugendschutz\/#respond"]}]},{"@type":"WebPage","@id":"https:\/\/zurzeit.at\/index.php\/donald-trump-staerkt-kinder-und-jugendschutz\/","url":"https:\/\/zurzeit.at\/index.php\/donald-trump-staerkt-kinder-und-jugendschutz\/","name":"Donald Trump st\u00e4rkt Kinder- und Jugendschutz - ZurZeit","isPartOf":{"@id":"https:\/\/zurzeit.at\/#website"},"primaryImageOfPage":{"@id":"https:\/\/zurzeit.at\/index.php\/donald-trump-staerkt-kinder-und-jugendschutz\/#primaryimage"},"image":{"@id":"https:\/\/zurzeit.at\/index.php\/donald-trump-staerkt-kinder-und-jugendschutz\/#primaryimage"},"thumbnailUrl":"https:\/\/zurzeit.at\/wp-content\/uploads\/2025\/01\/President_Donald_Trump_signing_executive_orders_01.jpg","datePublished":"2025-01-30T10:57:51+00:00","author":{"@id":"https:\/\/zurzeit.at\/#\/schema\/person\/e6f4284c4ffdba25c26f295806088e37"},"breadcrumb":{"@id":"https:\/\/zurzeit.at\/index.php\/donald-trump-staerkt-kinder-und-jugendschutz\/#breadcrumb"},"inLanguage":"de","potentialAction":[{"@type":"ReadAction","target":["https:\/\/zurzeit.at\/index.php\/donald-trump-staerkt-kinder-und-jugendschutz\/"]}]},{"@type":"ImageObject","inLanguage":"de","@id":"https:\/\/zurzeit.at\/index.php\/donald-trump-staerkt-kinder-und-jugendschutz\/#primaryimage","url":"https:\/\/zurzeit.at\/wp-content\/uploads\/2025\/01\/President_Donald_Trump_signing_executive_orders_01.jpg","contentUrl":"https:\/\/zurzeit.at\/wp-content\/uploads\/2025\/01\/President_Donald_Trump_signing_executive_orders_01.jpg","width":1280,"height":853},{"@type":"BreadcrumbList","@id":"https:\/\/zurzeit.at\/index.php\/donald-trump-staerkt-kinder-und-jugendschutz\/#breadcrumb","itemListElement":[{"@type":"ListItem","position":1,"name":"Startseite","item":"https:\/\/zurzeit.at\/"},{"@type":"ListItem","position":2,"name":"Donald Trump st\u00e4rkt Kinder- und Jugendschutz"}]},{"@type":"WebSite","@id":"https:\/\/zurzeit.at\/#website","url":"https:\/\/zurzeit.at\/","name":"ZurZeit","description":"Internetseite des Wochenmagazins ZurZeit","potentialAction":[{"@type":"SearchAction","target":{"@type":"EntryPoint","urlTemplate":"https:\/\/zurzeit.at\/?s={search_term_string}"},"query-input":{"@type":"PropertyValueSpecification","valueRequired":true,"valueName":"search_term_string"}}],"inLanguage":"de"},{"@type":"Person","@id":"https:\/\/zurzeit.at\/#\/schema\/person\/e6f4284c4ffdba25c26f295806088e37","name":"admin2","image":{"@type":"ImageObject","inLanguage":"de","@id":"https:\/\/secure.gravatar.com\/avatar\/6b01edb108b3f79fc8950358251ecf3b91c228e319139ad1beec43b6b1b16470?s=96&d=mm&r=g","url":"https:\/\/secure.gravatar.com\/avatar\/6b01edb108b3f79fc8950358251ecf3b91c228e319139ad1beec43b6b1b16470?s=96&d=mm&r=g","contentUrl":"https:\/\/secure.gravatar.com\/avatar\/6b01edb108b3f79fc8950358251ecf3b91c228e319139ad1beec43b6b1b16470?s=96&d=mm&r=g","caption":"admin2"},"url":"https:\/\/zurzeit.at\/index.php\/author\/admin2\/"}]}},"_links":{"self":[{"href":"https:\/\/zurzeit.at\/index.php\/wp-json\/wp\/v2\/posts\/19840","targetHints":{"allow":["GET"]}}],"collection":[{"href":"https:\/\/zurzeit.at\/index.php\/wp-json\/wp\/v2\/posts"}],"about":[{"href":"https:\/\/zurzeit.at\/index.php\/wp-json\/wp\/v2\/types\/post"}],"author":[{"embeddable":true,"href":"https:\/\/zurzeit.at\/index.php\/wp-json\/wp\/v2\/users\/3"}],"replies":[{"embeddable":true,"href":"https:\/\/zurzeit.at\/index.php\/wp-json\/wp\/v2\/comments?post=19840"}],"version-history":[{"count":1,"href":"https:\/\/zurzeit.at\/index.php\/wp-json\/wp\/v2\/posts\/19840\/revisions"}],"predecessor-version":[{"id":19842,"href":"https:\/\/zurzeit.at\/index.php\/wp-json\/wp\/v2\/posts\/19840\/revisions\/19842"}],"wp:featuredmedia":[{"embeddable":true,"href":"https:\/\/zurzeit.at\/index.php\/wp-json\/wp\/v2\/media\/19841"}],"wp:attachment":[{"href":"https:\/\/zurzeit.at\/index.php\/wp-json\/wp\/v2\/media?parent=19840"}],"wp:term":[{"taxonomy":"category","embeddable":true,"href":"https:\/\/zurzeit.at\/index.php\/wp-json\/wp\/v2\/categories?post=19840"},{"taxonomy":"post_tag","embeddable":true,"href":"https:\/\/zurzeit.at\/index.php\/wp-json\/wp\/v2\/tags?post=19840"}],"curies":[{"name":"wp","href":"https:\/\/api.w.org\/{rel}","templated":true}]}}