{"id":20122,"date":"2025-03-12T18:33:05","date_gmt":"2025-03-12T17:33:05","guid":{"rendered":"https:\/\/zurzeit.at\/?p=20122"},"modified":"2025-03-12T18:33:05","modified_gmt":"2025-03-12T17:33:05","slug":"massaker-in-syrien-und-die-eu-zimmert-sich-ihre-alternative-realitaet-zurecht","status":"publish","type":"post","link":"https:\/\/zurzeit.at\/index.php\/massaker-in-syrien-und-die-eu-zimmert-sich-ihre-alternative-realitaet-zurecht\/","title":{"rendered":"Massaker in Syrien und die EU zimmert sich ihre alternative Realit\u00e4t zurecht"},"content":{"rendered":"<p>Autor:\u00a0<a href=\"https:\/\/zurzeit.at\/index.php\/autoren\/\">B.T.<\/a>\u00a0<span class=\"licensetpl_attr\"><span class=\"plainlinks noprint\">Bild:\u00a0<a href=\"https:\/\/commons.wikimedia.org\/wiki\/File:HTS_Rebels_coordinating_at_Hama.png\">Wikipedia<\/a>\/<span id=\"creator\" class=\"fn\"><bdi><a class=\"extiw\" title=\"w:en:Voice of America\" href=\"https:\/\/en.wikipedia.org\/wiki\/en:Voice_of_America\"><span title=\"United States international broadcaster\">Voice of America<\/span><\/a> <\/bdi><\/span> <\/span><\/span><span class=\"licensetpl_attr\"><span class=\"plainlinks noprint\">Lizenz: <a class=\"extiw\" title=\"w:public domain\" href=\"https:\/\/en.wikipedia.org\/wiki\/public_domain\">public<\/a><a class=\"extiw\" title=\"w:public domain\" href=\"https:\/\/en.wikipedia.org\/wiki\/public_domain\"> dom<\/a><a class=\"extiw\" title=\"w:public domain\" href=\"https:\/\/en.wikipedia.org\/wiki\/public_domain\">ain<\/a><\/span><\/span><\/p>\n<hr \/>\n<p>Ende Februar lockerte die EU die Sanktionen gegen Syrien. F\u00fcr die selbsternannte Wertegemeinschaft stellt es offenkundig kein Problem dar, dass nach dem Sturz des langj\u00e4hrigen syrischen Pr\u00e4sidenten Dschihadisten an die Macht kamen. Somit \u00fcberrascht es auch nicht, dass die EU auf die ethnischen S\u00e4uberungen mit Gleichg\u00fcltigkeit reagiert, die von der gro\u00dfe Teile Syriens beherrschenden Dschihadisten-Gruppe Hay\u2019at Tahrir al-Sham (HTS) an Alawiten, Christen, Drusen und anderen religi\u00f6sen Minderheiten ver\u00fcbt.<\/p>\n<p>Mehr noch, die EU scheint ihre neuen HTS-Partner in Syrien reinwaschen zu wollen und versucht, die Schuld f\u00fcr die Gr\u00e4ueltaten \u201ePro-Assad-Elementen\u201c in die Schuhe schieben zu wollen. Ein Sprecher der EU erkl\u00e4rte: \u201eDie Europ\u00e4ische Union verurteilt aufs Sch\u00e4rfste die j\u00fcngsten Angriffe auf Kr\u00e4fte der \u00dcbergangsregierung in den K\u00fcstengebieten Syriens, die Berichten zufolge von Pro-Assad-Elementen ver\u00fcbt wurden, sowie jegliche Gewalt gegen Zivilisten.\u201c<\/p>\n<p>Der Hinweis, dass \u201eZivilisten unter allen Umst\u00e4nden in voller \u00dcbereinstimmung mit dem humanit\u00e4ren V\u00f6lkerrecht gesch\u00fctzt werden m\u00fcssen\u201c, liest sich wie eine l\u00e4stige Pflicht\u00fcbung. Br\u00fcssel weigert sich, in Syrien von der Ausl\u00f6schung bedrohte Minderheiten wie die Alawiten beim Namen zu nennen. Wie haltlos die Behauptung ist, dass \u201ePro-Assad-Elemente\u201c f\u00fcr die Massaker verantwortlich w\u00e4ren, zeigt sich daran, dass der gest\u00fcrzte Pr\u00e4sident Assad selbst der religi\u00f6sen Minderheit der Alawiten angeh\u00f6rte. Man kann auch davon sprechen, dass die Europ\u00e4ische Union bewusst Desinformation betreibt.<\/p>\n<p>W\u00e4hrend die Europ\u00e4ische Union sich in Bezug auf Syrien eine alternative Realit\u00e4t zurechtzimmert, findet Israels Au\u00dfenminister Gideon Sa\u2019ar. Er erkl\u00e4rte, HTS-Chef Ahmed al-Scharaa und seine M\u00e4nner \u201ewaren Dschihadisten und sind es geblieben, auch wenn sie jetzt Anz\u00fcge tragen\u201c.<\/p>\n","protected":false},"excerpt":{"rendered":"<p>Autor:\u00a0B.T.\u00a0Bild:\u00a0Wikipedia\/Voice of America Lizenz: public domain Ende Februar lockerte die EU die Sanktionen gegen Syrien.&hellip;<\/p>\n","protected":false},"author":3,"featured_media":20123,"comment_status":"open","ping_status":"closed","sticky":false,"template":"","format":"standard","meta":{"footnotes":""},"categories":[49],"tags":[10783,10784,2128,648,8768,89,10785,10568,214,394,1568,2964,1377,8342],"class_list":["post-20122","post","type-post","status-publish","format-standard","has-post-thumbnail","hentry","category-ausland","tag-ahmed-al-scharaa","tag-alawiten","tag-assad","tag-christen","tag-desinformation","tag-eu","tag-gideon-saar","tag-hts","tag-islamismus","tag-israel","tag-massaker","tag-minderheiten","tag-syrien","tag-voelkermord"],"yoast_head":"<!-- This site is optimized with the Yoast SEO plugin v28.3 - https:\/\/yoast.com\/product\/yoast-seo-wordpress\/ -->\n<title>Massaker in Syrien und die EU zimmert sich ihre alternative Realit\u00e4t zurecht - ZurZeit<\/title>\n<meta name=\"robots\" content=\"index, follow, max-snippet:-1, max-image-preview:large, max-video-preview:-1\" \/>\n<link rel=\"canonical\" href=\"https:\/\/zurzeit.at\/index.php\/massaker-in-syrien-und-die-eu-zimmert-sich-ihre-alternative-realitaet-zurecht\/\" \/>\n<meta property=\"og:locale\" content=\"de_DE\" \/>\n<meta property=\"og:type\" content=\"article\" \/>\n<meta property=\"og:title\" content=\"Massaker in Syrien und die EU zimmert sich ihre alternative Realit\u00e4t zurecht - ZurZeit\" \/>\n<meta property=\"og:description\" content=\"Autor:\u00a0B.T.\u00a0Bild:\u00a0Wikipedia\/Voice of America Lizenz: public domain Ende Februar lockerte die EU die Sanktionen gegen Syrien.&hellip;\" \/>\n<meta property=\"og:url\" content=\"https:\/\/zurzeit.at\/index.php\/massaker-in-syrien-und-die-eu-zimmert-sich-ihre-alternative-realitaet-zurecht\/\" \/>\n<meta property=\"og:site_name\" content=\"ZurZeit\" \/>\n<meta property=\"article:publisher\" content=\"https:\/\/www.facebook.com\/wochenmagazinZurZeit\/\" \/>\n<meta property=\"article:published_time\" content=\"2025-03-12T17:33:05+00:00\" \/>\n<meta property=\"og:image\" content=\"https:\/\/zurzeit.at\/wp-content\/uploads\/2025\/03\/HTS_Rebels_coordinating_at_Hama.png\" \/>\n\t<meta property=\"og:image:width\" content=\"1280\" \/>\n\t<meta property=\"og:image:height\" content=\"835\" \/>\n\t<meta property=\"og:image:type\" content=\"image\/png\" \/>\n<meta name=\"author\" content=\"admin2\" \/>\n<meta name=\"twitter:card\" content=\"summary_large_image\" \/>\n<meta name=\"twitter:label1\" content=\"Verfasst von\" \/>\n\t<meta name=\"twitter:data1\" content=\"admin2\" \/>\n\t<meta name=\"twitter:label2\" content=\"Gesch\u00e4tzte Lesezeit\" \/>\n\t<meta name=\"twitter:data2\" content=\"2\u00a0Minuten\" \/>\n<script type=\"application\/ld+json\" class=\"yoast-schema-graph\">{\"@context\":\"https:\\\/\\\/schema.org\",\"@graph\":[{\"@type\":\"Article\",\"@id\":\"https:\\\/\\\/zurzeit.at\\\/index.php\\\/massaker-in-syrien-und-die-eu-zimmert-sich-ihre-alternative-realitaet-zurecht\\\/#article\",\"isPartOf\":{\"@id\":\"https:\\\/\\\/zurzeit.at\\\/index.php\\\/massaker-in-syrien-und-die-eu-zimmert-sich-ihre-alternative-realitaet-zurecht\\\/\"},\"author\":{\"name\":\"admin2\",\"@id\":\"https:\\\/\\\/zurzeit.at\\\/#\\\/schema\\\/person\\\/e6f4284c4ffdba25c26f295806088e37\"},\"headline\":\"Massaker in Syrien und die EU zimmert sich ihre alternative Realit\u00e4t zurecht\",\"datePublished\":\"2025-03-12T17:33:05+00:00\",\"mainEntityOfPage\":{\"@id\":\"https:\\\/\\\/zurzeit.at\\\/index.php\\\/massaker-in-syrien-und-die-eu-zimmert-sich-ihre-alternative-realitaet-zurecht\\\/\"},\"wordCount\":313,\"commentCount\":0,\"image\":{\"@id\":\"https:\\\/\\\/zurzeit.at\\\/index.php\\\/massaker-in-syrien-und-die-eu-zimmert-sich-ihre-alternative-realitaet-zurecht\\\/#primaryimage\"},\"thumbnailUrl\":\"https:\\\/\\\/zurzeit.at\\\/wp-content\\\/uploads\\\/2025\\\/03\\\/HTS_Rebels_coordinating_at_Hama.png\",\"keywords\":[\"Ahmed al-Scharaa\",\"Alawiten\",\"Assad\",\"Christen\",\"Desinformation\",\"EU\",\"Gideon Sa\u2018ar\",\"HTS\",\"Islamismus\",\"Israel\",\"Massaker\",\"Minderheiten\",\"Syrien\",\"V\u00f6lkermord\"],\"articleSection\":[\"Ausland\"],\"inLanguage\":\"de\",\"potentialAction\":[{\"@type\":\"CommentAction\",\"name\":\"Comment\",\"target\":[\"https:\\\/\\\/zurzeit.at\\\/index.php\\\/massaker-in-syrien-und-die-eu-zimmert-sich-ihre-alternative-realitaet-zurecht\\\/#respond\"]}]},{\"@type\":\"WebPage\",\"@id\":\"https:\\\/\\\/zurzeit.at\\\/index.php\\\/massaker-in-syrien-und-die-eu-zimmert-sich-ihre-alternative-realitaet-zurecht\\\/\",\"url\":\"https:\\\/\\\/zurzeit.at\\\/index.php\\\/massaker-in-syrien-und-die-eu-zimmert-sich-ihre-alternative-realitaet-zurecht\\\/\",\"name\":\"Massaker in Syrien und die EU zimmert sich ihre alternative Realit\u00e4t zurecht - ZurZeit\",\"isPartOf\":{\"@id\":\"https:\\\/\\\/zurzeit.at\\\/#website\"},\"primaryImageOfPage\":{\"@id\":\"https:\\\/\\\/zurzeit.at\\\/index.php\\\/massaker-in-syrien-und-die-eu-zimmert-sich-ihre-alternative-realitaet-zurecht\\\/#primaryimage\"},\"image\":{\"@id\":\"https:\\\/\\\/zurzeit.at\\\/index.php\\\/massaker-in-syrien-und-die-eu-zimmert-sich-ihre-alternative-realitaet-zurecht\\\/#primaryimage\"},\"thumbnailUrl\":\"https:\\\/\\\/zurzeit.at\\\/wp-content\\\/uploads\\\/2025\\\/03\\\/HTS_Rebels_coordinating_at_Hama.png\",\"datePublished\":\"2025-03-12T17:33:05+00:00\",\"author\":{\"@id\":\"https:\\\/\\\/zurzeit.at\\\/#\\\/schema\\\/person\\\/e6f4284c4ffdba25c26f295806088e37\"},\"breadcrumb\":{\"@id\":\"https:\\\/\\\/zurzeit.at\\\/index.php\\\/massaker-in-syrien-und-die-eu-zimmert-sich-ihre-alternative-realitaet-zurecht\\\/#breadcrumb\"},\"inLanguage\":\"de\",\"potentialAction\":[{\"@type\":\"ReadAction\",\"target\":[\"https:\\\/\\\/zurzeit.at\\\/index.php\\\/massaker-in-syrien-und-die-eu-zimmert-sich-ihre-alternative-realitaet-zurecht\\\/\"]}]},{\"@type\":\"ImageObject\",\"inLanguage\":\"de\",\"@id\":\"https:\\\/\\\/zurzeit.at\\\/index.php\\\/massaker-in-syrien-und-die-eu-zimmert-sich-ihre-alternative-realitaet-zurecht\\\/#primaryimage\",\"url\":\"https:\\\/\\\/zurzeit.at\\\/wp-content\\\/uploads\\\/2025\\\/03\\\/HTS_Rebels_coordinating_at_Hama.png\",\"contentUrl\":\"https:\\\/\\\/zurzeit.at\\\/wp-content\\\/uploads\\\/2025\\\/03\\\/HTS_Rebels_coordinating_at_Hama.png\",\"width\":1280,\"height\":835},{\"@type\":\"BreadcrumbList\",\"@id\":\"https:\\\/\\\/zurzeit.at\\\/index.php\\\/massaker-in-syrien-und-die-eu-zimmert-sich-ihre-alternative-realitaet-zurecht\\\/#breadcrumb\",\"itemListElement\":[{\"@type\":\"ListItem\",\"position\":1,\"name\":\"Startseite\",\"item\":\"https:\\\/\\\/zurzeit.at\\\/\"},{\"@type\":\"ListItem\",\"position\":2,\"name\":\"Massaker in Syrien und die EU zimmert sich ihre alternative Realit\u00e4t zurecht\"}]},{\"@type\":\"WebSite\",\"@id\":\"https:\\\/\\\/zurzeit.at\\\/#website\",\"url\":\"https:\\\/\\\/zurzeit.at\\\/\",\"name\":\"ZurZeit\",\"description\":\"Internetseite des Wochenmagazins ZurZeit\",\"potentialAction\":[{\"@type\":\"SearchAction\",\"target\":{\"@type\":\"EntryPoint\",\"urlTemplate\":\"https:\\\/\\\/zurzeit.at\\\/?s={search_term_string}\"},\"query-input\":{\"@type\":\"PropertyValueSpecification\",\"valueRequired\":true,\"valueName\":\"search_term_string\"}}],\"inLanguage\":\"de\"},{\"@type\":\"Person\",\"@id\":\"https:\\\/\\\/zurzeit.at\\\/#\\\/schema\\\/person\\\/e6f4284c4ffdba25c26f295806088e37\",\"name\":\"admin2\",\"image\":{\"@type\":\"ImageObject\",\"inLanguage\":\"de\",\"@id\":\"https:\\\/\\\/secure.gravatar.com\\\/avatar\\\/6b01edb108b3f79fc8950358251ecf3b91c228e319139ad1beec43b6b1b16470?s=96&d=mm&r=g\",\"url\":\"https:\\\/\\\/secure.gravatar.com\\\/avatar\\\/6b01edb108b3f79fc8950358251ecf3b91c228e319139ad1beec43b6b1b16470?s=96&d=mm&r=g\",\"contentUrl\":\"https:\\\/\\\/secure.gravatar.com\\\/avatar\\\/6b01edb108b3f79fc8950358251ecf3b91c228e319139ad1beec43b6b1b16470?s=96&d=mm&r=g\",\"caption\":\"admin2\"},\"url\":\"https:\\\/\\\/zurzeit.at\\\/index.php\\\/author\\\/admin2\\\/\"}]}<\/script>\n<!-- \/ Yoast SEO plugin. -->","yoast_head_json":{"title":"Massaker in Syrien und die EU zimmert sich ihre alternative Realit\u00e4t zurecht - ZurZeit","robots":{"index":"index","follow":"follow","max-snippet":"max-snippet:-1","max-image-preview":"max-image-preview:large","max-video-preview":"max-video-preview:-1"},"canonical":"https:\/\/zurzeit.at\/index.php\/massaker-in-syrien-und-die-eu-zimmert-sich-ihre-alternative-realitaet-zurecht\/","og_locale":"de_DE","og_type":"article","og_title":"Massaker in Syrien und die EU zimmert sich ihre alternative Realit\u00e4t zurecht - ZurZeit","og_description":"Autor:\u00a0B.T.\u00a0Bild:\u00a0Wikipedia\/Voice of America Lizenz: public domain Ende Februar lockerte die EU die Sanktionen gegen Syrien.&hellip;","og_url":"https:\/\/zurzeit.at\/index.php\/massaker-in-syrien-und-die-eu-zimmert-sich-ihre-alternative-realitaet-zurecht\/","og_site_name":"ZurZeit","article_publisher":"https:\/\/www.facebook.com\/wochenmagazinZurZeit\/","article_published_time":"2025-03-12T17:33:05+00:00","og_image":[{"width":1280,"height":835,"url":"https:\/\/zurzeit.at\/wp-content\/uploads\/2025\/03\/HTS_Rebels_coordinating_at_Hama.png","type":"image\/png"}],"author":"admin2","twitter_card":"summary_large_image","twitter_misc":{"Verfasst von":"admin2","Gesch\u00e4tzte Lesezeit":"2\u00a0Minuten"},"schema":{"@context":"https:\/\/schema.org","@graph":[{"@type":"Article","@id":"https:\/\/zurzeit.at\/index.php\/massaker-in-syrien-und-die-eu-zimmert-sich-ihre-alternative-realitaet-zurecht\/#article","isPartOf":{"@id":"https:\/\/zurzeit.at\/index.php\/massaker-in-syrien-und-die-eu-zimmert-sich-ihre-alternative-realitaet-zurecht\/"},"author":{"name":"admin2","@id":"https:\/\/zurzeit.at\/#\/schema\/person\/e6f4284c4ffdba25c26f295806088e37"},"headline":"Massaker in Syrien und die EU zimmert sich ihre alternative Realit\u00e4t zurecht","datePublished":"2025-03-12T17:33:05+00:00","mainEntityOfPage":{"@id":"https:\/\/zurzeit.at\/index.php\/massaker-in-syrien-und-die-eu-zimmert-sich-ihre-alternative-realitaet-zurecht\/"},"wordCount":313,"commentCount":0,"image":{"@id":"https:\/\/zurzeit.at\/index.php\/massaker-in-syrien-und-die-eu-zimmert-sich-ihre-alternative-realitaet-zurecht\/#primaryimage"},"thumbnailUrl":"https:\/\/zurzeit.at\/wp-content\/uploads\/2025\/03\/HTS_Rebels_coordinating_at_Hama.png","keywords":["Ahmed al-Scharaa","Alawiten","Assad","Christen","Desinformation","EU","Gideon Sa\u2018ar","HTS","Islamismus","Israel","Massaker","Minderheiten","Syrien","V\u00f6lkermord"],"articleSection":["Ausland"],"inLanguage":"de","potentialAction":[{"@type":"CommentAction","name":"Comment","target":["https:\/\/zurzeit.at\/index.php\/massaker-in-syrien-und-die-eu-zimmert-sich-ihre-alternative-realitaet-zurecht\/#respond"]}]},{"@type":"WebPage","@id":"https:\/\/zurzeit.at\/index.php\/massaker-in-syrien-und-die-eu-zimmert-sich-ihre-alternative-realitaet-zurecht\/","url":"https:\/\/zurzeit.at\/index.php\/massaker-in-syrien-und-die-eu-zimmert-sich-ihre-alternative-realitaet-zurecht\/","name":"Massaker in Syrien und die EU zimmert sich ihre alternative Realit\u00e4t zurecht - ZurZeit","isPartOf":{"@id":"https:\/\/zurzeit.at\/#website"},"primaryImageOfPage":{"@id":"https:\/\/zurzeit.at\/index.php\/massaker-in-syrien-und-die-eu-zimmert-sich-ihre-alternative-realitaet-zurecht\/#primaryimage"},"image":{"@id":"https:\/\/zurzeit.at\/index.php\/massaker-in-syrien-und-die-eu-zimmert-sich-ihre-alternative-realitaet-zurecht\/#primaryimage"},"thumbnailUrl":"https:\/\/zurzeit.at\/wp-content\/uploads\/2025\/03\/HTS_Rebels_coordinating_at_Hama.png","datePublished":"2025-03-12T17:33:05+00:00","author":{"@id":"https:\/\/zurzeit.at\/#\/schema\/person\/e6f4284c4ffdba25c26f295806088e37"},"breadcrumb":{"@id":"https:\/\/zurzeit.at\/index.php\/massaker-in-syrien-und-die-eu-zimmert-sich-ihre-alternative-realitaet-zurecht\/#breadcrumb"},"inLanguage":"de","potentialAction":[{"@type":"ReadAction","target":["https:\/\/zurzeit.at\/index.php\/massaker-in-syrien-und-die-eu-zimmert-sich-ihre-alternative-realitaet-zurecht\/"]}]},{"@type":"ImageObject","inLanguage":"de","@id":"https:\/\/zurzeit.at\/index.php\/massaker-in-syrien-und-die-eu-zimmert-sich-ihre-alternative-realitaet-zurecht\/#primaryimage","url":"https:\/\/zurzeit.at\/wp-content\/uploads\/2025\/03\/HTS_Rebels_coordinating_at_Hama.png","contentUrl":"https:\/\/zurzeit.at\/wp-content\/uploads\/2025\/03\/HTS_Rebels_coordinating_at_Hama.png","width":1280,"height":835},{"@type":"BreadcrumbList","@id":"https:\/\/zurzeit.at\/index.php\/massaker-in-syrien-und-die-eu-zimmert-sich-ihre-alternative-realitaet-zurecht\/#breadcrumb","itemListElement":[{"@type":"ListItem","position":1,"name":"Startseite","item":"https:\/\/zurzeit.at\/"},{"@type":"ListItem","position":2,"name":"Massaker in Syrien und die EU zimmert sich ihre alternative Realit\u00e4t zurecht"}]},{"@type":"WebSite","@id":"https:\/\/zurzeit.at\/#website","url":"https:\/\/zurzeit.at\/","name":"ZurZeit","description":"Internetseite des Wochenmagazins ZurZeit","potentialAction":[{"@type":"SearchAction","target":{"@type":"EntryPoint","urlTemplate":"https:\/\/zurzeit.at\/?s={search_term_string}"},"query-input":{"@type":"PropertyValueSpecification","valueRequired":true,"valueName":"search_term_string"}}],"inLanguage":"de"},{"@type":"Person","@id":"https:\/\/zurzeit.at\/#\/schema\/person\/e6f4284c4ffdba25c26f295806088e37","name":"admin2","image":{"@type":"ImageObject","inLanguage":"de","@id":"https:\/\/secure.gravatar.com\/avatar\/6b01edb108b3f79fc8950358251ecf3b91c228e319139ad1beec43b6b1b16470?s=96&d=mm&r=g","url":"https:\/\/secure.gravatar.com\/avatar\/6b01edb108b3f79fc8950358251ecf3b91c228e319139ad1beec43b6b1b16470?s=96&d=mm&r=g","contentUrl":"https:\/\/secure.gravatar.com\/avatar\/6b01edb108b3f79fc8950358251ecf3b91c228e319139ad1beec43b6b1b16470?s=96&d=mm&r=g","caption":"admin2"},"url":"https:\/\/zurzeit.at\/index.php\/author\/admin2\/"}]}},"_links":{"self":[{"href":"https:\/\/zurzeit.at\/index.php\/wp-json\/wp\/v2\/posts\/20122","targetHints":{"allow":["GET"]}}],"collection":[{"href":"https:\/\/zurzeit.at\/index.php\/wp-json\/wp\/v2\/posts"}],"about":[{"href":"https:\/\/zurzeit.at\/index.php\/wp-json\/wp\/v2\/types\/post"}],"author":[{"embeddable":true,"href":"https:\/\/zurzeit.at\/index.php\/wp-json\/wp\/v2\/users\/3"}],"replies":[{"embeddable":true,"href":"https:\/\/zurzeit.at\/index.php\/wp-json\/wp\/v2\/comments?post=20122"}],"version-history":[{"count":1,"href":"https:\/\/zurzeit.at\/index.php\/wp-json\/wp\/v2\/posts\/20122\/revisions"}],"predecessor-version":[{"id":20124,"href":"https:\/\/zurzeit.at\/index.php\/wp-json\/wp\/v2\/posts\/20122\/revisions\/20124"}],"wp:featuredmedia":[{"embeddable":true,"href":"https:\/\/zurzeit.at\/index.php\/wp-json\/wp\/v2\/media\/20123"}],"wp:attachment":[{"href":"https:\/\/zurzeit.at\/index.php\/wp-json\/wp\/v2\/media?parent=20122"}],"wp:term":[{"taxonomy":"category","embeddable":true,"href":"https:\/\/zurzeit.at\/index.php\/wp-json\/wp\/v2\/categories?post=20122"},{"taxonomy":"post_tag","embeddable":true,"href":"https:\/\/zurzeit.at\/index.php\/wp-json\/wp\/v2\/tags?post=20122"}],"curies":[{"name":"wp","href":"https:\/\/api.w.org\/{rel}","templated":true}]}}