{"id":20386,"date":"2025-04-25T19:37:51","date_gmt":"2025-04-25T17:37:51","guid":{"rendered":"https:\/\/zurzeit.at\/?p=20386"},"modified":"2025-04-25T19:37:51","modified_gmt":"2025-04-25T17:37:51","slug":"deutschlands-dritte-rezession-in-folge","status":"publish","type":"post","link":"https:\/\/zurzeit.at\/index.php\/deutschlands-dritte-rezession-in-folge\/","title":{"rendered":"Deutschlands dritte Rezession in Folge"},"content":{"rendered":"<p>Autor:\u00a0<a href=\"https:\/\/zurzeit.at\/index.php\/autoren\/\">A.R.<\/a>\u00a0<span class=\"licensetpl_attr\"><span class=\"plainlinks noprint\">Bild: <a href=\"https:\/\/de.m.wikipedia.org\/wiki\/Friedrich_Merz#\/media\/Datei%3AEPP_Congress_Rotterdam_-_Day_1_(52112981094)_(cropped).jpg\">European People&#8217;s Party <\/a><\/span><\/span>Lizenz: <span class=\"licensetpl_attr\"><span class=\"plainlinks noprint\"><a href=\"https:\/\/commons.wikimedia.org\/wiki\/File:EPP_Congress_Rotterdam_-_Day_1_(52112981094)_(cropped).jpg#mw-jump-to-license\">CC BY 2.0<\/a><\/span><\/span><\/p>\n<hr \/>\n<p>Ein trauriger Rekord: Zum dritten Mal in Folge wird Deutschland laut offizieller Prognose in die Rezession schlittern. Wirtschaftsminister Robert Habeck fand auch rasch einen S\u00fcndenbock: Donald Trump. Denn dessen \u201eunkalkulierbare Handelspolitik\u201c sei schuld am deutschen Absturz.<\/p>\n<p>Ein genauer Blick zeigt: Das Problem liegt l\u00e4ngst tiefer. Bereits seit sechs Quartalen schrumpft die deutsche Wirtschaft \u2013 der l\u00e4ngste Abschwung seit der Wiedervereinigung. Exportzahlen brechen ein, Energiepreise bleiben hoch, die Industrie verliert global an Wettbewerbsf\u00e4higkeit. W\u00e4hrenddessen verabschiedete Berlin die jahrzehntelange Haushaltsdisziplin, warf die Schuldenbremse \u00fcber Bord und setzt auf ein schuldenfinanziertes \u201eRettungspaket\u201c, das den Karren noch tiefer in den Dreck zieht.<\/p>\n<p>Exporte sollen 2025 um weitere 2,2 Prozent einbrechen. Investitionen stocken. Die Inflation bleibt bei rund zwei Prozent \u2013 trotz wirtschaftlicher Schw\u00e4che. Arbeitslosigkeit steigt auf 6,3 Prozent. Mit anderen Worten: Willkommen in der Stagflation.<\/p>\n<p>Habecks Forderung nach \u201eGegenma\u00dfnahmen der EU\u201c gegen die USA wirkt da eher hilflos als entschlossen. Denn die eigentliche Ursache f\u00fcr Deutschlands Abstieg ist hausgemacht: eine energieintensive Industriepolitik ohne bezahlbare Energie, eine exportfixierte Wirtschaft ohne stabile Abnehmer und eine immer absurdere B\u00fcrokratie, die Innovation und Unternehmertum im Keim erstickt.<\/p>\n<p>Dass jetzt bereits erste Stimmen von einer vierten Rezession 2026 sprechen, \u00fcberrascht niemanden mehr. Selbst die Hoffnung auf ein Wachstum von 1 Prozent unter Kanzler-in-spe Friedrich Merz wirkt angesichts der verheerenden Rahmenbedingungen wie Zweckoptimismus.<\/p>\n<p>W\u00e4hrend Deutschland dringend einen schw\u00e4cheren Euro br\u00e4uchte, verhindert die absehbare Dollarschw\u00e4che genau das. Ohne ein erneutes Absenken der EZB-Zinsen Richtung Null bleibt Europa wirtschaftlich gel\u00e4hmt.<\/p>\n<p>Fazit: Deutschlands Niedergang ist nicht das Werk eines US-Pr\u00e4sidenten. Er ist die Konsequenz politischer Selbst\u00fcbersch\u00e4tzung, ideologischer Realit\u00e4tsverweigerung und wirtschaftlicher Selbstzerst\u00f6rung.<\/p>\n","protected":false},"excerpt":{"rendered":"<p>Autor:\u00a0A.R.\u00a0Bild: European People&#8217;s Party Lizenz: CC BY 2.0 Ein trauriger Rekord: Zum dritten Mal in&hellip;<\/p>\n","protected":false},"author":3,"featured_media":20387,"comment_status":"open","ping_status":"closed","sticky":false,"template":"","format":"standard","meta":{"footnotes":""},"categories":[48],"tags":[3466,60,938,3855,10907,279,4013,8259,5102,3335,8213],"class_list":["post-20386","post","type-post","status-publish","format-standard","has-post-thumbnail","hentry","category-europa","tag-arbeitslosigkeit","tag-deutschland","tag-donald-trump","tag-euro-krise","tag-exporteinbruch","tag-ezb","tag-inflation","tag-rezession","tag-robert-habeck","tag-wirtschaftskrise","tag-wirtschaftspolitik"],"yoast_head":"<!-- This site is optimized with the Yoast SEO plugin v28.3 - https:\/\/yoast.com\/product\/yoast-seo-wordpress\/ -->\n<title>Deutschlands dritte Rezession in Folge - ZurZeit<\/title>\n<meta name=\"robots\" content=\"index, follow, max-snippet:-1, max-image-preview:large, max-video-preview:-1\" \/>\n<link rel=\"canonical\" href=\"https:\/\/zurzeit.at\/index.php\/deutschlands-dritte-rezession-in-folge\/\" \/>\n<meta property=\"og:locale\" content=\"de_DE\" \/>\n<meta property=\"og:type\" content=\"article\" \/>\n<meta property=\"og:title\" content=\"Deutschlands dritte Rezession in Folge - ZurZeit\" \/>\n<meta property=\"og:description\" content=\"Autor:\u00a0A.R.\u00a0Bild: European People&#8217;s Party Lizenz: CC BY 2.0 Ein trauriger Rekord: Zum dritten Mal in&hellip;\" \/>\n<meta property=\"og:url\" content=\"https:\/\/zurzeit.at\/index.php\/deutschlands-dritte-rezession-in-folge\/\" \/>\n<meta property=\"og:site_name\" content=\"ZurZeit\" \/>\n<meta property=\"article:publisher\" content=\"https:\/\/www.facebook.com\/wochenmagazinZurZeit\/\" \/>\n<meta property=\"article:published_time\" content=\"2025-04-25T17:37:51+00:00\" \/>\n<meta property=\"og:image\" content=\"https:\/\/zurzeit.at\/wp-content\/uploads\/2025\/04\/EPP_Congress_Rotterdam_-_Day_1_52112981094_cropped.jpg\" \/>\n\t<meta property=\"og:image:width\" content=\"441\" \/>\n\t<meta property=\"og:image:height\" content=\"594\" \/>\n\t<meta property=\"og:image:type\" content=\"image\/jpeg\" \/>\n<meta name=\"author\" content=\"admin2\" \/>\n<meta name=\"twitter:card\" content=\"summary_large_image\" \/>\n<meta name=\"twitter:label1\" content=\"Verfasst von\" \/>\n\t<meta name=\"twitter:data1\" content=\"admin2\" \/>\n\t<meta name=\"twitter:label2\" content=\"Gesch\u00e4tzte Lesezeit\" \/>\n\t<meta name=\"twitter:data2\" content=\"2\u00a0Minuten\" \/>\n<script type=\"application\/ld+json\" class=\"yoast-schema-graph\">{\"@context\":\"https:\\\/\\\/schema.org\",\"@graph\":[{\"@type\":\"Article\",\"@id\":\"https:\\\/\\\/zurzeit.at\\\/index.php\\\/deutschlands-dritte-rezession-in-folge\\\/#article\",\"isPartOf\":{\"@id\":\"https:\\\/\\\/zurzeit.at\\\/index.php\\\/deutschlands-dritte-rezession-in-folge\\\/\"},\"author\":{\"name\":\"admin2\",\"@id\":\"https:\\\/\\\/zurzeit.at\\\/#\\\/schema\\\/person\\\/e6f4284c4ffdba25c26f295806088e37\"},\"headline\":\"Deutschlands dritte Rezession in Folge\",\"datePublished\":\"2025-04-25T17:37:51+00:00\",\"mainEntityOfPage\":{\"@id\":\"https:\\\/\\\/zurzeit.at\\\/index.php\\\/deutschlands-dritte-rezession-in-folge\\\/\"},\"wordCount\":286,\"commentCount\":0,\"image\":{\"@id\":\"https:\\\/\\\/zurzeit.at\\\/index.php\\\/deutschlands-dritte-rezession-in-folge\\\/#primaryimage\"},\"thumbnailUrl\":\"https:\\\/\\\/zurzeit.at\\\/wp-content\\\/uploads\\\/2025\\\/04\\\/EPP_Congress_Rotterdam_-_Day_1_52112981094_cropped.jpg\",\"keywords\":[\"Arbeitslosigkeit\",\"Deutschland\",\"Donald Trump\",\"Euro-Krise\",\"Exporteinbruch\",\"EZB\",\"Inflation\",\"Rezession\",\"Robert Habeck\",\"Wirtschaftskrise\",\"Wirtschaftspolitik\"],\"articleSection\":[\"Europa\"],\"inLanguage\":\"de\",\"potentialAction\":[{\"@type\":\"CommentAction\",\"name\":\"Comment\",\"target\":[\"https:\\\/\\\/zurzeit.at\\\/index.php\\\/deutschlands-dritte-rezession-in-folge\\\/#respond\"]}]},{\"@type\":\"WebPage\",\"@id\":\"https:\\\/\\\/zurzeit.at\\\/index.php\\\/deutschlands-dritte-rezession-in-folge\\\/\",\"url\":\"https:\\\/\\\/zurzeit.at\\\/index.php\\\/deutschlands-dritte-rezession-in-folge\\\/\",\"name\":\"Deutschlands dritte Rezession in Folge - ZurZeit\",\"isPartOf\":{\"@id\":\"https:\\\/\\\/zurzeit.at\\\/#website\"},\"primaryImageOfPage\":{\"@id\":\"https:\\\/\\\/zurzeit.at\\\/index.php\\\/deutschlands-dritte-rezession-in-folge\\\/#primaryimage\"},\"image\":{\"@id\":\"https:\\\/\\\/zurzeit.at\\\/index.php\\\/deutschlands-dritte-rezession-in-folge\\\/#primaryimage\"},\"thumbnailUrl\":\"https:\\\/\\\/zurzeit.at\\\/wp-content\\\/uploads\\\/2025\\\/04\\\/EPP_Congress_Rotterdam_-_Day_1_52112981094_cropped.jpg\",\"datePublished\":\"2025-04-25T17:37:51+00:00\",\"author\":{\"@id\":\"https:\\\/\\\/zurzeit.at\\\/#\\\/schema\\\/person\\\/e6f4284c4ffdba25c26f295806088e37\"},\"breadcrumb\":{\"@id\":\"https:\\\/\\\/zurzeit.at\\\/index.php\\\/deutschlands-dritte-rezession-in-folge\\\/#breadcrumb\"},\"inLanguage\":\"de\",\"potentialAction\":[{\"@type\":\"ReadAction\",\"target\":[\"https:\\\/\\\/zurzeit.at\\\/index.php\\\/deutschlands-dritte-rezession-in-folge\\\/\"]}]},{\"@type\":\"ImageObject\",\"inLanguage\":\"de\",\"@id\":\"https:\\\/\\\/zurzeit.at\\\/index.php\\\/deutschlands-dritte-rezession-in-folge\\\/#primaryimage\",\"url\":\"https:\\\/\\\/zurzeit.at\\\/wp-content\\\/uploads\\\/2025\\\/04\\\/EPP_Congress_Rotterdam_-_Day_1_52112981094_cropped.jpg\",\"contentUrl\":\"https:\\\/\\\/zurzeit.at\\\/wp-content\\\/uploads\\\/2025\\\/04\\\/EPP_Congress_Rotterdam_-_Day_1_52112981094_cropped.jpg\",\"width\":441,\"height\":594,\"caption\":\"DAVID PLAS PHOTOGRAPHY\"},{\"@type\":\"BreadcrumbList\",\"@id\":\"https:\\\/\\\/zurzeit.at\\\/index.php\\\/deutschlands-dritte-rezession-in-folge\\\/#breadcrumb\",\"itemListElement\":[{\"@type\":\"ListItem\",\"position\":1,\"name\":\"Startseite\",\"item\":\"https:\\\/\\\/zurzeit.at\\\/\"},{\"@type\":\"ListItem\",\"position\":2,\"name\":\"Deutschlands dritte Rezession in Folge\"}]},{\"@type\":\"WebSite\",\"@id\":\"https:\\\/\\\/zurzeit.at\\\/#website\",\"url\":\"https:\\\/\\\/zurzeit.at\\\/\",\"name\":\"ZurZeit\",\"description\":\"Internetseite des Wochenmagazins ZurZeit\",\"potentialAction\":[{\"@type\":\"SearchAction\",\"target\":{\"@type\":\"EntryPoint\",\"urlTemplate\":\"https:\\\/\\\/zurzeit.at\\\/?s={search_term_string}\"},\"query-input\":{\"@type\":\"PropertyValueSpecification\",\"valueRequired\":true,\"valueName\":\"search_term_string\"}}],\"inLanguage\":\"de\"},{\"@type\":\"Person\",\"@id\":\"https:\\\/\\\/zurzeit.at\\\/#\\\/schema\\\/person\\\/e6f4284c4ffdba25c26f295806088e37\",\"name\":\"admin2\",\"image\":{\"@type\":\"ImageObject\",\"inLanguage\":\"de\",\"@id\":\"https:\\\/\\\/secure.gravatar.com\\\/avatar\\\/6b01edb108b3f79fc8950358251ecf3b91c228e319139ad1beec43b6b1b16470?s=96&d=mm&r=g\",\"url\":\"https:\\\/\\\/secure.gravatar.com\\\/avatar\\\/6b01edb108b3f79fc8950358251ecf3b91c228e319139ad1beec43b6b1b16470?s=96&d=mm&r=g\",\"contentUrl\":\"https:\\\/\\\/secure.gravatar.com\\\/avatar\\\/6b01edb108b3f79fc8950358251ecf3b91c228e319139ad1beec43b6b1b16470?s=96&d=mm&r=g\",\"caption\":\"admin2\"},\"url\":\"https:\\\/\\\/zurzeit.at\\\/index.php\\\/author\\\/admin2\\\/\"}]}<\/script>\n<!-- \/ Yoast SEO plugin. -->","yoast_head_json":{"title":"Deutschlands dritte Rezession in Folge - ZurZeit","robots":{"index":"index","follow":"follow","max-snippet":"max-snippet:-1","max-image-preview":"max-image-preview:large","max-video-preview":"max-video-preview:-1"},"canonical":"https:\/\/zurzeit.at\/index.php\/deutschlands-dritte-rezession-in-folge\/","og_locale":"de_DE","og_type":"article","og_title":"Deutschlands dritte Rezession in Folge - ZurZeit","og_description":"Autor:\u00a0A.R.\u00a0Bild: European People&#8217;s Party Lizenz: CC BY 2.0 Ein trauriger Rekord: Zum dritten Mal in&hellip;","og_url":"https:\/\/zurzeit.at\/index.php\/deutschlands-dritte-rezession-in-folge\/","og_site_name":"ZurZeit","article_publisher":"https:\/\/www.facebook.com\/wochenmagazinZurZeit\/","article_published_time":"2025-04-25T17:37:51+00:00","og_image":[{"width":441,"height":594,"url":"https:\/\/zurzeit.at\/wp-content\/uploads\/2025\/04\/EPP_Congress_Rotterdam_-_Day_1_52112981094_cropped.jpg","type":"image\/jpeg"}],"author":"admin2","twitter_card":"summary_large_image","twitter_misc":{"Verfasst von":"admin2","Gesch\u00e4tzte Lesezeit":"2\u00a0Minuten"},"schema":{"@context":"https:\/\/schema.org","@graph":[{"@type":"Article","@id":"https:\/\/zurzeit.at\/index.php\/deutschlands-dritte-rezession-in-folge\/#article","isPartOf":{"@id":"https:\/\/zurzeit.at\/index.php\/deutschlands-dritte-rezession-in-folge\/"},"author":{"name":"admin2","@id":"https:\/\/zurzeit.at\/#\/schema\/person\/e6f4284c4ffdba25c26f295806088e37"},"headline":"Deutschlands dritte Rezession in Folge","datePublished":"2025-04-25T17:37:51+00:00","mainEntityOfPage":{"@id":"https:\/\/zurzeit.at\/index.php\/deutschlands-dritte-rezession-in-folge\/"},"wordCount":286,"commentCount":0,"image":{"@id":"https:\/\/zurzeit.at\/index.php\/deutschlands-dritte-rezession-in-folge\/#primaryimage"},"thumbnailUrl":"https:\/\/zurzeit.at\/wp-content\/uploads\/2025\/04\/EPP_Congress_Rotterdam_-_Day_1_52112981094_cropped.jpg","keywords":["Arbeitslosigkeit","Deutschland","Donald Trump","Euro-Krise","Exporteinbruch","EZB","Inflation","Rezession","Robert Habeck","Wirtschaftskrise","Wirtschaftspolitik"],"articleSection":["Europa"],"inLanguage":"de","potentialAction":[{"@type":"CommentAction","name":"Comment","target":["https:\/\/zurzeit.at\/index.php\/deutschlands-dritte-rezession-in-folge\/#respond"]}]},{"@type":"WebPage","@id":"https:\/\/zurzeit.at\/index.php\/deutschlands-dritte-rezession-in-folge\/","url":"https:\/\/zurzeit.at\/index.php\/deutschlands-dritte-rezession-in-folge\/","name":"Deutschlands dritte Rezession in Folge - ZurZeit","isPartOf":{"@id":"https:\/\/zurzeit.at\/#website"},"primaryImageOfPage":{"@id":"https:\/\/zurzeit.at\/index.php\/deutschlands-dritte-rezession-in-folge\/#primaryimage"},"image":{"@id":"https:\/\/zurzeit.at\/index.php\/deutschlands-dritte-rezession-in-folge\/#primaryimage"},"thumbnailUrl":"https:\/\/zurzeit.at\/wp-content\/uploads\/2025\/04\/EPP_Congress_Rotterdam_-_Day_1_52112981094_cropped.jpg","datePublished":"2025-04-25T17:37:51+00:00","author":{"@id":"https:\/\/zurzeit.at\/#\/schema\/person\/e6f4284c4ffdba25c26f295806088e37"},"breadcrumb":{"@id":"https:\/\/zurzeit.at\/index.php\/deutschlands-dritte-rezession-in-folge\/#breadcrumb"},"inLanguage":"de","potentialAction":[{"@type":"ReadAction","target":["https:\/\/zurzeit.at\/index.php\/deutschlands-dritte-rezession-in-folge\/"]}]},{"@type":"ImageObject","inLanguage":"de","@id":"https:\/\/zurzeit.at\/index.php\/deutschlands-dritte-rezession-in-folge\/#primaryimage","url":"https:\/\/zurzeit.at\/wp-content\/uploads\/2025\/04\/EPP_Congress_Rotterdam_-_Day_1_52112981094_cropped.jpg","contentUrl":"https:\/\/zurzeit.at\/wp-content\/uploads\/2025\/04\/EPP_Congress_Rotterdam_-_Day_1_52112981094_cropped.jpg","width":441,"height":594,"caption":"DAVID PLAS PHOTOGRAPHY"},{"@type":"BreadcrumbList","@id":"https:\/\/zurzeit.at\/index.php\/deutschlands-dritte-rezession-in-folge\/#breadcrumb","itemListElement":[{"@type":"ListItem","position":1,"name":"Startseite","item":"https:\/\/zurzeit.at\/"},{"@type":"ListItem","position":2,"name":"Deutschlands dritte Rezession in Folge"}]},{"@type":"WebSite","@id":"https:\/\/zurzeit.at\/#website","url":"https:\/\/zurzeit.at\/","name":"ZurZeit","description":"Internetseite des Wochenmagazins ZurZeit","potentialAction":[{"@type":"SearchAction","target":{"@type":"EntryPoint","urlTemplate":"https:\/\/zurzeit.at\/?s={search_term_string}"},"query-input":{"@type":"PropertyValueSpecification","valueRequired":true,"valueName":"search_term_string"}}],"inLanguage":"de"},{"@type":"Person","@id":"https:\/\/zurzeit.at\/#\/schema\/person\/e6f4284c4ffdba25c26f295806088e37","name":"admin2","image":{"@type":"ImageObject","inLanguage":"de","@id":"https:\/\/secure.gravatar.com\/avatar\/6b01edb108b3f79fc8950358251ecf3b91c228e319139ad1beec43b6b1b16470?s=96&d=mm&r=g","url":"https:\/\/secure.gravatar.com\/avatar\/6b01edb108b3f79fc8950358251ecf3b91c228e319139ad1beec43b6b1b16470?s=96&d=mm&r=g","contentUrl":"https:\/\/secure.gravatar.com\/avatar\/6b01edb108b3f79fc8950358251ecf3b91c228e319139ad1beec43b6b1b16470?s=96&d=mm&r=g","caption":"admin2"},"url":"https:\/\/zurzeit.at\/index.php\/author\/admin2\/"}]}},"_links":{"self":[{"href":"https:\/\/zurzeit.at\/index.php\/wp-json\/wp\/v2\/posts\/20386","targetHints":{"allow":["GET"]}}],"collection":[{"href":"https:\/\/zurzeit.at\/index.php\/wp-json\/wp\/v2\/posts"}],"about":[{"href":"https:\/\/zurzeit.at\/index.php\/wp-json\/wp\/v2\/types\/post"}],"author":[{"embeddable":true,"href":"https:\/\/zurzeit.at\/index.php\/wp-json\/wp\/v2\/users\/3"}],"replies":[{"embeddable":true,"href":"https:\/\/zurzeit.at\/index.php\/wp-json\/wp\/v2\/comments?post=20386"}],"version-history":[{"count":1,"href":"https:\/\/zurzeit.at\/index.php\/wp-json\/wp\/v2\/posts\/20386\/revisions"}],"predecessor-version":[{"id":20388,"href":"https:\/\/zurzeit.at\/index.php\/wp-json\/wp\/v2\/posts\/20386\/revisions\/20388"}],"wp:featuredmedia":[{"embeddable":true,"href":"https:\/\/zurzeit.at\/index.php\/wp-json\/wp\/v2\/media\/20387"}],"wp:attachment":[{"href":"https:\/\/zurzeit.at\/index.php\/wp-json\/wp\/v2\/media?parent=20386"}],"wp:term":[{"taxonomy":"category","embeddable":true,"href":"https:\/\/zurzeit.at\/index.php\/wp-json\/wp\/v2\/categories?post=20386"},{"taxonomy":"post_tag","embeddable":true,"href":"https:\/\/zurzeit.at\/index.php\/wp-json\/wp\/v2\/tags?post=20386"}],"curies":[{"name":"wp","href":"https:\/\/api.w.org\/{rel}","templated":true}]}}