{"id":20389,"date":"2025-04-28T11:24:08","date_gmt":"2025-04-28T09:24:08","guid":{"rendered":"https:\/\/zurzeit.at\/?p=20389"},"modified":"2025-04-28T11:24:08","modified_gmt":"2025-04-28T09:24:08","slug":"mangels-erfolge-zieht-lena-meyer-landrut-ueber-afd-waehler","status":"publish","type":"post","link":"https:\/\/zurzeit.at\/index.php\/mangels-erfolge-zieht-lena-meyer-landrut-ueber-afd-waehler\/","title":{"rendered":"Mangels Erfolge zieht Lena Meyer-Landrut \u00fcber AfD-W\u00e4hler"},"content":{"rendered":"<p>Autor:\u00a0<a href=\"https:\/\/zurzeit.at\/index.php\/autoren\/\">A.S.<\/a> <span class=\"licensetpl_attr\"><span class=\"plainlinks noprint\">Bild: <a href=\"https:\/\/commons.wikimedia.org\/wiki\/File:2019_Lena_-_by_2eight_-_DSC4518.jpg\">Wikipedia<\/a>\/<a class=\"extiw\" title=\"de:User:2eight\" href=\"https:\/\/de.wikipedia.org\/wiki\/User:2eight\">Stefan Brending <\/a><\/span><\/span>Lizenz: <a class=\"external text\" href=\"https:\/\/creativecommons.org\/licenses\/by-sa\/3.0\/de\/legalcode\" rel=\"nofollow\">Creative Commons CC-BY-SA-3.0 de<\/a><\/p>\n<hr \/>\n<p>Manche S\u00e4nger glauben offenbar, dass sie mangelnden Zuspruch durch linke politische Wortspenden ausgleichen k\u00f6nnen. Rund 15 Jahre ist es her, dass Lena Meyer-Landrut den europ\u00e4ische Eurovision Song Contest mit ihrem Lied \u201eSatelitte\u201c gewann. Mit ihrem Beitrag \u201eTaken by a Stranger\u201c 2011 erreichte sie nur noch den Platz 10. Organisiert wurde Lena Meyer-Landrut und ihr Erfolg von Stefan Raab.<\/p>\n<p>Mit ausbleibenden folgenden Erfolgen verlegte sich das verblassende \u201eSternchen\u201c offenbar auf das N\u00f6rgeln, Klagen und politische Belehrungen. \u00dcber Raab: \u201eEigentlich war es unfair, mich auf die B\u00fchne zu stellen. Es hat mich auf jeden Fall mitgenommen und begleitet mich bis heute, ich werde es nicht los.\u201c Die \u201eBild\u201c-Zeitung bekam juristischen \u00c4rger: Das Boulevardblatt hatte zwei aus einem Hinterhalt aufgenommene Paparazzo-Fotos ver\u00f6ffentlicht, die Meyer-Landrut bei einem Spaziergang durch Berlin zeigen. Auch auf den Fotos zu sehen: Meyer-Landruts Kind. Dessen Gesicht hatte \u201eBild\u201c zwar verpixelt, welche Kleidung es trug und welches Fahrrad es fuhr, war allerdings zu erkennen. Der Fotograf hatte die beiden offenbar heimlich bis zu einem Spielplatz verfolgt.<\/p>\n<p>Nun begab sich Lena Meyer-Landrut in den politischen Meinungskampf. Lena Meyer-Landrut hat AfD-W\u00e4hler als \u201easozial, Herzlos und peinlich\u201c bezeichnet. \u201eMan hat in diesem Land und zu dieser Zeit einfach nicht die Option, sich weit rechts zu positionieren. Das wiederhole ich gern auf all meinen Plattformen. Auch wenn ich dadurch Follower verliere, es k\u00fcmmert mich nicht. Ich bin zu tausend Prozent gegen rechts und gegen die AfD.\u201c<\/p>\n","protected":false},"excerpt":{"rendered":"<p>Autor:\u00a0A.S. Bild: Wikipedia\/Stefan Brending Lizenz: Creative Commons CC-BY-SA-3.0 de Manche S\u00e4nger glauben offenbar, dass sie&hellip;<\/p>\n","protected":false},"author":3,"featured_media":20390,"comment_status":"open","ping_status":"closed","sticky":false,"template":"","format":"standard","meta":{"footnotes":""},"categories":[47],"tags":[62,60,10908,4095,580,10909],"class_list":["post-20389","post","type-post","status-publish","format-standard","has-post-thumbnail","hentry","category-deutschland","tag-afd","tag-deutschland","tag-lena-meyer-landrut","tag-musik","tag-rechtsextremismus","tag-stefan-raab"],"yoast_head":"<!-- This site is optimized with the Yoast SEO plugin v28.3 - https:\/\/yoast.com\/product\/yoast-seo-wordpress\/ -->\n<title>Mangels Erfolge zieht Lena Meyer-Landrut \u00fcber AfD-W\u00e4hler - ZurZeit<\/title>\n<meta name=\"robots\" content=\"index, follow, max-snippet:-1, max-image-preview:large, max-video-preview:-1\" \/>\n<link rel=\"canonical\" href=\"https:\/\/zurzeit.at\/index.php\/mangels-erfolge-zieht-lena-meyer-landrut-ueber-afd-waehler\/\" \/>\n<meta property=\"og:locale\" content=\"de_DE\" \/>\n<meta property=\"og:type\" content=\"article\" \/>\n<meta property=\"og:title\" content=\"Mangels Erfolge zieht Lena Meyer-Landrut \u00fcber AfD-W\u00e4hler - ZurZeit\" \/>\n<meta property=\"og:description\" content=\"Autor:\u00a0A.S. Bild: Wikipedia\/Stefan Brending Lizenz: Creative Commons CC-BY-SA-3.0 de Manche S\u00e4nger glauben offenbar, dass sie&hellip;\" \/>\n<meta property=\"og:url\" content=\"https:\/\/zurzeit.at\/index.php\/mangels-erfolge-zieht-lena-meyer-landrut-ueber-afd-waehler\/\" \/>\n<meta property=\"og:site_name\" content=\"ZurZeit\" \/>\n<meta property=\"article:publisher\" content=\"https:\/\/www.facebook.com\/wochenmagazinZurZeit\/\" \/>\n<meta property=\"article:published_time\" content=\"2025-04-28T09:24:08+00:00\" \/>\n<meta property=\"og:image\" content=\"https:\/\/zurzeit.at\/wp-content\/uploads\/2025\/04\/1280px-2019_Lena_-_by_2eight_-_DSC4518.jpg\" \/>\n\t<meta property=\"og:image:width\" content=\"1280\" \/>\n\t<meta property=\"og:image:height\" content=\"852\" \/>\n\t<meta property=\"og:image:type\" content=\"image\/jpeg\" \/>\n<meta name=\"author\" content=\"admin2\" \/>\n<meta name=\"twitter:card\" content=\"summary_large_image\" \/>\n<meta name=\"twitter:label1\" content=\"Verfasst von\" \/>\n\t<meta name=\"twitter:data1\" content=\"admin2\" \/>\n\t<meta name=\"twitter:label2\" content=\"Gesch\u00e4tzte Lesezeit\" \/>\n\t<meta name=\"twitter:data2\" content=\"2\u00a0Minuten\" \/>\n<script type=\"application\/ld+json\" class=\"yoast-schema-graph\">{\"@context\":\"https:\\\/\\\/schema.org\",\"@graph\":[{\"@type\":\"Article\",\"@id\":\"https:\\\/\\\/zurzeit.at\\\/index.php\\\/mangels-erfolge-zieht-lena-meyer-landrut-ueber-afd-waehler\\\/#article\",\"isPartOf\":{\"@id\":\"https:\\\/\\\/zurzeit.at\\\/index.php\\\/mangels-erfolge-zieht-lena-meyer-landrut-ueber-afd-waehler\\\/\"},\"author\":{\"name\":\"admin2\",\"@id\":\"https:\\\/\\\/zurzeit.at\\\/#\\\/schema\\\/person\\\/e6f4284c4ffdba25c26f295806088e37\"},\"headline\":\"Mangels Erfolge zieht Lena Meyer-Landrut \u00fcber AfD-W\u00e4hler\",\"datePublished\":\"2025-04-28T09:24:08+00:00\",\"mainEntityOfPage\":{\"@id\":\"https:\\\/\\\/zurzeit.at\\\/index.php\\\/mangels-erfolge-zieht-lena-meyer-landrut-ueber-afd-waehler\\\/\"},\"wordCount\":258,\"commentCount\":0,\"image\":{\"@id\":\"https:\\\/\\\/zurzeit.at\\\/index.php\\\/mangels-erfolge-zieht-lena-meyer-landrut-ueber-afd-waehler\\\/#primaryimage\"},\"thumbnailUrl\":\"https:\\\/\\\/zurzeit.at\\\/wp-content\\\/uploads\\\/2025\\\/04\\\/1280px-2019_Lena_-_by_2eight_-_DSC4518.jpg\",\"keywords\":[\"AFD\",\"Deutschland\",\"Lena Meyer-Landrut\",\"Musik\",\"Rechtsextremismus\",\"Stefan Raab\"],\"articleSection\":[\"Deutschland\"],\"inLanguage\":\"de\",\"potentialAction\":[{\"@type\":\"CommentAction\",\"name\":\"Comment\",\"target\":[\"https:\\\/\\\/zurzeit.at\\\/index.php\\\/mangels-erfolge-zieht-lena-meyer-landrut-ueber-afd-waehler\\\/#respond\"]}]},{\"@type\":\"WebPage\",\"@id\":\"https:\\\/\\\/zurzeit.at\\\/index.php\\\/mangels-erfolge-zieht-lena-meyer-landrut-ueber-afd-waehler\\\/\",\"url\":\"https:\\\/\\\/zurzeit.at\\\/index.php\\\/mangels-erfolge-zieht-lena-meyer-landrut-ueber-afd-waehler\\\/\",\"name\":\"Mangels Erfolge zieht Lena Meyer-Landrut \u00fcber AfD-W\u00e4hler - ZurZeit\",\"isPartOf\":{\"@id\":\"https:\\\/\\\/zurzeit.at\\\/#website\"},\"primaryImageOfPage\":{\"@id\":\"https:\\\/\\\/zurzeit.at\\\/index.php\\\/mangels-erfolge-zieht-lena-meyer-landrut-ueber-afd-waehler\\\/#primaryimage\"},\"image\":{\"@id\":\"https:\\\/\\\/zurzeit.at\\\/index.php\\\/mangels-erfolge-zieht-lena-meyer-landrut-ueber-afd-waehler\\\/#primaryimage\"},\"thumbnailUrl\":\"https:\\\/\\\/zurzeit.at\\\/wp-content\\\/uploads\\\/2025\\\/04\\\/1280px-2019_Lena_-_by_2eight_-_DSC4518.jpg\",\"datePublished\":\"2025-04-28T09:24:08+00:00\",\"author\":{\"@id\":\"https:\\\/\\\/zurzeit.at\\\/#\\\/schema\\\/person\\\/e6f4284c4ffdba25c26f295806088e37\"},\"breadcrumb\":{\"@id\":\"https:\\\/\\\/zurzeit.at\\\/index.php\\\/mangels-erfolge-zieht-lena-meyer-landrut-ueber-afd-waehler\\\/#breadcrumb\"},\"inLanguage\":\"de\",\"potentialAction\":[{\"@type\":\"ReadAction\",\"target\":[\"https:\\\/\\\/zurzeit.at\\\/index.php\\\/mangels-erfolge-zieht-lena-meyer-landrut-ueber-afd-waehler\\\/\"]}]},{\"@type\":\"ImageObject\",\"inLanguage\":\"de\",\"@id\":\"https:\\\/\\\/zurzeit.at\\\/index.php\\\/mangels-erfolge-zieht-lena-meyer-landrut-ueber-afd-waehler\\\/#primaryimage\",\"url\":\"https:\\\/\\\/zurzeit.at\\\/wp-content\\\/uploads\\\/2025\\\/04\\\/1280px-2019_Lena_-_by_2eight_-_DSC4518.jpg\",\"contentUrl\":\"https:\\\/\\\/zurzeit.at\\\/wp-content\\\/uploads\\\/2025\\\/04\\\/1280px-2019_Lena_-_by_2eight_-_DSC4518.jpg\",\"width\":1280,\"height\":852},{\"@type\":\"BreadcrumbList\",\"@id\":\"https:\\\/\\\/zurzeit.at\\\/index.php\\\/mangels-erfolge-zieht-lena-meyer-landrut-ueber-afd-waehler\\\/#breadcrumb\",\"itemListElement\":[{\"@type\":\"ListItem\",\"position\":1,\"name\":\"Startseite\",\"item\":\"https:\\\/\\\/zurzeit.at\\\/\"},{\"@type\":\"ListItem\",\"position\":2,\"name\":\"Mangels Erfolge zieht Lena Meyer-Landrut \u00fcber AfD-W\u00e4hler\"}]},{\"@type\":\"WebSite\",\"@id\":\"https:\\\/\\\/zurzeit.at\\\/#website\",\"url\":\"https:\\\/\\\/zurzeit.at\\\/\",\"name\":\"ZurZeit\",\"description\":\"Internetseite des Wochenmagazins ZurZeit\",\"potentialAction\":[{\"@type\":\"SearchAction\",\"target\":{\"@type\":\"EntryPoint\",\"urlTemplate\":\"https:\\\/\\\/zurzeit.at\\\/?s={search_term_string}\"},\"query-input\":{\"@type\":\"PropertyValueSpecification\",\"valueRequired\":true,\"valueName\":\"search_term_string\"}}],\"inLanguage\":\"de\"},{\"@type\":\"Person\",\"@id\":\"https:\\\/\\\/zurzeit.at\\\/#\\\/schema\\\/person\\\/e6f4284c4ffdba25c26f295806088e37\",\"name\":\"admin2\",\"image\":{\"@type\":\"ImageObject\",\"inLanguage\":\"de\",\"@id\":\"https:\\\/\\\/secure.gravatar.com\\\/avatar\\\/6b01edb108b3f79fc8950358251ecf3b91c228e319139ad1beec43b6b1b16470?s=96&d=mm&r=g\",\"url\":\"https:\\\/\\\/secure.gravatar.com\\\/avatar\\\/6b01edb108b3f79fc8950358251ecf3b91c228e319139ad1beec43b6b1b16470?s=96&d=mm&r=g\",\"contentUrl\":\"https:\\\/\\\/secure.gravatar.com\\\/avatar\\\/6b01edb108b3f79fc8950358251ecf3b91c228e319139ad1beec43b6b1b16470?s=96&d=mm&r=g\",\"caption\":\"admin2\"},\"url\":\"https:\\\/\\\/zurzeit.at\\\/index.php\\\/author\\\/admin2\\\/\"}]}<\/script>\n<!-- \/ Yoast SEO plugin. -->","yoast_head_json":{"title":"Mangels Erfolge zieht Lena Meyer-Landrut \u00fcber AfD-W\u00e4hler - ZurZeit","robots":{"index":"index","follow":"follow","max-snippet":"max-snippet:-1","max-image-preview":"max-image-preview:large","max-video-preview":"max-video-preview:-1"},"canonical":"https:\/\/zurzeit.at\/index.php\/mangels-erfolge-zieht-lena-meyer-landrut-ueber-afd-waehler\/","og_locale":"de_DE","og_type":"article","og_title":"Mangels Erfolge zieht Lena Meyer-Landrut \u00fcber AfD-W\u00e4hler - ZurZeit","og_description":"Autor:\u00a0A.S. Bild: Wikipedia\/Stefan Brending Lizenz: Creative Commons CC-BY-SA-3.0 de Manche S\u00e4nger glauben offenbar, dass sie&hellip;","og_url":"https:\/\/zurzeit.at\/index.php\/mangels-erfolge-zieht-lena-meyer-landrut-ueber-afd-waehler\/","og_site_name":"ZurZeit","article_publisher":"https:\/\/www.facebook.com\/wochenmagazinZurZeit\/","article_published_time":"2025-04-28T09:24:08+00:00","og_image":[{"width":1280,"height":852,"url":"https:\/\/zurzeit.at\/wp-content\/uploads\/2025\/04\/1280px-2019_Lena_-_by_2eight_-_DSC4518.jpg","type":"image\/jpeg"}],"author":"admin2","twitter_card":"summary_large_image","twitter_misc":{"Verfasst von":"admin2","Gesch\u00e4tzte Lesezeit":"2\u00a0Minuten"},"schema":{"@context":"https:\/\/schema.org","@graph":[{"@type":"Article","@id":"https:\/\/zurzeit.at\/index.php\/mangels-erfolge-zieht-lena-meyer-landrut-ueber-afd-waehler\/#article","isPartOf":{"@id":"https:\/\/zurzeit.at\/index.php\/mangels-erfolge-zieht-lena-meyer-landrut-ueber-afd-waehler\/"},"author":{"name":"admin2","@id":"https:\/\/zurzeit.at\/#\/schema\/person\/e6f4284c4ffdba25c26f295806088e37"},"headline":"Mangels Erfolge zieht Lena Meyer-Landrut \u00fcber AfD-W\u00e4hler","datePublished":"2025-04-28T09:24:08+00:00","mainEntityOfPage":{"@id":"https:\/\/zurzeit.at\/index.php\/mangels-erfolge-zieht-lena-meyer-landrut-ueber-afd-waehler\/"},"wordCount":258,"commentCount":0,"image":{"@id":"https:\/\/zurzeit.at\/index.php\/mangels-erfolge-zieht-lena-meyer-landrut-ueber-afd-waehler\/#primaryimage"},"thumbnailUrl":"https:\/\/zurzeit.at\/wp-content\/uploads\/2025\/04\/1280px-2019_Lena_-_by_2eight_-_DSC4518.jpg","keywords":["AFD","Deutschland","Lena Meyer-Landrut","Musik","Rechtsextremismus","Stefan Raab"],"articleSection":["Deutschland"],"inLanguage":"de","potentialAction":[{"@type":"CommentAction","name":"Comment","target":["https:\/\/zurzeit.at\/index.php\/mangels-erfolge-zieht-lena-meyer-landrut-ueber-afd-waehler\/#respond"]}]},{"@type":"WebPage","@id":"https:\/\/zurzeit.at\/index.php\/mangels-erfolge-zieht-lena-meyer-landrut-ueber-afd-waehler\/","url":"https:\/\/zurzeit.at\/index.php\/mangels-erfolge-zieht-lena-meyer-landrut-ueber-afd-waehler\/","name":"Mangels Erfolge zieht Lena Meyer-Landrut \u00fcber AfD-W\u00e4hler - ZurZeit","isPartOf":{"@id":"https:\/\/zurzeit.at\/#website"},"primaryImageOfPage":{"@id":"https:\/\/zurzeit.at\/index.php\/mangels-erfolge-zieht-lena-meyer-landrut-ueber-afd-waehler\/#primaryimage"},"image":{"@id":"https:\/\/zurzeit.at\/index.php\/mangels-erfolge-zieht-lena-meyer-landrut-ueber-afd-waehler\/#primaryimage"},"thumbnailUrl":"https:\/\/zurzeit.at\/wp-content\/uploads\/2025\/04\/1280px-2019_Lena_-_by_2eight_-_DSC4518.jpg","datePublished":"2025-04-28T09:24:08+00:00","author":{"@id":"https:\/\/zurzeit.at\/#\/schema\/person\/e6f4284c4ffdba25c26f295806088e37"},"breadcrumb":{"@id":"https:\/\/zurzeit.at\/index.php\/mangels-erfolge-zieht-lena-meyer-landrut-ueber-afd-waehler\/#breadcrumb"},"inLanguage":"de","potentialAction":[{"@type":"ReadAction","target":["https:\/\/zurzeit.at\/index.php\/mangels-erfolge-zieht-lena-meyer-landrut-ueber-afd-waehler\/"]}]},{"@type":"ImageObject","inLanguage":"de","@id":"https:\/\/zurzeit.at\/index.php\/mangels-erfolge-zieht-lena-meyer-landrut-ueber-afd-waehler\/#primaryimage","url":"https:\/\/zurzeit.at\/wp-content\/uploads\/2025\/04\/1280px-2019_Lena_-_by_2eight_-_DSC4518.jpg","contentUrl":"https:\/\/zurzeit.at\/wp-content\/uploads\/2025\/04\/1280px-2019_Lena_-_by_2eight_-_DSC4518.jpg","width":1280,"height":852},{"@type":"BreadcrumbList","@id":"https:\/\/zurzeit.at\/index.php\/mangels-erfolge-zieht-lena-meyer-landrut-ueber-afd-waehler\/#breadcrumb","itemListElement":[{"@type":"ListItem","position":1,"name":"Startseite","item":"https:\/\/zurzeit.at\/"},{"@type":"ListItem","position":2,"name":"Mangels Erfolge zieht Lena Meyer-Landrut \u00fcber AfD-W\u00e4hler"}]},{"@type":"WebSite","@id":"https:\/\/zurzeit.at\/#website","url":"https:\/\/zurzeit.at\/","name":"ZurZeit","description":"Internetseite des Wochenmagazins ZurZeit","potentialAction":[{"@type":"SearchAction","target":{"@type":"EntryPoint","urlTemplate":"https:\/\/zurzeit.at\/?s={search_term_string}"},"query-input":{"@type":"PropertyValueSpecification","valueRequired":true,"valueName":"search_term_string"}}],"inLanguage":"de"},{"@type":"Person","@id":"https:\/\/zurzeit.at\/#\/schema\/person\/e6f4284c4ffdba25c26f295806088e37","name":"admin2","image":{"@type":"ImageObject","inLanguage":"de","@id":"https:\/\/secure.gravatar.com\/avatar\/6b01edb108b3f79fc8950358251ecf3b91c228e319139ad1beec43b6b1b16470?s=96&d=mm&r=g","url":"https:\/\/secure.gravatar.com\/avatar\/6b01edb108b3f79fc8950358251ecf3b91c228e319139ad1beec43b6b1b16470?s=96&d=mm&r=g","contentUrl":"https:\/\/secure.gravatar.com\/avatar\/6b01edb108b3f79fc8950358251ecf3b91c228e319139ad1beec43b6b1b16470?s=96&d=mm&r=g","caption":"admin2"},"url":"https:\/\/zurzeit.at\/index.php\/author\/admin2\/"}]}},"_links":{"self":[{"href":"https:\/\/zurzeit.at\/index.php\/wp-json\/wp\/v2\/posts\/20389","targetHints":{"allow":["GET"]}}],"collection":[{"href":"https:\/\/zurzeit.at\/index.php\/wp-json\/wp\/v2\/posts"}],"about":[{"href":"https:\/\/zurzeit.at\/index.php\/wp-json\/wp\/v2\/types\/post"}],"author":[{"embeddable":true,"href":"https:\/\/zurzeit.at\/index.php\/wp-json\/wp\/v2\/users\/3"}],"replies":[{"embeddable":true,"href":"https:\/\/zurzeit.at\/index.php\/wp-json\/wp\/v2\/comments?post=20389"}],"version-history":[{"count":1,"href":"https:\/\/zurzeit.at\/index.php\/wp-json\/wp\/v2\/posts\/20389\/revisions"}],"predecessor-version":[{"id":20391,"href":"https:\/\/zurzeit.at\/index.php\/wp-json\/wp\/v2\/posts\/20389\/revisions\/20391"}],"wp:featuredmedia":[{"embeddable":true,"href":"https:\/\/zurzeit.at\/index.php\/wp-json\/wp\/v2\/media\/20390"}],"wp:attachment":[{"href":"https:\/\/zurzeit.at\/index.php\/wp-json\/wp\/v2\/media?parent=20389"}],"wp:term":[{"taxonomy":"category","embeddable":true,"href":"https:\/\/zurzeit.at\/index.php\/wp-json\/wp\/v2\/categories?post=20389"},{"taxonomy":"post_tag","embeddable":true,"href":"https:\/\/zurzeit.at\/index.php\/wp-json\/wp\/v2\/tags?post=20389"}],"curies":[{"name":"wp","href":"https:\/\/api.w.org\/{rel}","templated":true}]}}