{"id":20667,"date":"2025-05-31T11:20:50","date_gmt":"2025-05-31T09:20:50","guid":{"rendered":"https:\/\/zurzeit.at\/?p=20667"},"modified":"2025-05-31T11:20:50","modified_gmt":"2025-05-31T09:20:50","slug":"arbeitslosigkeit-steigt-doch-fuer-parteien-fliesst-das-geld-wie-nie-zuvor","status":"publish","type":"post","link":"https:\/\/zurzeit.at\/index.php\/arbeitslosigkeit-steigt-doch-fuer-parteien-fliesst-das-geld-wie-nie-zuvor\/","title":{"rendered":"Arbeitslosigkeit steigt \u2013 doch f\u00fcr Parteien flie\u00dft das Geld wie nie zuvor"},"content":{"rendered":"<p><span class=\"licensetpl_attr\"><span class=\"plainlinks noprint\">Autor:\u00a0<a href=\"https:\/\/zurzeit.at\/index.php\/autoren\/\">A.R.<\/a> Bild: <a href=\"https:\/\/commons.m.wikimedia.org\/wiki\/File:Der_deutsche_Bundestag_(das_Reichstagsgeb%C3%A4ude)_in_Berlin_-_Digital_Public_Affairs.jpg\">Wikipedia<\/a>\/<a class=\"new\" title=\"User:JohannesDiek (page does not exist)\" href=\"https:\/\/commons.m.wikimedia.org\/w\/index.php?title=User%3AJohannesDiek&amp;redlink=1\">Hagen Albers<\/a><a href=\"https:\/\/pxhere.com\/de\/photo\/692889\">\u00a0<\/a><\/span><\/span><span class=\"licensetpl_attr\"><span class=\"plainlinks noprint\">Lizenz:\u00a0<a href=\"https:\/\/creativecommons.org\/licenses\/by\/2.0\/deed.en\">CC BY 2.0<\/a><br \/>\n<\/span><\/span><\/p>\n<hr \/>\n<p>Die Lage am deutschen Arbeitsmarkt spitzt sich zu. Im Mai 2025 waren laut Bundesagentur f\u00fcr Arbeit 2.919.000 Menschen ohne Besch\u00e4ftigung \u2013 ein Anstieg von \u00fcber 197.000 gegen\u00fcber dem Vorjahr. Die Arbeitslosenquote kletterte auf 6,2\u202fProzent und ist damit um 0,4 Punkte h\u00f6her als im Mai 2024. Besonders betroffen sind Bayern, Berlin und Baden-W\u00fcrttemberg \u2013 letztere eigentlich lange Zeit wirtschaftliche Stabilit\u00e4tsanker der Republik.<\/p>\n<p>Besorgniserregend ist nicht nur die Breite, mit der der Arbeitsmarkt ins Rutschen ger\u00e4t, sondern auch die Tiefe der Verwerfungen. In Bremen liegt die Arbeitslosenquote mittlerweile bei 11,5\u202fProzent, in Berlin bei 10,2\u202fProzent. Auch Hamburg, Nordrhein-Westfalen und die meisten ostdeutschen Bundesl\u00e4nder liegen deutlich \u00fcber dem Bundesdurchschnitt. Lediglich Th\u00fcringen und Mecklenburg-Vorpommern zeigen sich vergleichsweise stabil \u2013 mit Anstiegen von 1,8 bzw. 3,7\u202fProzent.<\/p>\n<p>Ein Blick auf die Zahlen offenbart zudem ein massives Integrationsproblem: W\u00e4hrend die Arbeitslosenquote bei deutschen Staatsb\u00fcrgern bei 4,6\u202fProzent liegt, ist sie unter Ausl\u00e4ndern mehr als dreimal so hoch \u2013 bei 14,6\u202fProzent. \u00dcber eine Million Ausl\u00e4nder sind derzeit ohne Arbeit gemeldet, mit einem Anstieg von \u00fcber 58.000 Personen gegen\u00fcber dem Vorjahr. Die Zahlen legen offen, dass Deutschland zunehmend an seiner verfehlten Migrations- und Arbeitsmarktpolitik zu scheitern droht.<\/p>\n<p>Doch anstatt sich der wirtschaftlichen Realit\u00e4t zu stellen, h\u00e4lt das politische System an sich selbst fest: Die staatliche Parteienfinanzierung steigt auf den historischen Rekordwert von 225,38 Millionen Euro. M\u00f6glich macht das eine automatische Anpassung durch den sogenannten Parteien-Index, der nichts anderes ist als ein juristisch abgesegnetes Selbstbedienungsmodell. W\u00e4hrend Millionen B\u00fcrger unter Inflation, Jobverlust und Rezessions\u00e4ngsten leiden, genehmigt sich die politische Klasse stillschweigend mehr Steuergeld denn je.<\/p>\n<p>F\u00fcr\u00a0die\u00a0ersten\u00a0vier\u00a0Millionen\u00a0g\u00fcltigen\u00a0Stimmen\u00a0gibt\u00a0es\u00a0ab\u00a0sofort\u00a01,21\u00a0Euro\u00a0pro\u00a0Stimme,\u00a0danach\u00a0immerhin\u00a0noch\u00a099\u00a0Cent.\u00a0Ein\u00a0System,\u00a0das\u00a0nicht\u00a0nur\u00a0abgehoben\u00a0wirkt,\u00a0sondern\u00a0in\u00a0der\u00a0gegenw\u00e4rtigen\u00a0Krise\u00a0zynisch\u00a0erscheint\u00a0\u2013\u00a0denn\u00a0w\u00e4hrend\u00a0Arbeitslose\u00a0auf\u00a0Jobcenter\u00a0und\u00a0Wohnungsk\u00fcrzungen\u00a0hoffen\u00a0m\u00fcssen,\u00a0flie\u00dft\u00a0in\u00a0Parteizentralen\u00a0und\u00a0Kampagnenb\u00fcros\u00a0das\u00a0Geld\u00a0wie\u00a0eh\u00a0und\u00a0je.<\/p>\n","protected":false},"excerpt":{"rendered":"<p>Autor:\u00a0A.R. Bild: Wikipedia\/Hagen Albers\u00a0Lizenz:\u00a0CC BY 2.0 Die Lage am deutschen Arbeitsmarkt spitzt sich zu. Im&hellip;<\/p>\n","protected":false},"author":3,"featured_media":20668,"comment_status":"open","ping_status":"closed","sticky":false,"template":"","format":"standard","meta":{"footnotes":""},"categories":[47],"tags":[3466,11058,11057,4013,95,7884,2699,10774,2897,3335],"class_list":["post-20667","post","type-post","status-publish","format-standard","has-post-thumbnail","hentry","category-deutschland","tag-arbeitslosigkeit","tag-auslaenderarbeitslosigkeit","tag-bundesagentur-fuer-arbeit","tag-inflation","tag-migration","tag-parteienfinanzierung","tag-sozialstaat","tag-systemversagen","tag-vertrauen","tag-wirtschaftskrise"],"yoast_head":"<!-- This site is optimized with the Yoast SEO plugin v28.3 - https:\/\/yoast.com\/product\/yoast-seo-wordpress\/ -->\n<title>Arbeitslosigkeit steigt \u2013 doch f\u00fcr Parteien flie\u00dft das Geld wie nie zuvor - ZurZeit<\/title>\n<meta name=\"robots\" content=\"index, follow, max-snippet:-1, max-image-preview:large, max-video-preview:-1\" \/>\n<link rel=\"canonical\" href=\"https:\/\/zurzeit.at\/index.php\/arbeitslosigkeit-steigt-doch-fuer-parteien-fliesst-das-geld-wie-nie-zuvor\/\" \/>\n<meta property=\"og:locale\" content=\"de_DE\" \/>\n<meta property=\"og:type\" content=\"article\" \/>\n<meta property=\"og:title\" content=\"Arbeitslosigkeit steigt \u2013 doch f\u00fcr Parteien flie\u00dft das Geld wie nie zuvor - ZurZeit\" \/>\n<meta property=\"og:description\" content=\"Autor:\u00a0A.R. Bild: Wikipedia\/Hagen Albers\u00a0Lizenz:\u00a0CC BY 2.0 Die Lage am deutschen Arbeitsmarkt spitzt sich zu. Im&hellip;\" \/>\n<meta property=\"og:url\" content=\"https:\/\/zurzeit.at\/index.php\/arbeitslosigkeit-steigt-doch-fuer-parteien-fliesst-das-geld-wie-nie-zuvor\/\" \/>\n<meta property=\"og:site_name\" content=\"ZurZeit\" \/>\n<meta property=\"article:publisher\" content=\"https:\/\/www.facebook.com\/wochenmagazinZurZeit\/\" \/>\n<meta property=\"article:published_time\" content=\"2025-05-31T09:20:50+00:00\" \/>\n<meta property=\"og:image\" content=\"https:\/\/zurzeit.at\/wp-content\/uploads\/2025\/05\/Der_deutsche_Bundestag_das_Reichstagsgebaeude_in_Berlin_-_Digital_Public_Affairs.jpg\" \/>\n\t<meta property=\"og:image:width\" content=\"1280\" \/>\n\t<meta property=\"og:image:height\" content=\"853\" \/>\n\t<meta property=\"og:image:type\" content=\"image\/jpeg\" \/>\n<meta name=\"author\" content=\"admin2\" \/>\n<meta name=\"twitter:card\" content=\"summary_large_image\" \/>\n<meta name=\"twitter:label1\" content=\"Verfasst von\" \/>\n\t<meta name=\"twitter:data1\" content=\"admin2\" \/>\n\t<meta name=\"twitter:label2\" content=\"Gesch\u00e4tzte Lesezeit\" \/>\n\t<meta name=\"twitter:data2\" content=\"2\u00a0Minuten\" \/>\n<script type=\"application\/ld+json\" class=\"yoast-schema-graph\">{\"@context\":\"https:\\\/\\\/schema.org\",\"@graph\":[{\"@type\":\"Article\",\"@id\":\"https:\\\/\\\/zurzeit.at\\\/index.php\\\/arbeitslosigkeit-steigt-doch-fuer-parteien-fliesst-das-geld-wie-nie-zuvor\\\/#article\",\"isPartOf\":{\"@id\":\"https:\\\/\\\/zurzeit.at\\\/index.php\\\/arbeitslosigkeit-steigt-doch-fuer-parteien-fliesst-das-geld-wie-nie-zuvor\\\/\"},\"author\":{\"name\":\"admin2\",\"@id\":\"https:\\\/\\\/zurzeit.at\\\/#\\\/schema\\\/person\\\/e6f4284c4ffdba25c26f295806088e37\"},\"headline\":\"Arbeitslosigkeit steigt \u2013 doch f\u00fcr Parteien flie\u00dft das Geld wie nie zuvor\",\"datePublished\":\"2025-05-31T09:20:50+00:00\",\"mainEntityOfPage\":{\"@id\":\"https:\\\/\\\/zurzeit.at\\\/index.php\\\/arbeitslosigkeit-steigt-doch-fuer-parteien-fliesst-das-geld-wie-nie-zuvor\\\/\"},\"wordCount\":343,\"commentCount\":0,\"image\":{\"@id\":\"https:\\\/\\\/zurzeit.at\\\/index.php\\\/arbeitslosigkeit-steigt-doch-fuer-parteien-fliesst-das-geld-wie-nie-zuvor\\\/#primaryimage\"},\"thumbnailUrl\":\"https:\\\/\\\/zurzeit.at\\\/wp-content\\\/uploads\\\/2025\\\/05\\\/Der_deutsche_Bundestag_das_Reichstagsgebaeude_in_Berlin_-_Digital_Public_Affairs.jpg\",\"keywords\":[\"Arbeitslosigkeit\",\"Ausl\u00e4nderarbeitslosigkeit\",\"Bundesagentur\u00a0f\u00fcr\u00a0Arbeit\",\"Inflation\",\"Migration\",\"Parteienfinanzierung\",\"Sozialstaat\",\"Systemversagen\",\"Vertrauen\",\"Wirtschaftskrise\"],\"articleSection\":[\"Deutschland\"],\"inLanguage\":\"de\",\"potentialAction\":[{\"@type\":\"CommentAction\",\"name\":\"Comment\",\"target\":[\"https:\\\/\\\/zurzeit.at\\\/index.php\\\/arbeitslosigkeit-steigt-doch-fuer-parteien-fliesst-das-geld-wie-nie-zuvor\\\/#respond\"]}]},{\"@type\":\"WebPage\",\"@id\":\"https:\\\/\\\/zurzeit.at\\\/index.php\\\/arbeitslosigkeit-steigt-doch-fuer-parteien-fliesst-das-geld-wie-nie-zuvor\\\/\",\"url\":\"https:\\\/\\\/zurzeit.at\\\/index.php\\\/arbeitslosigkeit-steigt-doch-fuer-parteien-fliesst-das-geld-wie-nie-zuvor\\\/\",\"name\":\"Arbeitslosigkeit steigt \u2013 doch f\u00fcr Parteien flie\u00dft das Geld wie nie zuvor - ZurZeit\",\"isPartOf\":{\"@id\":\"https:\\\/\\\/zurzeit.at\\\/#website\"},\"primaryImageOfPage\":{\"@id\":\"https:\\\/\\\/zurzeit.at\\\/index.php\\\/arbeitslosigkeit-steigt-doch-fuer-parteien-fliesst-das-geld-wie-nie-zuvor\\\/#primaryimage\"},\"image\":{\"@id\":\"https:\\\/\\\/zurzeit.at\\\/index.php\\\/arbeitslosigkeit-steigt-doch-fuer-parteien-fliesst-das-geld-wie-nie-zuvor\\\/#primaryimage\"},\"thumbnailUrl\":\"https:\\\/\\\/zurzeit.at\\\/wp-content\\\/uploads\\\/2025\\\/05\\\/Der_deutsche_Bundestag_das_Reichstagsgebaeude_in_Berlin_-_Digital_Public_Affairs.jpg\",\"datePublished\":\"2025-05-31T09:20:50+00:00\",\"author\":{\"@id\":\"https:\\\/\\\/zurzeit.at\\\/#\\\/schema\\\/person\\\/e6f4284c4ffdba25c26f295806088e37\"},\"breadcrumb\":{\"@id\":\"https:\\\/\\\/zurzeit.at\\\/index.php\\\/arbeitslosigkeit-steigt-doch-fuer-parteien-fliesst-das-geld-wie-nie-zuvor\\\/#breadcrumb\"},\"inLanguage\":\"de\",\"potentialAction\":[{\"@type\":\"ReadAction\",\"target\":[\"https:\\\/\\\/zurzeit.at\\\/index.php\\\/arbeitslosigkeit-steigt-doch-fuer-parteien-fliesst-das-geld-wie-nie-zuvor\\\/\"]}]},{\"@type\":\"ImageObject\",\"inLanguage\":\"de\",\"@id\":\"https:\\\/\\\/zurzeit.at\\\/index.php\\\/arbeitslosigkeit-steigt-doch-fuer-parteien-fliesst-das-geld-wie-nie-zuvor\\\/#primaryimage\",\"url\":\"https:\\\/\\\/zurzeit.at\\\/wp-content\\\/uploads\\\/2025\\\/05\\\/Der_deutsche_Bundestag_das_Reichstagsgebaeude_in_Berlin_-_Digital_Public_Affairs.jpg\",\"contentUrl\":\"https:\\\/\\\/zurzeit.at\\\/wp-content\\\/uploads\\\/2025\\\/05\\\/Der_deutsche_Bundestag_das_Reichstagsgebaeude_in_Berlin_-_Digital_Public_Affairs.jpg\",\"width\":1280,\"height\":853},{\"@type\":\"BreadcrumbList\",\"@id\":\"https:\\\/\\\/zurzeit.at\\\/index.php\\\/arbeitslosigkeit-steigt-doch-fuer-parteien-fliesst-das-geld-wie-nie-zuvor\\\/#breadcrumb\",\"itemListElement\":[{\"@type\":\"ListItem\",\"position\":1,\"name\":\"Startseite\",\"item\":\"https:\\\/\\\/zurzeit.at\\\/\"},{\"@type\":\"ListItem\",\"position\":2,\"name\":\"Arbeitslosigkeit steigt \u2013 doch f\u00fcr Parteien flie\u00dft das Geld wie nie zuvor\"}]},{\"@type\":\"WebSite\",\"@id\":\"https:\\\/\\\/zurzeit.at\\\/#website\",\"url\":\"https:\\\/\\\/zurzeit.at\\\/\",\"name\":\"ZurZeit\",\"description\":\"Internetseite des Wochenmagazins ZurZeit\",\"potentialAction\":[{\"@type\":\"SearchAction\",\"target\":{\"@type\":\"EntryPoint\",\"urlTemplate\":\"https:\\\/\\\/zurzeit.at\\\/?s={search_term_string}\"},\"query-input\":{\"@type\":\"PropertyValueSpecification\",\"valueRequired\":true,\"valueName\":\"search_term_string\"}}],\"inLanguage\":\"de\"},{\"@type\":\"Person\",\"@id\":\"https:\\\/\\\/zurzeit.at\\\/#\\\/schema\\\/person\\\/e6f4284c4ffdba25c26f295806088e37\",\"name\":\"admin2\",\"image\":{\"@type\":\"ImageObject\",\"inLanguage\":\"de\",\"@id\":\"https:\\\/\\\/secure.gravatar.com\\\/avatar\\\/6b01edb108b3f79fc8950358251ecf3b91c228e319139ad1beec43b6b1b16470?s=96&d=mm&r=g\",\"url\":\"https:\\\/\\\/secure.gravatar.com\\\/avatar\\\/6b01edb108b3f79fc8950358251ecf3b91c228e319139ad1beec43b6b1b16470?s=96&d=mm&r=g\",\"contentUrl\":\"https:\\\/\\\/secure.gravatar.com\\\/avatar\\\/6b01edb108b3f79fc8950358251ecf3b91c228e319139ad1beec43b6b1b16470?s=96&d=mm&r=g\",\"caption\":\"admin2\"},\"url\":\"https:\\\/\\\/zurzeit.at\\\/index.php\\\/author\\\/admin2\\\/\"}]}<\/script>\n<!-- \/ Yoast SEO plugin. -->","yoast_head_json":{"title":"Arbeitslosigkeit steigt \u2013 doch f\u00fcr Parteien flie\u00dft das Geld wie nie zuvor - ZurZeit","robots":{"index":"index","follow":"follow","max-snippet":"max-snippet:-1","max-image-preview":"max-image-preview:large","max-video-preview":"max-video-preview:-1"},"canonical":"https:\/\/zurzeit.at\/index.php\/arbeitslosigkeit-steigt-doch-fuer-parteien-fliesst-das-geld-wie-nie-zuvor\/","og_locale":"de_DE","og_type":"article","og_title":"Arbeitslosigkeit steigt \u2013 doch f\u00fcr Parteien flie\u00dft das Geld wie nie zuvor - ZurZeit","og_description":"Autor:\u00a0A.R. Bild: Wikipedia\/Hagen Albers\u00a0Lizenz:\u00a0CC BY 2.0 Die Lage am deutschen Arbeitsmarkt spitzt sich zu. Im&hellip;","og_url":"https:\/\/zurzeit.at\/index.php\/arbeitslosigkeit-steigt-doch-fuer-parteien-fliesst-das-geld-wie-nie-zuvor\/","og_site_name":"ZurZeit","article_publisher":"https:\/\/www.facebook.com\/wochenmagazinZurZeit\/","article_published_time":"2025-05-31T09:20:50+00:00","og_image":[{"width":1280,"height":853,"url":"https:\/\/zurzeit.at\/wp-content\/uploads\/2025\/05\/Der_deutsche_Bundestag_das_Reichstagsgebaeude_in_Berlin_-_Digital_Public_Affairs.jpg","type":"image\/jpeg"}],"author":"admin2","twitter_card":"summary_large_image","twitter_misc":{"Verfasst von":"admin2","Gesch\u00e4tzte Lesezeit":"2\u00a0Minuten"},"schema":{"@context":"https:\/\/schema.org","@graph":[{"@type":"Article","@id":"https:\/\/zurzeit.at\/index.php\/arbeitslosigkeit-steigt-doch-fuer-parteien-fliesst-das-geld-wie-nie-zuvor\/#article","isPartOf":{"@id":"https:\/\/zurzeit.at\/index.php\/arbeitslosigkeit-steigt-doch-fuer-parteien-fliesst-das-geld-wie-nie-zuvor\/"},"author":{"name":"admin2","@id":"https:\/\/zurzeit.at\/#\/schema\/person\/e6f4284c4ffdba25c26f295806088e37"},"headline":"Arbeitslosigkeit steigt \u2013 doch f\u00fcr Parteien flie\u00dft das Geld wie nie zuvor","datePublished":"2025-05-31T09:20:50+00:00","mainEntityOfPage":{"@id":"https:\/\/zurzeit.at\/index.php\/arbeitslosigkeit-steigt-doch-fuer-parteien-fliesst-das-geld-wie-nie-zuvor\/"},"wordCount":343,"commentCount":0,"image":{"@id":"https:\/\/zurzeit.at\/index.php\/arbeitslosigkeit-steigt-doch-fuer-parteien-fliesst-das-geld-wie-nie-zuvor\/#primaryimage"},"thumbnailUrl":"https:\/\/zurzeit.at\/wp-content\/uploads\/2025\/05\/Der_deutsche_Bundestag_das_Reichstagsgebaeude_in_Berlin_-_Digital_Public_Affairs.jpg","keywords":["Arbeitslosigkeit","Ausl\u00e4nderarbeitslosigkeit","Bundesagentur\u00a0f\u00fcr\u00a0Arbeit","Inflation","Migration","Parteienfinanzierung","Sozialstaat","Systemversagen","Vertrauen","Wirtschaftskrise"],"articleSection":["Deutschland"],"inLanguage":"de","potentialAction":[{"@type":"CommentAction","name":"Comment","target":["https:\/\/zurzeit.at\/index.php\/arbeitslosigkeit-steigt-doch-fuer-parteien-fliesst-das-geld-wie-nie-zuvor\/#respond"]}]},{"@type":"WebPage","@id":"https:\/\/zurzeit.at\/index.php\/arbeitslosigkeit-steigt-doch-fuer-parteien-fliesst-das-geld-wie-nie-zuvor\/","url":"https:\/\/zurzeit.at\/index.php\/arbeitslosigkeit-steigt-doch-fuer-parteien-fliesst-das-geld-wie-nie-zuvor\/","name":"Arbeitslosigkeit steigt \u2013 doch f\u00fcr Parteien flie\u00dft das Geld wie nie zuvor - ZurZeit","isPartOf":{"@id":"https:\/\/zurzeit.at\/#website"},"primaryImageOfPage":{"@id":"https:\/\/zurzeit.at\/index.php\/arbeitslosigkeit-steigt-doch-fuer-parteien-fliesst-das-geld-wie-nie-zuvor\/#primaryimage"},"image":{"@id":"https:\/\/zurzeit.at\/index.php\/arbeitslosigkeit-steigt-doch-fuer-parteien-fliesst-das-geld-wie-nie-zuvor\/#primaryimage"},"thumbnailUrl":"https:\/\/zurzeit.at\/wp-content\/uploads\/2025\/05\/Der_deutsche_Bundestag_das_Reichstagsgebaeude_in_Berlin_-_Digital_Public_Affairs.jpg","datePublished":"2025-05-31T09:20:50+00:00","author":{"@id":"https:\/\/zurzeit.at\/#\/schema\/person\/e6f4284c4ffdba25c26f295806088e37"},"breadcrumb":{"@id":"https:\/\/zurzeit.at\/index.php\/arbeitslosigkeit-steigt-doch-fuer-parteien-fliesst-das-geld-wie-nie-zuvor\/#breadcrumb"},"inLanguage":"de","potentialAction":[{"@type":"ReadAction","target":["https:\/\/zurzeit.at\/index.php\/arbeitslosigkeit-steigt-doch-fuer-parteien-fliesst-das-geld-wie-nie-zuvor\/"]}]},{"@type":"ImageObject","inLanguage":"de","@id":"https:\/\/zurzeit.at\/index.php\/arbeitslosigkeit-steigt-doch-fuer-parteien-fliesst-das-geld-wie-nie-zuvor\/#primaryimage","url":"https:\/\/zurzeit.at\/wp-content\/uploads\/2025\/05\/Der_deutsche_Bundestag_das_Reichstagsgebaeude_in_Berlin_-_Digital_Public_Affairs.jpg","contentUrl":"https:\/\/zurzeit.at\/wp-content\/uploads\/2025\/05\/Der_deutsche_Bundestag_das_Reichstagsgebaeude_in_Berlin_-_Digital_Public_Affairs.jpg","width":1280,"height":853},{"@type":"BreadcrumbList","@id":"https:\/\/zurzeit.at\/index.php\/arbeitslosigkeit-steigt-doch-fuer-parteien-fliesst-das-geld-wie-nie-zuvor\/#breadcrumb","itemListElement":[{"@type":"ListItem","position":1,"name":"Startseite","item":"https:\/\/zurzeit.at\/"},{"@type":"ListItem","position":2,"name":"Arbeitslosigkeit steigt \u2013 doch f\u00fcr Parteien flie\u00dft das Geld wie nie zuvor"}]},{"@type":"WebSite","@id":"https:\/\/zurzeit.at\/#website","url":"https:\/\/zurzeit.at\/","name":"ZurZeit","description":"Internetseite des Wochenmagazins ZurZeit","potentialAction":[{"@type":"SearchAction","target":{"@type":"EntryPoint","urlTemplate":"https:\/\/zurzeit.at\/?s={search_term_string}"},"query-input":{"@type":"PropertyValueSpecification","valueRequired":true,"valueName":"search_term_string"}}],"inLanguage":"de"},{"@type":"Person","@id":"https:\/\/zurzeit.at\/#\/schema\/person\/e6f4284c4ffdba25c26f295806088e37","name":"admin2","image":{"@type":"ImageObject","inLanguage":"de","@id":"https:\/\/secure.gravatar.com\/avatar\/6b01edb108b3f79fc8950358251ecf3b91c228e319139ad1beec43b6b1b16470?s=96&d=mm&r=g","url":"https:\/\/secure.gravatar.com\/avatar\/6b01edb108b3f79fc8950358251ecf3b91c228e319139ad1beec43b6b1b16470?s=96&d=mm&r=g","contentUrl":"https:\/\/secure.gravatar.com\/avatar\/6b01edb108b3f79fc8950358251ecf3b91c228e319139ad1beec43b6b1b16470?s=96&d=mm&r=g","caption":"admin2"},"url":"https:\/\/zurzeit.at\/index.php\/author\/admin2\/"}]}},"_links":{"self":[{"href":"https:\/\/zurzeit.at\/index.php\/wp-json\/wp\/v2\/posts\/20667","targetHints":{"allow":["GET"]}}],"collection":[{"href":"https:\/\/zurzeit.at\/index.php\/wp-json\/wp\/v2\/posts"}],"about":[{"href":"https:\/\/zurzeit.at\/index.php\/wp-json\/wp\/v2\/types\/post"}],"author":[{"embeddable":true,"href":"https:\/\/zurzeit.at\/index.php\/wp-json\/wp\/v2\/users\/3"}],"replies":[{"embeddable":true,"href":"https:\/\/zurzeit.at\/index.php\/wp-json\/wp\/v2\/comments?post=20667"}],"version-history":[{"count":1,"href":"https:\/\/zurzeit.at\/index.php\/wp-json\/wp\/v2\/posts\/20667\/revisions"}],"predecessor-version":[{"id":20669,"href":"https:\/\/zurzeit.at\/index.php\/wp-json\/wp\/v2\/posts\/20667\/revisions\/20669"}],"wp:featuredmedia":[{"embeddable":true,"href":"https:\/\/zurzeit.at\/index.php\/wp-json\/wp\/v2\/media\/20668"}],"wp:attachment":[{"href":"https:\/\/zurzeit.at\/index.php\/wp-json\/wp\/v2\/media?parent=20667"}],"wp:term":[{"taxonomy":"category","embeddable":true,"href":"https:\/\/zurzeit.at\/index.php\/wp-json\/wp\/v2\/categories?post=20667"},{"taxonomy":"post_tag","embeddable":true,"href":"https:\/\/zurzeit.at\/index.php\/wp-json\/wp\/v2\/tags?post=20667"}],"curies":[{"name":"wp","href":"https:\/\/api.w.org\/{rel}","templated":true}]}}