{"id":21411,"date":"2025-09-25T16:31:01","date_gmt":"2025-09-25T14:31:01","guid":{"rendered":"https:\/\/zurzeit.at\/?p=21411"},"modified":"2025-09-25T16:31:01","modified_gmt":"2025-09-25T14:31:01","slug":"schulden-stillstand-staatsversagen-kolm-rechnet-mit-oesterreichs-wirtschaftspolitik-ab","status":"publish","type":"post","link":"https:\/\/zurzeit.at\/index.php\/schulden-stillstand-staatsversagen-kolm-rechnet-mit-oesterreichs-wirtschaftspolitik-ab\/","title":{"rendered":"Schulden, Stillstand, Staatsversagen \u2013 Kolm rechnet mit \u00d6sterreichs Wirtschaftspolitik ab"},"content":{"rendered":"<p><span class=\"licensetpl_attr\"><span class=\"plainlinks noprint\">Autor:\u00a0<a href=\"https:\/\/zurzeit.at\/index.php\/autoren\/\">A.R.<\/a> Bild: <a href=\"https:\/\/www.parlament.gv.at\/person\/30655\/galerie\">Parlamentsdirektion\/\u200bThomas Topf<\/a>\u00a0<\/span><\/span><span class=\"licensetpl_attr\"><span class=\"plainlinks noprint\">Lizenz: &#8211;<\/span><\/span><\/p>\n<hr \/>\n<p>\u00d6sterreich taumelt. Der aktuelle Bundesrechnungsabschluss f\u00fcr 2024 liest sich wie eine Bilanz des wirtschaftspolitischen Totalversagens. Barbara Kolm, freiheitliche Wirtschaftssprecherin und eine der wenigen marktwirtschaftlich denkenden Stimmen im Hohen Haus, brachte es im Nationalrat klar auf den Punkt: \u201eWir sind nicht nur wirtschaftlich abgerutscht \u2013 wir werden sehenden Auges gegen die Wand gefahren.\u201c<\/p>\n<p>Die Zahlen sprechen f\u00fcr sich: Ein R\u00fcckgang des realen Bruttoinlandsprodukts um 1,2 Prozent macht \u00d6sterreich zum Schlusslicht in der EU. Die Arbeitslosigkeit liegt bei sieben Prozent, die Inflation lag 2024 bei 2,9 Prozent \u2013 und f\u00fcr 2025 ist bereits ein weiterer Anstieg auf \u00fcber vier Prozent prognostiziert. Die Staatsverschuldung kletterte vergangenes Jahr auf rund 300 Milliarden Euro und soll heuer auf \u00fcber 415 Milliarden steigen. Das entspricht nahezu 85 Prozent der gesamten Wirtschaftsleistung des Landes. Gleichzeitig explodieren die Staatsausgaben: 2024 belief sich das Bundesdefizit auf 13,8 Milliarden Euro, die Zinslast betr\u00e4gt \u00fcber f\u00fcnf Milliarden pro Jahr \u2013 Geld, das an allen Ecken f\u00fcr produktive Zukunftsinvestitionen fehlt. Finanziert wird dieser Irrsinn nicht etwa durch neue Wertsch\u00f6pfung oder Wachstum, sondern durch ein schuldengetriebenes Verteilungsprogramm, das vor allem linke Tr\u00e4ume erf\u00fcllt: Klimaboni, F\u00f6rderprogramme, steigende Personalkosten. Es ist eine Politik f\u00fcr Funktion\u00e4re, nicht f\u00fcr Leistungstr\u00e4ger.<\/p>\n<p>Besonders verheerend ist der Umgang mit den EU-Milliarden aus dem sogenannten Aufbauplan. W\u00e4hrend die Regierung von Br\u00fcsseler Zusch\u00fcssen in H\u00f6he von vier Milliarden Euro spricht, zeigt der Bericht des Rechnungshofs ein ganz anderes Bild: Am Ende zahlt \u00d6sterreich \u00fcber zw\u00f6lf Milliarden \u2013 ein klassisches Verlustgesch\u00e4ft f\u00fcr den Steuerzahler. Und obwohl die freiheitliche Opposition immer wieder auf die drohende Schuldenfalle hinweist, bleibt das Finanzministerium Konzepte und Transparenz schuldig.<\/p>\n<p>Statt sich endlich von der antrainierten Schuldenpolitik zu verabschieden, betreibt die Regierung Realit\u00e4tsverweigerung. \u00d6sterreichs Wirtschaft wird durch B\u00fcrokratie gel\u00e4hmt, durch Abgaben erdr\u00fcckt, durch Umverteilung ausgeh\u00f6hlt. Was es jetzt br\u00e4uchte, ist eine konsequente Angebotspolitik, die Leistung belohnt statt bestraft, die Investitionen erm\u00f6glicht statt behindert und die nicht l\u00e4nger Millionen in eine integrationsresistente Parallelgesellschaft pumpt. Die FP\u00d6 bringt dieses Programm auf den Tisch \u2013 als einzige Partei mit einem wirtschaftlich belastbaren Konzept. Wer jetzt nicht umdenkt, verspielt den letzten Rest an \u00f6konomischer Handlungsf\u00e4higkeit. Und was dann kommt, ist nicht blo\u00df ein Abschwung \u2013 sondern der schleichende Verlust nationaler Selbstbestimmung.<\/p>\n","protected":false},"excerpt":{"rendered":"<p>Autor:\u00a0A.R. Bild: Parlamentsdirektion\/\u200bThomas Topf\u00a0Lizenz: &#8211; \u00d6sterreich taumelt. Der aktuelle Bundesrechnungsabschluss f\u00fcr 2024 liest sich wie&hellip;<\/p>\n","protected":false},"author":3,"featured_media":21412,"comment_status":"open","ping_status":"closed","sticky":false,"template":"","format":"standard","meta":{"footnotes":""},"categories":[46],"tags":[11469,11270,4982,11468,11070,93,4013,4021,11377,3335],"class_list":["post-21411","post","type-post","status-publish","format-standard","has-post-thumbnail","hentry","category-oesterreich","tag-angebotspolitik","tag-barbara-kolm","tag-budgetdefizit","tag-bundesrechnungsabschluss","tag-eu-zentralismus","tag-fpoe","tag-inflation","tag-schuldenpolitik","tag-staatsversagen","tag-wirtschaftskrise"],"yoast_head":"<!-- This site is optimized with the Yoast SEO plugin v28.3 - https:\/\/yoast.com\/product\/yoast-seo-wordpress\/ -->\n<title>Schulden, Stillstand, Staatsversagen \u2013 Kolm rechnet mit \u00d6sterreichs Wirtschaftspolitik ab - ZurZeit<\/title>\n<meta name=\"robots\" content=\"index, follow, max-snippet:-1, max-image-preview:large, max-video-preview:-1\" \/>\n<link rel=\"canonical\" href=\"https:\/\/zurzeit.at\/index.php\/schulden-stillstand-staatsversagen-kolm-rechnet-mit-oesterreichs-wirtschaftspolitik-ab\/\" \/>\n<meta property=\"og:locale\" content=\"de_DE\" \/>\n<meta property=\"og:type\" content=\"article\" \/>\n<meta property=\"og:title\" content=\"Schulden, Stillstand, Staatsversagen \u2013 Kolm rechnet mit \u00d6sterreichs Wirtschaftspolitik ab - ZurZeit\" \/>\n<meta property=\"og:description\" content=\"Autor:\u00a0A.R. Bild: Parlamentsdirektion\/\u200bThomas Topf\u00a0Lizenz: &#8211; \u00d6sterreich taumelt. Der aktuelle Bundesrechnungsabschluss f\u00fcr 2024 liest sich wie&hellip;\" \/>\n<meta property=\"og:url\" content=\"https:\/\/zurzeit.at\/index.php\/schulden-stillstand-staatsversagen-kolm-rechnet-mit-oesterreichs-wirtschaftspolitik-ab\/\" \/>\n<meta property=\"og:site_name\" content=\"ZurZeit\" \/>\n<meta property=\"article:publisher\" content=\"https:\/\/www.facebook.com\/wochenmagazinZurZeit\/\" \/>\n<meta property=\"article:published_time\" content=\"2025-09-25T14:31:01+00:00\" \/>\n<meta property=\"og:image\" content=\"https:\/\/zurzeit.at\/wp-content\/uploads\/2025\/09\/20250514-23_NR_Sitzung-TOPF-2184_20159982-scaled.jpg\" \/>\n\t<meta property=\"og:image:width\" content=\"2560\" \/>\n\t<meta property=\"og:image:height\" content=\"1707\" \/>\n\t<meta property=\"og:image:type\" content=\"image\/jpeg\" \/>\n<meta name=\"author\" content=\"admin2\" \/>\n<meta name=\"twitter:card\" content=\"summary_large_image\" \/>\n<meta name=\"twitter:label1\" content=\"Verfasst von\" \/>\n\t<meta name=\"twitter:data1\" content=\"admin2\" \/>\n\t<meta name=\"twitter:label2\" content=\"Gesch\u00e4tzte Lesezeit\" \/>\n\t<meta name=\"twitter:data2\" content=\"3\u00a0Minuten\" \/>\n<script type=\"application\/ld+json\" class=\"yoast-schema-graph\">{\"@context\":\"https:\\\/\\\/schema.org\",\"@graph\":[{\"@type\":\"Article\",\"@id\":\"https:\\\/\\\/zurzeit.at\\\/index.php\\\/schulden-stillstand-staatsversagen-kolm-rechnet-mit-oesterreichs-wirtschaftspolitik-ab\\\/#article\",\"isPartOf\":{\"@id\":\"https:\\\/\\\/zurzeit.at\\\/index.php\\\/schulden-stillstand-staatsversagen-kolm-rechnet-mit-oesterreichs-wirtschaftspolitik-ab\\\/\"},\"author\":{\"name\":\"admin2\",\"@id\":\"https:\\\/\\\/zurzeit.at\\\/#\\\/schema\\\/person\\\/e6f4284c4ffdba25c26f295806088e37\"},\"headline\":\"Schulden, Stillstand, Staatsversagen \u2013 Kolm rechnet mit \u00d6sterreichs Wirtschaftspolitik ab\",\"datePublished\":\"2025-09-25T14:31:01+00:00\",\"mainEntityOfPage\":{\"@id\":\"https:\\\/\\\/zurzeit.at\\\/index.php\\\/schulden-stillstand-staatsversagen-kolm-rechnet-mit-oesterreichs-wirtschaftspolitik-ab\\\/\"},\"wordCount\":390,\"commentCount\":0,\"image\":{\"@id\":\"https:\\\/\\\/zurzeit.at\\\/index.php\\\/schulden-stillstand-staatsversagen-kolm-rechnet-mit-oesterreichs-wirtschaftspolitik-ab\\\/#primaryimage\"},\"thumbnailUrl\":\"https:\\\/\\\/zurzeit.at\\\/wp-content\\\/uploads\\\/2025\\\/09\\\/20250514-23_NR_Sitzung-TOPF-2184_20159982-scaled.jpg\",\"keywords\":[\"Angebotspolitik\",\"Barbara Kolm\",\"Budgetdefizit\",\"Bundesrechnungsabschluss\",\"EU-Zentralismus\",\"FP\u00d6\",\"Inflation\",\"Schuldenpolitik\",\"Staatsversagen\",\"Wirtschaftskrise\"],\"articleSection\":[\"\u00d6sterreich\"],\"inLanguage\":\"de\",\"potentialAction\":[{\"@type\":\"CommentAction\",\"name\":\"Comment\",\"target\":[\"https:\\\/\\\/zurzeit.at\\\/index.php\\\/schulden-stillstand-staatsversagen-kolm-rechnet-mit-oesterreichs-wirtschaftspolitik-ab\\\/#respond\"]}]},{\"@type\":\"WebPage\",\"@id\":\"https:\\\/\\\/zurzeit.at\\\/index.php\\\/schulden-stillstand-staatsversagen-kolm-rechnet-mit-oesterreichs-wirtschaftspolitik-ab\\\/\",\"url\":\"https:\\\/\\\/zurzeit.at\\\/index.php\\\/schulden-stillstand-staatsversagen-kolm-rechnet-mit-oesterreichs-wirtschaftspolitik-ab\\\/\",\"name\":\"Schulden, Stillstand, Staatsversagen \u2013 Kolm rechnet mit \u00d6sterreichs Wirtschaftspolitik ab - ZurZeit\",\"isPartOf\":{\"@id\":\"https:\\\/\\\/zurzeit.at\\\/#website\"},\"primaryImageOfPage\":{\"@id\":\"https:\\\/\\\/zurzeit.at\\\/index.php\\\/schulden-stillstand-staatsversagen-kolm-rechnet-mit-oesterreichs-wirtschaftspolitik-ab\\\/#primaryimage\"},\"image\":{\"@id\":\"https:\\\/\\\/zurzeit.at\\\/index.php\\\/schulden-stillstand-staatsversagen-kolm-rechnet-mit-oesterreichs-wirtschaftspolitik-ab\\\/#primaryimage\"},\"thumbnailUrl\":\"https:\\\/\\\/zurzeit.at\\\/wp-content\\\/uploads\\\/2025\\\/09\\\/20250514-23_NR_Sitzung-TOPF-2184_20159982-scaled.jpg\",\"datePublished\":\"2025-09-25T14:31:01+00:00\",\"author\":{\"@id\":\"https:\\\/\\\/zurzeit.at\\\/#\\\/schema\\\/person\\\/e6f4284c4ffdba25c26f295806088e37\"},\"breadcrumb\":{\"@id\":\"https:\\\/\\\/zurzeit.at\\\/index.php\\\/schulden-stillstand-staatsversagen-kolm-rechnet-mit-oesterreichs-wirtschaftspolitik-ab\\\/#breadcrumb\"},\"inLanguage\":\"de\",\"potentialAction\":[{\"@type\":\"ReadAction\",\"target\":[\"https:\\\/\\\/zurzeit.at\\\/index.php\\\/schulden-stillstand-staatsversagen-kolm-rechnet-mit-oesterreichs-wirtschaftspolitik-ab\\\/\"]}]},{\"@type\":\"ImageObject\",\"inLanguage\":\"de\",\"@id\":\"https:\\\/\\\/zurzeit.at\\\/index.php\\\/schulden-stillstand-staatsversagen-kolm-rechnet-mit-oesterreichs-wirtschaftspolitik-ab\\\/#primaryimage\",\"url\":\"https:\\\/\\\/zurzeit.at\\\/wp-content\\\/uploads\\\/2025\\\/09\\\/20250514-23_NR_Sitzung-TOPF-2184_20159982-scaled.jpg\",\"contentUrl\":\"https:\\\/\\\/zurzeit.at\\\/wp-content\\\/uploads\\\/2025\\\/09\\\/20250514-23_NR_Sitzung-TOPF-2184_20159982-scaled.jpg\",\"width\":2560,\"height\":1707,\"caption\":\"Am Redner:innenpult: Nationalratsabgeordnete Barbara Kolm (FP\u00d6)\"},{\"@type\":\"BreadcrumbList\",\"@id\":\"https:\\\/\\\/zurzeit.at\\\/index.php\\\/schulden-stillstand-staatsversagen-kolm-rechnet-mit-oesterreichs-wirtschaftspolitik-ab\\\/#breadcrumb\",\"itemListElement\":[{\"@type\":\"ListItem\",\"position\":1,\"name\":\"Startseite\",\"item\":\"https:\\\/\\\/zurzeit.at\\\/\"},{\"@type\":\"ListItem\",\"position\":2,\"name\":\"Schulden, Stillstand, Staatsversagen \u2013 Kolm rechnet mit \u00d6sterreichs Wirtschaftspolitik ab\"}]},{\"@type\":\"WebSite\",\"@id\":\"https:\\\/\\\/zurzeit.at\\\/#website\",\"url\":\"https:\\\/\\\/zurzeit.at\\\/\",\"name\":\"ZurZeit\",\"description\":\"Internetseite des Wochenmagazins ZurZeit\",\"potentialAction\":[{\"@type\":\"SearchAction\",\"target\":{\"@type\":\"EntryPoint\",\"urlTemplate\":\"https:\\\/\\\/zurzeit.at\\\/?s={search_term_string}\"},\"query-input\":{\"@type\":\"PropertyValueSpecification\",\"valueRequired\":true,\"valueName\":\"search_term_string\"}}],\"inLanguage\":\"de\"},{\"@type\":\"Person\",\"@id\":\"https:\\\/\\\/zurzeit.at\\\/#\\\/schema\\\/person\\\/e6f4284c4ffdba25c26f295806088e37\",\"name\":\"admin2\",\"image\":{\"@type\":\"ImageObject\",\"inLanguage\":\"de\",\"@id\":\"https:\\\/\\\/secure.gravatar.com\\\/avatar\\\/6b01edb108b3f79fc8950358251ecf3b91c228e319139ad1beec43b6b1b16470?s=96&d=mm&r=g\",\"url\":\"https:\\\/\\\/secure.gravatar.com\\\/avatar\\\/6b01edb108b3f79fc8950358251ecf3b91c228e319139ad1beec43b6b1b16470?s=96&d=mm&r=g\",\"contentUrl\":\"https:\\\/\\\/secure.gravatar.com\\\/avatar\\\/6b01edb108b3f79fc8950358251ecf3b91c228e319139ad1beec43b6b1b16470?s=96&d=mm&r=g\",\"caption\":\"admin2\"},\"url\":\"https:\\\/\\\/zurzeit.at\\\/index.php\\\/author\\\/admin2\\\/\"}]}<\/script>\n<!-- \/ Yoast SEO plugin. -->","yoast_head_json":{"title":"Schulden, Stillstand, Staatsversagen \u2013 Kolm rechnet mit \u00d6sterreichs Wirtschaftspolitik ab - ZurZeit","robots":{"index":"index","follow":"follow","max-snippet":"max-snippet:-1","max-image-preview":"max-image-preview:large","max-video-preview":"max-video-preview:-1"},"canonical":"https:\/\/zurzeit.at\/index.php\/schulden-stillstand-staatsversagen-kolm-rechnet-mit-oesterreichs-wirtschaftspolitik-ab\/","og_locale":"de_DE","og_type":"article","og_title":"Schulden, Stillstand, Staatsversagen \u2013 Kolm rechnet mit \u00d6sterreichs Wirtschaftspolitik ab - ZurZeit","og_description":"Autor:\u00a0A.R. Bild: Parlamentsdirektion\/\u200bThomas Topf\u00a0Lizenz: &#8211; \u00d6sterreich taumelt. Der aktuelle Bundesrechnungsabschluss f\u00fcr 2024 liest sich wie&hellip;","og_url":"https:\/\/zurzeit.at\/index.php\/schulden-stillstand-staatsversagen-kolm-rechnet-mit-oesterreichs-wirtschaftspolitik-ab\/","og_site_name":"ZurZeit","article_publisher":"https:\/\/www.facebook.com\/wochenmagazinZurZeit\/","article_published_time":"2025-09-25T14:31:01+00:00","og_image":[{"width":2560,"height":1707,"url":"https:\/\/zurzeit.at\/wp-content\/uploads\/2025\/09\/20250514-23_NR_Sitzung-TOPF-2184_20159982-scaled.jpg","type":"image\/jpeg"}],"author":"admin2","twitter_card":"summary_large_image","twitter_misc":{"Verfasst von":"admin2","Gesch\u00e4tzte Lesezeit":"3\u00a0Minuten"},"schema":{"@context":"https:\/\/schema.org","@graph":[{"@type":"Article","@id":"https:\/\/zurzeit.at\/index.php\/schulden-stillstand-staatsversagen-kolm-rechnet-mit-oesterreichs-wirtschaftspolitik-ab\/#article","isPartOf":{"@id":"https:\/\/zurzeit.at\/index.php\/schulden-stillstand-staatsversagen-kolm-rechnet-mit-oesterreichs-wirtschaftspolitik-ab\/"},"author":{"name":"admin2","@id":"https:\/\/zurzeit.at\/#\/schema\/person\/e6f4284c4ffdba25c26f295806088e37"},"headline":"Schulden, Stillstand, Staatsversagen \u2013 Kolm rechnet mit \u00d6sterreichs Wirtschaftspolitik ab","datePublished":"2025-09-25T14:31:01+00:00","mainEntityOfPage":{"@id":"https:\/\/zurzeit.at\/index.php\/schulden-stillstand-staatsversagen-kolm-rechnet-mit-oesterreichs-wirtschaftspolitik-ab\/"},"wordCount":390,"commentCount":0,"image":{"@id":"https:\/\/zurzeit.at\/index.php\/schulden-stillstand-staatsversagen-kolm-rechnet-mit-oesterreichs-wirtschaftspolitik-ab\/#primaryimage"},"thumbnailUrl":"https:\/\/zurzeit.at\/wp-content\/uploads\/2025\/09\/20250514-23_NR_Sitzung-TOPF-2184_20159982-scaled.jpg","keywords":["Angebotspolitik","Barbara Kolm","Budgetdefizit","Bundesrechnungsabschluss","EU-Zentralismus","FP\u00d6","Inflation","Schuldenpolitik","Staatsversagen","Wirtschaftskrise"],"articleSection":["\u00d6sterreich"],"inLanguage":"de","potentialAction":[{"@type":"CommentAction","name":"Comment","target":["https:\/\/zurzeit.at\/index.php\/schulden-stillstand-staatsversagen-kolm-rechnet-mit-oesterreichs-wirtschaftspolitik-ab\/#respond"]}]},{"@type":"WebPage","@id":"https:\/\/zurzeit.at\/index.php\/schulden-stillstand-staatsversagen-kolm-rechnet-mit-oesterreichs-wirtschaftspolitik-ab\/","url":"https:\/\/zurzeit.at\/index.php\/schulden-stillstand-staatsversagen-kolm-rechnet-mit-oesterreichs-wirtschaftspolitik-ab\/","name":"Schulden, Stillstand, Staatsversagen \u2013 Kolm rechnet mit \u00d6sterreichs Wirtschaftspolitik ab - ZurZeit","isPartOf":{"@id":"https:\/\/zurzeit.at\/#website"},"primaryImageOfPage":{"@id":"https:\/\/zurzeit.at\/index.php\/schulden-stillstand-staatsversagen-kolm-rechnet-mit-oesterreichs-wirtschaftspolitik-ab\/#primaryimage"},"image":{"@id":"https:\/\/zurzeit.at\/index.php\/schulden-stillstand-staatsversagen-kolm-rechnet-mit-oesterreichs-wirtschaftspolitik-ab\/#primaryimage"},"thumbnailUrl":"https:\/\/zurzeit.at\/wp-content\/uploads\/2025\/09\/20250514-23_NR_Sitzung-TOPF-2184_20159982-scaled.jpg","datePublished":"2025-09-25T14:31:01+00:00","author":{"@id":"https:\/\/zurzeit.at\/#\/schema\/person\/e6f4284c4ffdba25c26f295806088e37"},"breadcrumb":{"@id":"https:\/\/zurzeit.at\/index.php\/schulden-stillstand-staatsversagen-kolm-rechnet-mit-oesterreichs-wirtschaftspolitik-ab\/#breadcrumb"},"inLanguage":"de","potentialAction":[{"@type":"ReadAction","target":["https:\/\/zurzeit.at\/index.php\/schulden-stillstand-staatsversagen-kolm-rechnet-mit-oesterreichs-wirtschaftspolitik-ab\/"]}]},{"@type":"ImageObject","inLanguage":"de","@id":"https:\/\/zurzeit.at\/index.php\/schulden-stillstand-staatsversagen-kolm-rechnet-mit-oesterreichs-wirtschaftspolitik-ab\/#primaryimage","url":"https:\/\/zurzeit.at\/wp-content\/uploads\/2025\/09\/20250514-23_NR_Sitzung-TOPF-2184_20159982-scaled.jpg","contentUrl":"https:\/\/zurzeit.at\/wp-content\/uploads\/2025\/09\/20250514-23_NR_Sitzung-TOPF-2184_20159982-scaled.jpg","width":2560,"height":1707,"caption":"Am Redner:innenpult: Nationalratsabgeordnete Barbara Kolm (FP\u00d6)"},{"@type":"BreadcrumbList","@id":"https:\/\/zurzeit.at\/index.php\/schulden-stillstand-staatsversagen-kolm-rechnet-mit-oesterreichs-wirtschaftspolitik-ab\/#breadcrumb","itemListElement":[{"@type":"ListItem","position":1,"name":"Startseite","item":"https:\/\/zurzeit.at\/"},{"@type":"ListItem","position":2,"name":"Schulden, Stillstand, Staatsversagen \u2013 Kolm rechnet mit \u00d6sterreichs Wirtschaftspolitik ab"}]},{"@type":"WebSite","@id":"https:\/\/zurzeit.at\/#website","url":"https:\/\/zurzeit.at\/","name":"ZurZeit","description":"Internetseite des Wochenmagazins ZurZeit","potentialAction":[{"@type":"SearchAction","target":{"@type":"EntryPoint","urlTemplate":"https:\/\/zurzeit.at\/?s={search_term_string}"},"query-input":{"@type":"PropertyValueSpecification","valueRequired":true,"valueName":"search_term_string"}}],"inLanguage":"de"},{"@type":"Person","@id":"https:\/\/zurzeit.at\/#\/schema\/person\/e6f4284c4ffdba25c26f295806088e37","name":"admin2","image":{"@type":"ImageObject","inLanguage":"de","@id":"https:\/\/secure.gravatar.com\/avatar\/6b01edb108b3f79fc8950358251ecf3b91c228e319139ad1beec43b6b1b16470?s=96&d=mm&r=g","url":"https:\/\/secure.gravatar.com\/avatar\/6b01edb108b3f79fc8950358251ecf3b91c228e319139ad1beec43b6b1b16470?s=96&d=mm&r=g","contentUrl":"https:\/\/secure.gravatar.com\/avatar\/6b01edb108b3f79fc8950358251ecf3b91c228e319139ad1beec43b6b1b16470?s=96&d=mm&r=g","caption":"admin2"},"url":"https:\/\/zurzeit.at\/index.php\/author\/admin2\/"}]}},"_links":{"self":[{"href":"https:\/\/zurzeit.at\/index.php\/wp-json\/wp\/v2\/posts\/21411","targetHints":{"allow":["GET"]}}],"collection":[{"href":"https:\/\/zurzeit.at\/index.php\/wp-json\/wp\/v2\/posts"}],"about":[{"href":"https:\/\/zurzeit.at\/index.php\/wp-json\/wp\/v2\/types\/post"}],"author":[{"embeddable":true,"href":"https:\/\/zurzeit.at\/index.php\/wp-json\/wp\/v2\/users\/3"}],"replies":[{"embeddable":true,"href":"https:\/\/zurzeit.at\/index.php\/wp-json\/wp\/v2\/comments?post=21411"}],"version-history":[{"count":1,"href":"https:\/\/zurzeit.at\/index.php\/wp-json\/wp\/v2\/posts\/21411\/revisions"}],"predecessor-version":[{"id":21413,"href":"https:\/\/zurzeit.at\/index.php\/wp-json\/wp\/v2\/posts\/21411\/revisions\/21413"}],"wp:featuredmedia":[{"embeddable":true,"href":"https:\/\/zurzeit.at\/index.php\/wp-json\/wp\/v2\/media\/21412"}],"wp:attachment":[{"href":"https:\/\/zurzeit.at\/index.php\/wp-json\/wp\/v2\/media?parent=21411"}],"wp:term":[{"taxonomy":"category","embeddable":true,"href":"https:\/\/zurzeit.at\/index.php\/wp-json\/wp\/v2\/categories?post=21411"},{"taxonomy":"post_tag","embeddable":true,"href":"https:\/\/zurzeit.at\/index.php\/wp-json\/wp\/v2\/tags?post=21411"}],"curies":[{"name":"wp","href":"https:\/\/api.w.org\/{rel}","templated":true}]}}