{"id":22274,"date":"2026-01-27T12:35:21","date_gmt":"2026-01-27T11:35:21","guid":{"rendered":"https:\/\/zurzeit.at\/?p=22274"},"modified":"2026-01-27T12:35:21","modified_gmt":"2026-01-27T11:35:21","slug":"venezuelas-interimspraesidentin-hat-genug-von-washingtons-befehlen","status":"publish","type":"post","link":"https:\/\/zurzeit.at\/index.php\/venezuelas-interimspraesidentin-hat-genug-von-washingtons-befehlen\/","title":{"rendered":"Venezuelas Interimspr\u00e4sidentin hat \u201egenug\u201c von Washingtons Befehlen"},"content":{"rendered":"<p><span class=\"licensetpl_attr\"><span class=\"plainlinks noprint\">Autor:\u00a0<a href=\"https:\/\/zurzeit.at\/index.php\/autoren\/\">B.T.<\/a> Bild: <a href=\"https:\/\/commons.wikimedia.org\/wiki\/File:Delcy_Rodr%C3%ADguez_asume_como_Presidenta_Encargada_de_la_Rep%C3%BAblica_Bolivariana_de_Venezuela_04.jpg\">Wikipedia\/Presidencia de Venezuela<\/a><a href=\"https:\/\/picryl.com\/media\/india-human-indians-people-da57c1\">\u00a0<\/a><\/span><\/span><span class=\"licensetpl_attr\"><span class=\"plainlinks noprint\">L<\/span><\/span><span class=\"licensetpl_attr\"><span class=\"plainlinks noprint\">izenz: <a class=\"extiw\" title=\"w:public domain\" href=\"https:\/\/en.wikipedia.org\/wiki\/public_domain\">p<\/a><a class=\"extiw\" title=\"w:public domain\" href=\"https:\/\/en.wikipedia.org\/wiki\/public_domain\">ublic dom<\/a><a class=\"extiw\" title=\"w:public domain\" href=\"https:\/\/en.wikipedia.org\/wiki\/public_domain\">ain<\/a><\/span><\/span><\/p>\n<hr \/>\n<p>Bei der Installierung eines willf\u00e4hrigen Regimes in Venezuela st\u00f6\u00dft US-Pr\u00e4sident Donald Trump auf Hindernisse. Denn die venezolanische Interimspr\u00e4sidentin Delcy Rodriguez sagte einer Gruppe von \u00d6larbeitern bei einer Veranstaltung, die vom staatlichen Sender Venezolana de Television ausgestrahlt wurde, die habe \u201egenug von Washingtons Befehlen \u00fcber Politiker in Venezuela\u201c.<\/p>\n<p>Bisher scheint Rodriguez brav die Anordnungen aus Washington umgesetzt zu haben, wie die \u201eNew York Times\u201c k\u00fcrzlich schrieb: \u201eMit dem Segen von Pr\u00e4sident Trump hat Frau Rodr\u00edguez beschlossen, Venezuelas \u00d6lexporte aus China auf den deutlich lukrativeren Markt in den Vereinigten Staaten umzuleiten. Anfang dieses Monats leitete sie die erste Tranche aus diesen \u00d6lverk\u00e4ufen, 300 Millionen Dollar, an das venezolanische Bankensystem, stoppte damit den Zusammenbruch der Nationalw\u00e4hrung und zerstreute die Angst vor Hyperinflation.\u201c<\/p>\n<p>Am 3. J\u00e4nner hatten die USA einen Milit\u00e4rschlag gegen das s\u00fcdamerikanische Land ausgef\u00fchrt und Pr\u00e4sident Nicolas Maduro und dessen Ehefrau gefangen genommen. Die von Trump befehligte Aktion ist eine v\u00f6lkerrechtswidrige Aggression, weil kein Angriff Venezuelas auf die Vereinigten Staaten bzw. keine Erm\u00e4chtigung durch den UN-Sicherheitsrat vorlag. Die USA wollen die riesigen Erd\u00f6lvorkommen des s\u00fcdamerikanischen Landes kontrollieren, die Venezuela in der Vergangenheit, wie Trump behauptete, den USA \u201egestohlen\u201c habe.<\/p>\n<p>Rodriguez scheint nun zu ihren urspr\u00fcnglichen Absichten zur\u00fcckzukehren. Denn kurz nach ihrer Vereidigung hatte die Interimspr\u00e4sidentin versprochen, dass kein \u201eausl\u00e4ndischer Agent\u201c Venezuela regieren oder es zu einer \u201eKolonie\u201c machen w\u00fcrde, obwohl Trump deutlich gemacht hat, dass sein ernanntes Team amerikanischer Beamter das Land und sein \u00d6l effektiv regieren w\u00fcrde. Insgesamt versucht Rodriguez, eine heikle und schwierige Balance zwischen den nationalen Interessen Venezuelas und den Begehrlichkeiten der USA zu schaffen.<\/p>\n","protected":false},"excerpt":{"rendered":"<p>Autor:\u00a0B.T. Bild: Wikipedia\/Presidencia de Venezuela\u00a0Lizenz: public domain Bei der Installierung eines willf\u00e4hrigen Regimes in Venezuela&hellip;<\/p>\n","protected":false},"author":3,"featured_media":22275,"comment_status":"open","ping_status":"closed","sticky":false,"template":"","format":"standard","meta":{"footnotes":""},"categories":[49],"tags":[70,11757,938,1873,2903,242,199],"class_list":["post-22274","post","type-post","status-publish","format-standard","has-post-thumbnail","hentry","category-ausland","tag-aggression","tag-delcy-rodriguez","tag-donald-trump","tag-erdoel","tag-kontrolle","tag-usa","tag-venezuela"],"yoast_head":"<!-- This site is optimized with the Yoast SEO plugin v28.4 - https:\/\/yoast.com\/product\/yoast-seo-wordpress\/ -->\n<title>Venezuelas Interimspr\u00e4sidentin hat \u201egenug\u201c von Washingtons Befehlen - ZurZeit<\/title>\n<meta name=\"robots\" content=\"index, follow, max-snippet:-1, max-image-preview:large, max-video-preview:-1\" \/>\n<link rel=\"canonical\" href=\"https:\/\/zurzeit.at\/index.php\/venezuelas-interimspraesidentin-hat-genug-von-washingtons-befehlen\/\" \/>\n<meta property=\"og:locale\" content=\"de_DE\" \/>\n<meta property=\"og:type\" content=\"article\" \/>\n<meta property=\"og:title\" content=\"Venezuelas Interimspr\u00e4sidentin hat \u201egenug\u201c von Washingtons Befehlen - ZurZeit\" \/>\n<meta property=\"og:description\" content=\"Autor:\u00a0B.T. Bild: Wikipedia\/Presidencia de Venezuela\u00a0Lizenz: public domain Bei der Installierung eines willf\u00e4hrigen Regimes in Venezuela&hellip;\" \/>\n<meta property=\"og:url\" content=\"https:\/\/zurzeit.at\/index.php\/venezuelas-interimspraesidentin-hat-genug-von-washingtons-befehlen\/\" \/>\n<meta property=\"og:site_name\" content=\"ZurZeit\" \/>\n<meta property=\"article:publisher\" content=\"https:\/\/www.facebook.com\/wochenmagazinZurZeit\/\" \/>\n<meta property=\"article:published_time\" content=\"2026-01-27T11:35:21+00:00\" \/>\n<meta property=\"og:image\" content=\"https:\/\/zurzeit.at\/wp-content\/uploads\/2026\/01\/Delcy_Rodriguez_asume_como_Presidenta_Encargada_de_la_Republica_Bolivariana_de_Venezuela_04.jpg\" \/>\n\t<meta property=\"og:image:width\" content=\"1280\" \/>\n\t<meta property=\"og:image:height\" content=\"854\" \/>\n\t<meta property=\"og:image:type\" content=\"image\/jpeg\" \/>\n<meta name=\"author\" content=\"admin2\" \/>\n<meta name=\"twitter:card\" content=\"summary_large_image\" \/>\n<meta name=\"twitter:label1\" content=\"Verfasst von\" \/>\n\t<meta name=\"twitter:data1\" content=\"admin2\" \/>\n\t<meta name=\"twitter:label2\" content=\"Gesch\u00e4tzte Lesezeit\" \/>\n\t<meta name=\"twitter:data2\" content=\"2\u00a0Minuten\" \/>\n<script type=\"application\/ld+json\" class=\"yoast-schema-graph\">{\"@context\":\"https:\\\/\\\/schema.org\",\"@graph\":[{\"@type\":\"Article\",\"@id\":\"https:\\\/\\\/zurzeit.at\\\/index.php\\\/venezuelas-interimspraesidentin-hat-genug-von-washingtons-befehlen\\\/#article\",\"isPartOf\":{\"@id\":\"https:\\\/\\\/zurzeit.at\\\/index.php\\\/venezuelas-interimspraesidentin-hat-genug-von-washingtons-befehlen\\\/\"},\"author\":{\"name\":\"admin2\",\"@id\":\"https:\\\/\\\/zurzeit.at\\\/#\\\/schema\\\/person\\\/e6f4284c4ffdba25c26f295806088e37\"},\"headline\":\"Venezuelas Interimspr\u00e4sidentin hat \u201egenug\u201c von Washingtons Befehlen\",\"datePublished\":\"2026-01-27T11:35:21+00:00\",\"mainEntityOfPage\":{\"@id\":\"https:\\\/\\\/zurzeit.at\\\/index.php\\\/venezuelas-interimspraesidentin-hat-genug-von-washingtons-befehlen\\\/\"},\"wordCount\":300,\"commentCount\":0,\"image\":{\"@id\":\"https:\\\/\\\/zurzeit.at\\\/index.php\\\/venezuelas-interimspraesidentin-hat-genug-von-washingtons-befehlen\\\/#primaryimage\"},\"thumbnailUrl\":\"https:\\\/\\\/zurzeit.at\\\/wp-content\\\/uploads\\\/2026\\\/01\\\/Delcy_Rodriguez_asume_como_Presidenta_Encargada_de_la_Republica_Bolivariana_de_Venezuela_04.jpg\",\"keywords\":[\"Aggression\",\"Delcy Rodriguez\",\"Donald Trump\",\"Erd\u00f6l\",\"Kontrolle\",\"USA\",\"Venezuela\"],\"articleSection\":[\"Ausland\"],\"inLanguage\":\"de\",\"potentialAction\":[{\"@type\":\"CommentAction\",\"name\":\"Comment\",\"target\":[\"https:\\\/\\\/zurzeit.at\\\/index.php\\\/venezuelas-interimspraesidentin-hat-genug-von-washingtons-befehlen\\\/#respond\"]}]},{\"@type\":\"WebPage\",\"@id\":\"https:\\\/\\\/zurzeit.at\\\/index.php\\\/venezuelas-interimspraesidentin-hat-genug-von-washingtons-befehlen\\\/\",\"url\":\"https:\\\/\\\/zurzeit.at\\\/index.php\\\/venezuelas-interimspraesidentin-hat-genug-von-washingtons-befehlen\\\/\",\"name\":\"Venezuelas Interimspr\u00e4sidentin hat \u201egenug\u201c von Washingtons Befehlen - ZurZeit\",\"isPartOf\":{\"@id\":\"https:\\\/\\\/zurzeit.at\\\/#website\"},\"primaryImageOfPage\":{\"@id\":\"https:\\\/\\\/zurzeit.at\\\/index.php\\\/venezuelas-interimspraesidentin-hat-genug-von-washingtons-befehlen\\\/#primaryimage\"},\"image\":{\"@id\":\"https:\\\/\\\/zurzeit.at\\\/index.php\\\/venezuelas-interimspraesidentin-hat-genug-von-washingtons-befehlen\\\/#primaryimage\"},\"thumbnailUrl\":\"https:\\\/\\\/zurzeit.at\\\/wp-content\\\/uploads\\\/2026\\\/01\\\/Delcy_Rodriguez_asume_como_Presidenta_Encargada_de_la_Republica_Bolivariana_de_Venezuela_04.jpg\",\"datePublished\":\"2026-01-27T11:35:21+00:00\",\"author\":{\"@id\":\"https:\\\/\\\/zurzeit.at\\\/#\\\/schema\\\/person\\\/e6f4284c4ffdba25c26f295806088e37\"},\"breadcrumb\":{\"@id\":\"https:\\\/\\\/zurzeit.at\\\/index.php\\\/venezuelas-interimspraesidentin-hat-genug-von-washingtons-befehlen\\\/#breadcrumb\"},\"inLanguage\":\"de\",\"potentialAction\":[{\"@type\":\"ReadAction\",\"target\":[\"https:\\\/\\\/zurzeit.at\\\/index.php\\\/venezuelas-interimspraesidentin-hat-genug-von-washingtons-befehlen\\\/\"]}]},{\"@type\":\"ImageObject\",\"inLanguage\":\"de\",\"@id\":\"https:\\\/\\\/zurzeit.at\\\/index.php\\\/venezuelas-interimspraesidentin-hat-genug-von-washingtons-befehlen\\\/#primaryimage\",\"url\":\"https:\\\/\\\/zurzeit.at\\\/wp-content\\\/uploads\\\/2026\\\/01\\\/Delcy_Rodriguez_asume_como_Presidenta_Encargada_de_la_Republica_Bolivariana_de_Venezuela_04.jpg\",\"contentUrl\":\"https:\\\/\\\/zurzeit.at\\\/wp-content\\\/uploads\\\/2026\\\/01\\\/Delcy_Rodriguez_asume_como_Presidenta_Encargada_de_la_Republica_Bolivariana_de_Venezuela_04.jpg\",\"width\":1280,\"height\":854},{\"@type\":\"BreadcrumbList\",\"@id\":\"https:\\\/\\\/zurzeit.at\\\/index.php\\\/venezuelas-interimspraesidentin-hat-genug-von-washingtons-befehlen\\\/#breadcrumb\",\"itemListElement\":[{\"@type\":\"ListItem\",\"position\":1,\"name\":\"Startseite\",\"item\":\"https:\\\/\\\/zurzeit.at\\\/\"},{\"@type\":\"ListItem\",\"position\":2,\"name\":\"Venezuelas Interimspr\u00e4sidentin hat \u201egenug\u201c von Washingtons Befehlen\"}]},{\"@type\":\"WebSite\",\"@id\":\"https:\\\/\\\/zurzeit.at\\\/#website\",\"url\":\"https:\\\/\\\/zurzeit.at\\\/\",\"name\":\"ZurZeit\",\"description\":\"Internetseite des Wochenmagazins ZurZeit\",\"potentialAction\":[{\"@type\":\"SearchAction\",\"target\":{\"@type\":\"EntryPoint\",\"urlTemplate\":\"https:\\\/\\\/zurzeit.at\\\/?s={search_term_string}\"},\"query-input\":{\"@type\":\"PropertyValueSpecification\",\"valueRequired\":true,\"valueName\":\"search_term_string\"}}],\"inLanguage\":\"de\"},{\"@type\":\"Person\",\"@id\":\"https:\\\/\\\/zurzeit.at\\\/#\\\/schema\\\/person\\\/e6f4284c4ffdba25c26f295806088e37\",\"name\":\"admin2\",\"image\":{\"@type\":\"ImageObject\",\"inLanguage\":\"de\",\"@id\":\"https:\\\/\\\/secure.gravatar.com\\\/avatar\\\/6b01edb108b3f79fc8950358251ecf3b91c228e319139ad1beec43b6b1b16470?s=96&d=mm&r=g\",\"url\":\"https:\\\/\\\/secure.gravatar.com\\\/avatar\\\/6b01edb108b3f79fc8950358251ecf3b91c228e319139ad1beec43b6b1b16470?s=96&d=mm&r=g\",\"contentUrl\":\"https:\\\/\\\/secure.gravatar.com\\\/avatar\\\/6b01edb108b3f79fc8950358251ecf3b91c228e319139ad1beec43b6b1b16470?s=96&d=mm&r=g\",\"caption\":\"admin2\"},\"url\":\"https:\\\/\\\/zurzeit.at\\\/index.php\\\/author\\\/admin2\\\/\"}]}<\/script>\n<!-- \/ Yoast SEO plugin. -->","yoast_head_json":{"title":"Venezuelas Interimspr\u00e4sidentin hat \u201egenug\u201c von Washingtons Befehlen - ZurZeit","robots":{"index":"index","follow":"follow","max-snippet":"max-snippet:-1","max-image-preview":"max-image-preview:large","max-video-preview":"max-video-preview:-1"},"canonical":"https:\/\/zurzeit.at\/index.php\/venezuelas-interimspraesidentin-hat-genug-von-washingtons-befehlen\/","og_locale":"de_DE","og_type":"article","og_title":"Venezuelas Interimspr\u00e4sidentin hat \u201egenug\u201c von Washingtons Befehlen - ZurZeit","og_description":"Autor:\u00a0B.T. Bild: Wikipedia\/Presidencia de Venezuela\u00a0Lizenz: public domain Bei der Installierung eines willf\u00e4hrigen Regimes in Venezuela&hellip;","og_url":"https:\/\/zurzeit.at\/index.php\/venezuelas-interimspraesidentin-hat-genug-von-washingtons-befehlen\/","og_site_name":"ZurZeit","article_publisher":"https:\/\/www.facebook.com\/wochenmagazinZurZeit\/","article_published_time":"2026-01-27T11:35:21+00:00","og_image":[{"width":1280,"height":854,"url":"https:\/\/zurzeit.at\/wp-content\/uploads\/2026\/01\/Delcy_Rodriguez_asume_como_Presidenta_Encargada_de_la_Republica_Bolivariana_de_Venezuela_04.jpg","type":"image\/jpeg"}],"author":"admin2","twitter_card":"summary_large_image","twitter_misc":{"Verfasst von":"admin2","Gesch\u00e4tzte Lesezeit":"2\u00a0Minuten"},"schema":{"@context":"https:\/\/schema.org","@graph":[{"@type":"Article","@id":"https:\/\/zurzeit.at\/index.php\/venezuelas-interimspraesidentin-hat-genug-von-washingtons-befehlen\/#article","isPartOf":{"@id":"https:\/\/zurzeit.at\/index.php\/venezuelas-interimspraesidentin-hat-genug-von-washingtons-befehlen\/"},"author":{"name":"admin2","@id":"https:\/\/zurzeit.at\/#\/schema\/person\/e6f4284c4ffdba25c26f295806088e37"},"headline":"Venezuelas Interimspr\u00e4sidentin hat \u201egenug\u201c von Washingtons Befehlen","datePublished":"2026-01-27T11:35:21+00:00","mainEntityOfPage":{"@id":"https:\/\/zurzeit.at\/index.php\/venezuelas-interimspraesidentin-hat-genug-von-washingtons-befehlen\/"},"wordCount":300,"commentCount":0,"image":{"@id":"https:\/\/zurzeit.at\/index.php\/venezuelas-interimspraesidentin-hat-genug-von-washingtons-befehlen\/#primaryimage"},"thumbnailUrl":"https:\/\/zurzeit.at\/wp-content\/uploads\/2026\/01\/Delcy_Rodriguez_asume_como_Presidenta_Encargada_de_la_Republica_Bolivariana_de_Venezuela_04.jpg","keywords":["Aggression","Delcy Rodriguez","Donald Trump","Erd\u00f6l","Kontrolle","USA","Venezuela"],"articleSection":["Ausland"],"inLanguage":"de","potentialAction":[{"@type":"CommentAction","name":"Comment","target":["https:\/\/zurzeit.at\/index.php\/venezuelas-interimspraesidentin-hat-genug-von-washingtons-befehlen\/#respond"]}]},{"@type":"WebPage","@id":"https:\/\/zurzeit.at\/index.php\/venezuelas-interimspraesidentin-hat-genug-von-washingtons-befehlen\/","url":"https:\/\/zurzeit.at\/index.php\/venezuelas-interimspraesidentin-hat-genug-von-washingtons-befehlen\/","name":"Venezuelas Interimspr\u00e4sidentin hat \u201egenug\u201c von Washingtons Befehlen - ZurZeit","isPartOf":{"@id":"https:\/\/zurzeit.at\/#website"},"primaryImageOfPage":{"@id":"https:\/\/zurzeit.at\/index.php\/venezuelas-interimspraesidentin-hat-genug-von-washingtons-befehlen\/#primaryimage"},"image":{"@id":"https:\/\/zurzeit.at\/index.php\/venezuelas-interimspraesidentin-hat-genug-von-washingtons-befehlen\/#primaryimage"},"thumbnailUrl":"https:\/\/zurzeit.at\/wp-content\/uploads\/2026\/01\/Delcy_Rodriguez_asume_como_Presidenta_Encargada_de_la_Republica_Bolivariana_de_Venezuela_04.jpg","datePublished":"2026-01-27T11:35:21+00:00","author":{"@id":"https:\/\/zurzeit.at\/#\/schema\/person\/e6f4284c4ffdba25c26f295806088e37"},"breadcrumb":{"@id":"https:\/\/zurzeit.at\/index.php\/venezuelas-interimspraesidentin-hat-genug-von-washingtons-befehlen\/#breadcrumb"},"inLanguage":"de","potentialAction":[{"@type":"ReadAction","target":["https:\/\/zurzeit.at\/index.php\/venezuelas-interimspraesidentin-hat-genug-von-washingtons-befehlen\/"]}]},{"@type":"ImageObject","inLanguage":"de","@id":"https:\/\/zurzeit.at\/index.php\/venezuelas-interimspraesidentin-hat-genug-von-washingtons-befehlen\/#primaryimage","url":"https:\/\/zurzeit.at\/wp-content\/uploads\/2026\/01\/Delcy_Rodriguez_asume_como_Presidenta_Encargada_de_la_Republica_Bolivariana_de_Venezuela_04.jpg","contentUrl":"https:\/\/zurzeit.at\/wp-content\/uploads\/2026\/01\/Delcy_Rodriguez_asume_como_Presidenta_Encargada_de_la_Republica_Bolivariana_de_Venezuela_04.jpg","width":1280,"height":854},{"@type":"BreadcrumbList","@id":"https:\/\/zurzeit.at\/index.php\/venezuelas-interimspraesidentin-hat-genug-von-washingtons-befehlen\/#breadcrumb","itemListElement":[{"@type":"ListItem","position":1,"name":"Startseite","item":"https:\/\/zurzeit.at\/"},{"@type":"ListItem","position":2,"name":"Venezuelas Interimspr\u00e4sidentin hat \u201egenug\u201c von Washingtons Befehlen"}]},{"@type":"WebSite","@id":"https:\/\/zurzeit.at\/#website","url":"https:\/\/zurzeit.at\/","name":"ZurZeit","description":"Internetseite des Wochenmagazins ZurZeit","potentialAction":[{"@type":"SearchAction","target":{"@type":"EntryPoint","urlTemplate":"https:\/\/zurzeit.at\/?s={search_term_string}"},"query-input":{"@type":"PropertyValueSpecification","valueRequired":true,"valueName":"search_term_string"}}],"inLanguage":"de"},{"@type":"Person","@id":"https:\/\/zurzeit.at\/#\/schema\/person\/e6f4284c4ffdba25c26f295806088e37","name":"admin2","image":{"@type":"ImageObject","inLanguage":"de","@id":"https:\/\/secure.gravatar.com\/avatar\/6b01edb108b3f79fc8950358251ecf3b91c228e319139ad1beec43b6b1b16470?s=96&d=mm&r=g","url":"https:\/\/secure.gravatar.com\/avatar\/6b01edb108b3f79fc8950358251ecf3b91c228e319139ad1beec43b6b1b16470?s=96&d=mm&r=g","contentUrl":"https:\/\/secure.gravatar.com\/avatar\/6b01edb108b3f79fc8950358251ecf3b91c228e319139ad1beec43b6b1b16470?s=96&d=mm&r=g","caption":"admin2"},"url":"https:\/\/zurzeit.at\/index.php\/author\/admin2\/"}]}},"_links":{"self":[{"href":"https:\/\/zurzeit.at\/index.php\/wp-json\/wp\/v2\/posts\/22274","targetHints":{"allow":["GET"]}}],"collection":[{"href":"https:\/\/zurzeit.at\/index.php\/wp-json\/wp\/v2\/posts"}],"about":[{"href":"https:\/\/zurzeit.at\/index.php\/wp-json\/wp\/v2\/types\/post"}],"author":[{"embeddable":true,"href":"https:\/\/zurzeit.at\/index.php\/wp-json\/wp\/v2\/users\/3"}],"replies":[{"embeddable":true,"href":"https:\/\/zurzeit.at\/index.php\/wp-json\/wp\/v2\/comments?post=22274"}],"version-history":[{"count":1,"href":"https:\/\/zurzeit.at\/index.php\/wp-json\/wp\/v2\/posts\/22274\/revisions"}],"predecessor-version":[{"id":22276,"href":"https:\/\/zurzeit.at\/index.php\/wp-json\/wp\/v2\/posts\/22274\/revisions\/22276"}],"wp:featuredmedia":[{"embeddable":true,"href":"https:\/\/zurzeit.at\/index.php\/wp-json\/wp\/v2\/media\/22275"}],"wp:attachment":[{"href":"https:\/\/zurzeit.at\/index.php\/wp-json\/wp\/v2\/media?parent=22274"}],"wp:term":[{"taxonomy":"category","embeddable":true,"href":"https:\/\/zurzeit.at\/index.php\/wp-json\/wp\/v2\/categories?post=22274"},{"taxonomy":"post_tag","embeddable":true,"href":"https:\/\/zurzeit.at\/index.php\/wp-json\/wp\/v2\/tags?post=22274"}],"curies":[{"name":"wp","href":"https:\/\/api.w.org\/{rel}","templated":true}]}}