{"id":22485,"date":"2026-03-18T10:52:27","date_gmt":"2026-03-18T09:52:27","guid":{"rendered":"https:\/\/zurzeit.at\/?p=22485"},"modified":"2026-03-18T10:52:27","modified_gmt":"2026-03-18T09:52:27","slug":"pflege-falle-zuwanderung","status":"publish","type":"post","link":"https:\/\/zurzeit.at\/index.php\/pflege-falle-zuwanderung\/","title":{"rendered":"Der Pflege-Import als Todessto\u00df f\u00fcr die Eigenvorsorge"},"content":{"rendered":"<p><span class=\"licensetpl_attr\"><span class=\"plainlinks noprint\">Autor:\u00a0<a href=\"https:\/\/zurzeit.at\/index.php\/autoren\/\">A.R.<\/a> Bild: ZZ\/Archiv\u00a0L<\/span><\/span><span class=\"licensetpl_attr\"><span class=\"plainlinks noprint\">izenz:\u00a0<a href=\"https:\/\/creativecommons.org\/publicdomain\/zero\/1.0\/deed.en\">CC0 1.0<\/a><\/span><\/span><\/p>\n<hr \/>\n<p>W\u00e4hrend die Bundesregierung die \u201ePflegereform\u201c als Erfolg verkauft, vollzieht sich hinter den Kulissen eine lautlose Kapitulation vor der eigenen Demografie. Anstatt den Pflegeberuf durch drastische Lohnanpassungen und bessere Arbeitsbedingungen f\u00fcr die heimische Bev\u00f6lkerung attraktiv zu machen, setzt das Sozialministerium auf den gro\u00dffl\u00e4chigen Import von Fachkr\u00e4ften aus Drittstaaten. Die j\u00fcngsten Abkommen mit Indonesien und den Philippinen vom M\u00e4rz 2026 markieren den endg\u00fcltigen Verzicht auf eine eigenst\u00e4ndige L\u00f6sung der Krise und zementieren eine gef\u00e4hrliche Abh\u00e4ngigkeit von fernen Arbeitsm\u00e4rkten.<\/p>\n<h2>\u201eBrain Drain\u201c und Ethik-Vakuum: Wir stehlen die Zukunft anderer V\u00f6lker<\/h2>\n<p>Das Gesch\u00e4ftsmodell ist ebenso simpel wie moralisch fragw\u00fcrdig: Man rekrutiert die am besten ausgebildeten jungen Menschen in L\u00e4ndern wie Indonesien, um das hausgemachte Versagen der \u00f6sterreichischen Familien- und Sozialpolitik zu kaschieren. Wie aus den aktuellen Fachkr\u00e4fteabkommen des Sozialministeriums vom M\u00e4rz 2026 hervorgeht, werden Millionenbetr\u00e4ge in Anwerbeprogramme investiert, w\u00e4hrend die Personalnot in den Herkunftsl\u00e4ndern oft selbst dramatische Ausma\u00dfe annimmt.<\/p>\n<p>Wir betreiben einen staatlich gef\u00f6rderten \u201eBrain Drain\u201c (engl. gemeint ist die Abwanderung von Fachkr\u00e4ften). Dabei entziehen Nationen jene K\u00f6pfe, die sie f\u00fcr den Aufbau ihres eigenen Gesundheitssystems ben\u00f6tigen. Dass dies in Br\u00fcssel und Wien als \u201ehumanit\u00e4re Win-Win-Situation\u201c gefeiert wird, ist ein zynischer Etikettenschwindel. Es ist die Fortsetzung einer neokolonialen Logik unter dem Deckmantel des Sozialstaats: Wir kaufen uns die F\u00fcrsorge ein, die wir als Gesellschaft nicht mehr selbst zu leisten bereit oder f\u00e4hig sind.<\/p>\n<h3>Die kulturelle Entfremdung: Sprachbarrieren am Sterbebett<\/h3>\n<p>In den heimischen Pflegeeinrichtungen f\u00fchrt dieser Import-Zwang zu einer schleichenden, aber massiven kulturellen Entfremdung. Pflege ist keine rein mechanische T\u00e4tigkeit; sie basiert auf Vertrauen, gemeinsamer Sprache und kulturellem Verst\u00e4ndnis \u2013 insbesondere bei dementen Patienten, die oft in ihre Muttersprache oder ihren Dialekt zur\u00fcckfallen. Aktuelle Berichte zur Pflegestatistik (M\u00e4rz 2026) verdeutlichen, dass die Sprach- und Kulturbarrieren zunehmend zu einer Belastung f\u00fcr das Personal und die zu Pflegenden werden.<\/p>\n<p>Wenn die \u201eOma\u201c am Lebensabend von Menschen betreut wird, die weder ihren Dialekt noch ihre Lebenswelt verstehen, ist das ein Angriff auf die W\u00fcrde der Senioren. Die soziale Stabilit\u00e4t in den Heimen wackelt, da die Fluktuation unter den importierten Kr\u00e4ften enorm ist. Anstatt echte Integration zu f\u00f6rdern, schafft man ein rotierendes System von Fachkr\u00e4ften aus Fernost, die oft nur so lange bleiben, bis sie den Zugang zum europ\u00e4ischen Arbeitsmarkt f\u00fcr lukrativere Branchen oder L\u00e4nder nutzen k\u00f6nnen.<\/p>\n<h3>Die Rechnung ohne den Wirt: Die M\u00e4r von der g\u00fcnstigen L\u00f6sung<\/h3>\n<p>Die \u00f6konomische Bilanz dieses Import-Wahnsinns ist verheerend. Interne Daten des Sozialministeriums offenbaren, dass die Kosten f\u00fcr die Anwerbung einer einzigen Kraft inklusive Sprachkursen und Visa-Verfahren bis zu 15.000 Euro verschlingen. Gleichzeitig zeigen die Statistiken, dass die \u201eBleibequote\u201c nach zwei Jahren bei gerade einmal 65 % liegt.<\/p>\n<p>Es ist eine Flucht nach vorne, die das eigentliche Problem nur versch\u00e4rft: Je mehr man auf billigen Import setzt, desto weniger Druck versp\u00fcren Politik und Tr\u00e4gerorganisationen, die Arbeitsbedingungen f\u00fcr \u00d6sterreicher grundlegend zu reformieren. Das Geld, das in globale Agenturen flie\u00dft, fehlt direkt bei den Geh\u00e4ltern heimischer Pflegekr\u00e4fte.<\/p>\n<h3>Die Abrechnung: Souver\u00e4nit\u00e4t beginnt bei der F\u00fcrsorge<\/h3>\n<p>Eine Gesellschaft, die nicht mehr in der Lage ist, ihre Alten und Schwachen aus eigener Kraft zu versorgen, hat aufgeh\u00f6rt, eine souver\u00e4ne Kulturnation zu sein. Wir brauchen keine weiteren Abkommen mit Jakarta oder Manila, sondern ein radikales Umsteuern im Inland. Das bedeutet: Massive Lohnsteigerungen, die den Namen verdienen, eine echte Aufwertung der Pflegelehre und massive steuerliche Privilegien f\u00fcr pflegende Angeh\u00f6rige.<\/p>\n<p>Wer die Pflegekrise durch Massenzuwanderung l\u00f6sen will, zerst\u00f6rt langfristig den sozialen Zusammenhalt und die Qualit\u00e4t der Versorgung. Der Schutz unserer Senioren darf nicht zum Spielball globaler Migrationsstr\u00f6me werden. Es ist Zeit, die demografische Kapitulation zu beenden und in die einzige Ressource zu investieren, die wirklich z\u00e4hlt: das eigene.<\/p>\n","protected":false},"excerpt":{"rendered":"<p>Autor:\u00a0A.R. Bild: ZZ\/Archiv\u00a0Lizenz:\u00a0CC0 1.0 W\u00e4hrend die Bundesregierung die \u201ePflegereform\u201c als Erfolg verkauft, vollzieht sich hinter&hellip;<\/p>\n","protected":false},"author":3,"featured_media":22486,"comment_status":"open","ping_status":"closed","sticky":false,"template":"","format":"standard","meta":{"footnotes":""},"categories":[48],"tags":[11843,5082,11845,8554,11844,95,11842,226,3016],"class_list":["post-22485","post","type-post","status-publish","format-standard","has-post-thumbnail","hentry","category-europa","tag-brain-drain","tag-demografie","tag-ehds","tag-fachkraeftemangel","tag-indonesien-abkommen","tag-migration","tag-pflegekrise","tag-souveraenitaet","tag-sozialministerium"],"yoast_head":"<!-- This site is optimized with the Yoast SEO plugin v28.3 - https:\/\/yoast.com\/product\/yoast-seo-wordpress\/ -->\n<title>Die Pflege-Falle: Warum Import keine L\u00f6sung ist<\/title>\n<meta name=\"description\" content=\"Wie das Sozialministerium im M\u00e4rz 2026 durch Fachkr\u00e4fte-Import aus Drittstaaten die heimische Pflege zerst\u00f6rt und den Brain Drain f\u00f6rdert.\" \/>\n<meta name=\"robots\" content=\"index, follow, max-snippet:-1, max-image-preview:large, max-video-preview:-1\" \/>\n<link rel=\"canonical\" href=\"https:\/\/zurzeit.at\/index.php\/pflege-falle-zuwanderung\/\" \/>\n<meta property=\"og:locale\" content=\"de_DE\" \/>\n<meta property=\"og:type\" content=\"article\" \/>\n<meta property=\"og:title\" content=\"Die Pflege-Falle: Warum Import keine L\u00f6sung ist\" \/>\n<meta property=\"og:description\" content=\"Wie das Sozialministerium im M\u00e4rz 2026 durch Fachkr\u00e4fte-Import aus Drittstaaten die heimische Pflege zerst\u00f6rt und den Brain Drain f\u00f6rdert.\" \/>\n<meta property=\"og:url\" content=\"https:\/\/zurzeit.at\/index.php\/pflege-falle-zuwanderung\/\" \/>\n<meta property=\"og:site_name\" content=\"ZurZeit\" \/>\n<meta property=\"article:publisher\" content=\"https:\/\/www.facebook.com\/wochenmagazinZurZeit\/\" \/>\n<meta property=\"article:published_time\" content=\"2026-03-18T09:52:27+00:00\" \/>\n<meta property=\"og:image\" content=\"https:\/\/zurzeit.at\/wp-content\/uploads\/2026\/03\/Pflege.jpg\" \/>\n\t<meta property=\"og:image:width\" content=\"1536\" \/>\n\t<meta property=\"og:image:height\" content=\"1024\" \/>\n\t<meta property=\"og:image:type\" content=\"image\/jpeg\" \/>\n<meta name=\"author\" content=\"admin2\" \/>\n<meta name=\"twitter:card\" content=\"summary_large_image\" \/>\n<meta name=\"twitter:label1\" content=\"Verfasst von\" \/>\n\t<meta name=\"twitter:data1\" content=\"admin2\" \/>\n\t<meta name=\"twitter:label2\" content=\"Gesch\u00e4tzte Lesezeit\" \/>\n\t<meta name=\"twitter:data2\" content=\"4\u00a0Minuten\" \/>\n<script type=\"application\/ld+json\" class=\"yoast-schema-graph\">{\"@context\":\"https:\\\/\\\/schema.org\",\"@graph\":[{\"@type\":\"Article\",\"@id\":\"https:\\\/\\\/zurzeit.at\\\/index.php\\\/pflege-falle-zuwanderung\\\/#article\",\"isPartOf\":{\"@id\":\"https:\\\/\\\/zurzeit.at\\\/index.php\\\/pflege-falle-zuwanderung\\\/\"},\"author\":{\"name\":\"admin2\",\"@id\":\"https:\\\/\\\/zurzeit.at\\\/#\\\/schema\\\/person\\\/e6f4284c4ffdba25c26f295806088e37\"},\"headline\":\"Der Pflege-Import als Todessto\u00df f\u00fcr die Eigenvorsorge\",\"datePublished\":\"2026-03-18T09:52:27+00:00\",\"mainEntityOfPage\":{\"@id\":\"https:\\\/\\\/zurzeit.at\\\/index.php\\\/pflege-falle-zuwanderung\\\/\"},\"wordCount\":667,\"commentCount\":0,\"image\":{\"@id\":\"https:\\\/\\\/zurzeit.at\\\/index.php\\\/pflege-falle-zuwanderung\\\/#primaryimage\"},\"thumbnailUrl\":\"https:\\\/\\\/zurzeit.at\\\/wp-content\\\/uploads\\\/2026\\\/03\\\/Pflege.jpg\",\"keywords\":[\"Brain Drain\",\"Demografie\",\"EHDS\",\"Fachkr\u00e4ftemangel\",\"Indonesien-Abkommen\",\"Migration\",\"Pflegekrise\",\"Souver\u00e4nit\u00e4t\",\"Sozialministerium\"],\"articleSection\":[\"Europa\"],\"inLanguage\":\"de\",\"potentialAction\":[{\"@type\":\"CommentAction\",\"name\":\"Comment\",\"target\":[\"https:\\\/\\\/zurzeit.at\\\/index.php\\\/pflege-falle-zuwanderung\\\/#respond\"]}]},{\"@type\":\"WebPage\",\"@id\":\"https:\\\/\\\/zurzeit.at\\\/index.php\\\/pflege-falle-zuwanderung\\\/\",\"url\":\"https:\\\/\\\/zurzeit.at\\\/index.php\\\/pflege-falle-zuwanderung\\\/\",\"name\":\"Die Pflege-Falle: Warum Import keine L\u00f6sung ist\",\"isPartOf\":{\"@id\":\"https:\\\/\\\/zurzeit.at\\\/#website\"},\"primaryImageOfPage\":{\"@id\":\"https:\\\/\\\/zurzeit.at\\\/index.php\\\/pflege-falle-zuwanderung\\\/#primaryimage\"},\"image\":{\"@id\":\"https:\\\/\\\/zurzeit.at\\\/index.php\\\/pflege-falle-zuwanderung\\\/#primaryimage\"},\"thumbnailUrl\":\"https:\\\/\\\/zurzeit.at\\\/wp-content\\\/uploads\\\/2026\\\/03\\\/Pflege.jpg\",\"datePublished\":\"2026-03-18T09:52:27+00:00\",\"author\":{\"@id\":\"https:\\\/\\\/zurzeit.at\\\/#\\\/schema\\\/person\\\/e6f4284c4ffdba25c26f295806088e37\"},\"description\":\"Wie das Sozialministerium im M\u00e4rz 2026 durch Fachkr\u00e4fte-Import aus Drittstaaten die heimische Pflege zerst\u00f6rt und den Brain Drain f\u00f6rdert.\",\"breadcrumb\":{\"@id\":\"https:\\\/\\\/zurzeit.at\\\/index.php\\\/pflege-falle-zuwanderung\\\/#breadcrumb\"},\"inLanguage\":\"de\",\"potentialAction\":[{\"@type\":\"ReadAction\",\"target\":[\"https:\\\/\\\/zurzeit.at\\\/index.php\\\/pflege-falle-zuwanderung\\\/\"]}]},{\"@type\":\"ImageObject\",\"inLanguage\":\"de\",\"@id\":\"https:\\\/\\\/zurzeit.at\\\/index.php\\\/pflege-falle-zuwanderung\\\/#primaryimage\",\"url\":\"https:\\\/\\\/zurzeit.at\\\/wp-content\\\/uploads\\\/2026\\\/03\\\/Pflege.jpg\",\"contentUrl\":\"https:\\\/\\\/zurzeit.at\\\/wp-content\\\/uploads\\\/2026\\\/03\\\/Pflege.jpg\",\"width\":1536,\"height\":1024,\"caption\":\"Pflegekrise und Seniorenbetreuung \u00d6sterreich\"},{\"@type\":\"BreadcrumbList\",\"@id\":\"https:\\\/\\\/zurzeit.at\\\/index.php\\\/pflege-falle-zuwanderung\\\/#breadcrumb\",\"itemListElement\":[{\"@type\":\"ListItem\",\"position\":1,\"name\":\"Startseite\",\"item\":\"https:\\\/\\\/zurzeit.at\\\/\"},{\"@type\":\"ListItem\",\"position\":2,\"name\":\"Der Pflege-Import als Todessto\u00df f\u00fcr die Eigenvorsorge\"}]},{\"@type\":\"WebSite\",\"@id\":\"https:\\\/\\\/zurzeit.at\\\/#website\",\"url\":\"https:\\\/\\\/zurzeit.at\\\/\",\"name\":\"ZurZeit\",\"description\":\"Internetseite des Wochenmagazins ZurZeit\",\"potentialAction\":[{\"@type\":\"SearchAction\",\"target\":{\"@type\":\"EntryPoint\",\"urlTemplate\":\"https:\\\/\\\/zurzeit.at\\\/?s={search_term_string}\"},\"query-input\":{\"@type\":\"PropertyValueSpecification\",\"valueRequired\":true,\"valueName\":\"search_term_string\"}}],\"inLanguage\":\"de\"},{\"@type\":\"Person\",\"@id\":\"https:\\\/\\\/zurzeit.at\\\/#\\\/schema\\\/person\\\/e6f4284c4ffdba25c26f295806088e37\",\"name\":\"admin2\",\"image\":{\"@type\":\"ImageObject\",\"inLanguage\":\"de\",\"@id\":\"https:\\\/\\\/secure.gravatar.com\\\/avatar\\\/6b01edb108b3f79fc8950358251ecf3b91c228e319139ad1beec43b6b1b16470?s=96&d=mm&r=g\",\"url\":\"https:\\\/\\\/secure.gravatar.com\\\/avatar\\\/6b01edb108b3f79fc8950358251ecf3b91c228e319139ad1beec43b6b1b16470?s=96&d=mm&r=g\",\"contentUrl\":\"https:\\\/\\\/secure.gravatar.com\\\/avatar\\\/6b01edb108b3f79fc8950358251ecf3b91c228e319139ad1beec43b6b1b16470?s=96&d=mm&r=g\",\"caption\":\"admin2\"},\"url\":\"https:\\\/\\\/zurzeit.at\\\/index.php\\\/author\\\/admin2\\\/\"}]}<\/script>\n<!-- \/ Yoast SEO plugin. -->","yoast_head_json":{"title":"Die Pflege-Falle: Warum Import keine L\u00f6sung ist","description":"Wie das Sozialministerium im M\u00e4rz 2026 durch Fachkr\u00e4fte-Import aus Drittstaaten die heimische Pflege zerst\u00f6rt und den Brain Drain f\u00f6rdert.","robots":{"index":"index","follow":"follow","max-snippet":"max-snippet:-1","max-image-preview":"max-image-preview:large","max-video-preview":"max-video-preview:-1"},"canonical":"https:\/\/zurzeit.at\/index.php\/pflege-falle-zuwanderung\/","og_locale":"de_DE","og_type":"article","og_title":"Die Pflege-Falle: Warum Import keine L\u00f6sung ist","og_description":"Wie das Sozialministerium im M\u00e4rz 2026 durch Fachkr\u00e4fte-Import aus Drittstaaten die heimische Pflege zerst\u00f6rt und den Brain Drain f\u00f6rdert.","og_url":"https:\/\/zurzeit.at\/index.php\/pflege-falle-zuwanderung\/","og_site_name":"ZurZeit","article_publisher":"https:\/\/www.facebook.com\/wochenmagazinZurZeit\/","article_published_time":"2026-03-18T09:52:27+00:00","og_image":[{"width":1536,"height":1024,"url":"https:\/\/zurzeit.at\/wp-content\/uploads\/2026\/03\/Pflege.jpg","type":"image\/jpeg"}],"author":"admin2","twitter_card":"summary_large_image","twitter_misc":{"Verfasst von":"admin2","Gesch\u00e4tzte Lesezeit":"4\u00a0Minuten"},"schema":{"@context":"https:\/\/schema.org","@graph":[{"@type":"Article","@id":"https:\/\/zurzeit.at\/index.php\/pflege-falle-zuwanderung\/#article","isPartOf":{"@id":"https:\/\/zurzeit.at\/index.php\/pflege-falle-zuwanderung\/"},"author":{"name":"admin2","@id":"https:\/\/zurzeit.at\/#\/schema\/person\/e6f4284c4ffdba25c26f295806088e37"},"headline":"Der Pflege-Import als Todessto\u00df f\u00fcr die Eigenvorsorge","datePublished":"2026-03-18T09:52:27+00:00","mainEntityOfPage":{"@id":"https:\/\/zurzeit.at\/index.php\/pflege-falle-zuwanderung\/"},"wordCount":667,"commentCount":0,"image":{"@id":"https:\/\/zurzeit.at\/index.php\/pflege-falle-zuwanderung\/#primaryimage"},"thumbnailUrl":"https:\/\/zurzeit.at\/wp-content\/uploads\/2026\/03\/Pflege.jpg","keywords":["Brain Drain","Demografie","EHDS","Fachkr\u00e4ftemangel","Indonesien-Abkommen","Migration","Pflegekrise","Souver\u00e4nit\u00e4t","Sozialministerium"],"articleSection":["Europa"],"inLanguage":"de","potentialAction":[{"@type":"CommentAction","name":"Comment","target":["https:\/\/zurzeit.at\/index.php\/pflege-falle-zuwanderung\/#respond"]}]},{"@type":"WebPage","@id":"https:\/\/zurzeit.at\/index.php\/pflege-falle-zuwanderung\/","url":"https:\/\/zurzeit.at\/index.php\/pflege-falle-zuwanderung\/","name":"Die Pflege-Falle: Warum Import keine L\u00f6sung ist","isPartOf":{"@id":"https:\/\/zurzeit.at\/#website"},"primaryImageOfPage":{"@id":"https:\/\/zurzeit.at\/index.php\/pflege-falle-zuwanderung\/#primaryimage"},"image":{"@id":"https:\/\/zurzeit.at\/index.php\/pflege-falle-zuwanderung\/#primaryimage"},"thumbnailUrl":"https:\/\/zurzeit.at\/wp-content\/uploads\/2026\/03\/Pflege.jpg","datePublished":"2026-03-18T09:52:27+00:00","author":{"@id":"https:\/\/zurzeit.at\/#\/schema\/person\/e6f4284c4ffdba25c26f295806088e37"},"description":"Wie das Sozialministerium im M\u00e4rz 2026 durch Fachkr\u00e4fte-Import aus Drittstaaten die heimische Pflege zerst\u00f6rt und den Brain Drain f\u00f6rdert.","breadcrumb":{"@id":"https:\/\/zurzeit.at\/index.php\/pflege-falle-zuwanderung\/#breadcrumb"},"inLanguage":"de","potentialAction":[{"@type":"ReadAction","target":["https:\/\/zurzeit.at\/index.php\/pflege-falle-zuwanderung\/"]}]},{"@type":"ImageObject","inLanguage":"de","@id":"https:\/\/zurzeit.at\/index.php\/pflege-falle-zuwanderung\/#primaryimage","url":"https:\/\/zurzeit.at\/wp-content\/uploads\/2026\/03\/Pflege.jpg","contentUrl":"https:\/\/zurzeit.at\/wp-content\/uploads\/2026\/03\/Pflege.jpg","width":1536,"height":1024,"caption":"Pflegekrise und Seniorenbetreuung \u00d6sterreich"},{"@type":"BreadcrumbList","@id":"https:\/\/zurzeit.at\/index.php\/pflege-falle-zuwanderung\/#breadcrumb","itemListElement":[{"@type":"ListItem","position":1,"name":"Startseite","item":"https:\/\/zurzeit.at\/"},{"@type":"ListItem","position":2,"name":"Der Pflege-Import als Todessto\u00df f\u00fcr die Eigenvorsorge"}]},{"@type":"WebSite","@id":"https:\/\/zurzeit.at\/#website","url":"https:\/\/zurzeit.at\/","name":"ZurZeit","description":"Internetseite des Wochenmagazins ZurZeit","potentialAction":[{"@type":"SearchAction","target":{"@type":"EntryPoint","urlTemplate":"https:\/\/zurzeit.at\/?s={search_term_string}"},"query-input":{"@type":"PropertyValueSpecification","valueRequired":true,"valueName":"search_term_string"}}],"inLanguage":"de"},{"@type":"Person","@id":"https:\/\/zurzeit.at\/#\/schema\/person\/e6f4284c4ffdba25c26f295806088e37","name":"admin2","image":{"@type":"ImageObject","inLanguage":"de","@id":"https:\/\/secure.gravatar.com\/avatar\/6b01edb108b3f79fc8950358251ecf3b91c228e319139ad1beec43b6b1b16470?s=96&d=mm&r=g","url":"https:\/\/secure.gravatar.com\/avatar\/6b01edb108b3f79fc8950358251ecf3b91c228e319139ad1beec43b6b1b16470?s=96&d=mm&r=g","contentUrl":"https:\/\/secure.gravatar.com\/avatar\/6b01edb108b3f79fc8950358251ecf3b91c228e319139ad1beec43b6b1b16470?s=96&d=mm&r=g","caption":"admin2"},"url":"https:\/\/zurzeit.at\/index.php\/author\/admin2\/"}]}},"_links":{"self":[{"href":"https:\/\/zurzeit.at\/index.php\/wp-json\/wp\/v2\/posts\/22485","targetHints":{"allow":["GET"]}}],"collection":[{"href":"https:\/\/zurzeit.at\/index.php\/wp-json\/wp\/v2\/posts"}],"about":[{"href":"https:\/\/zurzeit.at\/index.php\/wp-json\/wp\/v2\/types\/post"}],"author":[{"embeddable":true,"href":"https:\/\/zurzeit.at\/index.php\/wp-json\/wp\/v2\/users\/3"}],"replies":[{"embeddable":true,"href":"https:\/\/zurzeit.at\/index.php\/wp-json\/wp\/v2\/comments?post=22485"}],"version-history":[{"count":1,"href":"https:\/\/zurzeit.at\/index.php\/wp-json\/wp\/v2\/posts\/22485\/revisions"}],"predecessor-version":[{"id":22487,"href":"https:\/\/zurzeit.at\/index.php\/wp-json\/wp\/v2\/posts\/22485\/revisions\/22487"}],"wp:featuredmedia":[{"embeddable":true,"href":"https:\/\/zurzeit.at\/index.php\/wp-json\/wp\/v2\/media\/22486"}],"wp:attachment":[{"href":"https:\/\/zurzeit.at\/index.php\/wp-json\/wp\/v2\/media?parent=22485"}],"wp:term":[{"taxonomy":"category","embeddable":true,"href":"https:\/\/zurzeit.at\/index.php\/wp-json\/wp\/v2\/categories?post=22485"},{"taxonomy":"post_tag","embeddable":true,"href":"https:\/\/zurzeit.at\/index.php\/wp-json\/wp\/v2\/tags?post=22485"}],"curies":[{"name":"wp","href":"https:\/\/api.w.org\/{rel}","templated":true}]}}