{"id":23035,"date":"2026-08-11T15:47:18","date_gmt":"2026-08-11T13:47:18","guid":{"rendered":"https:\/\/zurzeit.at\/?p=23035"},"modified":"2026-08-11T15:47:18","modified_gmt":"2026-08-11T13:47:18","slug":"deutschland-repressionsapparat-ost-wahlen-analyse","status":"publish","type":"post","link":"https:\/\/zurzeit.at\/index.php\/deutschland-repressionsapparat-ost-wahlen-analyse\/","title":{"rendered":"Deutschland: Der Repressionsapparat vor den Ost-Wahlen"},"content":{"rendered":"<p><span class=\"licensetpl_attr\"><span class=\"plainlinks noprint\">Autor:\u00a0<a href=\"https:\/\/zurzeit.at\/index.php\/autoren\/\">R.T.<\/a>\u00a0<\/span><\/span><span class=\"licensetpl_attr\"><span class=\"plainlinks noprint\">Bild: <a href=\"https:\/\/pxhere.com\/de\/photo\/1182501\">PxHere<\/a> <\/span><\/span><span class=\"licensetpl_attr\"><span class=\"plainlinks noprint\">Lizenz: \u2013<\/span><\/span><\/p>\n<hr \/>\n<p>Was im medialen Mainstream als notwendiger Schutz der Demokratie verkauft wird, offenbart bei genauerer Betrachtung einen staatlich orchestrierten Abwehrkampf der etablierten Parteien gegen den W\u00e4hlerwillen.<\/p>\n<h2>Der staatliche Abwehrmechanismus vor den Urneng\u00e4ngen<\/h2>\n<p>Angesichts anhaltend hoher Umfragewerte f\u00fcr die parlamentarische Opposition in L\u00e4ndern wie Sachsen-Anhalt, Mecklenburg-Vorpommern oder Berlin schaltet das politische Establishment schrittweise auf Versch\u00e4rfung. Statt sich den Ursachen des Unmuts zu stellen \u2013 von der verfehlten Energiepolitik \u00fcber die anhaltende Migrationskrise bis hin zum Substanzverlust des Mittelstands \u2013, greift die Regierungsbank verst\u00e4rkt zu administrativen und medialen Disziplinierungsinstrumenten.<\/p>\n<p>Wo argumentative \u00dcberzeugungskraft fehlt, tritt der staatliche Ausgrenzungsapparat an deren Stelle. Der politische Diskurs wird systematisch verengt, w\u00e4hrend abweichende Haltungen pauschal als Bedrohung f\u00fcr das Gemeinwohl gebrandmarkt werden.<br \/>\nInstrumentalisierung der Sicherheitsorgane und juristischer Druck<br \/>\nEin zentrales Bauteil dieser Strategie bleibt die beh\u00f6rdliche Einstufung und Dauerbeobachtung politischer Mitbewerber. Wenn Inlandsgeheimdienste und Gesinnungsw\u00e4chter faktisch als parlamentarische Vorfeldorganisationen agieren, wird das Prinzip der Chancengleichheit ad absurdum gef\u00fchrt. Das Ziel dieser Dauermobilisierung ist offensichtlich: W\u00e4hler durch Stigmatisierung abzuschrecken und das Mandat der Opposition bereits vor der Stimmabgabe zu entwerten.<\/p>\n<p>Gleichzeitig w\u00e4chst der Druck auf alternative Mediennetzwerke und zivilgesellschaftliche Akteure. Mit Verbotsdebatten, Bankkontenk\u00fcndigungen und Gesetzesversch\u00e4rfungen im Namen einer angeblichen \u201eWehrhaftigkeit\u201c wird ein Klima der Unsicherheit geschaffen. Der Rechtsstaat wird dabei vom Schutzschild des B\u00fcrgers gegen staatliche \u00dcbergriffe zum Skalpell der Regierenden gegen unliebsame Meinungen umgeformt.<\/p>\n<h2>Die Angst des Establishments vor dem Souver\u00e4n<\/h2>\n<p>Die Ursache dieser Repressionswelle liegt in der Panik der politischen Eliten vor dem Autonomieverlust. B\u00fcrger in den \u00f6stlichen Bundesl\u00e4ndern verf\u00fcgen historisch bedingt \u00fcber ein gesch\u00e4rftes Gesp\u00fcr f\u00fcr staatliche Bevormundung und ein tiefes Misstrauen gegen\u00fcber verordneten Einheitsnarrativen. Der Versuch, demokratische Entscheidungsprozesse durch b\u00fcrokratische Schikanen und mediale Kampagnen zu steuern, verf\u00e4ngt dort immer weniger.<br \/>\nDiese Ausgrenzungspolitik f\u00fchrt nicht zur Befriedung, sondern zur weiteren Spaltung. Wenn gew\u00e4hlte Vertreter von Millionen B\u00fcrgern systematisch von parlamentarischer Mitgestaltung und Ausschussvorsitzen ausgeschlossen werden, untergr\u00e4bt das Establishment selbst das Vertrauen in die Funktionsf\u00e4higkeit der Institutionen.<\/p>\n<h2>Demokratischer Erosionsprozess im Namen der Demokratie<\/h2>\n<p>Die Entwicklung im Vorfeld der Ost-Wahlen offenbart einen gef\u00e4hrlichen Trend: Um den eigenen Machtanspruch zu sichern, nimmt die Berliner Nomenklatur den schleichenden Abbau demokratischer Grundstandards in Kauf.<br \/>\nEine gefestigte Demokratie stellt sich der inhaltlichen Debatte an der Urne. Wer hingegen zu beh\u00f6rdlichen Druckmitteln, Ausgrenzungsb\u00fcndnissen und medialer Brandmarkung greifen muss, hat den Boden des Volkssouver\u00e4ns bereits verlassen. Der Ausgang der kommenden Auseinandersetzungen wird zeigen, ob die verordneten Denkschranken noch greifen \u2013 oder ob der B\u00fcrger die Altparteien-Arroganz schlicht abw\u00e4hlt.<\/p>\n","protected":false},"excerpt":{"rendered":"<p>Autor:\u00a0R.T.\u00a0Bild: PxHere Lizenz: \u2013 Was im medialen Mainstream als notwendiger Schutz der Demokratie verkauft wird,&hellip;<\/p>\n","protected":false},"author":3,"featured_media":23036,"comment_status":"open","ping_status":"closed","sticky":false,"template":"","format":"standard","meta":{"footnotes":""},"categories":[47],"tags":[546,956,60,2234,3464,12049,12050,226,1941],"class_list":["post-23035","post","type-post","status-publish","format-standard","has-post-thumbnail","hentry","category-deutschland","tag-berlin","tag-demokratie","tag-deutschland","tag-landtagswahl","tag-opposition","tag-ost-wahlen","tag-parteienkritik","tag-souveraenitaet","tag-verfassungsschutz"],"yoast_head":"<!-- This site is optimized with the Yoast SEO plugin v28.3 - https:\/\/yoast.com\/product\/yoast-seo-wordpress\/ -->\n<title>Deutschland: Der Repressionsapparat vor den Ost-Wahlen<\/title>\n<meta name=\"description\" content=\"Analytischer Blick auf die ostdeutschen Landtagswahlen: Wie das Berliner Establishment beh\u00f6rdlichen Druck und Medienkampagnen gegen die Opposition einsetzt.\" \/>\n<meta name=\"robots\" content=\"index, follow, max-snippet:-1, max-image-preview:large, max-video-preview:-1\" \/>\n<link rel=\"canonical\" href=\"https:\/\/zurzeit.at\/index.php\/deutschland-repressionsapparat-ost-wahlen-analyse\/\" \/>\n<meta property=\"og:locale\" content=\"de_DE\" \/>\n<meta property=\"og:type\" content=\"article\" \/>\n<meta property=\"og:title\" content=\"Deutschland: Der Repressionsapparat vor den Ost-Wahlen\" \/>\n<meta property=\"og:description\" content=\"Analytischer Blick auf die ostdeutschen Landtagswahlen: Wie das Berliner Establishment beh\u00f6rdlichen Druck und Medienkampagnen gegen die Opposition einsetzt.\" \/>\n<meta property=\"og:url\" content=\"https:\/\/zurzeit.at\/index.php\/deutschland-repressionsapparat-ost-wahlen-analyse\/\" \/>\n<meta property=\"og:site_name\" content=\"ZurZeit\" \/>\n<meta property=\"article:publisher\" content=\"https:\/\/www.facebook.com\/wochenmagazinZurZeit\/\" \/>\n<meta property=\"article:published_time\" content=\"2026-08-11T13:47:18+00:00\" \/>\n<meta property=\"og:image\" content=\"https:\/\/zurzeit.at\/wp-content\/uploads\/2026\/08\/road-street-town-building-city-walkway-1182501-pxhere.com_.jpg\" \/>\n\t<meta property=\"og:image:width\" content=\"1782\" \/>\n\t<meta property=\"og:image:height\" content=\"1200\" \/>\n\t<meta property=\"og:image:type\" content=\"image\/jpeg\" \/>\n<meta name=\"author\" content=\"admin2\" \/>\n<meta name=\"twitter:card\" content=\"summary_large_image\" \/>\n<meta name=\"twitter:label1\" content=\"Verfasst von\" \/>\n\t<meta name=\"twitter:data1\" content=\"admin2\" \/>\n\t<meta name=\"twitter:label2\" content=\"Gesch\u00e4tzte Lesezeit\" \/>\n\t<meta name=\"twitter:data2\" content=\"3\u00a0Minuten\" \/>\n<script type=\"application\/ld+json\" class=\"yoast-schema-graph\">{\"@context\":\"https:\\\/\\\/schema.org\",\"@graph\":[{\"@type\":\"Article\",\"@id\":\"https:\\\/\\\/zurzeit.at\\\/index.php\\\/deutschland-repressionsapparat-ost-wahlen-analyse\\\/#article\",\"isPartOf\":{\"@id\":\"https:\\\/\\\/zurzeit.at\\\/index.php\\\/deutschland-repressionsapparat-ost-wahlen-analyse\\\/\"},\"author\":{\"name\":\"admin2\",\"@id\":\"https:\\\/\\\/zurzeit.at\\\/#\\\/schema\\\/person\\\/e6f4284c4ffdba25c26f295806088e37\"},\"headline\":\"Deutschland: Der Repressionsapparat vor den Ost-Wahlen\",\"datePublished\":\"2026-08-11T13:47:18+00:00\",\"mainEntityOfPage\":{\"@id\":\"https:\\\/\\\/zurzeit.at\\\/index.php\\\/deutschland-repressionsapparat-ost-wahlen-analyse\\\/\"},\"wordCount\":440,\"commentCount\":0,\"image\":{\"@id\":\"https:\\\/\\\/zurzeit.at\\\/index.php\\\/deutschland-repressionsapparat-ost-wahlen-analyse\\\/#primaryimage\"},\"thumbnailUrl\":\"https:\\\/\\\/zurzeit.at\\\/wp-content\\\/uploads\\\/2026\\\/08\\\/road-street-town-building-city-walkway-1182501-pxhere.com_.jpg\",\"keywords\":[\"Berlin\",\"Demokratie\",\"Deutschland\",\"Landtagswahl\",\"Opposition\",\"Ost-Wahlen\",\"Parteienkritik\",\"Souver\u00e4nit\u00e4t\",\"Verfassungsschutz\"],\"articleSection\":[\"Deutschland\"],\"inLanguage\":\"de\",\"potentialAction\":[{\"@type\":\"CommentAction\",\"name\":\"Comment\",\"target\":[\"https:\\\/\\\/zurzeit.at\\\/index.php\\\/deutschland-repressionsapparat-ost-wahlen-analyse\\\/#respond\"]}]},{\"@type\":\"WebPage\",\"@id\":\"https:\\\/\\\/zurzeit.at\\\/index.php\\\/deutschland-repressionsapparat-ost-wahlen-analyse\\\/\",\"url\":\"https:\\\/\\\/zurzeit.at\\\/index.php\\\/deutschland-repressionsapparat-ost-wahlen-analyse\\\/\",\"name\":\"Deutschland: Der Repressionsapparat vor den Ost-Wahlen\",\"isPartOf\":{\"@id\":\"https:\\\/\\\/zurzeit.at\\\/#website\"},\"primaryImageOfPage\":{\"@id\":\"https:\\\/\\\/zurzeit.at\\\/index.php\\\/deutschland-repressionsapparat-ost-wahlen-analyse\\\/#primaryimage\"},\"image\":{\"@id\":\"https:\\\/\\\/zurzeit.at\\\/index.php\\\/deutschland-repressionsapparat-ost-wahlen-analyse\\\/#primaryimage\"},\"thumbnailUrl\":\"https:\\\/\\\/zurzeit.at\\\/wp-content\\\/uploads\\\/2026\\\/08\\\/road-street-town-building-city-walkway-1182501-pxhere.com_.jpg\",\"datePublished\":\"2026-08-11T13:47:18+00:00\",\"author\":{\"@id\":\"https:\\\/\\\/zurzeit.at\\\/#\\\/schema\\\/person\\\/e6f4284c4ffdba25c26f295806088e37\"},\"description\":\"Analytischer Blick auf die ostdeutschen Landtagswahlen: Wie das Berliner Establishment beh\u00f6rdlichen Druck und Medienkampagnen gegen die Opposition einsetzt.\",\"breadcrumb\":{\"@id\":\"https:\\\/\\\/zurzeit.at\\\/index.php\\\/deutschland-repressionsapparat-ost-wahlen-analyse\\\/#breadcrumb\"},\"inLanguage\":\"de\",\"potentialAction\":[{\"@type\":\"ReadAction\",\"target\":[\"https:\\\/\\\/zurzeit.at\\\/index.php\\\/deutschland-repressionsapparat-ost-wahlen-analyse\\\/\"]}]},{\"@type\":\"ImageObject\",\"inLanguage\":\"de\",\"@id\":\"https:\\\/\\\/zurzeit.at\\\/index.php\\\/deutschland-repressionsapparat-ost-wahlen-analyse\\\/#primaryimage\",\"url\":\"https:\\\/\\\/zurzeit.at\\\/wp-content\\\/uploads\\\/2026\\\/08\\\/road-street-town-building-city-walkway-1182501-pxhere.com_.jpg\",\"contentUrl\":\"https:\\\/\\\/zurzeit.at\\\/wp-content\\\/uploads\\\/2026\\\/08\\\/road-street-town-building-city-walkway-1182501-pxhere.com_.jpg\",\"width\":1782,\"height\":1200},{\"@type\":\"BreadcrumbList\",\"@id\":\"https:\\\/\\\/zurzeit.at\\\/index.php\\\/deutschland-repressionsapparat-ost-wahlen-analyse\\\/#breadcrumb\",\"itemListElement\":[{\"@type\":\"ListItem\",\"position\":1,\"name\":\"Startseite\",\"item\":\"https:\\\/\\\/zurzeit.at\\\/\"},{\"@type\":\"ListItem\",\"position\":2,\"name\":\"Deutschland: Der Repressionsapparat vor den Ost-Wahlen\"}]},{\"@type\":\"WebSite\",\"@id\":\"https:\\\/\\\/zurzeit.at\\\/#website\",\"url\":\"https:\\\/\\\/zurzeit.at\\\/\",\"name\":\"ZurZeit\",\"description\":\"Internetseite des Wochenmagazins ZurZeit\",\"potentialAction\":[{\"@type\":\"SearchAction\",\"target\":{\"@type\":\"EntryPoint\",\"urlTemplate\":\"https:\\\/\\\/zurzeit.at\\\/?s={search_term_string}\"},\"query-input\":{\"@type\":\"PropertyValueSpecification\",\"valueRequired\":true,\"valueName\":\"search_term_string\"}}],\"inLanguage\":\"de\"},{\"@type\":\"Person\",\"@id\":\"https:\\\/\\\/zurzeit.at\\\/#\\\/schema\\\/person\\\/e6f4284c4ffdba25c26f295806088e37\",\"name\":\"admin2\",\"image\":{\"@type\":\"ImageObject\",\"inLanguage\":\"de\",\"@id\":\"https:\\\/\\\/secure.gravatar.com\\\/avatar\\\/6b01edb108b3f79fc8950358251ecf3b91c228e319139ad1beec43b6b1b16470?s=96&d=mm&r=g\",\"url\":\"https:\\\/\\\/secure.gravatar.com\\\/avatar\\\/6b01edb108b3f79fc8950358251ecf3b91c228e319139ad1beec43b6b1b16470?s=96&d=mm&r=g\",\"contentUrl\":\"https:\\\/\\\/secure.gravatar.com\\\/avatar\\\/6b01edb108b3f79fc8950358251ecf3b91c228e319139ad1beec43b6b1b16470?s=96&d=mm&r=g\",\"caption\":\"admin2\"},\"url\":\"https:\\\/\\\/zurzeit.at\\\/index.php\\\/author\\\/admin2\\\/\"}]}<\/script>\n<!-- \/ Yoast SEO plugin. -->","yoast_head_json":{"title":"Deutschland: Der Repressionsapparat vor den Ost-Wahlen","description":"Analytischer Blick auf die ostdeutschen Landtagswahlen: Wie das Berliner Establishment beh\u00f6rdlichen Druck und Medienkampagnen gegen die Opposition einsetzt.","robots":{"index":"index","follow":"follow","max-snippet":"max-snippet:-1","max-image-preview":"max-image-preview:large","max-video-preview":"max-video-preview:-1"},"canonical":"https:\/\/zurzeit.at\/index.php\/deutschland-repressionsapparat-ost-wahlen-analyse\/","og_locale":"de_DE","og_type":"article","og_title":"Deutschland: Der Repressionsapparat vor den Ost-Wahlen","og_description":"Analytischer Blick auf die ostdeutschen Landtagswahlen: Wie das Berliner Establishment beh\u00f6rdlichen Druck und Medienkampagnen gegen die Opposition einsetzt.","og_url":"https:\/\/zurzeit.at\/index.php\/deutschland-repressionsapparat-ost-wahlen-analyse\/","og_site_name":"ZurZeit","article_publisher":"https:\/\/www.facebook.com\/wochenmagazinZurZeit\/","article_published_time":"2026-08-11T13:47:18+00:00","og_image":[{"width":1782,"height":1200,"url":"https:\/\/zurzeit.at\/wp-content\/uploads\/2026\/08\/road-street-town-building-city-walkway-1182501-pxhere.com_.jpg","type":"image\/jpeg"}],"author":"admin2","twitter_card":"summary_large_image","twitter_misc":{"Verfasst von":"admin2","Gesch\u00e4tzte Lesezeit":"3\u00a0Minuten"},"schema":{"@context":"https:\/\/schema.org","@graph":[{"@type":"Article","@id":"https:\/\/zurzeit.at\/index.php\/deutschland-repressionsapparat-ost-wahlen-analyse\/#article","isPartOf":{"@id":"https:\/\/zurzeit.at\/index.php\/deutschland-repressionsapparat-ost-wahlen-analyse\/"},"author":{"name":"admin2","@id":"https:\/\/zurzeit.at\/#\/schema\/person\/e6f4284c4ffdba25c26f295806088e37"},"headline":"Deutschland: Der Repressionsapparat vor den Ost-Wahlen","datePublished":"2026-08-11T13:47:18+00:00","mainEntityOfPage":{"@id":"https:\/\/zurzeit.at\/index.php\/deutschland-repressionsapparat-ost-wahlen-analyse\/"},"wordCount":440,"commentCount":0,"image":{"@id":"https:\/\/zurzeit.at\/index.php\/deutschland-repressionsapparat-ost-wahlen-analyse\/#primaryimage"},"thumbnailUrl":"https:\/\/zurzeit.at\/wp-content\/uploads\/2026\/08\/road-street-town-building-city-walkway-1182501-pxhere.com_.jpg","keywords":["Berlin","Demokratie","Deutschland","Landtagswahl","Opposition","Ost-Wahlen","Parteienkritik","Souver\u00e4nit\u00e4t","Verfassungsschutz"],"articleSection":["Deutschland"],"inLanguage":"de","potentialAction":[{"@type":"CommentAction","name":"Comment","target":["https:\/\/zurzeit.at\/index.php\/deutschland-repressionsapparat-ost-wahlen-analyse\/#respond"]}]},{"@type":"WebPage","@id":"https:\/\/zurzeit.at\/index.php\/deutschland-repressionsapparat-ost-wahlen-analyse\/","url":"https:\/\/zurzeit.at\/index.php\/deutschland-repressionsapparat-ost-wahlen-analyse\/","name":"Deutschland: Der Repressionsapparat vor den Ost-Wahlen","isPartOf":{"@id":"https:\/\/zurzeit.at\/#website"},"primaryImageOfPage":{"@id":"https:\/\/zurzeit.at\/index.php\/deutschland-repressionsapparat-ost-wahlen-analyse\/#primaryimage"},"image":{"@id":"https:\/\/zurzeit.at\/index.php\/deutschland-repressionsapparat-ost-wahlen-analyse\/#primaryimage"},"thumbnailUrl":"https:\/\/zurzeit.at\/wp-content\/uploads\/2026\/08\/road-street-town-building-city-walkway-1182501-pxhere.com_.jpg","datePublished":"2026-08-11T13:47:18+00:00","author":{"@id":"https:\/\/zurzeit.at\/#\/schema\/person\/e6f4284c4ffdba25c26f295806088e37"},"description":"Analytischer Blick auf die ostdeutschen Landtagswahlen: Wie das Berliner Establishment beh\u00f6rdlichen Druck und Medienkampagnen gegen die Opposition einsetzt.","breadcrumb":{"@id":"https:\/\/zurzeit.at\/index.php\/deutschland-repressionsapparat-ost-wahlen-analyse\/#breadcrumb"},"inLanguage":"de","potentialAction":[{"@type":"ReadAction","target":["https:\/\/zurzeit.at\/index.php\/deutschland-repressionsapparat-ost-wahlen-analyse\/"]}]},{"@type":"ImageObject","inLanguage":"de","@id":"https:\/\/zurzeit.at\/index.php\/deutschland-repressionsapparat-ost-wahlen-analyse\/#primaryimage","url":"https:\/\/zurzeit.at\/wp-content\/uploads\/2026\/08\/road-street-town-building-city-walkway-1182501-pxhere.com_.jpg","contentUrl":"https:\/\/zurzeit.at\/wp-content\/uploads\/2026\/08\/road-street-town-building-city-walkway-1182501-pxhere.com_.jpg","width":1782,"height":1200},{"@type":"BreadcrumbList","@id":"https:\/\/zurzeit.at\/index.php\/deutschland-repressionsapparat-ost-wahlen-analyse\/#breadcrumb","itemListElement":[{"@type":"ListItem","position":1,"name":"Startseite","item":"https:\/\/zurzeit.at\/"},{"@type":"ListItem","position":2,"name":"Deutschland: Der Repressionsapparat vor den Ost-Wahlen"}]},{"@type":"WebSite","@id":"https:\/\/zurzeit.at\/#website","url":"https:\/\/zurzeit.at\/","name":"ZurZeit","description":"Internetseite des Wochenmagazins ZurZeit","potentialAction":[{"@type":"SearchAction","target":{"@type":"EntryPoint","urlTemplate":"https:\/\/zurzeit.at\/?s={search_term_string}"},"query-input":{"@type":"PropertyValueSpecification","valueRequired":true,"valueName":"search_term_string"}}],"inLanguage":"de"},{"@type":"Person","@id":"https:\/\/zurzeit.at\/#\/schema\/person\/e6f4284c4ffdba25c26f295806088e37","name":"admin2","image":{"@type":"ImageObject","inLanguage":"de","@id":"https:\/\/secure.gravatar.com\/avatar\/6b01edb108b3f79fc8950358251ecf3b91c228e319139ad1beec43b6b1b16470?s=96&d=mm&r=g","url":"https:\/\/secure.gravatar.com\/avatar\/6b01edb108b3f79fc8950358251ecf3b91c228e319139ad1beec43b6b1b16470?s=96&d=mm&r=g","contentUrl":"https:\/\/secure.gravatar.com\/avatar\/6b01edb108b3f79fc8950358251ecf3b91c228e319139ad1beec43b6b1b16470?s=96&d=mm&r=g","caption":"admin2"},"url":"https:\/\/zurzeit.at\/index.php\/author\/admin2\/"}]}},"_links":{"self":[{"href":"https:\/\/zurzeit.at\/index.php\/wp-json\/wp\/v2\/posts\/23035","targetHints":{"allow":["GET"]}}],"collection":[{"href":"https:\/\/zurzeit.at\/index.php\/wp-json\/wp\/v2\/posts"}],"about":[{"href":"https:\/\/zurzeit.at\/index.php\/wp-json\/wp\/v2\/types\/post"}],"author":[{"embeddable":true,"href":"https:\/\/zurzeit.at\/index.php\/wp-json\/wp\/v2\/users\/3"}],"replies":[{"embeddable":true,"href":"https:\/\/zurzeit.at\/index.php\/wp-json\/wp\/v2\/comments?post=23035"}],"version-history":[{"count":1,"href":"https:\/\/zurzeit.at\/index.php\/wp-json\/wp\/v2\/posts\/23035\/revisions"}],"predecessor-version":[{"id":23037,"href":"https:\/\/zurzeit.at\/index.php\/wp-json\/wp\/v2\/posts\/23035\/revisions\/23037"}],"wp:featuredmedia":[{"embeddable":true,"href":"https:\/\/zurzeit.at\/index.php\/wp-json\/wp\/v2\/media\/23036"}],"wp:attachment":[{"href":"https:\/\/zurzeit.at\/index.php\/wp-json\/wp\/v2\/media?parent=23035"}],"wp:term":[{"taxonomy":"category","embeddable":true,"href":"https:\/\/zurzeit.at\/index.php\/wp-json\/wp\/v2\/categories?post=23035"},{"taxonomy":"post_tag","embeddable":true,"href":"https:\/\/zurzeit.at\/index.php\/wp-json\/wp\/v2\/tags?post=23035"}],"curies":[{"name":"wp","href":"https:\/\/api.w.org\/{rel}","templated":true}]}}