{"id":23041,"date":"2026-08-11T15:52:03","date_gmt":"2026-08-11T13:52:03","guid":{"rendered":"https:\/\/zurzeit.at\/?p=23041"},"modified":"2026-08-11T15:52:03","modified_gmt":"2026-08-11T13:52:03","slug":"russen-toeten","status":"publish","type":"post","link":"https:\/\/zurzeit.at\/index.php\/russen-toeten\/","title":{"rendered":"\u201eRussen t\u00f6ten\u201c"},"content":{"rendered":"<p><span class=\"licensetpl_attr\"><span class=\"plainlinks noprint\">Autor:\u00a0<a href=\"https:\/\/zurzeit.at\/index.php\/autoren\/\">B.T.<\/a>\u00a0<\/span><\/span><span class=\"licensetpl_attr\"><span class=\"plainlinks noprint\">Bild: <a href=\"https:\/\/www.youtube.com\/watch?v=GScy7BlYiiM\">Screenshot<\/a>\u00a0<\/span><\/span><span class=\"licensetpl_attr\"><span class=\"plainlinks noprint\">Lizenz: \u2013<\/span><\/span><\/p>\n<hr \/>\n<p>In den Systemmedien, vor allen in den bundesdeutschen, findet in Bezug auf den Ukrainekrieg eine einseitige Berichterstattung statt, die eher als antirussische Propaganda statt als Information zu bezeichnen ist. Warum das so ist, daf\u00fcr lieferte Michael Martens, S\u00fcdosteuropakorrespondent der \u201eFrankfurter Allgemeinen Zeitung\u201c (FAZ) eine Erkl\u00e4rung. Bei einer Pressekonferenz in Belgrad anl\u00e4sslich des Besuchs von Wolodimir Selenski beim serbischen Pr\u00e4sidenten Aleksandar Vucic stellte Martens folgende Frage an den russischen Machthaber: \u201eK\u00f6nnen Sie uns Europ\u00e4ern konkret sagen, was wir tun k\u00f6nnen, um ihnen zu helfen, mehr Russen zu t\u00f6ten? Mehr russische Soldaten, nat\u00fcrlich.\u201c<\/p>\n<p>Martens will also den weiter anheizen, was zu noch mehr sinnlosen Toten f\u00fchrt. Folglich war die Emp\u00f6rung \u00fcber seine Aussage so gro\u00df, dass sich die FAZ zu einer halbherzigen Stellungnahme veranlasst sah. Darin hei\u00dft es unter anderem, dass die Frage \u201emissverst\u00e4ndlich formuliert\u201c worden sei, es nicht die redaktionelle Linie des Blattes sei, dass m\u00f6glichst viele russische Soldaten get\u00f6tet werden sollten.<\/p>\n<p>Vieles spricht daf\u00fcr, dass Martens das ausgesprochen hat, was sich der Mainstream denkt. Ein Indiz daf\u00fcr ist die vom politischen Analysten Deniz Karabag gestartete Onlinepetition, in der die Entlassung von Martens gefordert wird. Gut einen Tag, nachdem diese Petition ins Netz gestellt wurde (Dienstag, 10:15 Uhr) konnte sie nicht mehr unterschrieben werden, \u201eweil diese Seite gerade \u00fcberpr\u00fcft [wird]\u201c, wie es seitens des Betreibers Change.org hie\u00df.<\/p>\n<p>Anscheinend hat Karabag in ein Westennetz gestochen, als er un Bezug auf Martens schrieb, \u201edas ist f\u00fcr mich keine Berichterstattung. Das ist Parteinahme in ihrer menschenverachtendsten Form.\u201c\u00a0 Aber offenkundig ist journalistische Parteinahme erw\u00fcnscht, wenn sie zugunsten der Ukraine ist.<\/p>\n","protected":false},"excerpt":{"rendered":"<p>Autor:\u00a0B.T.\u00a0Bild: Screenshot\u00a0Lizenz: \u2013 In den Systemmedien, vor allen in den bundesdeutschen, findet in Bezug auf&hellip;<\/p>\n","protected":false},"author":3,"featured_media":23042,"comment_status":"open","ping_status":"closed","sticky":false,"template":"","format":"standard","meta":{"footnotes":""},"categories":[49,48],"tags":[12055,12053,1516,103,12054,1808,614,319],"class_list":["post-23041","post","type-post","status-publish","format-standard","has-post-thumbnail","hentry","category-ausland","category-europa","tag-deniz-karabag","tag-faz","tag-krieg","tag-medien","tag-michael-martens","tag-petition","tag-russland","tag-ukraine"],"yoast_head":"<!-- This site is optimized with the Yoast SEO plugin v28.3 - https:\/\/yoast.com\/product\/yoast-seo-wordpress\/ -->\n<title>\u201eRussen t\u00f6ten\u201c - ZurZeit<\/title>\n<meta name=\"robots\" content=\"index, follow, max-snippet:-1, max-image-preview:large, max-video-preview:-1\" \/>\n<link rel=\"canonical\" href=\"https:\/\/zurzeit.at\/index.php\/russen-toeten\/\" \/>\n<meta property=\"og:locale\" content=\"de_DE\" \/>\n<meta property=\"og:type\" content=\"article\" \/>\n<meta property=\"og:title\" content=\"\u201eRussen t\u00f6ten\u201c - ZurZeit\" \/>\n<meta property=\"og:description\" content=\"Autor:\u00a0B.T.\u00a0Bild: Screenshot\u00a0Lizenz: \u2013 In den Systemmedien, vor allen in den bundesdeutschen, findet in Bezug auf&hellip;\" \/>\n<meta property=\"og:url\" content=\"https:\/\/zurzeit.at\/index.php\/russen-toeten\/\" \/>\n<meta property=\"og:site_name\" content=\"ZurZeit\" \/>\n<meta property=\"article:publisher\" content=\"https:\/\/www.facebook.com\/wochenmagazinZurZeit\/\" \/>\n<meta property=\"article:published_time\" content=\"2026-08-11T13:52:03+00:00\" \/>\n<meta property=\"og:image\" content=\"https:\/\/zurzeit.at\/wp-content\/uploads\/2026\/08\/54-55-Screenshot-Martenst.jpg\" \/>\n\t<meta property=\"og:image:width\" content=\"1152\" \/>\n\t<meta property=\"og:image:height\" content=\"652\" \/>\n\t<meta property=\"og:image:type\" content=\"image\/jpeg\" \/>\n<meta name=\"author\" content=\"admin2\" \/>\n<meta name=\"twitter:card\" content=\"summary_large_image\" \/>\n<meta name=\"twitter:label1\" content=\"Verfasst von\" \/>\n\t<meta name=\"twitter:data1\" content=\"admin2\" \/>\n\t<meta name=\"twitter:label2\" content=\"Gesch\u00e4tzte Lesezeit\" \/>\n\t<meta name=\"twitter:data2\" content=\"2\u00a0Minuten\" \/>\n<script type=\"application\/ld+json\" class=\"yoast-schema-graph\">{\"@context\":\"https:\\\/\\\/schema.org\",\"@graph\":[{\"@type\":\"Article\",\"@id\":\"https:\\\/\\\/zurzeit.at\\\/index.php\\\/russen-toeten\\\/#article\",\"isPartOf\":{\"@id\":\"https:\\\/\\\/zurzeit.at\\\/index.php\\\/russen-toeten\\\/\"},\"author\":{\"name\":\"admin2\",\"@id\":\"https:\\\/\\\/zurzeit.at\\\/#\\\/schema\\\/person\\\/e6f4284c4ffdba25c26f295806088e37\"},\"headline\":\"\u201eRussen t\u00f6ten\u201c\",\"datePublished\":\"2026-08-11T13:52:03+00:00\",\"mainEntityOfPage\":{\"@id\":\"https:\\\/\\\/zurzeit.at\\\/index.php\\\/russen-toeten\\\/\"},\"wordCount\":285,\"commentCount\":0,\"image\":{\"@id\":\"https:\\\/\\\/zurzeit.at\\\/index.php\\\/russen-toeten\\\/#primaryimage\"},\"thumbnailUrl\":\"https:\\\/\\\/zurzeit.at\\\/wp-content\\\/uploads\\\/2026\\\/08\\\/54-55-Screenshot-Martenst.jpg\",\"keywords\":[\"Deniz Karabag\",\"FAZ\",\"Krieg\",\"Medien\",\"Michael Martens\",\"Petition\",\"Russland\",\"Ukraine\"],\"articleSection\":[\"Ausland\",\"Europa\"],\"inLanguage\":\"de\",\"potentialAction\":[{\"@type\":\"CommentAction\",\"name\":\"Comment\",\"target\":[\"https:\\\/\\\/zurzeit.at\\\/index.php\\\/russen-toeten\\\/#respond\"]}]},{\"@type\":\"WebPage\",\"@id\":\"https:\\\/\\\/zurzeit.at\\\/index.php\\\/russen-toeten\\\/\",\"url\":\"https:\\\/\\\/zurzeit.at\\\/index.php\\\/russen-toeten\\\/\",\"name\":\"\u201eRussen t\u00f6ten\u201c - ZurZeit\",\"isPartOf\":{\"@id\":\"https:\\\/\\\/zurzeit.at\\\/#website\"},\"primaryImageOfPage\":{\"@id\":\"https:\\\/\\\/zurzeit.at\\\/index.php\\\/russen-toeten\\\/#primaryimage\"},\"image\":{\"@id\":\"https:\\\/\\\/zurzeit.at\\\/index.php\\\/russen-toeten\\\/#primaryimage\"},\"thumbnailUrl\":\"https:\\\/\\\/zurzeit.at\\\/wp-content\\\/uploads\\\/2026\\\/08\\\/54-55-Screenshot-Martenst.jpg\",\"datePublished\":\"2026-08-11T13:52:03+00:00\",\"author\":{\"@id\":\"https:\\\/\\\/zurzeit.at\\\/#\\\/schema\\\/person\\\/e6f4284c4ffdba25c26f295806088e37\"},\"breadcrumb\":{\"@id\":\"https:\\\/\\\/zurzeit.at\\\/index.php\\\/russen-toeten\\\/#breadcrumb\"},\"inLanguage\":\"de\",\"potentialAction\":[{\"@type\":\"ReadAction\",\"target\":[\"https:\\\/\\\/zurzeit.at\\\/index.php\\\/russen-toeten\\\/\"]}]},{\"@type\":\"ImageObject\",\"inLanguage\":\"de\",\"@id\":\"https:\\\/\\\/zurzeit.at\\\/index.php\\\/russen-toeten\\\/#primaryimage\",\"url\":\"https:\\\/\\\/zurzeit.at\\\/wp-content\\\/uploads\\\/2026\\\/08\\\/54-55-Screenshot-Martenst.jpg\",\"contentUrl\":\"https:\\\/\\\/zurzeit.at\\\/wp-content\\\/uploads\\\/2026\\\/08\\\/54-55-Screenshot-Martenst.jpg\",\"width\":1152,\"height\":652},{\"@type\":\"BreadcrumbList\",\"@id\":\"https:\\\/\\\/zurzeit.at\\\/index.php\\\/russen-toeten\\\/#breadcrumb\",\"itemListElement\":[{\"@type\":\"ListItem\",\"position\":1,\"name\":\"Startseite\",\"item\":\"https:\\\/\\\/zurzeit.at\\\/\"},{\"@type\":\"ListItem\",\"position\":2,\"name\":\"\u201eRussen t\u00f6ten\u201c\"}]},{\"@type\":\"WebSite\",\"@id\":\"https:\\\/\\\/zurzeit.at\\\/#website\",\"url\":\"https:\\\/\\\/zurzeit.at\\\/\",\"name\":\"ZurZeit\",\"description\":\"Internetseite des Wochenmagazins ZurZeit\",\"potentialAction\":[{\"@type\":\"SearchAction\",\"target\":{\"@type\":\"EntryPoint\",\"urlTemplate\":\"https:\\\/\\\/zurzeit.at\\\/?s={search_term_string}\"},\"query-input\":{\"@type\":\"PropertyValueSpecification\",\"valueRequired\":true,\"valueName\":\"search_term_string\"}}],\"inLanguage\":\"de\"},{\"@type\":\"Person\",\"@id\":\"https:\\\/\\\/zurzeit.at\\\/#\\\/schema\\\/person\\\/e6f4284c4ffdba25c26f295806088e37\",\"name\":\"admin2\",\"image\":{\"@type\":\"ImageObject\",\"inLanguage\":\"de\",\"@id\":\"https:\\\/\\\/secure.gravatar.com\\\/avatar\\\/6b01edb108b3f79fc8950358251ecf3b91c228e319139ad1beec43b6b1b16470?s=96&d=mm&r=g\",\"url\":\"https:\\\/\\\/secure.gravatar.com\\\/avatar\\\/6b01edb108b3f79fc8950358251ecf3b91c228e319139ad1beec43b6b1b16470?s=96&d=mm&r=g\",\"contentUrl\":\"https:\\\/\\\/secure.gravatar.com\\\/avatar\\\/6b01edb108b3f79fc8950358251ecf3b91c228e319139ad1beec43b6b1b16470?s=96&d=mm&r=g\",\"caption\":\"admin2\"},\"url\":\"https:\\\/\\\/zurzeit.at\\\/index.php\\\/author\\\/admin2\\\/\"}]}<\/script>\n<!-- \/ Yoast SEO plugin. -->","yoast_head_json":{"title":"\u201eRussen t\u00f6ten\u201c - ZurZeit","robots":{"index":"index","follow":"follow","max-snippet":"max-snippet:-1","max-image-preview":"max-image-preview:large","max-video-preview":"max-video-preview:-1"},"canonical":"https:\/\/zurzeit.at\/index.php\/russen-toeten\/","og_locale":"de_DE","og_type":"article","og_title":"\u201eRussen t\u00f6ten\u201c - ZurZeit","og_description":"Autor:\u00a0B.T.\u00a0Bild: Screenshot\u00a0Lizenz: \u2013 In den Systemmedien, vor allen in den bundesdeutschen, findet in Bezug auf&hellip;","og_url":"https:\/\/zurzeit.at\/index.php\/russen-toeten\/","og_site_name":"ZurZeit","article_publisher":"https:\/\/www.facebook.com\/wochenmagazinZurZeit\/","article_published_time":"2026-08-11T13:52:03+00:00","og_image":[{"width":1152,"height":652,"url":"https:\/\/zurzeit.at\/wp-content\/uploads\/2026\/08\/54-55-Screenshot-Martenst.jpg","type":"image\/jpeg"}],"author":"admin2","twitter_card":"summary_large_image","twitter_misc":{"Verfasst von":"admin2","Gesch\u00e4tzte Lesezeit":"2\u00a0Minuten"},"schema":{"@context":"https:\/\/schema.org","@graph":[{"@type":"Article","@id":"https:\/\/zurzeit.at\/index.php\/russen-toeten\/#article","isPartOf":{"@id":"https:\/\/zurzeit.at\/index.php\/russen-toeten\/"},"author":{"name":"admin2","@id":"https:\/\/zurzeit.at\/#\/schema\/person\/e6f4284c4ffdba25c26f295806088e37"},"headline":"\u201eRussen t\u00f6ten\u201c","datePublished":"2026-08-11T13:52:03+00:00","mainEntityOfPage":{"@id":"https:\/\/zurzeit.at\/index.php\/russen-toeten\/"},"wordCount":285,"commentCount":0,"image":{"@id":"https:\/\/zurzeit.at\/index.php\/russen-toeten\/#primaryimage"},"thumbnailUrl":"https:\/\/zurzeit.at\/wp-content\/uploads\/2026\/08\/54-55-Screenshot-Martenst.jpg","keywords":["Deniz Karabag","FAZ","Krieg","Medien","Michael Martens","Petition","Russland","Ukraine"],"articleSection":["Ausland","Europa"],"inLanguage":"de","potentialAction":[{"@type":"CommentAction","name":"Comment","target":["https:\/\/zurzeit.at\/index.php\/russen-toeten\/#respond"]}]},{"@type":"WebPage","@id":"https:\/\/zurzeit.at\/index.php\/russen-toeten\/","url":"https:\/\/zurzeit.at\/index.php\/russen-toeten\/","name":"\u201eRussen t\u00f6ten\u201c - ZurZeit","isPartOf":{"@id":"https:\/\/zurzeit.at\/#website"},"primaryImageOfPage":{"@id":"https:\/\/zurzeit.at\/index.php\/russen-toeten\/#primaryimage"},"image":{"@id":"https:\/\/zurzeit.at\/index.php\/russen-toeten\/#primaryimage"},"thumbnailUrl":"https:\/\/zurzeit.at\/wp-content\/uploads\/2026\/08\/54-55-Screenshot-Martenst.jpg","datePublished":"2026-08-11T13:52:03+00:00","author":{"@id":"https:\/\/zurzeit.at\/#\/schema\/person\/e6f4284c4ffdba25c26f295806088e37"},"breadcrumb":{"@id":"https:\/\/zurzeit.at\/index.php\/russen-toeten\/#breadcrumb"},"inLanguage":"de","potentialAction":[{"@type":"ReadAction","target":["https:\/\/zurzeit.at\/index.php\/russen-toeten\/"]}]},{"@type":"ImageObject","inLanguage":"de","@id":"https:\/\/zurzeit.at\/index.php\/russen-toeten\/#primaryimage","url":"https:\/\/zurzeit.at\/wp-content\/uploads\/2026\/08\/54-55-Screenshot-Martenst.jpg","contentUrl":"https:\/\/zurzeit.at\/wp-content\/uploads\/2026\/08\/54-55-Screenshot-Martenst.jpg","width":1152,"height":652},{"@type":"BreadcrumbList","@id":"https:\/\/zurzeit.at\/index.php\/russen-toeten\/#breadcrumb","itemListElement":[{"@type":"ListItem","position":1,"name":"Startseite","item":"https:\/\/zurzeit.at\/"},{"@type":"ListItem","position":2,"name":"\u201eRussen t\u00f6ten\u201c"}]},{"@type":"WebSite","@id":"https:\/\/zurzeit.at\/#website","url":"https:\/\/zurzeit.at\/","name":"ZurZeit","description":"Internetseite des Wochenmagazins ZurZeit","potentialAction":[{"@type":"SearchAction","target":{"@type":"EntryPoint","urlTemplate":"https:\/\/zurzeit.at\/?s={search_term_string}"},"query-input":{"@type":"PropertyValueSpecification","valueRequired":true,"valueName":"search_term_string"}}],"inLanguage":"de"},{"@type":"Person","@id":"https:\/\/zurzeit.at\/#\/schema\/person\/e6f4284c4ffdba25c26f295806088e37","name":"admin2","image":{"@type":"ImageObject","inLanguage":"de","@id":"https:\/\/secure.gravatar.com\/avatar\/6b01edb108b3f79fc8950358251ecf3b91c228e319139ad1beec43b6b1b16470?s=96&d=mm&r=g","url":"https:\/\/secure.gravatar.com\/avatar\/6b01edb108b3f79fc8950358251ecf3b91c228e319139ad1beec43b6b1b16470?s=96&d=mm&r=g","contentUrl":"https:\/\/secure.gravatar.com\/avatar\/6b01edb108b3f79fc8950358251ecf3b91c228e319139ad1beec43b6b1b16470?s=96&d=mm&r=g","caption":"admin2"},"url":"https:\/\/zurzeit.at\/index.php\/author\/admin2\/"}]}},"_links":{"self":[{"href":"https:\/\/zurzeit.at\/index.php\/wp-json\/wp\/v2\/posts\/23041","targetHints":{"allow":["GET"]}}],"collection":[{"href":"https:\/\/zurzeit.at\/index.php\/wp-json\/wp\/v2\/posts"}],"about":[{"href":"https:\/\/zurzeit.at\/index.php\/wp-json\/wp\/v2\/types\/post"}],"author":[{"embeddable":true,"href":"https:\/\/zurzeit.at\/index.php\/wp-json\/wp\/v2\/users\/3"}],"replies":[{"embeddable":true,"href":"https:\/\/zurzeit.at\/index.php\/wp-json\/wp\/v2\/comments?post=23041"}],"version-history":[{"count":1,"href":"https:\/\/zurzeit.at\/index.php\/wp-json\/wp\/v2\/posts\/23041\/revisions"}],"predecessor-version":[{"id":23043,"href":"https:\/\/zurzeit.at\/index.php\/wp-json\/wp\/v2\/posts\/23041\/revisions\/23043"}],"wp:featuredmedia":[{"embeddable":true,"href":"https:\/\/zurzeit.at\/index.php\/wp-json\/wp\/v2\/media\/23042"}],"wp:attachment":[{"href":"https:\/\/zurzeit.at\/index.php\/wp-json\/wp\/v2\/media?parent=23041"}],"wp:term":[{"taxonomy":"category","embeddable":true,"href":"https:\/\/zurzeit.at\/index.php\/wp-json\/wp\/v2\/categories?post=23041"},{"taxonomy":"post_tag","embeddable":true,"href":"https:\/\/zurzeit.at\/index.php\/wp-json\/wp\/v2\/tags?post=23041"}],"curies":[{"name":"wp","href":"https:\/\/api.w.org\/{rel}","templated":true}]}}