{"id":23044,"date":"2026-08-11T16:05:57","date_gmt":"2026-08-11T14:05:57","guid":{"rendered":"https:\/\/zurzeit.at\/?p=23044"},"modified":"2026-08-11T16:06:33","modified_gmt":"2026-08-11T14:06:33","slug":"sanchez-ist-der-erzfeind-von-grenzkontrollen","status":"publish","type":"post","link":"https:\/\/zurzeit.at\/index.php\/sanchez-ist-der-erzfeind-von-grenzkontrollen\/","title":{"rendered":"&#8222;S\u00e1nchez ist der Erzfeind von Grenzkontrollen&#8220;"},"content":{"rendered":"<p><span class=\"licensetpl_attr\"><span class=\"plainlinks noprint\">Bild: ZZ\/KI\u00a0<\/span><\/span><span class=\"licensetpl_attr\"><span class=\"plainlinks noprint\">Lizenz: \u2013<\/span><\/span><\/p>\n<hr \/>\n<p><em>Aufgrund einer Initiative der sozialistischen Regierung von Ministerpr\u00e4sident Sanchez stellten rund 1,3 Millionen illegale Einwanderer den Antrag auf Legalisierung ihres Aufenthalts, und am 30. Juli drangen zehntausende Marokkaner illegal in Ceuta ein. Sehen Sie einen Zusammenhang, wirkt die Massenlegalisierung als Einladung?<br \/>\n<\/em><strong>Hermann Tertsch:<\/strong> Nat\u00fcrlich ist da eine enge Beziehung gegeben. Seitdem er an der Macht ist, betreibt Pedro S\u00e1nchez in massiver und obsz\u00f6ner Weise den \u201eEfecto Llamada\u201c, ein regelrechter Appell an die Einwanderung mit sozialen Privilegien, offenen Grenzen, Ankunftsgeschenken, Hotels mit drei Mahlzeiten in Regionen. wo die Spanier immer \u00e4rmer werden.<br \/>\nDazu kommt der Anspruch von Marokko auf die zwei St\u00e4dte Ceuta und Melilla, die seit vielen Jahrhunderten spanisch sind, lang bevor Marokko gegr\u00fcndet wird. Und dazu kommt auch noch die Tatsache, dass S\u00e1nchez seit vielen Jahren viel mehr die Interessen Marokko vertritt als die spanischen. Es ist kein Ger\u00fccht mehr, dass Marokko S\u00e1nchez einen \u201eTrojaner\u201c im Telefon installierte und vieles von S\u00e1nchez wei\u00df, was die Spanier noch nicht wissen, obwohl jetzt schon feststeht, dass die ganze Familie, das Umfeld und die Parteif\u00fchrung von S\u00e1nchez zu zutiefst korrupt sind und enge Beziehungen zum organisiertem Verbrechen in verschiedenen Bereichen wie Bruch des Embargos von venezolanischem Erd\u00f6l unterhalten. Aber es gibt auch organisatorische Verflechtungen der spanischen Sozialisten mit Drogenkartellen.<\/p>\n<div id=\"attachment_23047\" style=\"width: 243px\" class=\"wp-caption aligncenter\"><img loading=\"lazy\" decoding=\"async\" aria-describedby=\"caption-attachment-23047\" class=\"wp-image-23047 size-medium\" src=\"https:\/\/zurzeit.at\/wp-content\/uploads\/2026\/08\/1280px-1719236908941_20240620_TERTSCH_Hermann_ES_003-233x300.jpg\" alt=\"\" width=\"233\" height=\"300\" srcset=\"https:\/\/zurzeit.at\/wp-content\/uploads\/2026\/08\/1280px-1719236908941_20240620_TERTSCH_Hermann_ES_003-233x300.jpg 233w, https:\/\/zurzeit.at\/wp-content\/uploads\/2026\/08\/1280px-1719236908941_20240620_TERTSCH_Hermann_ES_003-796x1024.jpg 796w, https:\/\/zurzeit.at\/wp-content\/uploads\/2026\/08\/1280px-1719236908941_20240620_TERTSCH_Hermann_ES_003-768x988.jpg 768w, https:\/\/zurzeit.at\/wp-content\/uploads\/2026\/08\/1280px-1719236908941_20240620_TERTSCH_Hermann_ES_003-1194x1536.jpg 1194w, https:\/\/zurzeit.at\/wp-content\/uploads\/2026\/08\/1280px-1719236908941_20240620_TERTSCH_Hermann_ES_003-1170x1505.jpg 1170w, https:\/\/zurzeit.at\/wp-content\/uploads\/2026\/08\/1280px-1719236908941_20240620_TERTSCH_Hermann_ES_003-585x752.jpg 585w, https:\/\/zurzeit.at\/wp-content\/uploads\/2026\/08\/1280px-1719236908941_20240620_TERTSCH_Hermann_ES_003.jpg 1280w\" sizes=\"auto, (max-width: 233px) 100vw, 233px\" \/><p id=\"caption-attachment-23047\" class=\"wp-caption-text\">EU-Abg. Hermann Tertsch (Vox) \u00a9 European Union, 1998 \u2013 2026<\/p><\/div>\n<p><em>Wie hat sich Spanien in den letzten Jahren und Jahrzehnten durch die Einwanderung \u2013 vor allem aus islamischen L\u00e4ndern \u2013 ver\u00e4ndert?<br \/>\n<\/em><strong>Tertsch:<\/strong> Spanien ist in einem Prozess der Zerst\u00f6rung des nationalen, gesellschaftlichen und sozialen Gewebes. Was die Separatisten und auch die Linke immer gesucht haben, ist Spanien territorial und kulturell zu teilen, denn sie wissen, wie es hei\u00dft, dass Spanien nur dann wirklich rot sein wird, wenn es zerteilt und kaputt ist. Espa\u00f1a ser\u00e1 roja cuando est\u00e9 rota. Spanier war ein extrem sicheres Land. Die islamische Einwanderung hat das zerst\u00f6rt. Und der enorme Zustrom in kurzer Zeit aus Lateinamerika hat das Gesundheitswesen, den Wohnungsmarkt und die L\u00f6hne unter Druck gesetzt, die heute wieder das Niveau von 1996 haben, w\u00e4hrend sich die Preise mehr als verdreifacht haben.<\/p>\n<blockquote><p>S\u00e1nchez betreibt einen regelrechten Appell an die Einwanderung \u2013 mit offenen Grenzen, Privilegien und Legalisierungen.<\/p><\/blockquote>\n<p><em>EU-Spitzenpolitiker erkl\u00e4ren immer wieder, dass der Schutz der EU-Au\u00dfengrenzen wichtig sei. Aber wie sieht es in der Praxis aus: Unternimmt die EU genug zum Schutz ihrer Au\u00dfengrenzen?<br \/>\n<\/em><strong>Tertsch:<\/strong> Die EU hat S\u00e1nchez, den Erzfeind von Grenzkontrollen, acht Jahre lang massiv mit Geld versorgt. Und das trotz Korruption und mangelnder Transparenz, denn er hat in der ganzen Legislaturperiode keinen Staatshaushalt vorgelegt. Jetzt schreien alle auf, aber zuvor gab es eine unerh\u00f6rte gegen den einzigen konsequenten Verteidiger der Au\u00dfengrenzen Europas, der Viktor Orb\u00e1n hie\u00df,<br \/>\nS\u00e1nchez m\u00f6chte sich eine neue W\u00e4hlerschaft schaffen, da er ja mit den wirklichen Spaniern allein die Wahlen haushoch verlieren und dann h\u00f6chstwahrscheinlich mit vielen Ministern und Familie ins Gef\u00e4ngnis wandern w\u00fcrde. Deswegen ist er zu allem bereit, auch zu einem k\u00fcnstlichen Chaos, das die ganze politische Landschaft in Aufruhr bringen k\u00f6nnte. Er z\u00e4hlt immer darauf, dass die Extremisten mit Linken und Separatisten ihm gegen die \u201eextreme Rechte\u201c zur Seite stehen, und er braucht die Einwanderer, die legalisiert und dann mit einem undurchsichtigen und zum Teil illegalen Prozess zu wahlberechtigten Spaniern gemacht werden.<br \/>\nUnd mit einem Gesetz, das Nachkommen von exilierten Spaniern nach dem B\u00fcrgerkrieg die Staatsb\u00fcrgerschaft erteilt, fabriziert er in Kuba, Argentinien und anderen L\u00e4ndern in S\u00fcdamerika Spanier. In Wirklichkeit wird die Staatsb\u00fcrgschaft aber spanischsprechenden Ausl\u00e4ndern angeboten, deren Vorfahren schon im 19. Jahrhundert emigrierten und die \u00fcberhaupt keine Beziehung zu Spanien haben. So k\u00f6nnten pl\u00f6tzlich zus\u00e4tzlich zwei Millionen Wahlberechtigte auftauchen, von der Regierung von S\u00e1nchez nat\u00fcrlich manipuliert.<br \/>\nNiemand zweifelt daran, dass S\u00e1nchez Wahlbetrug begehen will. Viele sind sich sicher, dass das schon 2023 der Fall war. Abschlie\u00dfend noch eine Bemerkung: S\u00e1nchez ist ein Verbrecher und wird vor nichts haltmachen, um straffrei zu bleiben.<\/p>\n","protected":false},"excerpt":{"rendered":"<p>Bild: ZZ\/KI\u00a0Lizenz: \u2013 Aufgrund einer Initiative der sozialistischen Regierung von Ministerpr\u00e4sident Sanchez stellten rund 1,3&hellip;<\/p>\n","protected":false},"author":3,"featured_media":23048,"comment_status":"open","ping_status":"closed","sticky":false,"template":"","format":"standard","meta":{"footnotes":""},"categories":[48],"tags":[67,5956,89,95,720,680],"class_list":["post-23044","post","type-post","status-publish","format-standard","has-post-thumbnail","hentry","category-europa","tag-asyl","tag-ceuta","tag-eu","tag-migration","tag-sanchez","tag-vox"],"yoast_head":"<!-- This site is optimized with the Yoast SEO plugin v28.3 - https:\/\/yoast.com\/product\/yoast-seo-wordpress\/ -->\n<title>&quot;S\u00e1nchez ist der Erzfeind von Grenzkontrollen&quot; - ZurZeit<\/title>\n<meta name=\"robots\" content=\"index, follow, max-snippet:-1, max-image-preview:large, max-video-preview:-1\" \/>\n<link rel=\"canonical\" href=\"https:\/\/zurzeit.at\/index.php\/sanchez-ist-der-erzfeind-von-grenzkontrollen\/\" \/>\n<meta property=\"og:locale\" content=\"de_DE\" \/>\n<meta property=\"og:type\" content=\"article\" \/>\n<meta property=\"og:title\" content=\"&quot;S\u00e1nchez ist der Erzfeind von Grenzkontrollen&quot; - ZurZeit\" \/>\n<meta property=\"og:description\" content=\"Bild: ZZ\/KI\u00a0Lizenz: \u2013 Aufgrund einer Initiative der sozialistischen Regierung von Ministerpr\u00e4sident Sanchez stellten rund 1,3&hellip;\" \/>\n<meta property=\"og:url\" content=\"https:\/\/zurzeit.at\/index.php\/sanchez-ist-der-erzfeind-von-grenzkontrollen\/\" \/>\n<meta property=\"og:site_name\" content=\"ZurZeit\" \/>\n<meta property=\"article:publisher\" content=\"https:\/\/www.facebook.com\/wochenmagazinZurZeit\/\" \/>\n<meta property=\"article:published_time\" content=\"2026-08-11T14:05:57+00:00\" \/>\n<meta property=\"article:modified_time\" content=\"2026-08-11T14:06:33+00:00\" \/>\n<meta property=\"og:image\" content=\"https:\/\/zurzeit.at\/wp-content\/uploads\/2026\/08\/Titelbild.png\" \/>\n\t<meta property=\"og:image:width\" content=\"1122\" \/>\n\t<meta property=\"og:image:height\" content=\"658\" \/>\n\t<meta property=\"og:image:type\" content=\"image\/png\" \/>\n<meta name=\"author\" content=\"admin2\" \/>\n<meta name=\"twitter:card\" content=\"summary_large_image\" \/>\n<meta name=\"twitter:label1\" content=\"Verfasst von\" \/>\n\t<meta name=\"twitter:data1\" content=\"admin2\" \/>\n\t<meta name=\"twitter:label2\" content=\"Gesch\u00e4tzte Lesezeit\" \/>\n\t<meta name=\"twitter:data2\" content=\"4\u00a0Minuten\" \/>\n<script type=\"application\/ld+json\" class=\"yoast-schema-graph\">{\"@context\":\"https:\\\/\\\/schema.org\",\"@graph\":[{\"@type\":\"Article\",\"@id\":\"https:\\\/\\\/zurzeit.at\\\/index.php\\\/sanchez-ist-der-erzfeind-von-grenzkontrollen\\\/#article\",\"isPartOf\":{\"@id\":\"https:\\\/\\\/zurzeit.at\\\/index.php\\\/sanchez-ist-der-erzfeind-von-grenzkontrollen\\\/\"},\"author\":{\"name\":\"admin2\",\"@id\":\"https:\\\/\\\/zurzeit.at\\\/#\\\/schema\\\/person\\\/e6f4284c4ffdba25c26f295806088e37\"},\"headline\":\"&#8222;S\u00e1nchez ist der Erzfeind von Grenzkontrollen&#8220;\",\"datePublished\":\"2026-08-11T14:05:57+00:00\",\"dateModified\":\"2026-08-11T14:06:33+00:00\",\"mainEntityOfPage\":{\"@id\":\"https:\\\/\\\/zurzeit.at\\\/index.php\\\/sanchez-ist-der-erzfeind-von-grenzkontrollen\\\/\"},\"wordCount\":691,\"commentCount\":0,\"image\":{\"@id\":\"https:\\\/\\\/zurzeit.at\\\/index.php\\\/sanchez-ist-der-erzfeind-von-grenzkontrollen\\\/#primaryimage\"},\"thumbnailUrl\":\"https:\\\/\\\/zurzeit.at\\\/wp-content\\\/uploads\\\/2026\\\/08\\\/Titelbild.png\",\"keywords\":[\"Asyl\",\"Ceuta\",\"EU\",\"Migration\",\"Sanchez\",\"VOX\"],\"articleSection\":[\"Europa\"],\"inLanguage\":\"de\",\"potentialAction\":[{\"@type\":\"CommentAction\",\"name\":\"Comment\",\"target\":[\"https:\\\/\\\/zurzeit.at\\\/index.php\\\/sanchez-ist-der-erzfeind-von-grenzkontrollen\\\/#respond\"]}]},{\"@type\":\"WebPage\",\"@id\":\"https:\\\/\\\/zurzeit.at\\\/index.php\\\/sanchez-ist-der-erzfeind-von-grenzkontrollen\\\/\",\"url\":\"https:\\\/\\\/zurzeit.at\\\/index.php\\\/sanchez-ist-der-erzfeind-von-grenzkontrollen\\\/\",\"name\":\"\\\"S\u00e1nchez ist der Erzfeind von Grenzkontrollen\\\" - ZurZeit\",\"isPartOf\":{\"@id\":\"https:\\\/\\\/zurzeit.at\\\/#website\"},\"primaryImageOfPage\":{\"@id\":\"https:\\\/\\\/zurzeit.at\\\/index.php\\\/sanchez-ist-der-erzfeind-von-grenzkontrollen\\\/#primaryimage\"},\"image\":{\"@id\":\"https:\\\/\\\/zurzeit.at\\\/index.php\\\/sanchez-ist-der-erzfeind-von-grenzkontrollen\\\/#primaryimage\"},\"thumbnailUrl\":\"https:\\\/\\\/zurzeit.at\\\/wp-content\\\/uploads\\\/2026\\\/08\\\/Titelbild.png\",\"datePublished\":\"2026-08-11T14:05:57+00:00\",\"dateModified\":\"2026-08-11T14:06:33+00:00\",\"author\":{\"@id\":\"https:\\\/\\\/zurzeit.at\\\/#\\\/schema\\\/person\\\/e6f4284c4ffdba25c26f295806088e37\"},\"breadcrumb\":{\"@id\":\"https:\\\/\\\/zurzeit.at\\\/index.php\\\/sanchez-ist-der-erzfeind-von-grenzkontrollen\\\/#breadcrumb\"},\"inLanguage\":\"de\",\"potentialAction\":[{\"@type\":\"ReadAction\",\"target\":[\"https:\\\/\\\/zurzeit.at\\\/index.php\\\/sanchez-ist-der-erzfeind-von-grenzkontrollen\\\/\"]}]},{\"@type\":\"ImageObject\",\"inLanguage\":\"de\",\"@id\":\"https:\\\/\\\/zurzeit.at\\\/index.php\\\/sanchez-ist-der-erzfeind-von-grenzkontrollen\\\/#primaryimage\",\"url\":\"https:\\\/\\\/zurzeit.at\\\/wp-content\\\/uploads\\\/2026\\\/08\\\/Titelbild.png\",\"contentUrl\":\"https:\\\/\\\/zurzeit.at\\\/wp-content\\\/uploads\\\/2026\\\/08\\\/Titelbild.png\",\"width\":1122,\"height\":658},{\"@type\":\"BreadcrumbList\",\"@id\":\"https:\\\/\\\/zurzeit.at\\\/index.php\\\/sanchez-ist-der-erzfeind-von-grenzkontrollen\\\/#breadcrumb\",\"itemListElement\":[{\"@type\":\"ListItem\",\"position\":1,\"name\":\"Startseite\",\"item\":\"https:\\\/\\\/zurzeit.at\\\/\"},{\"@type\":\"ListItem\",\"position\":2,\"name\":\"&#8222;S\u00e1nchez ist der Erzfeind von Grenzkontrollen&#8220;\"}]},{\"@type\":\"WebSite\",\"@id\":\"https:\\\/\\\/zurzeit.at\\\/#website\",\"url\":\"https:\\\/\\\/zurzeit.at\\\/\",\"name\":\"ZurZeit\",\"description\":\"Internetseite des Wochenmagazins ZurZeit\",\"potentialAction\":[{\"@type\":\"SearchAction\",\"target\":{\"@type\":\"EntryPoint\",\"urlTemplate\":\"https:\\\/\\\/zurzeit.at\\\/?s={search_term_string}\"},\"query-input\":{\"@type\":\"PropertyValueSpecification\",\"valueRequired\":true,\"valueName\":\"search_term_string\"}}],\"inLanguage\":\"de\"},{\"@type\":\"Person\",\"@id\":\"https:\\\/\\\/zurzeit.at\\\/#\\\/schema\\\/person\\\/e6f4284c4ffdba25c26f295806088e37\",\"name\":\"admin2\",\"image\":{\"@type\":\"ImageObject\",\"inLanguage\":\"de\",\"@id\":\"https:\\\/\\\/secure.gravatar.com\\\/avatar\\\/6b01edb108b3f79fc8950358251ecf3b91c228e319139ad1beec43b6b1b16470?s=96&d=mm&r=g\",\"url\":\"https:\\\/\\\/secure.gravatar.com\\\/avatar\\\/6b01edb108b3f79fc8950358251ecf3b91c228e319139ad1beec43b6b1b16470?s=96&d=mm&r=g\",\"contentUrl\":\"https:\\\/\\\/secure.gravatar.com\\\/avatar\\\/6b01edb108b3f79fc8950358251ecf3b91c228e319139ad1beec43b6b1b16470?s=96&d=mm&r=g\",\"caption\":\"admin2\"},\"url\":\"https:\\\/\\\/zurzeit.at\\\/index.php\\\/author\\\/admin2\\\/\"}]}<\/script>\n<!-- \/ Yoast SEO plugin. -->","yoast_head_json":{"title":"\"S\u00e1nchez ist der Erzfeind von Grenzkontrollen\" - ZurZeit","robots":{"index":"index","follow":"follow","max-snippet":"max-snippet:-1","max-image-preview":"max-image-preview:large","max-video-preview":"max-video-preview:-1"},"canonical":"https:\/\/zurzeit.at\/index.php\/sanchez-ist-der-erzfeind-von-grenzkontrollen\/","og_locale":"de_DE","og_type":"article","og_title":"\"S\u00e1nchez ist der Erzfeind von Grenzkontrollen\" - ZurZeit","og_description":"Bild: ZZ\/KI\u00a0Lizenz: \u2013 Aufgrund einer Initiative der sozialistischen Regierung von Ministerpr\u00e4sident Sanchez stellten rund 1,3&hellip;","og_url":"https:\/\/zurzeit.at\/index.php\/sanchez-ist-der-erzfeind-von-grenzkontrollen\/","og_site_name":"ZurZeit","article_publisher":"https:\/\/www.facebook.com\/wochenmagazinZurZeit\/","article_published_time":"2026-08-11T14:05:57+00:00","article_modified_time":"2026-08-11T14:06:33+00:00","og_image":[{"width":1122,"height":658,"url":"https:\/\/zurzeit.at\/wp-content\/uploads\/2026\/08\/Titelbild.png","type":"image\/png"}],"author":"admin2","twitter_card":"summary_large_image","twitter_misc":{"Verfasst von":"admin2","Gesch\u00e4tzte Lesezeit":"4\u00a0Minuten"},"schema":{"@context":"https:\/\/schema.org","@graph":[{"@type":"Article","@id":"https:\/\/zurzeit.at\/index.php\/sanchez-ist-der-erzfeind-von-grenzkontrollen\/#article","isPartOf":{"@id":"https:\/\/zurzeit.at\/index.php\/sanchez-ist-der-erzfeind-von-grenzkontrollen\/"},"author":{"name":"admin2","@id":"https:\/\/zurzeit.at\/#\/schema\/person\/e6f4284c4ffdba25c26f295806088e37"},"headline":"&#8222;S\u00e1nchez ist der Erzfeind von Grenzkontrollen&#8220;","datePublished":"2026-08-11T14:05:57+00:00","dateModified":"2026-08-11T14:06:33+00:00","mainEntityOfPage":{"@id":"https:\/\/zurzeit.at\/index.php\/sanchez-ist-der-erzfeind-von-grenzkontrollen\/"},"wordCount":691,"commentCount":0,"image":{"@id":"https:\/\/zurzeit.at\/index.php\/sanchez-ist-der-erzfeind-von-grenzkontrollen\/#primaryimage"},"thumbnailUrl":"https:\/\/zurzeit.at\/wp-content\/uploads\/2026\/08\/Titelbild.png","keywords":["Asyl","Ceuta","EU","Migration","Sanchez","VOX"],"articleSection":["Europa"],"inLanguage":"de","potentialAction":[{"@type":"CommentAction","name":"Comment","target":["https:\/\/zurzeit.at\/index.php\/sanchez-ist-der-erzfeind-von-grenzkontrollen\/#respond"]}]},{"@type":"WebPage","@id":"https:\/\/zurzeit.at\/index.php\/sanchez-ist-der-erzfeind-von-grenzkontrollen\/","url":"https:\/\/zurzeit.at\/index.php\/sanchez-ist-der-erzfeind-von-grenzkontrollen\/","name":"\"S\u00e1nchez ist der Erzfeind von Grenzkontrollen\" - ZurZeit","isPartOf":{"@id":"https:\/\/zurzeit.at\/#website"},"primaryImageOfPage":{"@id":"https:\/\/zurzeit.at\/index.php\/sanchez-ist-der-erzfeind-von-grenzkontrollen\/#primaryimage"},"image":{"@id":"https:\/\/zurzeit.at\/index.php\/sanchez-ist-der-erzfeind-von-grenzkontrollen\/#primaryimage"},"thumbnailUrl":"https:\/\/zurzeit.at\/wp-content\/uploads\/2026\/08\/Titelbild.png","datePublished":"2026-08-11T14:05:57+00:00","dateModified":"2026-08-11T14:06:33+00:00","author":{"@id":"https:\/\/zurzeit.at\/#\/schema\/person\/e6f4284c4ffdba25c26f295806088e37"},"breadcrumb":{"@id":"https:\/\/zurzeit.at\/index.php\/sanchez-ist-der-erzfeind-von-grenzkontrollen\/#breadcrumb"},"inLanguage":"de","potentialAction":[{"@type":"ReadAction","target":["https:\/\/zurzeit.at\/index.php\/sanchez-ist-der-erzfeind-von-grenzkontrollen\/"]}]},{"@type":"ImageObject","inLanguage":"de","@id":"https:\/\/zurzeit.at\/index.php\/sanchez-ist-der-erzfeind-von-grenzkontrollen\/#primaryimage","url":"https:\/\/zurzeit.at\/wp-content\/uploads\/2026\/08\/Titelbild.png","contentUrl":"https:\/\/zurzeit.at\/wp-content\/uploads\/2026\/08\/Titelbild.png","width":1122,"height":658},{"@type":"BreadcrumbList","@id":"https:\/\/zurzeit.at\/index.php\/sanchez-ist-der-erzfeind-von-grenzkontrollen\/#breadcrumb","itemListElement":[{"@type":"ListItem","position":1,"name":"Startseite","item":"https:\/\/zurzeit.at\/"},{"@type":"ListItem","position":2,"name":"&#8222;S\u00e1nchez ist der Erzfeind von Grenzkontrollen&#8220;"}]},{"@type":"WebSite","@id":"https:\/\/zurzeit.at\/#website","url":"https:\/\/zurzeit.at\/","name":"ZurZeit","description":"Internetseite des Wochenmagazins ZurZeit","potentialAction":[{"@type":"SearchAction","target":{"@type":"EntryPoint","urlTemplate":"https:\/\/zurzeit.at\/?s={search_term_string}"},"query-input":{"@type":"PropertyValueSpecification","valueRequired":true,"valueName":"search_term_string"}}],"inLanguage":"de"},{"@type":"Person","@id":"https:\/\/zurzeit.at\/#\/schema\/person\/e6f4284c4ffdba25c26f295806088e37","name":"admin2","image":{"@type":"ImageObject","inLanguage":"de","@id":"https:\/\/secure.gravatar.com\/avatar\/6b01edb108b3f79fc8950358251ecf3b91c228e319139ad1beec43b6b1b16470?s=96&d=mm&r=g","url":"https:\/\/secure.gravatar.com\/avatar\/6b01edb108b3f79fc8950358251ecf3b91c228e319139ad1beec43b6b1b16470?s=96&d=mm&r=g","contentUrl":"https:\/\/secure.gravatar.com\/avatar\/6b01edb108b3f79fc8950358251ecf3b91c228e319139ad1beec43b6b1b16470?s=96&d=mm&r=g","caption":"admin2"},"url":"https:\/\/zurzeit.at\/index.php\/author\/admin2\/"}]}},"_links":{"self":[{"href":"https:\/\/zurzeit.at\/index.php\/wp-json\/wp\/v2\/posts\/23044","targetHints":{"allow":["GET"]}}],"collection":[{"href":"https:\/\/zurzeit.at\/index.php\/wp-json\/wp\/v2\/posts"}],"about":[{"href":"https:\/\/zurzeit.at\/index.php\/wp-json\/wp\/v2\/types\/post"}],"author":[{"embeddable":true,"href":"https:\/\/zurzeit.at\/index.php\/wp-json\/wp\/v2\/users\/3"}],"replies":[{"embeddable":true,"href":"https:\/\/zurzeit.at\/index.php\/wp-json\/wp\/v2\/comments?post=23044"}],"version-history":[{"count":2,"href":"https:\/\/zurzeit.at\/index.php\/wp-json\/wp\/v2\/posts\/23044\/revisions"}],"predecessor-version":[{"id":23050,"href":"https:\/\/zurzeit.at\/index.php\/wp-json\/wp\/v2\/posts\/23044\/revisions\/23050"}],"wp:featuredmedia":[{"embeddable":true,"href":"https:\/\/zurzeit.at\/index.php\/wp-json\/wp\/v2\/media\/23048"}],"wp:attachment":[{"href":"https:\/\/zurzeit.at\/index.php\/wp-json\/wp\/v2\/media?parent=23044"}],"wp:term":[{"taxonomy":"category","embeddable":true,"href":"https:\/\/zurzeit.at\/index.php\/wp-json\/wp\/v2\/categories?post=23044"},{"taxonomy":"post_tag","embeddable":true,"href":"https:\/\/zurzeit.at\/index.php\/wp-json\/wp\/v2\/tags?post=23044"}],"curies":[{"name":"wp","href":"https:\/\/api.w.org\/{rel}","templated":true}]}}