{"id":3327,"date":"2019-08-14T12:28:14","date_gmt":"2019-08-14T10:28:14","guid":{"rendered":"http:\/\/zurzeit.at\/?p=3327"},"modified":"2019-08-14T12:28:14","modified_gmt":"2019-08-14T10:28:14","slug":"chemnitz-hitlergruss-provokateur-ist-ein-linker","status":"publish","type":"post","link":"https:\/\/zurzeit.at\/index.php\/chemnitz-hitlergruss-provokateur-ist-ein-linker\/","title":{"rendered":"Chemnitz: Hitlergru\u00df-Provokateur ist ein Linker"},"content":{"rendered":"<h2>33-j\u00e4hriger Mann mit Antifa-T\u00e4towierung von Gericht verurteilt<\/h2>\n<p>Gut in Erinnerung sind noch die B\u00fcrgerproteste in Dresden vor knapp einem Jahr, nachdem ein Deutscher mit kubanischen Wurzeln von zwei Merkel-G\u00e4sten \u2013 der eine aus Syrien, der andere aus dem Irak \u2013 erstochen worden war. Um die Proteste besorgter B\u00fcrger ins \u201erechte Eck\u201c zu r\u00fccken, wurden in der Berichterstattung der Systemmedien Personen gezeigt, welche den rechten Arm zum sogenannten Hitlergru\u00df streckten.<\/p>\n<p>Besonders auff\u00e4llig war die Person, die vom linken Magazin \u201eVice\u201c als angeblicher \u201eBeweis\u201c f\u00fcr die rechtsextremen Umtriebe in der s\u00e4chsischen Stadt angef\u00fchrt wurde. Es handelte sich im einen ungepflegt wirkenden Mann in Kapuzenpullover, Parolen wie \u201eAusl\u00e4nder raus\u201c br\u00fcllte und den rechten Arm zum Hitlergru\u00df erhob.<\/p>\n<p>Ebendieser Mann wurde nun von einem Gericht in Leipzig wegen Beleidigungen und dem Verwenden von Kennzeichen verfassungswidriger zu sieben Monaten Haft und 100 Stunden gemeinn\u00fctziger Arbeit verurteilt. Und bei dem 33-J\u00e4hrigen handelt es sich nicht im einen Rechtsextremisten, sondern um einen Linken. Die \u201eFreie Presse\u201c berichtete \u00fcber den Prozess: \u201eTats\u00e4chlich f\u00fchle er sich eher im linken Spektrum zu Hause, sagte der Angeklagte am Montag vor Gericht. Das Vorhandensein eines t\u00e4towierten Antifa-Symbols auf seinem K\u00f6rper best\u00e4tigte ein Gutachter.\u201c Zudem war auch Alkohol im Spiel.<\/p>\n<p>Der Linke war f\u00fcr die Richterin \u00fcbrigens kein Unbekannter: \u201eDie Juristin kennt den schwer alkoholabh\u00e4ngigen Chemnitzer seit Jahren; immer wieder stand er wegen Diebst\u00e4hlen, K\u00f6rperverletzungen, Drogendelikten und anderen Straftaten vor Gericht.\u201c<\/p>\n<p>[Autor: <a href=\"https:\/\/zurzeit.at\/index.php\/autoren\/\">B.T.<\/a> Bild: <a href=\"https:\/\/commons.wikimedia.org\/wiki\/File:Karl-Marx-Denkmal_-_Aktionsb%C3%BCndnis_Chemnitz_ist_weder_grau_noch_braun_(3).JPG\">www.wikipedia.org\/Dr. Bernd Gross<\/a> L<span class=\"licensetpl_attr\">izenz: <\/span><a href=\"https:\/\/creativecommons.org\/licenses\/by-sa\/3.0\/de\/deed.en\">CC BY-SA 3.0 DE<\/a>]<\/p>\n","protected":false},"excerpt":{"rendered":"<p>33-j\u00e4hriger Mann mit Antifa-T\u00e4towierung von Gericht verurteilt Gut in Erinnerung sind noch die B\u00fcrgerproteste in&hellip;<\/p>\n","protected":false},"author":3,"featured_media":3328,"comment_status":"open","ping_status":"closed","sticky":false,"template":"","format":"standard","meta":{"footnotes":""},"categories":[47,51],"tags":[1610,1608,60,1611,200,1612,194,1609,580],"class_list":["post-3327","post","type-post","status-publish","format-standard","has-post-thumbnail","hentry","category-deutschland","category-feuilleton","tag-auslaendergewalt","tag-chemnitz","tag-deutschland","tag-hitlergruss","tag-justiz","tag-linker","tag-linksextremismus","tag-proteste","tag-rechtsextremismus"],"yoast_head":"<!-- This site is optimized with the Yoast SEO plugin v28.3 - https:\/\/yoast.com\/product\/yoast-seo-wordpress\/ -->\n<title>Chemnitz: Hitlergru\u00df-Provokateur ist ein Linker - ZurZeit<\/title>\n<meta name=\"robots\" content=\"index, follow, max-snippet:-1, max-image-preview:large, max-video-preview:-1\" \/>\n<link rel=\"canonical\" href=\"https:\/\/zurzeit.at\/index.php\/chemnitz-hitlergruss-provokateur-ist-ein-linker\/\" \/>\n<meta property=\"og:locale\" content=\"de_DE\" \/>\n<meta property=\"og:type\" content=\"article\" \/>\n<meta property=\"og:title\" content=\"Chemnitz: Hitlergru\u00df-Provokateur ist ein Linker - ZurZeit\" \/>\n<meta property=\"og:description\" content=\"33-j\u00e4hriger Mann mit Antifa-T\u00e4towierung von Gericht verurteilt Gut in Erinnerung sind noch die B\u00fcrgerproteste in&hellip;\" \/>\n<meta property=\"og:url\" content=\"https:\/\/zurzeit.at\/index.php\/chemnitz-hitlergruss-provokateur-ist-ein-linker\/\" \/>\n<meta property=\"og:site_name\" content=\"ZurZeit\" \/>\n<meta property=\"article:publisher\" content=\"https:\/\/www.facebook.com\/wochenmagazinZurZeit\/\" \/>\n<meta property=\"article:published_time\" content=\"2019-08-14T10:28:14+00:00\" \/>\n<meta property=\"og:image\" content=\"https:\/\/zurzeit.at\/wp-content\/uploads\/2019\/08\/956px-Karl-Marx-Denkmal_-_Aktionsb\u00fcndnis_Chemnitz_ist_weder_grau_noch_braun_3.jpg\" \/>\n\t<meta property=\"og:image:width\" content=\"956\" \/>\n\t<meta property=\"og:image:height\" content=\"768\" \/>\n\t<meta property=\"og:image:type\" content=\"image\/jpeg\" \/>\n<meta name=\"author\" content=\"admin2\" \/>\n<meta name=\"twitter:card\" content=\"summary_large_image\" \/>\n<meta name=\"twitter:label1\" content=\"Verfasst von\" \/>\n\t<meta name=\"twitter:data1\" content=\"admin2\" \/>\n\t<meta name=\"twitter:label2\" content=\"Gesch\u00e4tzte Lesezeit\" \/>\n\t<meta name=\"twitter:data2\" content=\"1\u00a0Minute\" \/>\n<script type=\"application\/ld+json\" class=\"yoast-schema-graph\">{\"@context\":\"https:\\\/\\\/schema.org\",\"@graph\":[{\"@type\":\"Article\",\"@id\":\"https:\\\/\\\/zurzeit.at\\\/index.php\\\/chemnitz-hitlergruss-provokateur-ist-ein-linker\\\/#article\",\"isPartOf\":{\"@id\":\"https:\\\/\\\/zurzeit.at\\\/index.php\\\/chemnitz-hitlergruss-provokateur-ist-ein-linker\\\/\"},\"author\":{\"name\":\"admin2\",\"@id\":\"https:\\\/\\\/zurzeit.at\\\/#\\\/schema\\\/person\\\/e6f4284c4ffdba25c26f295806088e37\"},\"headline\":\"Chemnitz: Hitlergru\u00df-Provokateur ist ein Linker\",\"datePublished\":\"2019-08-14T10:28:14+00:00\",\"mainEntityOfPage\":{\"@id\":\"https:\\\/\\\/zurzeit.at\\\/index.php\\\/chemnitz-hitlergruss-provokateur-ist-ein-linker\\\/\"},\"wordCount\":268,\"commentCount\":0,\"image\":{\"@id\":\"https:\\\/\\\/zurzeit.at\\\/index.php\\\/chemnitz-hitlergruss-provokateur-ist-ein-linker\\\/#primaryimage\"},\"thumbnailUrl\":\"https:\\\/\\\/zurzeit.at\\\/wp-content\\\/uploads\\\/2019\\\/08\\\/956px-Karl-Marx-Denkmal_-_Aktionsb\u00fcndnis_Chemnitz_ist_weder_grau_noch_braun_3.jpg\",\"keywords\":[\"Ausl\u00e4ndergewalt\",\"Chemnitz\",\"Deutschland\",\"Hitlergru\u00df\",\"Justiz\",\"Linker\",\"Linksextremismus\",\"Proteste\",\"Rechtsextremismus\"],\"articleSection\":[\"Deutschland\",\"Feuilleton\"],\"inLanguage\":\"de\",\"potentialAction\":[{\"@type\":\"CommentAction\",\"name\":\"Comment\",\"target\":[\"https:\\\/\\\/zurzeit.at\\\/index.php\\\/chemnitz-hitlergruss-provokateur-ist-ein-linker\\\/#respond\"]}]},{\"@type\":\"WebPage\",\"@id\":\"https:\\\/\\\/zurzeit.at\\\/index.php\\\/chemnitz-hitlergruss-provokateur-ist-ein-linker\\\/\",\"url\":\"https:\\\/\\\/zurzeit.at\\\/index.php\\\/chemnitz-hitlergruss-provokateur-ist-ein-linker\\\/\",\"name\":\"Chemnitz: Hitlergru\u00df-Provokateur ist ein Linker - ZurZeit\",\"isPartOf\":{\"@id\":\"https:\\\/\\\/zurzeit.at\\\/#website\"},\"primaryImageOfPage\":{\"@id\":\"https:\\\/\\\/zurzeit.at\\\/index.php\\\/chemnitz-hitlergruss-provokateur-ist-ein-linker\\\/#primaryimage\"},\"image\":{\"@id\":\"https:\\\/\\\/zurzeit.at\\\/index.php\\\/chemnitz-hitlergruss-provokateur-ist-ein-linker\\\/#primaryimage\"},\"thumbnailUrl\":\"https:\\\/\\\/zurzeit.at\\\/wp-content\\\/uploads\\\/2019\\\/08\\\/956px-Karl-Marx-Denkmal_-_Aktionsb\u00fcndnis_Chemnitz_ist_weder_grau_noch_braun_3.jpg\",\"datePublished\":\"2019-08-14T10:28:14+00:00\",\"author\":{\"@id\":\"https:\\\/\\\/zurzeit.at\\\/#\\\/schema\\\/person\\\/e6f4284c4ffdba25c26f295806088e37\"},\"breadcrumb\":{\"@id\":\"https:\\\/\\\/zurzeit.at\\\/index.php\\\/chemnitz-hitlergruss-provokateur-ist-ein-linker\\\/#breadcrumb\"},\"inLanguage\":\"de\",\"potentialAction\":[{\"@type\":\"ReadAction\",\"target\":[\"https:\\\/\\\/zurzeit.at\\\/index.php\\\/chemnitz-hitlergruss-provokateur-ist-ein-linker\\\/\"]}]},{\"@type\":\"ImageObject\",\"inLanguage\":\"de\",\"@id\":\"https:\\\/\\\/zurzeit.at\\\/index.php\\\/chemnitz-hitlergruss-provokateur-ist-ein-linker\\\/#primaryimage\",\"url\":\"https:\\\/\\\/zurzeit.at\\\/wp-content\\\/uploads\\\/2019\\\/08\\\/956px-Karl-Marx-Denkmal_-_Aktionsb\u00fcndnis_Chemnitz_ist_weder_grau_noch_braun_3.jpg\",\"contentUrl\":\"https:\\\/\\\/zurzeit.at\\\/wp-content\\\/uploads\\\/2019\\\/08\\\/956px-Karl-Marx-Denkmal_-_Aktionsb\u00fcndnis_Chemnitz_ist_weder_grau_noch_braun_3.jpg\",\"width\":956,\"height\":768},{\"@type\":\"BreadcrumbList\",\"@id\":\"https:\\\/\\\/zurzeit.at\\\/index.php\\\/chemnitz-hitlergruss-provokateur-ist-ein-linker\\\/#breadcrumb\",\"itemListElement\":[{\"@type\":\"ListItem\",\"position\":1,\"name\":\"Startseite\",\"item\":\"https:\\\/\\\/zurzeit.at\\\/\"},{\"@type\":\"ListItem\",\"position\":2,\"name\":\"Chemnitz: Hitlergru\u00df-Provokateur ist ein Linker\"}]},{\"@type\":\"WebSite\",\"@id\":\"https:\\\/\\\/zurzeit.at\\\/#website\",\"url\":\"https:\\\/\\\/zurzeit.at\\\/\",\"name\":\"ZurZeit\",\"description\":\"Internetseite des Wochenmagazins ZurZeit\",\"potentialAction\":[{\"@type\":\"SearchAction\",\"target\":{\"@type\":\"EntryPoint\",\"urlTemplate\":\"https:\\\/\\\/zurzeit.at\\\/?s={search_term_string}\"},\"query-input\":{\"@type\":\"PropertyValueSpecification\",\"valueRequired\":true,\"valueName\":\"search_term_string\"}}],\"inLanguage\":\"de\"},{\"@type\":\"Person\",\"@id\":\"https:\\\/\\\/zurzeit.at\\\/#\\\/schema\\\/person\\\/e6f4284c4ffdba25c26f295806088e37\",\"name\":\"admin2\",\"image\":{\"@type\":\"ImageObject\",\"inLanguage\":\"de\",\"@id\":\"https:\\\/\\\/secure.gravatar.com\\\/avatar\\\/6b01edb108b3f79fc8950358251ecf3b91c228e319139ad1beec43b6b1b16470?s=96&d=mm&r=g\",\"url\":\"https:\\\/\\\/secure.gravatar.com\\\/avatar\\\/6b01edb108b3f79fc8950358251ecf3b91c228e319139ad1beec43b6b1b16470?s=96&d=mm&r=g\",\"contentUrl\":\"https:\\\/\\\/secure.gravatar.com\\\/avatar\\\/6b01edb108b3f79fc8950358251ecf3b91c228e319139ad1beec43b6b1b16470?s=96&d=mm&r=g\",\"caption\":\"admin2\"},\"url\":\"https:\\\/\\\/zurzeit.at\\\/index.php\\\/author\\\/admin2\\\/\"}]}<\/script>\n<!-- \/ Yoast SEO plugin. -->","yoast_head_json":{"title":"Chemnitz: Hitlergru\u00df-Provokateur ist ein Linker - ZurZeit","robots":{"index":"index","follow":"follow","max-snippet":"max-snippet:-1","max-image-preview":"max-image-preview:large","max-video-preview":"max-video-preview:-1"},"canonical":"https:\/\/zurzeit.at\/index.php\/chemnitz-hitlergruss-provokateur-ist-ein-linker\/","og_locale":"de_DE","og_type":"article","og_title":"Chemnitz: Hitlergru\u00df-Provokateur ist ein Linker - ZurZeit","og_description":"33-j\u00e4hriger Mann mit Antifa-T\u00e4towierung von Gericht verurteilt Gut in Erinnerung sind noch die B\u00fcrgerproteste in&hellip;","og_url":"https:\/\/zurzeit.at\/index.php\/chemnitz-hitlergruss-provokateur-ist-ein-linker\/","og_site_name":"ZurZeit","article_publisher":"https:\/\/www.facebook.com\/wochenmagazinZurZeit\/","article_published_time":"2019-08-14T10:28:14+00:00","og_image":[{"width":956,"height":768,"url":"https:\/\/zurzeit.at\/wp-content\/uploads\/2019\/08\/956px-Karl-Marx-Denkmal_-_Aktionsb\u00fcndnis_Chemnitz_ist_weder_grau_noch_braun_3.jpg","type":"image\/jpeg"}],"author":"admin2","twitter_card":"summary_large_image","twitter_misc":{"Verfasst von":"admin2","Gesch\u00e4tzte Lesezeit":"1\u00a0Minute"},"schema":{"@context":"https:\/\/schema.org","@graph":[{"@type":"Article","@id":"https:\/\/zurzeit.at\/index.php\/chemnitz-hitlergruss-provokateur-ist-ein-linker\/#article","isPartOf":{"@id":"https:\/\/zurzeit.at\/index.php\/chemnitz-hitlergruss-provokateur-ist-ein-linker\/"},"author":{"name":"admin2","@id":"https:\/\/zurzeit.at\/#\/schema\/person\/e6f4284c4ffdba25c26f295806088e37"},"headline":"Chemnitz: Hitlergru\u00df-Provokateur ist ein Linker","datePublished":"2019-08-14T10:28:14+00:00","mainEntityOfPage":{"@id":"https:\/\/zurzeit.at\/index.php\/chemnitz-hitlergruss-provokateur-ist-ein-linker\/"},"wordCount":268,"commentCount":0,"image":{"@id":"https:\/\/zurzeit.at\/index.php\/chemnitz-hitlergruss-provokateur-ist-ein-linker\/#primaryimage"},"thumbnailUrl":"https:\/\/zurzeit.at\/wp-content\/uploads\/2019\/08\/956px-Karl-Marx-Denkmal_-_Aktionsb\u00fcndnis_Chemnitz_ist_weder_grau_noch_braun_3.jpg","keywords":["Ausl\u00e4ndergewalt","Chemnitz","Deutschland","Hitlergru\u00df","Justiz","Linker","Linksextremismus","Proteste","Rechtsextremismus"],"articleSection":["Deutschland","Feuilleton"],"inLanguage":"de","potentialAction":[{"@type":"CommentAction","name":"Comment","target":["https:\/\/zurzeit.at\/index.php\/chemnitz-hitlergruss-provokateur-ist-ein-linker\/#respond"]}]},{"@type":"WebPage","@id":"https:\/\/zurzeit.at\/index.php\/chemnitz-hitlergruss-provokateur-ist-ein-linker\/","url":"https:\/\/zurzeit.at\/index.php\/chemnitz-hitlergruss-provokateur-ist-ein-linker\/","name":"Chemnitz: Hitlergru\u00df-Provokateur ist ein Linker - ZurZeit","isPartOf":{"@id":"https:\/\/zurzeit.at\/#website"},"primaryImageOfPage":{"@id":"https:\/\/zurzeit.at\/index.php\/chemnitz-hitlergruss-provokateur-ist-ein-linker\/#primaryimage"},"image":{"@id":"https:\/\/zurzeit.at\/index.php\/chemnitz-hitlergruss-provokateur-ist-ein-linker\/#primaryimage"},"thumbnailUrl":"https:\/\/zurzeit.at\/wp-content\/uploads\/2019\/08\/956px-Karl-Marx-Denkmal_-_Aktionsb\u00fcndnis_Chemnitz_ist_weder_grau_noch_braun_3.jpg","datePublished":"2019-08-14T10:28:14+00:00","author":{"@id":"https:\/\/zurzeit.at\/#\/schema\/person\/e6f4284c4ffdba25c26f295806088e37"},"breadcrumb":{"@id":"https:\/\/zurzeit.at\/index.php\/chemnitz-hitlergruss-provokateur-ist-ein-linker\/#breadcrumb"},"inLanguage":"de","potentialAction":[{"@type":"ReadAction","target":["https:\/\/zurzeit.at\/index.php\/chemnitz-hitlergruss-provokateur-ist-ein-linker\/"]}]},{"@type":"ImageObject","inLanguage":"de","@id":"https:\/\/zurzeit.at\/index.php\/chemnitz-hitlergruss-provokateur-ist-ein-linker\/#primaryimage","url":"https:\/\/zurzeit.at\/wp-content\/uploads\/2019\/08\/956px-Karl-Marx-Denkmal_-_Aktionsb\u00fcndnis_Chemnitz_ist_weder_grau_noch_braun_3.jpg","contentUrl":"https:\/\/zurzeit.at\/wp-content\/uploads\/2019\/08\/956px-Karl-Marx-Denkmal_-_Aktionsb\u00fcndnis_Chemnitz_ist_weder_grau_noch_braun_3.jpg","width":956,"height":768},{"@type":"BreadcrumbList","@id":"https:\/\/zurzeit.at\/index.php\/chemnitz-hitlergruss-provokateur-ist-ein-linker\/#breadcrumb","itemListElement":[{"@type":"ListItem","position":1,"name":"Startseite","item":"https:\/\/zurzeit.at\/"},{"@type":"ListItem","position":2,"name":"Chemnitz: Hitlergru\u00df-Provokateur ist ein Linker"}]},{"@type":"WebSite","@id":"https:\/\/zurzeit.at\/#website","url":"https:\/\/zurzeit.at\/","name":"ZurZeit","description":"Internetseite des Wochenmagazins ZurZeit","potentialAction":[{"@type":"SearchAction","target":{"@type":"EntryPoint","urlTemplate":"https:\/\/zurzeit.at\/?s={search_term_string}"},"query-input":{"@type":"PropertyValueSpecification","valueRequired":true,"valueName":"search_term_string"}}],"inLanguage":"de"},{"@type":"Person","@id":"https:\/\/zurzeit.at\/#\/schema\/person\/e6f4284c4ffdba25c26f295806088e37","name":"admin2","image":{"@type":"ImageObject","inLanguage":"de","@id":"https:\/\/secure.gravatar.com\/avatar\/6b01edb108b3f79fc8950358251ecf3b91c228e319139ad1beec43b6b1b16470?s=96&d=mm&r=g","url":"https:\/\/secure.gravatar.com\/avatar\/6b01edb108b3f79fc8950358251ecf3b91c228e319139ad1beec43b6b1b16470?s=96&d=mm&r=g","contentUrl":"https:\/\/secure.gravatar.com\/avatar\/6b01edb108b3f79fc8950358251ecf3b91c228e319139ad1beec43b6b1b16470?s=96&d=mm&r=g","caption":"admin2"},"url":"https:\/\/zurzeit.at\/index.php\/author\/admin2\/"}]}},"_links":{"self":[{"href":"https:\/\/zurzeit.at\/index.php\/wp-json\/wp\/v2\/posts\/3327","targetHints":{"allow":["GET"]}}],"collection":[{"href":"https:\/\/zurzeit.at\/index.php\/wp-json\/wp\/v2\/posts"}],"about":[{"href":"https:\/\/zurzeit.at\/index.php\/wp-json\/wp\/v2\/types\/post"}],"author":[{"embeddable":true,"href":"https:\/\/zurzeit.at\/index.php\/wp-json\/wp\/v2\/users\/3"}],"replies":[{"embeddable":true,"href":"https:\/\/zurzeit.at\/index.php\/wp-json\/wp\/v2\/comments?post=3327"}],"version-history":[{"count":1,"href":"https:\/\/zurzeit.at\/index.php\/wp-json\/wp\/v2\/posts\/3327\/revisions"}],"predecessor-version":[{"id":3329,"href":"https:\/\/zurzeit.at\/index.php\/wp-json\/wp\/v2\/posts\/3327\/revisions\/3329"}],"wp:featuredmedia":[{"embeddable":true,"href":"https:\/\/zurzeit.at\/index.php\/wp-json\/wp\/v2\/media\/3328"}],"wp:attachment":[{"href":"https:\/\/zurzeit.at\/index.php\/wp-json\/wp\/v2\/media?parent=3327"}],"wp:term":[{"taxonomy":"category","embeddable":true,"href":"https:\/\/zurzeit.at\/index.php\/wp-json\/wp\/v2\/categories?post=3327"},{"taxonomy":"post_tag","embeddable":true,"href":"https:\/\/zurzeit.at\/index.php\/wp-json\/wp\/v2\/tags?post=3327"}],"curies":[{"name":"wp","href":"https:\/\/api.w.org\/{rel}","templated":true}]}}