{"id":3683,"date":"2019-09-25T13:24:31","date_gmt":"2019-09-25T11:24:31","guid":{"rendered":"http:\/\/zurzeit.at\/?p=3683"},"modified":"2019-09-25T13:24:31","modified_gmt":"2019-09-25T11:24:31","slug":"hetze-des-establishments-halten-waehler-nicht-von-afd-ab","status":"publish","type":"post","link":"https:\/\/zurzeit.at\/index.php\/hetze-des-establishments-halten-waehler-nicht-von-afd-ab\/","title":{"rendered":"Hetze des Establishments halten W\u00e4hler nicht von AfD ab"},"content":{"rendered":"<h1>F\u00fcnf Wochen vor Wahl liegt AfD in Th\u00fcringen bei 25 Prozent<\/h1>\n<p>Die Versuche des politischen und medialen Establishments, vor der Landtagswahl in Th\u00fcringen am 27. Oktober die AfD und ihren Spitzenkandidaten Bj\u00f6rn H\u00f6cke zu d\u00e4monisieren und in die N\u00e4he des Nationalsozialismus zu r\u00fccken, fruchten nichts. Nach einer aktuellen Umfrage des Instituts Infratest dimap im Auftrag des Senders MDR liegt die patriotische Partei bei 25 Prozent. Zum Vergleich: Bei der letzten Landtagswahl 2014 erreichte die AfD bei ihrem erstmaligen Antreten in dem mitteldeutschen Bundesland 10,6 Prozent.<\/p>\n<p>Mit ihren 25 Prozent liegt die AfD zudem nur knapp hinter der Linken (28 Prozent), wie sich die politischen Erben der DDR-Kommunisten heute nennen.\u00a0 Auf dem dritten Platz mit 22 Prozent liegt die CDU, gefolgt von Gr\u00fcnen (acht Prozent) und der SPD (sieben Prozent). Die FDP liegt bei f\u00fcnf Prozent und muss um den Einzug in den Th\u00fcringer Landtag bangen.<\/p>\n<p>Dass f\u00fcr die AfD noch Potenzial nach oben ist, zeigen die Reaktionen des Establishments. Michael Spreng, ehemaliger Berater des CSU-Kanzlerkandidaten Edmund Stoiber und Ex-Chefredakteur der \u201e<em>Bild am Sonntag\u201c, setzt in seinem Blog sprengsatz.de auf eine gesteigerte Beschimpfung der AfD-W\u00e4hler. Deren Verhalten sei \u201erational nicht mehr erkl\u00e4rbar, m\u00f6glicherweise nur noch psychopathologisch\u201c. <\/em><\/p>\n<p><em>Spreng schlie\u00dft seine Suada mit der Frage, \u201ewann\u00a0 <\/em>werden diese W\u00e4hler merken, dass sie ihr eigenes Grab schaufeln?\u201c Hier ist mit folgender Gegenfrage zu antworten: Wann wird das Establishment merken, dass es sich mit seinem offen zur Schau gestellten Hass auf politisch Andersdenkende sein eigenes Grab schaufelt?<\/p>\n<p>[Autor: <a href=\"https:\/\/zurzeit.at\/index.php\/autoren\/\">B.T.<\/a> Bild: www.wikipedia.org\/ <a class=\"external text\" href=\"https:\/\/commons.wikimedia.org\/wiki\/User:Vincent_Eisfeld\">Vincent Eisfeld<\/a> \/ <a class=\"external text\" href=\"https:\/\/nordhausen-wiki.de\" rel=\"nofollow\">nordhausen-wiki.de<\/a> \/ Lizenz: <a class=\"external text\" href=\"https:\/\/creativecommons.org\/licenses\/by-sa\/4.0\/\" rel=\"nofollow\">CC-BY-SA-4.0<\/a>]<\/p>\n<p>&nbsp;<\/p>\n<p>&nbsp;<\/p>\n","protected":false},"excerpt":{"rendered":"<p>F\u00fcnf Wochen vor Wahl liegt AfD in Th\u00fcringen bei 25 Prozent Die Versuche des politischen&hellip;<\/p>\n","protected":false},"author":3,"featured_media":3684,"comment_status":"open","ping_status":"closed","sticky":false,"template":"","format":"standard","meta":{"footnotes":""},"categories":[47],"tags":[62,1927,1926,700,1925,1380,326],"class_list":["post-3683","post","type-post","status-publish","format-standard","has-post-thumbnail","hentry","category-deutschland","tag-afd","tag-ausgrenzung","tag-establishment","tag-hass","tag-hoecke","tag-thueringen","tag-wahlen"],"yoast_head":"<!-- This site is optimized with the Yoast SEO plugin v28.3 - https:\/\/yoast.com\/product\/yoast-seo-wordpress\/ -->\n<title>Hetze des Establishments halten W\u00e4hler nicht von AfD ab - ZurZeit<\/title>\n<meta name=\"robots\" content=\"index, follow, max-snippet:-1, max-image-preview:large, max-video-preview:-1\" \/>\n<link rel=\"canonical\" href=\"https:\/\/zurzeit.at\/index.php\/hetze-des-establishments-halten-waehler-nicht-von-afd-ab\/\" \/>\n<meta property=\"og:locale\" content=\"de_DE\" \/>\n<meta property=\"og:type\" content=\"article\" \/>\n<meta property=\"og:title\" content=\"Hetze des Establishments halten W\u00e4hler nicht von AfD ab - ZurZeit\" \/>\n<meta property=\"og:description\" content=\"F\u00fcnf Wochen vor Wahl liegt AfD in Th\u00fcringen bei 25 Prozent Die Versuche des politischen&hellip;\" \/>\n<meta property=\"og:url\" content=\"https:\/\/zurzeit.at\/index.php\/hetze-des-establishments-halten-waehler-nicht-von-afd-ab\/\" \/>\n<meta property=\"og:site_name\" content=\"ZurZeit\" \/>\n<meta property=\"article:publisher\" content=\"https:\/\/www.facebook.com\/wochenmagazinZurZeit\/\" \/>\n<meta property=\"article:published_time\" content=\"2019-09-25T11:24:31+00:00\" \/>\n<meta property=\"og:image\" content=\"https:\/\/zurzeit.at\/wp-content\/uploads\/2019\/09\/Landesparteitag_der_AfD_in_Arnstadt_2016_-_3.jpg\" \/>\n\t<meta property=\"og:image:width\" content=\"1024\" \/>\n\t<meta property=\"og:image:height\" content=\"683\" \/>\n\t<meta property=\"og:image:type\" content=\"image\/jpeg\" \/>\n<meta name=\"author\" content=\"admin2\" \/>\n<meta name=\"twitter:card\" content=\"summary_large_image\" \/>\n<meta name=\"twitter:label1\" content=\"Verfasst von\" \/>\n\t<meta name=\"twitter:data1\" content=\"admin2\" \/>\n\t<meta name=\"twitter:label2\" content=\"Gesch\u00e4tzte Lesezeit\" \/>\n\t<meta name=\"twitter:data2\" content=\"1\u00a0Minute\" \/>\n<script type=\"application\/ld+json\" class=\"yoast-schema-graph\">{\"@context\":\"https:\\\/\\\/schema.org\",\"@graph\":[{\"@type\":\"Article\",\"@id\":\"https:\\\/\\\/zurzeit.at\\\/index.php\\\/hetze-des-establishments-halten-waehler-nicht-von-afd-ab\\\/#article\",\"isPartOf\":{\"@id\":\"https:\\\/\\\/zurzeit.at\\\/index.php\\\/hetze-des-establishments-halten-waehler-nicht-von-afd-ab\\\/\"},\"author\":{\"name\":\"admin2\",\"@id\":\"https:\\\/\\\/zurzeit.at\\\/#\\\/schema\\\/person\\\/e6f4284c4ffdba25c26f295806088e37\"},\"headline\":\"Hetze des Establishments halten W\u00e4hler nicht von AfD ab\",\"datePublished\":\"2019-09-25T11:24:31+00:00\",\"mainEntityOfPage\":{\"@id\":\"https:\\\/\\\/zurzeit.at\\\/index.php\\\/hetze-des-establishments-halten-waehler-nicht-von-afd-ab\\\/\"},\"wordCount\":277,\"commentCount\":0,\"image\":{\"@id\":\"https:\\\/\\\/zurzeit.at\\\/index.php\\\/hetze-des-establishments-halten-waehler-nicht-von-afd-ab\\\/#primaryimage\"},\"thumbnailUrl\":\"https:\\\/\\\/zurzeit.at\\\/wp-content\\\/uploads\\\/2019\\\/09\\\/Landesparteitag_der_AfD_in_Arnstadt_2016_-_3.jpg\",\"keywords\":[\"AFD\",\"Ausgrenzung\",\"Establishment\",\"Hass\",\"H\u00f6cke\",\"Th\u00fcringen\",\"Wahlen\"],\"articleSection\":[\"Deutschland\"],\"inLanguage\":\"de\",\"potentialAction\":[{\"@type\":\"CommentAction\",\"name\":\"Comment\",\"target\":[\"https:\\\/\\\/zurzeit.at\\\/index.php\\\/hetze-des-establishments-halten-waehler-nicht-von-afd-ab\\\/#respond\"]}]},{\"@type\":\"WebPage\",\"@id\":\"https:\\\/\\\/zurzeit.at\\\/index.php\\\/hetze-des-establishments-halten-waehler-nicht-von-afd-ab\\\/\",\"url\":\"https:\\\/\\\/zurzeit.at\\\/index.php\\\/hetze-des-establishments-halten-waehler-nicht-von-afd-ab\\\/\",\"name\":\"Hetze des Establishments halten W\u00e4hler nicht von AfD ab - ZurZeit\",\"isPartOf\":{\"@id\":\"https:\\\/\\\/zurzeit.at\\\/#website\"},\"primaryImageOfPage\":{\"@id\":\"https:\\\/\\\/zurzeit.at\\\/index.php\\\/hetze-des-establishments-halten-waehler-nicht-von-afd-ab\\\/#primaryimage\"},\"image\":{\"@id\":\"https:\\\/\\\/zurzeit.at\\\/index.php\\\/hetze-des-establishments-halten-waehler-nicht-von-afd-ab\\\/#primaryimage\"},\"thumbnailUrl\":\"https:\\\/\\\/zurzeit.at\\\/wp-content\\\/uploads\\\/2019\\\/09\\\/Landesparteitag_der_AfD_in_Arnstadt_2016_-_3.jpg\",\"datePublished\":\"2019-09-25T11:24:31+00:00\",\"author\":{\"@id\":\"https:\\\/\\\/zurzeit.at\\\/#\\\/schema\\\/person\\\/e6f4284c4ffdba25c26f295806088e37\"},\"breadcrumb\":{\"@id\":\"https:\\\/\\\/zurzeit.at\\\/index.php\\\/hetze-des-establishments-halten-waehler-nicht-von-afd-ab\\\/#breadcrumb\"},\"inLanguage\":\"de\",\"potentialAction\":[{\"@type\":\"ReadAction\",\"target\":[\"https:\\\/\\\/zurzeit.at\\\/index.php\\\/hetze-des-establishments-halten-waehler-nicht-von-afd-ab\\\/\"]}]},{\"@type\":\"ImageObject\",\"inLanguage\":\"de\",\"@id\":\"https:\\\/\\\/zurzeit.at\\\/index.php\\\/hetze-des-establishments-halten-waehler-nicht-von-afd-ab\\\/#primaryimage\",\"url\":\"https:\\\/\\\/zurzeit.at\\\/wp-content\\\/uploads\\\/2019\\\/09\\\/Landesparteitag_der_AfD_in_Arnstadt_2016_-_3.jpg\",\"contentUrl\":\"https:\\\/\\\/zurzeit.at\\\/wp-content\\\/uploads\\\/2019\\\/09\\\/Landesparteitag_der_AfD_in_Arnstadt_2016_-_3.jpg\",\"width\":1024,\"height\":683},{\"@type\":\"BreadcrumbList\",\"@id\":\"https:\\\/\\\/zurzeit.at\\\/index.php\\\/hetze-des-establishments-halten-waehler-nicht-von-afd-ab\\\/#breadcrumb\",\"itemListElement\":[{\"@type\":\"ListItem\",\"position\":1,\"name\":\"Startseite\",\"item\":\"https:\\\/\\\/zurzeit.at\\\/\"},{\"@type\":\"ListItem\",\"position\":2,\"name\":\"Hetze des Establishments halten W\u00e4hler nicht von AfD ab\"}]},{\"@type\":\"WebSite\",\"@id\":\"https:\\\/\\\/zurzeit.at\\\/#website\",\"url\":\"https:\\\/\\\/zurzeit.at\\\/\",\"name\":\"ZurZeit\",\"description\":\"Internetseite des Wochenmagazins ZurZeit\",\"potentialAction\":[{\"@type\":\"SearchAction\",\"target\":{\"@type\":\"EntryPoint\",\"urlTemplate\":\"https:\\\/\\\/zurzeit.at\\\/?s={search_term_string}\"},\"query-input\":{\"@type\":\"PropertyValueSpecification\",\"valueRequired\":true,\"valueName\":\"search_term_string\"}}],\"inLanguage\":\"de\"},{\"@type\":\"Person\",\"@id\":\"https:\\\/\\\/zurzeit.at\\\/#\\\/schema\\\/person\\\/e6f4284c4ffdba25c26f295806088e37\",\"name\":\"admin2\",\"image\":{\"@type\":\"ImageObject\",\"inLanguage\":\"de\",\"@id\":\"https:\\\/\\\/secure.gravatar.com\\\/avatar\\\/6b01edb108b3f79fc8950358251ecf3b91c228e319139ad1beec43b6b1b16470?s=96&d=mm&r=g\",\"url\":\"https:\\\/\\\/secure.gravatar.com\\\/avatar\\\/6b01edb108b3f79fc8950358251ecf3b91c228e319139ad1beec43b6b1b16470?s=96&d=mm&r=g\",\"contentUrl\":\"https:\\\/\\\/secure.gravatar.com\\\/avatar\\\/6b01edb108b3f79fc8950358251ecf3b91c228e319139ad1beec43b6b1b16470?s=96&d=mm&r=g\",\"caption\":\"admin2\"},\"url\":\"https:\\\/\\\/zurzeit.at\\\/index.php\\\/author\\\/admin2\\\/\"}]}<\/script>\n<!-- \/ Yoast SEO plugin. -->","yoast_head_json":{"title":"Hetze des Establishments halten W\u00e4hler nicht von AfD ab - ZurZeit","robots":{"index":"index","follow":"follow","max-snippet":"max-snippet:-1","max-image-preview":"max-image-preview:large","max-video-preview":"max-video-preview:-1"},"canonical":"https:\/\/zurzeit.at\/index.php\/hetze-des-establishments-halten-waehler-nicht-von-afd-ab\/","og_locale":"de_DE","og_type":"article","og_title":"Hetze des Establishments halten W\u00e4hler nicht von AfD ab - ZurZeit","og_description":"F\u00fcnf Wochen vor Wahl liegt AfD in Th\u00fcringen bei 25 Prozent Die Versuche des politischen&hellip;","og_url":"https:\/\/zurzeit.at\/index.php\/hetze-des-establishments-halten-waehler-nicht-von-afd-ab\/","og_site_name":"ZurZeit","article_publisher":"https:\/\/www.facebook.com\/wochenmagazinZurZeit\/","article_published_time":"2019-09-25T11:24:31+00:00","og_image":[{"width":1024,"height":683,"url":"https:\/\/zurzeit.at\/wp-content\/uploads\/2019\/09\/Landesparteitag_der_AfD_in_Arnstadt_2016_-_3.jpg","type":"image\/jpeg"}],"author":"admin2","twitter_card":"summary_large_image","twitter_misc":{"Verfasst von":"admin2","Gesch\u00e4tzte Lesezeit":"1\u00a0Minute"},"schema":{"@context":"https:\/\/schema.org","@graph":[{"@type":"Article","@id":"https:\/\/zurzeit.at\/index.php\/hetze-des-establishments-halten-waehler-nicht-von-afd-ab\/#article","isPartOf":{"@id":"https:\/\/zurzeit.at\/index.php\/hetze-des-establishments-halten-waehler-nicht-von-afd-ab\/"},"author":{"name":"admin2","@id":"https:\/\/zurzeit.at\/#\/schema\/person\/e6f4284c4ffdba25c26f295806088e37"},"headline":"Hetze des Establishments halten W\u00e4hler nicht von AfD ab","datePublished":"2019-09-25T11:24:31+00:00","mainEntityOfPage":{"@id":"https:\/\/zurzeit.at\/index.php\/hetze-des-establishments-halten-waehler-nicht-von-afd-ab\/"},"wordCount":277,"commentCount":0,"image":{"@id":"https:\/\/zurzeit.at\/index.php\/hetze-des-establishments-halten-waehler-nicht-von-afd-ab\/#primaryimage"},"thumbnailUrl":"https:\/\/zurzeit.at\/wp-content\/uploads\/2019\/09\/Landesparteitag_der_AfD_in_Arnstadt_2016_-_3.jpg","keywords":["AFD","Ausgrenzung","Establishment","Hass","H\u00f6cke","Th\u00fcringen","Wahlen"],"articleSection":["Deutschland"],"inLanguage":"de","potentialAction":[{"@type":"CommentAction","name":"Comment","target":["https:\/\/zurzeit.at\/index.php\/hetze-des-establishments-halten-waehler-nicht-von-afd-ab\/#respond"]}]},{"@type":"WebPage","@id":"https:\/\/zurzeit.at\/index.php\/hetze-des-establishments-halten-waehler-nicht-von-afd-ab\/","url":"https:\/\/zurzeit.at\/index.php\/hetze-des-establishments-halten-waehler-nicht-von-afd-ab\/","name":"Hetze des Establishments halten W\u00e4hler nicht von AfD ab - ZurZeit","isPartOf":{"@id":"https:\/\/zurzeit.at\/#website"},"primaryImageOfPage":{"@id":"https:\/\/zurzeit.at\/index.php\/hetze-des-establishments-halten-waehler-nicht-von-afd-ab\/#primaryimage"},"image":{"@id":"https:\/\/zurzeit.at\/index.php\/hetze-des-establishments-halten-waehler-nicht-von-afd-ab\/#primaryimage"},"thumbnailUrl":"https:\/\/zurzeit.at\/wp-content\/uploads\/2019\/09\/Landesparteitag_der_AfD_in_Arnstadt_2016_-_3.jpg","datePublished":"2019-09-25T11:24:31+00:00","author":{"@id":"https:\/\/zurzeit.at\/#\/schema\/person\/e6f4284c4ffdba25c26f295806088e37"},"breadcrumb":{"@id":"https:\/\/zurzeit.at\/index.php\/hetze-des-establishments-halten-waehler-nicht-von-afd-ab\/#breadcrumb"},"inLanguage":"de","potentialAction":[{"@type":"ReadAction","target":["https:\/\/zurzeit.at\/index.php\/hetze-des-establishments-halten-waehler-nicht-von-afd-ab\/"]}]},{"@type":"ImageObject","inLanguage":"de","@id":"https:\/\/zurzeit.at\/index.php\/hetze-des-establishments-halten-waehler-nicht-von-afd-ab\/#primaryimage","url":"https:\/\/zurzeit.at\/wp-content\/uploads\/2019\/09\/Landesparteitag_der_AfD_in_Arnstadt_2016_-_3.jpg","contentUrl":"https:\/\/zurzeit.at\/wp-content\/uploads\/2019\/09\/Landesparteitag_der_AfD_in_Arnstadt_2016_-_3.jpg","width":1024,"height":683},{"@type":"BreadcrumbList","@id":"https:\/\/zurzeit.at\/index.php\/hetze-des-establishments-halten-waehler-nicht-von-afd-ab\/#breadcrumb","itemListElement":[{"@type":"ListItem","position":1,"name":"Startseite","item":"https:\/\/zurzeit.at\/"},{"@type":"ListItem","position":2,"name":"Hetze des Establishments halten W\u00e4hler nicht von AfD ab"}]},{"@type":"WebSite","@id":"https:\/\/zurzeit.at\/#website","url":"https:\/\/zurzeit.at\/","name":"ZurZeit","description":"Internetseite des Wochenmagazins ZurZeit","potentialAction":[{"@type":"SearchAction","target":{"@type":"EntryPoint","urlTemplate":"https:\/\/zurzeit.at\/?s={search_term_string}"},"query-input":{"@type":"PropertyValueSpecification","valueRequired":true,"valueName":"search_term_string"}}],"inLanguage":"de"},{"@type":"Person","@id":"https:\/\/zurzeit.at\/#\/schema\/person\/e6f4284c4ffdba25c26f295806088e37","name":"admin2","image":{"@type":"ImageObject","inLanguage":"de","@id":"https:\/\/secure.gravatar.com\/avatar\/6b01edb108b3f79fc8950358251ecf3b91c228e319139ad1beec43b6b1b16470?s=96&d=mm&r=g","url":"https:\/\/secure.gravatar.com\/avatar\/6b01edb108b3f79fc8950358251ecf3b91c228e319139ad1beec43b6b1b16470?s=96&d=mm&r=g","contentUrl":"https:\/\/secure.gravatar.com\/avatar\/6b01edb108b3f79fc8950358251ecf3b91c228e319139ad1beec43b6b1b16470?s=96&d=mm&r=g","caption":"admin2"},"url":"https:\/\/zurzeit.at\/index.php\/author\/admin2\/"}]}},"_links":{"self":[{"href":"https:\/\/zurzeit.at\/index.php\/wp-json\/wp\/v2\/posts\/3683","targetHints":{"allow":["GET"]}}],"collection":[{"href":"https:\/\/zurzeit.at\/index.php\/wp-json\/wp\/v2\/posts"}],"about":[{"href":"https:\/\/zurzeit.at\/index.php\/wp-json\/wp\/v2\/types\/post"}],"author":[{"embeddable":true,"href":"https:\/\/zurzeit.at\/index.php\/wp-json\/wp\/v2\/users\/3"}],"replies":[{"embeddable":true,"href":"https:\/\/zurzeit.at\/index.php\/wp-json\/wp\/v2\/comments?post=3683"}],"version-history":[{"count":1,"href":"https:\/\/zurzeit.at\/index.php\/wp-json\/wp\/v2\/posts\/3683\/revisions"}],"predecessor-version":[{"id":3685,"href":"https:\/\/zurzeit.at\/index.php\/wp-json\/wp\/v2\/posts\/3683\/revisions\/3685"}],"wp:featuredmedia":[{"embeddable":true,"href":"https:\/\/zurzeit.at\/index.php\/wp-json\/wp\/v2\/media\/3684"}],"wp:attachment":[{"href":"https:\/\/zurzeit.at\/index.php\/wp-json\/wp\/v2\/media?parent=3683"}],"wp:term":[{"taxonomy":"category","embeddable":true,"href":"https:\/\/zurzeit.at\/index.php\/wp-json\/wp\/v2\/categories?post=3683"},{"taxonomy":"post_tag","embeddable":true,"href":"https:\/\/zurzeit.at\/index.php\/wp-json\/wp\/v2\/tags?post=3683"}],"curies":[{"name":"wp","href":"https:\/\/api.w.org\/{rel}","templated":true}]}}