{"id":3750,"date":"2019-10-01T16:01:52","date_gmt":"2019-10-01T14:01:52","guid":{"rendered":"http:\/\/zurzeit.at\/?p=3750"},"modified":"2019-10-01T16:01:52","modified_gmt":"2019-10-01T14:01:52","slug":"schlagzeilen-zum-tag-1-oktober-2019","status":"publish","type":"post","link":"https:\/\/zurzeit.at\/index.php\/schlagzeilen-zum-tag-1-oktober-2019\/","title":{"rendered":"Schlagzeilen zum Tag \u2013 1. Oktober 2019"},"content":{"rendered":"<h1><strong>Strache k\u00fcndigt R\u00fcckzug an<\/strong><\/h1>\n<p>Ex FP\u00d6-Chef und Vizekanzler Heinz-Christian Strache hat angek\u00fcndigt, seine Parteimitgliedschaft vorl\u00e4ufig ruhend zu stellen. Ihm gehe es in aller erster Linie darum, &#8222;eine Zerrei\u00dfprobe und Spaltung der FP\u00d6 um jeden Preis zu verhindern&#8220;, sagte Strache bei der Pressekonferenz am Dienstag und kommt somit der Entscheidung der heute am Nachmittag tagenden FP\u00d6-Gremien zuvor.<\/p>\n<h2><strong>Minderj\u00e4hrige Raubbande in Wien gefasst<\/strong><\/h2>\n<p>Eine Jugendbande aus dem Zuwanderermilieu \u00a0und deren mutma\u00dflicher Anf\u00fchrer, ein zw\u00f6lfj\u00e4hriger Slowake, sollen in den Sommermonaten \u00a0Juli und August 2019 insgesamt zehn Raub\u00fcberf\u00e4lle in Wien\u00a0 begangen haben. Die Beamten des Landeskriminalamtes konnten gemeinsam\u00a0mit den jeweiligen Stadtpolizeikommanden nach intensiver Ermittlungsarbeit nun zahlreiche dieser\u00a0Raub\u00fcberf\u00e4lle\u00a0kl\u00e4ren.<\/p>\n<h2><strong>Nordkorea Atom-Deal: einigen sich Kim und Trump?<\/strong><\/h2>\n<p>Noch diese Woche wollen die USA und Nordkorea neue Arbeitsgespr\u00e4che \u00fcber das nordkoreanische Atomwaffenprogramm aufnehmen. Im Februar war ein Gipfeltreffen der beiden in Vietnam gescheitert. Beide konnten sich bisher in der zentralen Frage der atomaren Abr\u00fcstung nicht einigen.<\/p>\n<h2><strong>Illegale Demonstrationen gegen Staatsfeiertag<\/strong><\/h2>\n<p>Trotz eines Demonstrationsverbots sind tausende schwarzgekleidete Demonstranten auf die Hongkonger Stra\u00dfe gegangen, um gegen die Feierlichkeiten zum 70. Jubil\u00e4um der Gr\u00fcndung der Volksrepublik China zu protestieren. Anl\u00e4sslich der riesigen Milit\u00e4rparade in Peking zum 70. Jahrestag der kommunistischen Herrschaft hatte die Protestbewegung einen &#8222;Tag der Trauer&#8220; ausgerufen. Die erbitternden Demonstranten riefen Protestparolen wie: &#8222;Steht an der Seite Hongkongs, k\u00e4mpft f\u00fcr die Freiheit!&#8220;<\/p>\n<h2><strong>Monsun t\u00f6tet 139 Menschen<\/strong><\/h2>\n<p>Das \u201eIndia Meteorological Department (IMD)\u201c gab an, dass der derzeitige Monsun der schwerste seit 1994 war. In den letzten vier Tagen starben 111 Menschen im Bundesstaat Uttar Pradesh und weitere 28 Menschen kamen im benachbarten Bihar ums Leben, teilten Regierungsbeamte der Nachrichtenagentur AFP mit.<\/p>\n<p>&nbsp;<\/p>\n","protected":false},"excerpt":{"rendered":"<p>Strache k\u00fcndigt R\u00fcckzug an Ex FP\u00d6-Chef und Vizekanzler Heinz-Christian Strache hat angek\u00fcndigt, seine Parteimitgliedschaft vorl\u00e4ufig&hellip;<\/p>\n","protected":false},"author":3,"featured_media":2948,"comment_status":"open","ping_status":"closed","sticky":false,"template":"","format":"standard","meta":{"footnotes":""},"categories":[49,47,48,51,46,50],"tags":[1986,802,1427,615,1985,514,1984,1481,233,1987,1988,310,146],"class_list":["post-3750","post","type-post","status-publish","format-standard","has-post-thumbnail","hentry","category-ausland","category-deutschland","category-europa","category-feuilleton","category-oesterreich","category-wirtschaft","tag-atom-deal","tag-china","tag-hongkong","tag-indien","tag-kim-jun-un","tag-migranten","tag-monsun","tag-nordkorea","tag-raub","tag-slowake","tag-strache-fpoe","tag-trump","tag-wien"],"yoast_head":"<!-- This site is optimized with the Yoast SEO plugin v28.3 - https:\/\/yoast.com\/product\/yoast-seo-wordpress\/ -->\n<title>Schlagzeilen zum Tag \u2013 1. Oktober 2019 - ZurZeit<\/title>\n<meta name=\"robots\" content=\"index, follow, max-snippet:-1, max-image-preview:large, max-video-preview:-1\" \/>\n<link rel=\"canonical\" href=\"https:\/\/zurzeit.at\/index.php\/schlagzeilen-zum-tag-1-oktober-2019\/\" \/>\n<meta property=\"og:locale\" content=\"de_DE\" \/>\n<meta property=\"og:type\" content=\"article\" \/>\n<meta property=\"og:title\" content=\"Schlagzeilen zum Tag \u2013 1. Oktober 2019 - ZurZeit\" \/>\n<meta property=\"og:description\" content=\"Strache k\u00fcndigt R\u00fcckzug an Ex FP\u00d6-Chef und Vizekanzler Heinz-Christian Strache hat angek\u00fcndigt, seine Parteimitgliedschaft vorl\u00e4ufig&hellip;\" \/>\n<meta property=\"og:url\" content=\"https:\/\/zurzeit.at\/index.php\/schlagzeilen-zum-tag-1-oktober-2019\/\" \/>\n<meta property=\"og:site_name\" content=\"ZurZeit\" \/>\n<meta property=\"article:publisher\" content=\"https:\/\/www.facebook.com\/wochenmagazinZurZeit\/\" \/>\n<meta property=\"article:published_time\" content=\"2019-10-01T14:01:52+00:00\" \/>\n<meta property=\"og:image\" content=\"https:\/\/zurzeit.at\/wp-content\/uploads\/2019\/06\/Aktuelles-NEU.jpg\" \/>\n\t<meta property=\"og:image:width\" content=\"842\" \/>\n\t<meta property=\"og:image:height\" content=\"596\" \/>\n\t<meta property=\"og:image:type\" content=\"image\/jpeg\" \/>\n<meta name=\"author\" content=\"admin2\" \/>\n<meta name=\"twitter:card\" content=\"summary_large_image\" \/>\n<meta name=\"twitter:label1\" content=\"Verfasst von\" \/>\n\t<meta name=\"twitter:data1\" content=\"admin2\" \/>\n\t<meta name=\"twitter:label2\" content=\"Gesch\u00e4tzte Lesezeit\" \/>\n\t<meta name=\"twitter:data2\" content=\"1\u00a0Minute\" \/>\n<script type=\"application\/ld+json\" class=\"yoast-schema-graph\">{\"@context\":\"https:\\\/\\\/schema.org\",\"@graph\":[{\"@type\":\"Article\",\"@id\":\"https:\\\/\\\/zurzeit.at\\\/index.php\\\/schlagzeilen-zum-tag-1-oktober-2019\\\/#article\",\"isPartOf\":{\"@id\":\"https:\\\/\\\/zurzeit.at\\\/index.php\\\/schlagzeilen-zum-tag-1-oktober-2019\\\/\"},\"author\":{\"name\":\"admin2\",\"@id\":\"https:\\\/\\\/zurzeit.at\\\/#\\\/schema\\\/person\\\/e6f4284c4ffdba25c26f295806088e37\"},\"headline\":\"Schlagzeilen zum Tag \u2013 1. Oktober 2019\",\"datePublished\":\"2019-10-01T14:01:52+00:00\",\"mainEntityOfPage\":{\"@id\":\"https:\\\/\\\/zurzeit.at\\\/index.php\\\/schlagzeilen-zum-tag-1-oktober-2019\\\/\"},\"wordCount\":289,\"commentCount\":0,\"image\":{\"@id\":\"https:\\\/\\\/zurzeit.at\\\/index.php\\\/schlagzeilen-zum-tag-1-oktober-2019\\\/#primaryimage\"},\"thumbnailUrl\":\"https:\\\/\\\/zurzeit.at\\\/wp-content\\\/uploads\\\/2019\\\/06\\\/Aktuelles-NEU.jpg\",\"keywords\":[\"Atom-Deal\",\"China\",\"Hongkong\",\"Indien\",\"Kim-Jun Un\",\"Migranten\",\"Monsun\",\"Nordkorea\",\"Raub\",\"Slowake\",\"Strache FP\u00d6\",\"Trump\",\"Wien\"],\"articleSection\":[\"Ausland\",\"Deutschland\",\"Europa\",\"Feuilleton\",\"\u00d6sterreich\",\"Wirtschaft\"],\"inLanguage\":\"de\",\"potentialAction\":[{\"@type\":\"CommentAction\",\"name\":\"Comment\",\"target\":[\"https:\\\/\\\/zurzeit.at\\\/index.php\\\/schlagzeilen-zum-tag-1-oktober-2019\\\/#respond\"]}]},{\"@type\":\"WebPage\",\"@id\":\"https:\\\/\\\/zurzeit.at\\\/index.php\\\/schlagzeilen-zum-tag-1-oktober-2019\\\/\",\"url\":\"https:\\\/\\\/zurzeit.at\\\/index.php\\\/schlagzeilen-zum-tag-1-oktober-2019\\\/\",\"name\":\"Schlagzeilen zum Tag \u2013 1. Oktober 2019 - ZurZeit\",\"isPartOf\":{\"@id\":\"https:\\\/\\\/zurzeit.at\\\/#website\"},\"primaryImageOfPage\":{\"@id\":\"https:\\\/\\\/zurzeit.at\\\/index.php\\\/schlagzeilen-zum-tag-1-oktober-2019\\\/#primaryimage\"},\"image\":{\"@id\":\"https:\\\/\\\/zurzeit.at\\\/index.php\\\/schlagzeilen-zum-tag-1-oktober-2019\\\/#primaryimage\"},\"thumbnailUrl\":\"https:\\\/\\\/zurzeit.at\\\/wp-content\\\/uploads\\\/2019\\\/06\\\/Aktuelles-NEU.jpg\",\"datePublished\":\"2019-10-01T14:01:52+00:00\",\"author\":{\"@id\":\"https:\\\/\\\/zurzeit.at\\\/#\\\/schema\\\/person\\\/e6f4284c4ffdba25c26f295806088e37\"},\"breadcrumb\":{\"@id\":\"https:\\\/\\\/zurzeit.at\\\/index.php\\\/schlagzeilen-zum-tag-1-oktober-2019\\\/#breadcrumb\"},\"inLanguage\":\"de\",\"potentialAction\":[{\"@type\":\"ReadAction\",\"target\":[\"https:\\\/\\\/zurzeit.at\\\/index.php\\\/schlagzeilen-zum-tag-1-oktober-2019\\\/\"]}]},{\"@type\":\"ImageObject\",\"inLanguage\":\"de\",\"@id\":\"https:\\\/\\\/zurzeit.at\\\/index.php\\\/schlagzeilen-zum-tag-1-oktober-2019\\\/#primaryimage\",\"url\":\"https:\\\/\\\/zurzeit.at\\\/wp-content\\\/uploads\\\/2019\\\/06\\\/Aktuelles-NEU.jpg\",\"contentUrl\":\"https:\\\/\\\/zurzeit.at\\\/wp-content\\\/uploads\\\/2019\\\/06\\\/Aktuelles-NEU.jpg\",\"width\":842,\"height\":596},{\"@type\":\"BreadcrumbList\",\"@id\":\"https:\\\/\\\/zurzeit.at\\\/index.php\\\/schlagzeilen-zum-tag-1-oktober-2019\\\/#breadcrumb\",\"itemListElement\":[{\"@type\":\"ListItem\",\"position\":1,\"name\":\"Startseite\",\"item\":\"https:\\\/\\\/zurzeit.at\\\/\"},{\"@type\":\"ListItem\",\"position\":2,\"name\":\"Schlagzeilen zum Tag \u2013 1. Oktober 2019\"}]},{\"@type\":\"WebSite\",\"@id\":\"https:\\\/\\\/zurzeit.at\\\/#website\",\"url\":\"https:\\\/\\\/zurzeit.at\\\/\",\"name\":\"ZurZeit\",\"description\":\"Internetseite des Wochenmagazins ZurZeit\",\"potentialAction\":[{\"@type\":\"SearchAction\",\"target\":{\"@type\":\"EntryPoint\",\"urlTemplate\":\"https:\\\/\\\/zurzeit.at\\\/?s={search_term_string}\"},\"query-input\":{\"@type\":\"PropertyValueSpecification\",\"valueRequired\":true,\"valueName\":\"search_term_string\"}}],\"inLanguage\":\"de\"},{\"@type\":\"Person\",\"@id\":\"https:\\\/\\\/zurzeit.at\\\/#\\\/schema\\\/person\\\/e6f4284c4ffdba25c26f295806088e37\",\"name\":\"admin2\",\"image\":{\"@type\":\"ImageObject\",\"inLanguage\":\"de\",\"@id\":\"https:\\\/\\\/secure.gravatar.com\\\/avatar\\\/6b01edb108b3f79fc8950358251ecf3b91c228e319139ad1beec43b6b1b16470?s=96&d=mm&r=g\",\"url\":\"https:\\\/\\\/secure.gravatar.com\\\/avatar\\\/6b01edb108b3f79fc8950358251ecf3b91c228e319139ad1beec43b6b1b16470?s=96&d=mm&r=g\",\"contentUrl\":\"https:\\\/\\\/secure.gravatar.com\\\/avatar\\\/6b01edb108b3f79fc8950358251ecf3b91c228e319139ad1beec43b6b1b16470?s=96&d=mm&r=g\",\"caption\":\"admin2\"},\"url\":\"https:\\\/\\\/zurzeit.at\\\/index.php\\\/author\\\/admin2\\\/\"}]}<\/script>\n<!-- \/ Yoast SEO plugin. -->","yoast_head_json":{"title":"Schlagzeilen zum Tag \u2013 1. Oktober 2019 - ZurZeit","robots":{"index":"index","follow":"follow","max-snippet":"max-snippet:-1","max-image-preview":"max-image-preview:large","max-video-preview":"max-video-preview:-1"},"canonical":"https:\/\/zurzeit.at\/index.php\/schlagzeilen-zum-tag-1-oktober-2019\/","og_locale":"de_DE","og_type":"article","og_title":"Schlagzeilen zum Tag \u2013 1. Oktober 2019 - ZurZeit","og_description":"Strache k\u00fcndigt R\u00fcckzug an Ex FP\u00d6-Chef und Vizekanzler Heinz-Christian Strache hat angek\u00fcndigt, seine Parteimitgliedschaft vorl\u00e4ufig&hellip;","og_url":"https:\/\/zurzeit.at\/index.php\/schlagzeilen-zum-tag-1-oktober-2019\/","og_site_name":"ZurZeit","article_publisher":"https:\/\/www.facebook.com\/wochenmagazinZurZeit\/","article_published_time":"2019-10-01T14:01:52+00:00","og_image":[{"width":842,"height":596,"url":"https:\/\/zurzeit.at\/wp-content\/uploads\/2019\/06\/Aktuelles-NEU.jpg","type":"image\/jpeg"}],"author":"admin2","twitter_card":"summary_large_image","twitter_misc":{"Verfasst von":"admin2","Gesch\u00e4tzte Lesezeit":"1\u00a0Minute"},"schema":{"@context":"https:\/\/schema.org","@graph":[{"@type":"Article","@id":"https:\/\/zurzeit.at\/index.php\/schlagzeilen-zum-tag-1-oktober-2019\/#article","isPartOf":{"@id":"https:\/\/zurzeit.at\/index.php\/schlagzeilen-zum-tag-1-oktober-2019\/"},"author":{"name":"admin2","@id":"https:\/\/zurzeit.at\/#\/schema\/person\/e6f4284c4ffdba25c26f295806088e37"},"headline":"Schlagzeilen zum Tag \u2013 1. Oktober 2019","datePublished":"2019-10-01T14:01:52+00:00","mainEntityOfPage":{"@id":"https:\/\/zurzeit.at\/index.php\/schlagzeilen-zum-tag-1-oktober-2019\/"},"wordCount":289,"commentCount":0,"image":{"@id":"https:\/\/zurzeit.at\/index.php\/schlagzeilen-zum-tag-1-oktober-2019\/#primaryimage"},"thumbnailUrl":"https:\/\/zurzeit.at\/wp-content\/uploads\/2019\/06\/Aktuelles-NEU.jpg","keywords":["Atom-Deal","China","Hongkong","Indien","Kim-Jun Un","Migranten","Monsun","Nordkorea","Raub","Slowake","Strache FP\u00d6","Trump","Wien"],"articleSection":["Ausland","Deutschland","Europa","Feuilleton","\u00d6sterreich","Wirtschaft"],"inLanguage":"de","potentialAction":[{"@type":"CommentAction","name":"Comment","target":["https:\/\/zurzeit.at\/index.php\/schlagzeilen-zum-tag-1-oktober-2019\/#respond"]}]},{"@type":"WebPage","@id":"https:\/\/zurzeit.at\/index.php\/schlagzeilen-zum-tag-1-oktober-2019\/","url":"https:\/\/zurzeit.at\/index.php\/schlagzeilen-zum-tag-1-oktober-2019\/","name":"Schlagzeilen zum Tag \u2013 1. Oktober 2019 - ZurZeit","isPartOf":{"@id":"https:\/\/zurzeit.at\/#website"},"primaryImageOfPage":{"@id":"https:\/\/zurzeit.at\/index.php\/schlagzeilen-zum-tag-1-oktober-2019\/#primaryimage"},"image":{"@id":"https:\/\/zurzeit.at\/index.php\/schlagzeilen-zum-tag-1-oktober-2019\/#primaryimage"},"thumbnailUrl":"https:\/\/zurzeit.at\/wp-content\/uploads\/2019\/06\/Aktuelles-NEU.jpg","datePublished":"2019-10-01T14:01:52+00:00","author":{"@id":"https:\/\/zurzeit.at\/#\/schema\/person\/e6f4284c4ffdba25c26f295806088e37"},"breadcrumb":{"@id":"https:\/\/zurzeit.at\/index.php\/schlagzeilen-zum-tag-1-oktober-2019\/#breadcrumb"},"inLanguage":"de","potentialAction":[{"@type":"ReadAction","target":["https:\/\/zurzeit.at\/index.php\/schlagzeilen-zum-tag-1-oktober-2019\/"]}]},{"@type":"ImageObject","inLanguage":"de","@id":"https:\/\/zurzeit.at\/index.php\/schlagzeilen-zum-tag-1-oktober-2019\/#primaryimage","url":"https:\/\/zurzeit.at\/wp-content\/uploads\/2019\/06\/Aktuelles-NEU.jpg","contentUrl":"https:\/\/zurzeit.at\/wp-content\/uploads\/2019\/06\/Aktuelles-NEU.jpg","width":842,"height":596},{"@type":"BreadcrumbList","@id":"https:\/\/zurzeit.at\/index.php\/schlagzeilen-zum-tag-1-oktober-2019\/#breadcrumb","itemListElement":[{"@type":"ListItem","position":1,"name":"Startseite","item":"https:\/\/zurzeit.at\/"},{"@type":"ListItem","position":2,"name":"Schlagzeilen zum Tag \u2013 1. Oktober 2019"}]},{"@type":"WebSite","@id":"https:\/\/zurzeit.at\/#website","url":"https:\/\/zurzeit.at\/","name":"ZurZeit","description":"Internetseite des Wochenmagazins ZurZeit","potentialAction":[{"@type":"SearchAction","target":{"@type":"EntryPoint","urlTemplate":"https:\/\/zurzeit.at\/?s={search_term_string}"},"query-input":{"@type":"PropertyValueSpecification","valueRequired":true,"valueName":"search_term_string"}}],"inLanguage":"de"},{"@type":"Person","@id":"https:\/\/zurzeit.at\/#\/schema\/person\/e6f4284c4ffdba25c26f295806088e37","name":"admin2","image":{"@type":"ImageObject","inLanguage":"de","@id":"https:\/\/secure.gravatar.com\/avatar\/6b01edb108b3f79fc8950358251ecf3b91c228e319139ad1beec43b6b1b16470?s=96&d=mm&r=g","url":"https:\/\/secure.gravatar.com\/avatar\/6b01edb108b3f79fc8950358251ecf3b91c228e319139ad1beec43b6b1b16470?s=96&d=mm&r=g","contentUrl":"https:\/\/secure.gravatar.com\/avatar\/6b01edb108b3f79fc8950358251ecf3b91c228e319139ad1beec43b6b1b16470?s=96&d=mm&r=g","caption":"admin2"},"url":"https:\/\/zurzeit.at\/index.php\/author\/admin2\/"}]}},"_links":{"self":[{"href":"https:\/\/zurzeit.at\/index.php\/wp-json\/wp\/v2\/posts\/3750","targetHints":{"allow":["GET"]}}],"collection":[{"href":"https:\/\/zurzeit.at\/index.php\/wp-json\/wp\/v2\/posts"}],"about":[{"href":"https:\/\/zurzeit.at\/index.php\/wp-json\/wp\/v2\/types\/post"}],"author":[{"embeddable":true,"href":"https:\/\/zurzeit.at\/index.php\/wp-json\/wp\/v2\/users\/3"}],"replies":[{"embeddable":true,"href":"https:\/\/zurzeit.at\/index.php\/wp-json\/wp\/v2\/comments?post=3750"}],"version-history":[{"count":1,"href":"https:\/\/zurzeit.at\/index.php\/wp-json\/wp\/v2\/posts\/3750\/revisions"}],"predecessor-version":[{"id":3751,"href":"https:\/\/zurzeit.at\/index.php\/wp-json\/wp\/v2\/posts\/3750\/revisions\/3751"}],"wp:featuredmedia":[{"embeddable":true,"href":"https:\/\/zurzeit.at\/index.php\/wp-json\/wp\/v2\/media\/2948"}],"wp:attachment":[{"href":"https:\/\/zurzeit.at\/index.php\/wp-json\/wp\/v2\/media?parent=3750"}],"wp:term":[{"taxonomy":"category","embeddable":true,"href":"https:\/\/zurzeit.at\/index.php\/wp-json\/wp\/v2\/categories?post=3750"},{"taxonomy":"post_tag","embeddable":true,"href":"https:\/\/zurzeit.at\/index.php\/wp-json\/wp\/v2\/tags?post=3750"}],"curies":[{"name":"wp","href":"https:\/\/api.w.org\/{rel}","templated":true}]}}